{"id":99244,"date":"2025-03-17T09:44:20","date_gmt":"2025-03-17T08:44:20","guid":{"rendered":"https:\/\/www.shalom.it\/?p=99244"},"modified":"2025-03-17T09:44:20","modified_gmt":"2025-03-17T08:44:20","slug":"presentato-al-maxxi-la-verita-del-male-il-documentario-sul-processo-priebke","status":"publish","type":"post","link":"https:\/\/www.shalom.it\/italia\/presentato-al-maxxi-la-verita-del-male-il-documentario-sul-processo-priebke\/","title":{"rendered":"Presentato al MAXXI \u201cLa verit\u00e0 del male\u201d: il documentario sul processo Priebke"},"content":{"rendered":"<p style=\"text-align: justify;\">\u201cGli ordini erano ordini e non si potevano discutere\u201d \u00e8 stato il mantra che l\u2019ex ufficiale della Gestapo Erich Priebke ha ripetuto ininterrottamente durante il processo per crimini di guerra, durato quasi pi\u00f9 di due anni, in cui il 22 luglio 1997 \u00e8 stato condannato per aver preso parte all\u2019eccidio delle Fosse Ardeatine, in cui sono state massacrate 335 persone.<br \/>\nUna pagina della storia rimasta indelebile per chi l\u2019ha vissuta: per le famiglie delle vittime delle Fosse Ardeatine, ma anche per tutti gli esponenti del mondo ebraico che hanno combattuto in prima linea, protestando senza sosta davanti al Tribunale militare di Roma, perch\u00e9 l\u2019ex ufficiale tedesco avesse la giusta condanna.<br \/>\nLa storia del processo Priebke, dall\u2019estradizione del criminale da San Carlos De Bariloche in Argentina, dove viveva da comune cittadino, alla sentenza finale che lo condanna all\u2019ergastolo, \u00e8 stata ricostruita nel documentario \u201cLa verit\u00e0 del male &#8211; il processo Priebke\u201d, scritto da Giancarlo De Cataldo e Alberto Ferrari, prodotto da Golem Multimedia, in collaborazione con Rai documentari, presentato in anteprima al museo Maxxi di Roma domenica 16 marzo.<br \/>\nInsieme al regista Alberto Ferrari e all\u2019autore, lo scrittore Giancarlo De Cataldo che \u00e8 anche la voce narrante di gran parte del documentario, sono intervenuti Roberto Arditti, moderatore della serata, Fabrizio Zappi, direttore di Rai documentari, Shulim Vogelmann e David Parenzo fondatori di Golem Multimedia, Victor Fadlun, presidente della Comunit\u00e0 Ebraica di Roma, il Rabbino Capo Riccardo Di Segni e Mario Venezia, presidente della Fondazione Museo della Shoah.<br \/>\n\u201cL\u2019immagine di Priebke, soprattutto quel suo sguardo glaciale, imperscrutabile, mi fa pensare all\u2019indifferenza e alle tragiche conclusioni che l\u2019indifferenza comporta\u201d sono state le parole del presidente Fadlun, \u201csappiamo invece che non bisogna essere indifferenti davanti alle ingiustizie\u201d.<br \/>\nUn documentario che non si limita alla raccolta di fatti storici, ma riprende anche le testimonianze, le immagini e i ricordi delle persone che erano l\u00ec: non soltanto i parenti delle vittime delle Fosse Ardeatine, ma persone, politici, autorit\u00e0 ed esponenti della Comunit\u00e0 ebraica di Roma che hanno trascorso intere giornate fuori dalle aule del tribunale in cui si \u00e8 svolto il processo e hanno fatto sentire la loro voce, affinch\u00e9 all\u2019ex ufficiale delle SS fosse riconosciuta la colpevolezza per i crimini di guerra commessi 50 anni prima, per cui non ha mai dimostrato di essersi pentito.<br \/>\n\u201cIl processo a Priebke non \u00e8 solo un processo a un ufficiale per crimini di guerra. Assume un\u2019importantissima valenza storica, perch\u00e9 il nazismo \u00e8 stata un\u2019altra cosa\u201d ha detto De Cataldo \u201cquello che \u00e8 accaduto non pu\u00f2 essere cancellato e la certificazione di una sentenza \u00e8 doverosa. \u00c8 la dimostrazione che quando la politica decide di assumersi le proprie responsabilit\u00e0 il criminale non ha scampo\u201d.<br \/>\nIl documentario verr\u00e0 trasmesso su Rai 3 la sera del 21 marzo, a pochi giorni dall\u2019anniversario dell\u2019Eccidio delle Fosse Ardeatine.<\/p>\n","protected":false},"excerpt":{"rendered":"<p>\u201cGli ordini erano ordini e non si potevano discutere\u201d \u00e8 stato il mantra che l\u2019ex ufficiale della Gestapo Erich Priebke ha ripetuto ininterrottamente durante il processo per crimini di guerra, durato quasi pi\u00f9 di due anni, in cui il 22 luglio 1997 \u00e8 stato condannato per aver preso parte all\u2019eccidio delle Fosse Ardeatine, in cui [&hellip;]<\/p>\n","protected":false},"author":3,"featured_media":99247,"comment_status":"closed","ping_status":"closed","sticky":false,"template":"","format":"standard","meta":{"_acf_changed":false,"_jetpack_memberships_contains_paid_content":false,"footnotes":""},"categories":[3],"tags":[],"class_list":["post-99244","post","type-post","status-publish","format-standard","has-post-thumbnail","hentry","category-italia"],"acf":[],"yoast_head":"<!-- This site is optimized with the Yoast SEO plugin v26.9 - https:\/\/yoast.com\/product\/yoast-seo-wordpress\/ -->\n<title>Presentato al MAXXI \u201cLa verit\u00e0 del male\u201d: il documentario sul processo Priebke - Shalom<\/title>\n<meta name=\"robots\" content=\"index, follow, max-snippet:-1, max-image-preview:large, max-video-preview:-1\" \/>\n<link rel=\"canonical\" href=\"https:\/\/www.shalom.it\/italia\/presentato-al-maxxi-la-verita-del-male-il-documentario-sul-processo-priebke\/\" \/>\n<meta property=\"og:locale\" content=\"it_IT\" \/>\n<meta property=\"og:type\" content=\"article\" \/>\n<meta property=\"og:title\" content=\"Presentato al MAXXI \u201cLa verit\u00e0 del male\u201d: il documentario sul processo Priebke - Shalom\" \/>\n<meta property=\"og:description\" content=\"\u201cGli ordini erano ordini e non si potevano discutere\u201d \u00e8 stato il mantra che l\u2019ex ufficiale della Gestapo Erich Priebke ha ripetuto ininterrottamente durante il processo per crimini di guerra, durato quasi pi\u00f9 di due anni, in cui il 22 luglio 1997 \u00e8 stato condannato per aver preso parte all\u2019eccidio delle Fosse Ardeatine, in cui [&hellip;]\" \/>\n<meta property=\"og:url\" content=\"https:\/\/www.shalom.it\/italia\/presentato-al-maxxi-la-verita-del-male-il-documentario-sul-processo-priebke\/\" \/>\n<meta property=\"og:site_name\" content=\"Shalom\" \/>\n<meta property=\"article:published_time\" content=\"2025-03-17T08:44:20+00:00\" \/>\n<meta property=\"og:image\" content=\"https:\/\/www.shalom.it\/wp-content\/uploads\/2025\/03\/foto-doc-priebke-1-1024x768.jpeg\" \/>\n\t<meta property=\"og:image:width\" content=\"1024\" \/>\n\t<meta property=\"og:image:height\" content=\"768\" \/>\n\t<meta property=\"og:image:type\" content=\"image\/jpeg\" \/>\n<meta name=\"author\" content=\"Redazione\" \/>\n<meta name=\"twitter:card\" content=\"summary_large_image\" \/>\n<meta name=\"twitter:label1\" content=\"Scritto da\" \/>\n\t<meta name=\"twitter:data1\" content=\"Redazione\" \/>\n\t<meta name=\"twitter:label2\" content=\"Tempo di lettura stimato\" \/>\n\t<meta name=\"twitter:data2\" content=\"3 minuti\" \/>\n<script type=\"application\/ld+json\" class=\"yoast-schema-graph\">{\"@context\":\"https:\/\/schema.org\",\"@graph\":[{\"@type\":\"Article\",\"@id\":\"https:\/\/www.shalom.it\/italia\/presentato-al-maxxi-la-verita-del-male-il-documentario-sul-processo-priebke\/#article\",\"isPartOf\":{\"@id\":\"https:\/\/www.shalom.it\/italia\/presentato-al-maxxi-la-verita-del-male-il-documentario-sul-processo-priebke\/\"},\"author\":{\"name\":\"Redazione\",\"@id\":\"https:\/\/www.shalom.it\/#\/schema\/person\/d6d60e821a49d2a420ffe01f7af79dd8\"},\"headline\":\"Presentato al MAXXI \u201cLa verit\u00e0 del male\u201d: il documentario sul processo Priebke\",\"datePublished\":\"2025-03-17T08:44:20+00:00\",\"mainEntityOfPage\":{\"@id\":\"https:\/\/www.shalom.it\/italia\/presentato-al-maxxi-la-verita-del-male-il-documentario-sul-processo-priebke\/\"},\"wordCount\":475,\"image\":{\"@id\":\"https:\/\/www.shalom.it\/italia\/presentato-al-maxxi-la-verita-del-male-il-documentario-sul-processo-priebke\/#primaryimage\"},\"thumbnailUrl\":\"https:\/\/www.shalom.it\/wp-content\/uploads\/2025\/03\/foto-doc-priebke-1-scaled.jpeg\",\"articleSection\":[\"ITALIA\"],\"inLanguage\":\"it-IT\"},{\"@type\":\"WebPage\",\"@id\":\"https:\/\/www.shalom.it\/italia\/presentato-al-maxxi-la-verita-del-male-il-documentario-sul-processo-priebke\/\",\"url\":\"https:\/\/www.shalom.it\/italia\/presentato-al-maxxi-la-verita-del-male-il-documentario-sul-processo-priebke\/\",\"name\":\"Presentato al MAXXI \u201cLa verit\u00e0 del male\u201d: il documentario sul processo Priebke - Shalom\",\"isPartOf\":{\"@id\":\"https:\/\/www.shalom.it\/#website\"},\"primaryImageOfPage\":{\"@id\":\"https:\/\/www.shalom.it\/italia\/presentato-al-maxxi-la-verita-del-male-il-documentario-sul-processo-priebke\/#primaryimage\"},\"image\":{\"@id\":\"https:\/\/www.shalom.it\/italia\/presentato-al-maxxi-la-verita-del-male-il-documentario-sul-processo-priebke\/#primaryimage\"},\"thumbnailUrl\":\"https:\/\/www.shalom.it\/wp-content\/uploads\/2025\/03\/foto-doc-priebke-1-scaled.jpeg\",\"datePublished\":\"2025-03-17T08:44:20+00:00\",\"author\":{\"@id\":\"https:\/\/www.shalom.it\/#\/schema\/person\/d6d60e821a49d2a420ffe01f7af79dd8\"},\"breadcrumb\":{\"@id\":\"https:\/\/www.shalom.it\/italia\/presentato-al-maxxi-la-verita-del-male-il-documentario-sul-processo-priebke\/#breadcrumb\"},\"inLanguage\":\"it-IT\",\"potentialAction\":[{\"@type\":\"ReadAction\",\"target\":[\"https:\/\/www.shalom.it\/italia\/presentato-al-maxxi-la-verita-del-male-il-documentario-sul-processo-priebke\/\"]}]},{\"@type\":\"ImageObject\",\"inLanguage\":\"it-IT\",\"@id\":\"https:\/\/www.shalom.it\/italia\/presentato-al-maxxi-la-verita-del-male-il-documentario-sul-processo-priebke\/#primaryimage\",\"url\":\"https:\/\/www.shalom.it\/wp-content\/uploads\/2025\/03\/foto-doc-priebke-1-scaled.jpeg\",\"contentUrl\":\"https:\/\/www.shalom.it\/wp-content\/uploads\/2025\/03\/foto-doc-priebke-1-scaled.jpeg\",\"width\":2560,\"height\":1920},{\"@type\":\"BreadcrumbList\",\"@id\":\"https:\/\/www.shalom.it\/italia\/presentato-al-maxxi-la-verita-del-male-il-documentario-sul-processo-priebke\/#breadcrumb\",\"itemListElement\":[{\"@type\":\"ListItem\",\"position\":1,\"name\":\"Home\",\"item\":\"https:\/\/www.shalom.it\/\"},{\"@type\":\"ListItem\",\"position\":2,\"name\":\"Presentato al MAXXI \u201cLa verit\u00e0 del male\u201d: il documentario sul processo Priebke\"}]},{\"@type\":\"WebSite\",\"@id\":\"https:\/\/www.shalom.it\/#website\",\"url\":\"https:\/\/www.shalom.it\/\",\"name\":\"Shalom\",\"description\":\"Il Magazine della comunit\u00e0 ebraica di Roma\",\"potentialAction\":[{\"@type\":\"SearchAction\",\"target\":{\"@type\":\"EntryPoint\",\"urlTemplate\":\"https:\/\/www.shalom.it\/?s={search_term_string}\"},\"query-input\":{\"@type\":\"PropertyValueSpecification\",\"valueRequired\":true,\"valueName\":\"search_term_string\"}}],\"inLanguage\":\"it-IT\"},{\"@type\":\"Person\",\"@id\":\"https:\/\/www.shalom.it\/#\/schema\/person\/d6d60e821a49d2a420ffe01f7af79dd8\",\"name\":\"Redazione\",\"url\":\"https:\/\/www.shalom.it\/author\/redazione\/\"}]}<\/script>\n<!-- \/ Yoast SEO plugin. -->","yoast_head_json":{"title":"Presentato al MAXXI \u201cLa verit\u00e0 del male\u201d: il documentario sul processo Priebke - Shalom","robots":{"index":"index","follow":"follow","max-snippet":"max-snippet:-1","max-image-preview":"max-image-preview:large","max-video-preview":"max-video-preview:-1"},"canonical":"https:\/\/www.shalom.it\/italia\/presentato-al-maxxi-la-verita-del-male-il-documentario-sul-processo-priebke\/","og_locale":"it_IT","og_type":"article","og_title":"Presentato al MAXXI \u201cLa verit\u00e0 del male\u201d: il documentario sul processo Priebke - Shalom","og_description":"\u201cGli ordini erano ordini e non si potevano discutere\u201d \u00e8 stato il mantra che l\u2019ex ufficiale della Gestapo Erich Priebke ha ripetuto ininterrottamente durante il processo per crimini di guerra, durato quasi pi\u00f9 di due anni, in cui il 22 luglio 1997 \u00e8 stato condannato per aver preso parte all\u2019eccidio delle Fosse Ardeatine, in cui [&hellip;]","og_url":"https:\/\/www.shalom.it\/italia\/presentato-al-maxxi-la-verita-del-male-il-documentario-sul-processo-priebke\/","og_site_name":"Shalom","article_published_time":"2025-03-17T08:44:20+00:00","og_image":[{"width":1024,"height":768,"url":"https:\/\/www.shalom.it\/wp-content\/uploads\/2025\/03\/foto-doc-priebke-1-1024x768.jpeg","type":"image\/jpeg"}],"author":"Redazione","twitter_card":"summary_large_image","twitter_misc":{"Scritto da":"Redazione","Tempo di lettura stimato":"3 minuti"},"schema":{"@context":"https:\/\/schema.org","@graph":[{"@type":"Article","@id":"https:\/\/www.shalom.it\/italia\/presentato-al-maxxi-la-verita-del-male-il-documentario-sul-processo-priebke\/#article","isPartOf":{"@id":"https:\/\/www.shalom.it\/italia\/presentato-al-maxxi-la-verita-del-male-il-documentario-sul-processo-priebke\/"},"author":{"name":"Redazione","@id":"https:\/\/www.shalom.it\/#\/schema\/person\/d6d60e821a49d2a420ffe01f7af79dd8"},"headline":"Presentato al MAXXI \u201cLa verit\u00e0 del male\u201d: il documentario sul processo Priebke","datePublished":"2025-03-17T08:44:20+00:00","mainEntityOfPage":{"@id":"https:\/\/www.shalom.it\/italia\/presentato-al-maxxi-la-verita-del-male-il-documentario-sul-processo-priebke\/"},"wordCount":475,"image":{"@id":"https:\/\/www.shalom.it\/italia\/presentato-al-maxxi-la-verita-del-male-il-documentario-sul-processo-priebke\/#primaryimage"},"thumbnailUrl":"https:\/\/www.shalom.it\/wp-content\/uploads\/2025\/03\/foto-doc-priebke-1-scaled.jpeg","articleSection":["ITALIA"],"inLanguage":"it-IT"},{"@type":"WebPage","@id":"https:\/\/www.shalom.it\/italia\/presentato-al-maxxi-la-verita-del-male-il-documentario-sul-processo-priebke\/","url":"https:\/\/www.shalom.it\/italia\/presentato-al-maxxi-la-verita-del-male-il-documentario-sul-processo-priebke\/","name":"Presentato al MAXXI \u201cLa verit\u00e0 del male\u201d: il documentario sul processo Priebke - Shalom","isPartOf":{"@id":"https:\/\/www.shalom.it\/#website"},"primaryImageOfPage":{"@id":"https:\/\/www.shalom.it\/italia\/presentato-al-maxxi-la-verita-del-male-il-documentario-sul-processo-priebke\/#primaryimage"},"image":{"@id":"https:\/\/www.shalom.it\/italia\/presentato-al-maxxi-la-verita-del-male-il-documentario-sul-processo-priebke\/#primaryimage"},"thumbnailUrl":"https:\/\/www.shalom.it\/wp-content\/uploads\/2025\/03\/foto-doc-priebke-1-scaled.jpeg","datePublished":"2025-03-17T08:44:20+00:00","author":{"@id":"https:\/\/www.shalom.it\/#\/schema\/person\/d6d60e821a49d2a420ffe01f7af79dd8"},"breadcrumb":{"@id":"https:\/\/www.shalom.it\/italia\/presentato-al-maxxi-la-verita-del-male-il-documentario-sul-processo-priebke\/#breadcrumb"},"inLanguage":"it-IT","potentialAction":[{"@type":"ReadAction","target":["https:\/\/www.shalom.it\/italia\/presentato-al-maxxi-la-verita-del-male-il-documentario-sul-processo-priebke\/"]}]},{"@type":"ImageObject","inLanguage":"it-IT","@id":"https:\/\/www.shalom.it\/italia\/presentato-al-maxxi-la-verita-del-male-il-documentario-sul-processo-priebke\/#primaryimage","url":"https:\/\/www.shalom.it\/wp-content\/uploads\/2025\/03\/foto-doc-priebke-1-scaled.jpeg","contentUrl":"https:\/\/www.shalom.it\/wp-content\/uploads\/2025\/03\/foto-doc-priebke-1-scaled.jpeg","width":2560,"height":1920},{"@type":"BreadcrumbList","@id":"https:\/\/www.shalom.it\/italia\/presentato-al-maxxi-la-verita-del-male-il-documentario-sul-processo-priebke\/#breadcrumb","itemListElement":[{"@type":"ListItem","position":1,"name":"Home","item":"https:\/\/www.shalom.it\/"},{"@type":"ListItem","position":2,"name":"Presentato al MAXXI \u201cLa verit\u00e0 del male\u201d: il documentario sul processo Priebke"}]},{"@type":"WebSite","@id":"https:\/\/www.shalom.it\/#website","url":"https:\/\/www.shalom.it\/","name":"Shalom","description":"Il Magazine della comunit\u00e0 ebraica di Roma","potentialAction":[{"@type":"SearchAction","target":{"@type":"EntryPoint","urlTemplate":"https:\/\/www.shalom.it\/?s={search_term_string}"},"query-input":{"@type":"PropertyValueSpecification","valueRequired":true,"valueName":"search_term_string"}}],"inLanguage":"it-IT"},{"@type":"Person","@id":"https:\/\/www.shalom.it\/#\/schema\/person\/d6d60e821a49d2a420ffe01f7af79dd8","name":"Redazione","url":"https:\/\/www.shalom.it\/author\/redazione\/"}]}},"jetpack_featured_media_url":"https:\/\/www.shalom.it\/wp-content\/uploads\/2025\/03\/foto-doc-priebke-1-scaled.jpeg","jetpack_sharing_enabled":true,"_links":{"self":[{"href":"https:\/\/www.shalom.it\/wp-json\/wp\/v2\/posts\/99244","targetHints":{"allow":["GET"]}}],"collection":[{"href":"https:\/\/www.shalom.it\/wp-json\/wp\/v2\/posts"}],"about":[{"href":"https:\/\/www.shalom.it\/wp-json\/wp\/v2\/types\/post"}],"author":[{"embeddable":true,"href":"https:\/\/www.shalom.it\/wp-json\/wp\/v2\/users\/3"}],"replies":[{"embeddable":true,"href":"https:\/\/www.shalom.it\/wp-json\/wp\/v2\/comments?post=99244"}],"version-history":[{"count":1,"href":"https:\/\/www.shalom.it\/wp-json\/wp\/v2\/posts\/99244\/revisions"}],"predecessor-version":[{"id":99248,"href":"https:\/\/www.shalom.it\/wp-json\/wp\/v2\/posts\/99244\/revisions\/99248"}],"wp:featuredmedia":[{"embeddable":true,"href":"https:\/\/www.shalom.it\/wp-json\/wp\/v2\/media\/99247"}],"wp:attachment":[{"href":"https:\/\/www.shalom.it\/wp-json\/wp\/v2\/media?parent=99244"}],"wp:term":[{"taxonomy":"category","embeddable":true,"href":"https:\/\/www.shalom.it\/wp-json\/wp\/v2\/categories?post=99244"},{"taxonomy":"post_tag","embeddable":true,"href":"https:\/\/www.shalom.it\/wp-json\/wp\/v2\/tags?post=99244"}],"curies":[{"name":"wp","href":"https:\/\/api.w.org\/{rel}","templated":true}]}}