{"id":90771,"date":"2024-10-16T12:12:53","date_gmt":"2024-10-16T10:12:53","guid":{"rendered":"https:\/\/www.shalom.it\/?p=90771"},"modified":"2024-10-29T09:28:58","modified_gmt":"2024-10-29T08:28:58","slug":"roma-una-targa-alla-scuola-elementare-trento-e-trieste-ricorda-i-bambini-espulsi-nel-1938","status":"publish","type":"post","link":"https:\/\/www.shalom.it\/roma-ebraica\/roma-una-targa-alla-scuola-elementare-trento-e-trieste-ricorda-i-bambini-espulsi-nel-1938\/","title":{"rendered":"Roma, una targa alla scuola elementare Trento e Trieste ricorda i bambini espulsi nel 1938"},"content":{"rendered":"<p style=\"text-align: justify;\">\u201cPerch\u00e9 si mantenga il ricordo di quanto accaduto nelle nuove generazioni\u201d. Cos\u00ec la presidente dell\u2019Associazione Docenti Italiani per la Memoria nelle Scuole (Adims), Tiziana Della Rocca, spiega lo scopo dell\u2019apposizione di una targa in memoria degli alunni espulsi a causa delle leggi razziste del 1938, nell\u2019atrio della Scuola elementare Trento e Trieste, plesso dell\u2019Istituto comprensivo Virgilio. \u201cVogliamo creare un percorso simile a quello delle pietre d\u2019inciampo, affinch\u00e9 gli alunni delle scuole possano ricordare non solo quanto \u00e8 successo nel 1938 ma anche gli eventi successivi\u201d dice Della Rocca. Non a caso, la targa porta una data simbolica, il 16 ottobre, \u201cperch\u00e9 i bambini, in questo modo, conserveranno il ricordo di quello che \u00e8 accaduto molto vicino alla loro scuola\u201d, il rastrellamento degli ebrei di Roma.<br \/>\nL\u2019iniziativa, che segue altre tre affissioni \u2013 al Ministero della Pubblica Istruzione e del Merito, all\u2019Istituto Comprensivo Regina Margherita e alla Scuola dell\u2019infanzia Goffredo Mameli &#8211; \u00e8 promossa da Adims, dopo un meticoloso lavoro di ricerca sui registri conservati presso l\u2019Archivio della scuola Regina Margherita.<br \/>\n<img loading=\"lazy\" decoding=\"async\" class=\"alignnone wp-image-90775\" src=\"https:\/\/www.shalom.it\/wp-content\/uploads\/2024\/10\/registri-classe-I-femminile-1939-1940-e1729073152555-1024x657.jpg\" alt=\"\" width=\"401\" height=\"257\" srcset=\"https:\/\/www.shalom.it\/wp-content\/uploads\/2024\/10\/registri-classe-I-femminile-1939-1940-e1729073152555-1024x657.jpg 1024w, https:\/\/www.shalom.it\/wp-content\/uploads\/2024\/10\/registri-classe-I-femminile-1939-1940-e1729073152555-300x192.jpg 300w, https:\/\/www.shalom.it\/wp-content\/uploads\/2024\/10\/registri-classe-I-femminile-1939-1940-e1729073152555-768x493.jpg 768w, https:\/\/www.shalom.it\/wp-content\/uploads\/2024\/10\/registri-classe-I-femminile-1939-1940-e1729073152555.jpg 1303w\" sizes=\"auto, (max-width: 401px) 100vw, 401px\" \/><br \/>\n<em>Registro di Classe I femminile del 1939-1940<\/em><\/p>\n<p style=\"text-align: justify;\">Una cerimonia emozionante che ha visto la presenza del dirigente scolastico dell\u2019Istituto Comprensivo Virgilio Alessio Santagati, il presidente del Consiglio d\u2019Istituto Gianfrancesco Fidone, il presidente del Comitato genitori Mario Castagna, la vicepresidente del Municipio Roma I Centro Alessandra Sermoneta, l\u2019assessore alla Memoria del Municipio Roma I Adriano Labbucci, la vicepresidente della Comunit\u00e0 ebraica di Roma Antonella Di Castro, professori e studenti delle classi IV, V elementare e della I media. Presenti anche alcuni parenti dei bambini espulsi nel \u201838, insieme agli ospiti d\u2019onore Pupa Garribba e Ugo Fo\u00e0. Entrambi hanno raccontato la loro testimonianza e Garribba ha anche mostrato la sua pagella &#8211; esposta in via Tasso &#8211; con la quale da privatista di &#8220;razza ebraica&#8221; ha sostenuto gli esami nel &#8220;XX anno dell&#8217;era fascista&#8221;. Ugo Fo\u00e0 ha raccontato: &#8220;Avevo 10 anni e dovevo andare in prima media quando i miei genitori mi hanno detto che non potevo perch\u00e9 il governo fascista aveva emanato una legge che vietava ai bimbi di religione ebraica di andare a scuola. Come ho reagito? Ho pianto: mi sono sentito strappato dalla scuola&#8221;.<br \/>\n\u201cSiamo qui per ricordare questi bambini perch\u00e9 non scompaiano dalle nostre menti, abbiano un nome e la loro dignit\u00e0. \u2013 ha sottolineato la vicepresidente CER Di Castro &#8211; In questa giornata non solo ricordiamo uno ad uno gli alunni che hanno sofferto ma stiamo trasmettendo a voi bambini anche l\u2019onere di poter proteggere ogni vostro compagno di scuola, perch\u00e9 ci\u00f2 non possa mai pi\u00f9 accadere\u201d.<br \/>\nTra i parenti intervenuti, Marina Piperno, sorella di Angelo Piperno, espulso nel \u201838 e Miriam Funaro, figlia di Pacifico Funaro, anche lui allontanato dalla scuola nello stesso anno.<br \/>\n<img loading=\"lazy\" decoding=\"async\" class=\"alignnone wp-image-90776\" src=\"https:\/\/www.shalom.it\/wp-content\/uploads\/2024\/10\/Pacifico-Funaro-espulso-dalla-Trento-e-Trieste-nel-1938-1024x788.jpg\" alt=\"\" width=\"234\" height=\"180\" srcset=\"https:\/\/www.shalom.it\/wp-content\/uploads\/2024\/10\/Pacifico-Funaro-espulso-dalla-Trento-e-Trieste-nel-1938-1024x788.jpg 1024w, https:\/\/www.shalom.it\/wp-content\/uploads\/2024\/10\/Pacifico-Funaro-espulso-dalla-Trento-e-Trieste-nel-1938-300x231.jpg 300w, https:\/\/www.shalom.it\/wp-content\/uploads\/2024\/10\/Pacifico-Funaro-espulso-dalla-Trento-e-Trieste-nel-1938-768x591.jpg 768w, https:\/\/www.shalom.it\/wp-content\/uploads\/2024\/10\/Pacifico-Funaro-espulso-dalla-Trento-e-Trieste-nel-1938.jpg 1533w\" sizes=\"auto, (max-width: 234px) 100vw, 234px\" \/><\/p>\n<p style=\"text-align: justify;\"><em>Pacifico Funaro espulso dalla scuola Trento e Trieste nel 1938<\/em><\/p>\n<p style=\"text-align: justify;\">&#8220;Questa pregevole iniziativa \u2013 ha detto il preside Santagati \u2013 ci d\u00e0 non solo l\u2019opportunit\u00e0 di crescita civica ma anche di ricordare ci\u00f2 che pi\u00f9 di ottant\u2019anni fa hanno vissuto i bambini ebrei e per omaggiare la loro memoria, chiamandoli per nome, \u00e8 come se idealmente, in un appello del mattino, li riaccogliessimo oggi nella loro scuola&#8221;.<\/p>\n<div id='gallery-1' class='gallery galleryid-90771 gallery-columns-3 gallery-size-thumbnail'><figure class='gallery-item'>\n\t\t\t<div class='gallery-icon landscape'>\n\t\t\t\t<a href='https:\/\/www.shalom.it\/roma-ebraica\/roma-una-targa-alla-scuola-elementare-trento-e-trieste-ricorda-i-bambini-espulsi-nel-1938\/attachment\/immagine-whatsapp-2024-10-15-ore-12-55-03_f37371b7\/'><img loading=\"lazy\" decoding=\"async\" width=\"150\" height=\"150\" src=\"https:\/\/www.shalom.it\/wp-content\/uploads\/2024\/10\/Immagine-WhatsApp-2024-10-15-ore-12.55.03_f37371b7-150x150.jpg\" class=\"attachment-thumbnail size-thumbnail\" alt=\"\" srcset=\"https:\/\/www.shalom.it\/wp-content\/uploads\/2024\/10\/Immagine-WhatsApp-2024-10-15-ore-12.55.03_f37371b7-150x150.jpg 150w, https:\/\/www.shalom.it\/wp-content\/uploads\/2024\/10\/Immagine-WhatsApp-2024-10-15-ore-12.55.03_f37371b7-24x24.jpg 24w, https:\/\/www.shalom.it\/wp-content\/uploads\/2024\/10\/Immagine-WhatsApp-2024-10-15-ore-12.55.03_f37371b7-48x48.jpg 48w, https:\/\/www.shalom.it\/wp-content\/uploads\/2024\/10\/Immagine-WhatsApp-2024-10-15-ore-12.55.03_f37371b7-96x96.jpg 96w, https:\/\/www.shalom.it\/wp-content\/uploads\/2024\/10\/Immagine-WhatsApp-2024-10-15-ore-12.55.03_f37371b7-300x300.jpg 300w\" sizes=\"auto, (max-width: 150px) 100vw, 150px\" \/><\/a>\n\t\t\t<\/div><\/figure><figure class='gallery-item'>\n\t\t\t<div class='gallery-icon portrait'>\n\t\t\t\t<a href='https:\/\/www.shalom.it\/roma-ebraica\/roma-una-targa-alla-scuola-elementare-trento-e-trieste-ricorda-i-bambini-espulsi-nel-1938\/attachment\/pagella-pupa\/'><img loading=\"lazy\" decoding=\"async\" width=\"150\" height=\"150\" src=\"https:\/\/www.shalom.it\/wp-content\/uploads\/2024\/10\/pagella-Pupa-150x150.jpg\" class=\"attachment-thumbnail size-thumbnail\" alt=\"\" srcset=\"https:\/\/www.shalom.it\/wp-content\/uploads\/2024\/10\/pagella-Pupa-150x150.jpg 150w, https:\/\/www.shalom.it\/wp-content\/uploads\/2024\/10\/pagella-Pupa-24x24.jpg 24w, https:\/\/www.shalom.it\/wp-content\/uploads\/2024\/10\/pagella-Pupa-48x48.jpg 48w, https:\/\/www.shalom.it\/wp-content\/uploads\/2024\/10\/pagella-Pupa-96x96.jpg 96w, https:\/\/www.shalom.it\/wp-content\/uploads\/2024\/10\/pagella-Pupa-300x300.jpg 300w\" sizes=\"auto, (max-width: 150px) 100vw, 150px\" \/><\/a>\n\t\t\t<\/div><\/figure><figure class='gallery-item'>\n\t\t\t<div class='gallery-icon landscape'>\n\t\t\t\t<a href='https:\/\/www.shalom.it\/roma-ebraica\/roma-una-targa-alla-scuola-elementare-trento-e-trieste-ricorda-i-bambini-espulsi-nel-1938\/attachment\/dallalto-def-2\/'><img loading=\"lazy\" decoding=\"async\" width=\"150\" height=\"150\" src=\"https:\/\/www.shalom.it\/wp-content\/uploads\/2024\/10\/dallalto-def-2-150x150.jpg\" class=\"attachment-thumbnail size-thumbnail\" alt=\"\" srcset=\"https:\/\/www.shalom.it\/wp-content\/uploads\/2024\/10\/dallalto-def-2-150x150.jpg 150w, https:\/\/www.shalom.it\/wp-content\/uploads\/2024\/10\/dallalto-def-2-24x24.jpg 24w, https:\/\/www.shalom.it\/wp-content\/uploads\/2024\/10\/dallalto-def-2-48x48.jpg 48w, https:\/\/www.shalom.it\/wp-content\/uploads\/2024\/10\/dallalto-def-2-96x96.jpg 96w, https:\/\/www.shalom.it\/wp-content\/uploads\/2024\/10\/dallalto-def-2-300x300.jpg 300w\" sizes=\"auto, (max-width: 150px) 100vw, 150px\" \/><\/a>\n\t\t\t<\/div><\/figure><figure class='gallery-item'>\n\t\t\t<div class='gallery-icon landscape'>\n\t\t\t\t<a href='https:\/\/www.shalom.it\/roma-ebraica\/roma-una-targa-alla-scuola-elementare-trento-e-trieste-ricorda-i-bambini-espulsi-nel-1938\/attachment\/dallalto-1\/'><img loading=\"lazy\" decoding=\"async\" width=\"150\" height=\"150\" src=\"https:\/\/www.shalom.it\/wp-content\/uploads\/2024\/10\/dallalto-1-150x150.jpg\" class=\"attachment-thumbnail size-thumbnail\" alt=\"\" srcset=\"https:\/\/www.shalom.it\/wp-content\/uploads\/2024\/10\/dallalto-1-150x150.jpg 150w, https:\/\/www.shalom.it\/wp-content\/uploads\/2024\/10\/dallalto-1-24x24.jpg 24w, https:\/\/www.shalom.it\/wp-content\/uploads\/2024\/10\/dallalto-1-48x48.jpg 48w, https:\/\/www.shalom.it\/wp-content\/uploads\/2024\/10\/dallalto-1-96x96.jpg 96w, https:\/\/www.shalom.it\/wp-content\/uploads\/2024\/10\/dallalto-1-300x300.jpg 300w\" sizes=\"auto, (max-width: 150px) 100vw, 150px\" \/><\/a>\n\t\t\t<\/div><\/figure>\n\t\t<\/div>\n\n","protected":false},"excerpt":{"rendered":"<p>\u201cPerch\u00e9 si mantenga il ricordo di quanto accaduto nelle nuove generazioni\u201d. Cos\u00ec la presidente dell\u2019Associazione Docenti Italiani per la Memoria nelle Scuole (Adims), Tiziana Della Rocca, spiega lo scopo dell\u2019apposizione di una targa in memoria degli alunni espulsi a causa delle leggi razziste del 1938, nell\u2019atrio della Scuola elementare Trento e Trieste, plesso dell\u2019Istituto comprensivo [&hellip;]<\/p>\n","protected":false},"author":3,"featured_media":90781,"comment_status":"closed","ping_status":"closed","sticky":false,"template":"","format":"standard","meta":{"_acf_changed":false,"_jetpack_memberships_contains_paid_content":false,"footnotes":""},"categories":[2],"tags":[],"class_list":["post-90771","post","type-post","status-publish","format-standard","has-post-thumbnail","hentry","category-roma-ebraica"],"acf":[],"yoast_head":"<!-- This site is optimized with the Yoast SEO plugin v26.9 - https:\/\/yoast.com\/product\/yoast-seo-wordpress\/ -->\n<title>Roma, una targa alla scuola elementare Trento e Trieste ricorda i bambini espulsi nel 1938 - Shalom<\/title>\n<meta name=\"robots\" content=\"index, follow, max-snippet:-1, max-image-preview:large, max-video-preview:-1\" \/>\n<link rel=\"canonical\" href=\"https:\/\/www.shalom.it\/roma-ebraica\/roma-una-targa-alla-scuola-elementare-trento-e-trieste-ricorda-i-bambini-espulsi-nel-1938\/\" \/>\n<meta property=\"og:locale\" content=\"it_IT\" \/>\n<meta property=\"og:type\" content=\"article\" \/>\n<meta property=\"og:title\" content=\"Roma, una targa alla scuola elementare Trento e Trieste ricorda i bambini espulsi nel 1938 - Shalom\" \/>\n<meta property=\"og:description\" content=\"\u201cPerch\u00e9 si mantenga il ricordo di quanto accaduto nelle nuove generazioni\u201d. Cos\u00ec la presidente dell\u2019Associazione Docenti Italiani per la Memoria nelle Scuole (Adims), Tiziana Della Rocca, spiega lo scopo dell\u2019apposizione di una targa in memoria degli alunni espulsi a causa delle leggi razziste del 1938, nell\u2019atrio della Scuola elementare Trento e Trieste, plesso dell\u2019Istituto comprensivo [&hellip;]\" \/>\n<meta property=\"og:url\" content=\"https:\/\/www.shalom.it\/roma-ebraica\/roma-una-targa-alla-scuola-elementare-trento-e-trieste-ricorda-i-bambini-espulsi-nel-1938\/\" \/>\n<meta property=\"og:site_name\" content=\"Shalom\" \/>\n<meta property=\"article:published_time\" content=\"2024-10-16T10:12:53+00:00\" \/>\n<meta property=\"article:modified_time\" content=\"2024-10-29T08:28:58+00:00\" \/>\n<meta property=\"og:image\" content=\"https:\/\/www.shalom.it\/wp-content\/uploads\/2024\/10\/Foto-def-principale.jpg\" \/>\n\t<meta property=\"og:image:width\" content=\"1920\" \/>\n\t<meta property=\"og:image:height\" content=\"1080\" \/>\n\t<meta property=\"og:image:type\" content=\"image\/jpeg\" \/>\n<meta name=\"author\" content=\"Redazione\" \/>\n<meta name=\"twitter:card\" content=\"summary_large_image\" \/>\n<meta name=\"twitter:label1\" content=\"Scritto da\" \/>\n\t<meta name=\"twitter:data1\" content=\"Redazione\" \/>\n\t<meta name=\"twitter:label2\" content=\"Tempo di lettura stimato\" \/>\n\t<meta name=\"twitter:data2\" content=\"4 minuti\" \/>\n<script type=\"application\/ld+json\" class=\"yoast-schema-graph\">{\"@context\":\"https:\/\/schema.org\",\"@graph\":[{\"@type\":\"Article\",\"@id\":\"https:\/\/www.shalom.it\/roma-ebraica\/roma-una-targa-alla-scuola-elementare-trento-e-trieste-ricorda-i-bambini-espulsi-nel-1938\/#article\",\"isPartOf\":{\"@id\":\"https:\/\/www.shalom.it\/roma-ebraica\/roma-una-targa-alla-scuola-elementare-trento-e-trieste-ricorda-i-bambini-espulsi-nel-1938\/\"},\"author\":{\"name\":\"Redazione\",\"@id\":\"https:\/\/www.shalom.it\/#\/schema\/person\/d6d60e821a49d2a420ffe01f7af79dd8\"},\"headline\":\"Roma, una targa alla scuola elementare Trento e Trieste ricorda i bambini espulsi nel 1938\",\"datePublished\":\"2024-10-16T10:12:53+00:00\",\"dateModified\":\"2024-10-29T08:28:58+00:00\",\"mainEntityOfPage\":{\"@id\":\"https:\/\/www.shalom.it\/roma-ebraica\/roma-una-targa-alla-scuola-elementare-trento-e-trieste-ricorda-i-bambini-espulsi-nel-1938\/\"},\"wordCount\":533,\"image\":{\"@id\":\"https:\/\/www.shalom.it\/roma-ebraica\/roma-una-targa-alla-scuola-elementare-trento-e-trieste-ricorda-i-bambini-espulsi-nel-1938\/#primaryimage\"},\"thumbnailUrl\":\"https:\/\/www.shalom.it\/wp-content\/uploads\/2024\/10\/Foto-def-principale.jpg\",\"articleSection\":[\"ROMA EBRAICA\"],\"inLanguage\":\"it-IT\"},{\"@type\":\"WebPage\",\"@id\":\"https:\/\/www.shalom.it\/roma-ebraica\/roma-una-targa-alla-scuola-elementare-trento-e-trieste-ricorda-i-bambini-espulsi-nel-1938\/\",\"url\":\"https:\/\/www.shalom.it\/roma-ebraica\/roma-una-targa-alla-scuola-elementare-trento-e-trieste-ricorda-i-bambini-espulsi-nel-1938\/\",\"name\":\"Roma, una targa alla scuola elementare Trento e Trieste ricorda i bambini espulsi nel 1938 - Shalom\",\"isPartOf\":{\"@id\":\"https:\/\/www.shalom.it\/#website\"},\"primaryImageOfPage\":{\"@id\":\"https:\/\/www.shalom.it\/roma-ebraica\/roma-una-targa-alla-scuola-elementare-trento-e-trieste-ricorda-i-bambini-espulsi-nel-1938\/#primaryimage\"},\"image\":{\"@id\":\"https:\/\/www.shalom.it\/roma-ebraica\/roma-una-targa-alla-scuola-elementare-trento-e-trieste-ricorda-i-bambini-espulsi-nel-1938\/#primaryimage\"},\"thumbnailUrl\":\"https:\/\/www.shalom.it\/wp-content\/uploads\/2024\/10\/Foto-def-principale.jpg\",\"datePublished\":\"2024-10-16T10:12:53+00:00\",\"dateModified\":\"2024-10-29T08:28:58+00:00\",\"author\":{\"@id\":\"https:\/\/www.shalom.it\/#\/schema\/person\/d6d60e821a49d2a420ffe01f7af79dd8\"},\"breadcrumb\":{\"@id\":\"https:\/\/www.shalom.it\/roma-ebraica\/roma-una-targa-alla-scuola-elementare-trento-e-trieste-ricorda-i-bambini-espulsi-nel-1938\/#breadcrumb\"},\"inLanguage\":\"it-IT\",\"potentialAction\":[{\"@type\":\"ReadAction\",\"target\":[\"https:\/\/www.shalom.it\/roma-ebraica\/roma-una-targa-alla-scuola-elementare-trento-e-trieste-ricorda-i-bambini-espulsi-nel-1938\/\"]}]},{\"@type\":\"ImageObject\",\"inLanguage\":\"it-IT\",\"@id\":\"https:\/\/www.shalom.it\/roma-ebraica\/roma-una-targa-alla-scuola-elementare-trento-e-trieste-ricorda-i-bambini-espulsi-nel-1938\/#primaryimage\",\"url\":\"https:\/\/www.shalom.it\/wp-content\/uploads\/2024\/10\/Foto-def-principale.jpg\",\"contentUrl\":\"https:\/\/www.shalom.it\/wp-content\/uploads\/2024\/10\/Foto-def-principale.jpg\",\"width\":1920,\"height\":1080},{\"@type\":\"BreadcrumbList\",\"@id\":\"https:\/\/www.shalom.it\/roma-ebraica\/roma-una-targa-alla-scuola-elementare-trento-e-trieste-ricorda-i-bambini-espulsi-nel-1938\/#breadcrumb\",\"itemListElement\":[{\"@type\":\"ListItem\",\"position\":1,\"name\":\"Home\",\"item\":\"https:\/\/www.shalom.it\/\"},{\"@type\":\"ListItem\",\"position\":2,\"name\":\"Roma, una targa alla scuola elementare Trento e Trieste ricorda i bambini espulsi nel 1938\"}]},{\"@type\":\"WebSite\",\"@id\":\"https:\/\/www.shalom.it\/#website\",\"url\":\"https:\/\/www.shalom.it\/\",\"name\":\"Shalom\",\"description\":\"Il Magazine della comunit\u00e0 ebraica di Roma\",\"potentialAction\":[{\"@type\":\"SearchAction\",\"target\":{\"@type\":\"EntryPoint\",\"urlTemplate\":\"https:\/\/www.shalom.it\/?s={search_term_string}\"},\"query-input\":{\"@type\":\"PropertyValueSpecification\",\"valueRequired\":true,\"valueName\":\"search_term_string\"}}],\"inLanguage\":\"it-IT\"},{\"@type\":\"Person\",\"@id\":\"https:\/\/www.shalom.it\/#\/schema\/person\/d6d60e821a49d2a420ffe01f7af79dd8\",\"name\":\"Redazione\",\"url\":\"https:\/\/www.shalom.it\/author\/redazione\/\"}]}<\/script>\n<!-- \/ Yoast SEO plugin. -->","yoast_head_json":{"title":"Roma, una targa alla scuola elementare Trento e Trieste ricorda i bambini espulsi nel 1938 - Shalom","robots":{"index":"index","follow":"follow","max-snippet":"max-snippet:-1","max-image-preview":"max-image-preview:large","max-video-preview":"max-video-preview:-1"},"canonical":"https:\/\/www.shalom.it\/roma-ebraica\/roma-una-targa-alla-scuola-elementare-trento-e-trieste-ricorda-i-bambini-espulsi-nel-1938\/","og_locale":"it_IT","og_type":"article","og_title":"Roma, una targa alla scuola elementare Trento e Trieste ricorda i bambini espulsi nel 1938 - Shalom","og_description":"\u201cPerch\u00e9 si mantenga il ricordo di quanto accaduto nelle nuove generazioni\u201d. Cos\u00ec la presidente dell\u2019Associazione Docenti Italiani per la Memoria nelle Scuole (Adims), Tiziana Della Rocca, spiega lo scopo dell\u2019apposizione di una targa in memoria degli alunni espulsi a causa delle leggi razziste del 1938, nell\u2019atrio della Scuola elementare Trento e Trieste, plesso dell\u2019Istituto comprensivo [&hellip;]","og_url":"https:\/\/www.shalom.it\/roma-ebraica\/roma-una-targa-alla-scuola-elementare-trento-e-trieste-ricorda-i-bambini-espulsi-nel-1938\/","og_site_name":"Shalom","article_published_time":"2024-10-16T10:12:53+00:00","article_modified_time":"2024-10-29T08:28:58+00:00","og_image":[{"width":1920,"height":1080,"url":"https:\/\/www.shalom.it\/wp-content\/uploads\/2024\/10\/Foto-def-principale.jpg","type":"image\/jpeg"}],"author":"Redazione","twitter_card":"summary_large_image","twitter_misc":{"Scritto da":"Redazione","Tempo di lettura stimato":"4 minuti"},"schema":{"@context":"https:\/\/schema.org","@graph":[{"@type":"Article","@id":"https:\/\/www.shalom.it\/roma-ebraica\/roma-una-targa-alla-scuola-elementare-trento-e-trieste-ricorda-i-bambini-espulsi-nel-1938\/#article","isPartOf":{"@id":"https:\/\/www.shalom.it\/roma-ebraica\/roma-una-targa-alla-scuola-elementare-trento-e-trieste-ricorda-i-bambini-espulsi-nel-1938\/"},"author":{"name":"Redazione","@id":"https:\/\/www.shalom.it\/#\/schema\/person\/d6d60e821a49d2a420ffe01f7af79dd8"},"headline":"Roma, una targa alla scuola elementare Trento e Trieste ricorda i bambini espulsi nel 1938","datePublished":"2024-10-16T10:12:53+00:00","dateModified":"2024-10-29T08:28:58+00:00","mainEntityOfPage":{"@id":"https:\/\/www.shalom.it\/roma-ebraica\/roma-una-targa-alla-scuola-elementare-trento-e-trieste-ricorda-i-bambini-espulsi-nel-1938\/"},"wordCount":533,"image":{"@id":"https:\/\/www.shalom.it\/roma-ebraica\/roma-una-targa-alla-scuola-elementare-trento-e-trieste-ricorda-i-bambini-espulsi-nel-1938\/#primaryimage"},"thumbnailUrl":"https:\/\/www.shalom.it\/wp-content\/uploads\/2024\/10\/Foto-def-principale.jpg","articleSection":["ROMA EBRAICA"],"inLanguage":"it-IT"},{"@type":"WebPage","@id":"https:\/\/www.shalom.it\/roma-ebraica\/roma-una-targa-alla-scuola-elementare-trento-e-trieste-ricorda-i-bambini-espulsi-nel-1938\/","url":"https:\/\/www.shalom.it\/roma-ebraica\/roma-una-targa-alla-scuola-elementare-trento-e-trieste-ricorda-i-bambini-espulsi-nel-1938\/","name":"Roma, una targa alla scuola elementare Trento e Trieste ricorda i bambini espulsi nel 1938 - Shalom","isPartOf":{"@id":"https:\/\/www.shalom.it\/#website"},"primaryImageOfPage":{"@id":"https:\/\/www.shalom.it\/roma-ebraica\/roma-una-targa-alla-scuola-elementare-trento-e-trieste-ricorda-i-bambini-espulsi-nel-1938\/#primaryimage"},"image":{"@id":"https:\/\/www.shalom.it\/roma-ebraica\/roma-una-targa-alla-scuola-elementare-trento-e-trieste-ricorda-i-bambini-espulsi-nel-1938\/#primaryimage"},"thumbnailUrl":"https:\/\/www.shalom.it\/wp-content\/uploads\/2024\/10\/Foto-def-principale.jpg","datePublished":"2024-10-16T10:12:53+00:00","dateModified":"2024-10-29T08:28:58+00:00","author":{"@id":"https:\/\/www.shalom.it\/#\/schema\/person\/d6d60e821a49d2a420ffe01f7af79dd8"},"breadcrumb":{"@id":"https:\/\/www.shalom.it\/roma-ebraica\/roma-una-targa-alla-scuola-elementare-trento-e-trieste-ricorda-i-bambini-espulsi-nel-1938\/#breadcrumb"},"inLanguage":"it-IT","potentialAction":[{"@type":"ReadAction","target":["https:\/\/www.shalom.it\/roma-ebraica\/roma-una-targa-alla-scuola-elementare-trento-e-trieste-ricorda-i-bambini-espulsi-nel-1938\/"]}]},{"@type":"ImageObject","inLanguage":"it-IT","@id":"https:\/\/www.shalom.it\/roma-ebraica\/roma-una-targa-alla-scuola-elementare-trento-e-trieste-ricorda-i-bambini-espulsi-nel-1938\/#primaryimage","url":"https:\/\/www.shalom.it\/wp-content\/uploads\/2024\/10\/Foto-def-principale.jpg","contentUrl":"https:\/\/www.shalom.it\/wp-content\/uploads\/2024\/10\/Foto-def-principale.jpg","width":1920,"height":1080},{"@type":"BreadcrumbList","@id":"https:\/\/www.shalom.it\/roma-ebraica\/roma-una-targa-alla-scuola-elementare-trento-e-trieste-ricorda-i-bambini-espulsi-nel-1938\/#breadcrumb","itemListElement":[{"@type":"ListItem","position":1,"name":"Home","item":"https:\/\/www.shalom.it\/"},{"@type":"ListItem","position":2,"name":"Roma, una targa alla scuola elementare Trento e Trieste ricorda i bambini espulsi nel 1938"}]},{"@type":"WebSite","@id":"https:\/\/www.shalom.it\/#website","url":"https:\/\/www.shalom.it\/","name":"Shalom","description":"Il Magazine della comunit\u00e0 ebraica di Roma","potentialAction":[{"@type":"SearchAction","target":{"@type":"EntryPoint","urlTemplate":"https:\/\/www.shalom.it\/?s={search_term_string}"},"query-input":{"@type":"PropertyValueSpecification","valueRequired":true,"valueName":"search_term_string"}}],"inLanguage":"it-IT"},{"@type":"Person","@id":"https:\/\/www.shalom.it\/#\/schema\/person\/d6d60e821a49d2a420ffe01f7af79dd8","name":"Redazione","url":"https:\/\/www.shalom.it\/author\/redazione\/"}]}},"jetpack_featured_media_url":"https:\/\/www.shalom.it\/wp-content\/uploads\/2024\/10\/Foto-def-principale.jpg","jetpack_sharing_enabled":true,"_links":{"self":[{"href":"https:\/\/www.shalom.it\/wp-json\/wp\/v2\/posts\/90771","targetHints":{"allow":["GET"]}}],"collection":[{"href":"https:\/\/www.shalom.it\/wp-json\/wp\/v2\/posts"}],"about":[{"href":"https:\/\/www.shalom.it\/wp-json\/wp\/v2\/types\/post"}],"author":[{"embeddable":true,"href":"https:\/\/www.shalom.it\/wp-json\/wp\/v2\/users\/3"}],"replies":[{"embeddable":true,"href":"https:\/\/www.shalom.it\/wp-json\/wp\/v2\/comments?post=90771"}],"version-history":[{"count":11,"href":"https:\/\/www.shalom.it\/wp-json\/wp\/v2\/posts\/90771\/revisions"}],"predecessor-version":[{"id":91203,"href":"https:\/\/www.shalom.it\/wp-json\/wp\/v2\/posts\/90771\/revisions\/91203"}],"wp:featuredmedia":[{"embeddable":true,"href":"https:\/\/www.shalom.it\/wp-json\/wp\/v2\/media\/90781"}],"wp:attachment":[{"href":"https:\/\/www.shalom.it\/wp-json\/wp\/v2\/media?parent=90771"}],"wp:term":[{"taxonomy":"category","embeddable":true,"href":"https:\/\/www.shalom.it\/wp-json\/wp\/v2\/categories?post=90771"},{"taxonomy":"post_tag","embeddable":true,"href":"https:\/\/www.shalom.it\/wp-json\/wp\/v2\/tags?post=90771"}],"curies":[{"name":"wp","href":"https:\/\/api.w.org\/{rel}","templated":true}]}}