{"id":89777,"date":"2024-09-18T09:00:44","date_gmt":"2024-09-18T07:00:44","guid":{"rendered":"https:\/\/www.shalom.it\/?p=89777"},"modified":"2024-09-17T21:40:17","modified_gmt":"2024-09-17T19:40:17","slug":"la-grande-sinagoga-de-la-victoire-di-parigi-festeggia-oggi-i-suoi-150-anni-con-un-grande-concerto","status":"publish","type":"post","link":"https:\/\/www.shalom.it\/europa\/la-grande-sinagoga-de-la-victoire-di-parigi-festeggia-oggi-i-suoi-150-anni-con-un-grande-concerto\/","title":{"rendered":"La Grande Sinagoga de la Victoire di Parigi festeggia oggi i suoi 150 anni con un grande concerto"},"content":{"rendered":"<p>La Grande Sinagoga di Parigi <em>la Victoire<\/em> ha festeggiato ieri sera il suo 150\u00b0 anniversario con un grande concerto in cui sono state eseguite opere del repertorio liturgico concistoriale e musiche che scandiscono i momenti pi\u00f9 significativi della vita ebraica; \u00e8 stata la prima celebrazione che ha dato il via ufficiale ad un programma di eventi che si snoderanno fino a Pesach del 5785, a 150 anni esatti dell\u2019apertura ai fedeli della sala di preghiera.<br \/>\nDalla Rivoluzione, che concesse la cittadinanza alla comunit\u00e0 ebraica francese nel 1791, e soprattutto dal Primo Impero, durante il quale l&#8217;imperatore Napoleone I istitu\u00ec le strutture organizzative del culto ebraico creando il Concistoro israelita di Francia nel 1808, gli ebrei francesi hanno un profondo attaccamento alla patria che ha garantito loro uguali diritti con gli altri cittadini. Durante la Restaurazione della monarchia dal 1815 al 1848 e soprattutto sotto il Secondo Impero, dal 1850 al 1870, la comunit\u00e0 ebraica parigina raddoppi\u00f2, passando da 12.000 a 25.000 membri.<br \/>\nL&#8217;imperatore Napoleone III volle fornire alla comunit\u00e0 ebraica un luogo di culto degno della sua importanza. La prima grande sinagoga di Parigi, quella di rue ND de Nazareth, creata nel 1830, era troppo piccola e soprattutto situato in un quartiere meno prestigioso dell&#8217;Op\u00e9ra, dove si era insediata tutta la borghesia ebraica. Sotto l&#8217;egida del rabbino capo Lazare Isidore e di Gustave de Rothschild, i lavori per la costruzione iniziarono nel 1867; la guerra tra Francia e Germania nel 1870 e poi la Comune interruppero i lavori e fu solo terminata nel 1874.<\/p>\n<p><img loading=\"lazy\" decoding=\"async\" class=\"size-large wp-image-89780 aligncenter\" src=\"https:\/\/www.shalom.it\/wp-content\/uploads\/2024\/09\/Victoire-3--1024x721.jpg\" alt=\"\" width=\"800\" height=\"563\" srcset=\"https:\/\/www.shalom.it\/wp-content\/uploads\/2024\/09\/Victoire-3--1024x721.jpg 1024w, https:\/\/www.shalom.it\/wp-content\/uploads\/2024\/09\/Victoire-3--300x211.jpg 300w, https:\/\/www.shalom.it\/wp-content\/uploads\/2024\/09\/Victoire-3--768x540.jpg 768w, https:\/\/www.shalom.it\/wp-content\/uploads\/2024\/09\/Victoire-3--1536x1081.jpg 1536w, https:\/\/www.shalom.it\/wp-content\/uploads\/2024\/09\/Victoire-3-.jpg 2048w\" sizes=\"auto, (max-width: 800px) 100vw, 800px\" \/><\/p>\n<p>Lo stile romanico voluto dall&#8217;architetto della citt\u00e0 di Parigi Alfred Philippe Aldrophe fu impreziosito da modanature bizantine, ma \u00e8 notevole l&#8217;influenza dello stile Secondo Impero tipico degli edifici costruiti a Parigi sotto Napoleone III, in particolare lo scalone principale, le vetrate, i candelabri in bronzo dorato, l&#8217;atrio, oggi sala di Gerusalemme. La monumentale pianta basilicale, con la sua facciata di 36 metri, l&#8217;altezza della navata di 28 metri, la presenza del grande organo e del coro richiamano la pianta delle chiese costruite in quel periodo. Con i suoi 1.800 posti a sedere, la Sinagogala Victorie \u00e8 la seconda pi\u00f9 grande d&#8217;Europa dopo quella di Budapest. Per le sue dimensioni, l&#8217;Aron \u00e8 un elemento unico in una sinagoga europea. La maggior parte degli ornamenti del culto, in particolare il grande candelabro in argento massiccio e il Ner Tamid, furono offerti da Gustave de Rothschild e da sua moglie all&#8217;inaugurazione.<\/p>\n<p><img loading=\"lazy\" decoding=\"async\" class=\"size-large wp-image-89781 aligncenter\" src=\"https:\/\/www.shalom.it\/wp-content\/uploads\/2024\/09\/Victoire-2-683x1024.jpg\" alt=\"\" width=\"683\" height=\"1024\" srcset=\"https:\/\/www.shalom.it\/wp-content\/uploads\/2024\/09\/Victoire-2-683x1024.jpg 683w, https:\/\/www.shalom.it\/wp-content\/uploads\/2024\/09\/Victoire-2-200x300.jpg 200w, https:\/\/www.shalom.it\/wp-content\/uploads\/2024\/09\/Victoire-2-768x1152.jpg 768w, https:\/\/www.shalom.it\/wp-content\/uploads\/2024\/09\/Victoire-2.jpg 800w\" sizes=\"auto, (max-width: 683px) 100vw, 683px\" \/><\/p>\n<p>La Victoire ha seguito tutte le vicissitudini della storia contemporanea del popolo ebraico in Francia. Il colonnello Dreyfus si spos\u00f2 in questa sinagoga pochi anni prima dello scoppio dell'&#8221;Affare&#8221; che scosse la fine del XIX secolo in Francia e in Germania, portando i semi delle atrocit\u00e0 antisemite della prima met\u00e0 del XX secolo. La I Guerra Mondiale colp\u00ec fortemente la comunit\u00e0 ebraica di Parigi, come testimoniano le pitture marmoree situate vicino al tetto di vetro della sinagoga che riportano i nomi di tutti i soldati ebrei parigini caduti durante il conflitto. Con la II Guerra Mondiale, la Victoire conobbe l&#8217;occupazione nazista: l&#8217;esplosione di una bomba davanti all&#8217;ingresso nel 1941, la profanazione dell&#8217;Aron da parte dei miliziani collaborazionisti nel 1942, i controlli d&#8217;identit\u00e0 organizzati dalla Polizia e dalla Gestapo al termine della funzione di Rosh Hashanah nel 1943. Ma miracolosamente le incursioni furono evitate, poich\u00e9 i capi della sinagoga furono avvertiti in tempo di nascondere i fedeli illegali nell&#8217;edificio. La sinagoga fu generalmente risparmiata perch\u00e9 beneficiava dell&#8217;attaccamento che le truppe di occupazione tedesche avevano per Parigi, di cui nessun monumento fu distrutto, nemmeno le sinagoghe. Sotto il portico dell\u2019ingresso si trova il monumento alle vittime della Shoah. Solo nel 1967 che fu celebrata la sua completa ristrutturazione.<br \/>\nNei locali sinagogali sono conservati 200 anni di archivi musicali di cui fa uso la comunit\u00e0, composta da oltre duemila famiglie, alcune delle quali sono state all&#8217;origine della sua creazione, che si riunisce per tutte le festivit\u00e0 seguendo nelle funzioni il rito alsaziano ashkenazita.<\/p>\n<p><em>Credit foto: Synagogue de la Victoire\u00a0<\/em><\/p>\n","protected":false},"excerpt":{"rendered":"<p>La Grande Sinagoga di Parigi la Victoire ha festeggiato ieri sera il suo 150\u00b0 anniversario con un grande concerto in cui sono state eseguite opere del repertorio liturgico concistoriale e musiche che scandiscono i momenti pi\u00f9 significativi della vita ebraica; \u00e8 stata la prima celebrazione che ha dato il via ufficiale ad un programma di [&hellip;]<\/p>\n","protected":false},"author":37,"featured_media":89778,"comment_status":"closed","ping_status":"closed","sticky":false,"template":"","format":"standard","meta":{"_acf_changed":false,"_jetpack_memberships_contains_paid_content":false,"footnotes":""},"categories":[34],"tags":[],"class_list":["post-89777","post","type-post","status-publish","format-standard","has-post-thumbnail","hentry","category-europa"],"acf":[],"yoast_head":"<!-- This site is optimized with the Yoast SEO plugin v26.9 - https:\/\/yoast.com\/product\/yoast-seo-wordpress\/ -->\n<title>La Grande Sinagoga de la Victoire di Parigi festeggia oggi i suoi 150 anni con un grande concerto - Shalom<\/title>\n<meta name=\"robots\" content=\"index, follow, max-snippet:-1, max-image-preview:large, max-video-preview:-1\" \/>\n<link rel=\"canonical\" href=\"https:\/\/www.shalom.it\/europa\/la-grande-sinagoga-de-la-victoire-di-parigi-festeggia-oggi-i-suoi-150-anni-con-un-grande-concerto\/\" \/>\n<meta property=\"og:locale\" content=\"it_IT\" \/>\n<meta property=\"og:type\" content=\"article\" \/>\n<meta property=\"og:title\" content=\"La Grande Sinagoga de la Victoire di Parigi festeggia oggi i suoi 150 anni con un grande concerto - Shalom\" \/>\n<meta property=\"og:description\" content=\"La Grande Sinagoga di Parigi la Victoire ha festeggiato ieri sera il suo 150\u00b0 anniversario con un grande concerto in cui sono state eseguite opere del repertorio liturgico concistoriale e musiche che scandiscono i momenti pi\u00f9 significativi della vita ebraica; \u00e8 stata la prima celebrazione che ha dato il via ufficiale ad un programma di [&hellip;]\" \/>\n<meta property=\"og:url\" content=\"https:\/\/www.shalom.it\/europa\/la-grande-sinagoga-de-la-victoire-di-parigi-festeggia-oggi-i-suoi-150-anni-con-un-grande-concerto\/\" \/>\n<meta property=\"og:site_name\" content=\"Shalom\" \/>\n<meta property=\"article:published_time\" content=\"2024-09-18T07:00:44+00:00\" \/>\n<meta property=\"og:image\" content=\"https:\/\/www.shalom.it\/wp-content\/uploads\/2024\/09\/Victorie-1.jpg\" \/>\n\t<meta property=\"og:image:width\" content=\"2048\" \/>\n\t<meta property=\"og:image:height\" content=\"1617\" \/>\n\t<meta property=\"og:image:type\" content=\"image\/jpeg\" \/>\n<meta name=\"author\" content=\"Donato Moscati\" \/>\n<meta name=\"twitter:card\" content=\"summary_large_image\" \/>\n<meta name=\"twitter:label1\" content=\"Scritto da\" \/>\n\t<meta name=\"twitter:data1\" content=\"Donato Moscati\" \/>\n\t<meta name=\"twitter:label2\" content=\"Tempo di lettura stimato\" \/>\n\t<meta name=\"twitter:data2\" content=\"5 minuti\" \/>\n<script type=\"application\/ld+json\" class=\"yoast-schema-graph\">{\"@context\":\"https:\/\/schema.org\",\"@graph\":[{\"@type\":\"Article\",\"@id\":\"https:\/\/www.shalom.it\/europa\/la-grande-sinagoga-de-la-victoire-di-parigi-festeggia-oggi-i-suoi-150-anni-con-un-grande-concerto\/#article\",\"isPartOf\":{\"@id\":\"https:\/\/www.shalom.it\/europa\/la-grande-sinagoga-de-la-victoire-di-parigi-festeggia-oggi-i-suoi-150-anni-con-un-grande-concerto\/\"},\"author\":{\"name\":\"Donato Moscati\",\"@id\":\"https:\/\/www.shalom.it\/#\/schema\/person\/13ae4cec9003e7d1f15e729be3eda88f\"},\"headline\":\"La Grande Sinagoga de la Victoire di Parigi festeggia oggi i suoi 150 anni con un grande concerto\",\"datePublished\":\"2024-09-18T07:00:44+00:00\",\"mainEntityOfPage\":{\"@id\":\"https:\/\/www.shalom.it\/europa\/la-grande-sinagoga-de-la-victoire-di-parigi-festeggia-oggi-i-suoi-150-anni-con-un-grande-concerto\/\"},\"wordCount\":671,\"image\":{\"@id\":\"https:\/\/www.shalom.it\/europa\/la-grande-sinagoga-de-la-victoire-di-parigi-festeggia-oggi-i-suoi-150-anni-con-un-grande-concerto\/#primaryimage\"},\"thumbnailUrl\":\"https:\/\/www.shalom.it\/wp-content\/uploads\/2024\/09\/Victorie-1.jpg\",\"articleSection\":[\"EUROPA\"],\"inLanguage\":\"it-IT\"},{\"@type\":\"WebPage\",\"@id\":\"https:\/\/www.shalom.it\/europa\/la-grande-sinagoga-de-la-victoire-di-parigi-festeggia-oggi-i-suoi-150-anni-con-un-grande-concerto\/\",\"url\":\"https:\/\/www.shalom.it\/europa\/la-grande-sinagoga-de-la-victoire-di-parigi-festeggia-oggi-i-suoi-150-anni-con-un-grande-concerto\/\",\"name\":\"La Grande Sinagoga de la Victoire di Parigi festeggia oggi i suoi 150 anni con un grande concerto - Shalom\",\"isPartOf\":{\"@id\":\"https:\/\/www.shalom.it\/#website\"},\"primaryImageOfPage\":{\"@id\":\"https:\/\/www.shalom.it\/europa\/la-grande-sinagoga-de-la-victoire-di-parigi-festeggia-oggi-i-suoi-150-anni-con-un-grande-concerto\/#primaryimage\"},\"image\":{\"@id\":\"https:\/\/www.shalom.it\/europa\/la-grande-sinagoga-de-la-victoire-di-parigi-festeggia-oggi-i-suoi-150-anni-con-un-grande-concerto\/#primaryimage\"},\"thumbnailUrl\":\"https:\/\/www.shalom.it\/wp-content\/uploads\/2024\/09\/Victorie-1.jpg\",\"datePublished\":\"2024-09-18T07:00:44+00:00\",\"author\":{\"@id\":\"https:\/\/www.shalom.it\/#\/schema\/person\/13ae4cec9003e7d1f15e729be3eda88f\"},\"breadcrumb\":{\"@id\":\"https:\/\/www.shalom.it\/europa\/la-grande-sinagoga-de-la-victoire-di-parigi-festeggia-oggi-i-suoi-150-anni-con-un-grande-concerto\/#breadcrumb\"},\"inLanguage\":\"it-IT\",\"potentialAction\":[{\"@type\":\"ReadAction\",\"target\":[\"https:\/\/www.shalom.it\/europa\/la-grande-sinagoga-de-la-victoire-di-parigi-festeggia-oggi-i-suoi-150-anni-con-un-grande-concerto\/\"]}]},{\"@type\":\"ImageObject\",\"inLanguage\":\"it-IT\",\"@id\":\"https:\/\/www.shalom.it\/europa\/la-grande-sinagoga-de-la-victoire-di-parigi-festeggia-oggi-i-suoi-150-anni-con-un-grande-concerto\/#primaryimage\",\"url\":\"https:\/\/www.shalom.it\/wp-content\/uploads\/2024\/09\/Victorie-1.jpg\",\"contentUrl\":\"https:\/\/www.shalom.it\/wp-content\/uploads\/2024\/09\/Victorie-1.jpg\",\"width\":2048,\"height\":1617},{\"@type\":\"BreadcrumbList\",\"@id\":\"https:\/\/www.shalom.it\/europa\/la-grande-sinagoga-de-la-victoire-di-parigi-festeggia-oggi-i-suoi-150-anni-con-un-grande-concerto\/#breadcrumb\",\"itemListElement\":[{\"@type\":\"ListItem\",\"position\":1,\"name\":\"Home\",\"item\":\"https:\/\/www.shalom.it\/\"},{\"@type\":\"ListItem\",\"position\":2,\"name\":\"La Grande Sinagoga de la Victoire di Parigi festeggia oggi i suoi 150 anni con un grande concerto\"}]},{\"@type\":\"WebSite\",\"@id\":\"https:\/\/www.shalom.it\/#website\",\"url\":\"https:\/\/www.shalom.it\/\",\"name\":\"Shalom\",\"description\":\"Il Magazine della comunit\u00e0 ebraica di Roma\",\"potentialAction\":[{\"@type\":\"SearchAction\",\"target\":{\"@type\":\"EntryPoint\",\"urlTemplate\":\"https:\/\/www.shalom.it\/?s={search_term_string}\"},\"query-input\":{\"@type\":\"PropertyValueSpecification\",\"valueRequired\":true,\"valueName\":\"search_term_string\"}}],\"inLanguage\":\"it-IT\"},{\"@type\":\"Person\",\"@id\":\"https:\/\/www.shalom.it\/#\/schema\/person\/13ae4cec9003e7d1f15e729be3eda88f\",\"name\":\"Donato Moscati\",\"url\":\"https:\/\/www.shalom.it\/author\/mdonato\/\"}]}<\/script>\n<!-- \/ Yoast SEO plugin. -->","yoast_head_json":{"title":"La Grande Sinagoga de la Victoire di Parigi festeggia oggi i suoi 150 anni con un grande concerto - Shalom","robots":{"index":"index","follow":"follow","max-snippet":"max-snippet:-1","max-image-preview":"max-image-preview:large","max-video-preview":"max-video-preview:-1"},"canonical":"https:\/\/www.shalom.it\/europa\/la-grande-sinagoga-de-la-victoire-di-parigi-festeggia-oggi-i-suoi-150-anni-con-un-grande-concerto\/","og_locale":"it_IT","og_type":"article","og_title":"La Grande Sinagoga de la Victoire di Parigi festeggia oggi i suoi 150 anni con un grande concerto - Shalom","og_description":"La Grande Sinagoga di Parigi la Victoire ha festeggiato ieri sera il suo 150\u00b0 anniversario con un grande concerto in cui sono state eseguite opere del repertorio liturgico concistoriale e musiche che scandiscono i momenti pi\u00f9 significativi della vita ebraica; \u00e8 stata la prima celebrazione che ha dato il via ufficiale ad un programma di [&hellip;]","og_url":"https:\/\/www.shalom.it\/europa\/la-grande-sinagoga-de-la-victoire-di-parigi-festeggia-oggi-i-suoi-150-anni-con-un-grande-concerto\/","og_site_name":"Shalom","article_published_time":"2024-09-18T07:00:44+00:00","og_image":[{"width":2048,"height":1617,"url":"https:\/\/www.shalom.it\/wp-content\/uploads\/2024\/09\/Victorie-1.jpg","type":"image\/jpeg"}],"author":"Donato Moscati","twitter_card":"summary_large_image","twitter_misc":{"Scritto da":"Donato Moscati","Tempo di lettura stimato":"5 minuti"},"schema":{"@context":"https:\/\/schema.org","@graph":[{"@type":"Article","@id":"https:\/\/www.shalom.it\/europa\/la-grande-sinagoga-de-la-victoire-di-parigi-festeggia-oggi-i-suoi-150-anni-con-un-grande-concerto\/#article","isPartOf":{"@id":"https:\/\/www.shalom.it\/europa\/la-grande-sinagoga-de-la-victoire-di-parigi-festeggia-oggi-i-suoi-150-anni-con-un-grande-concerto\/"},"author":{"name":"Donato Moscati","@id":"https:\/\/www.shalom.it\/#\/schema\/person\/13ae4cec9003e7d1f15e729be3eda88f"},"headline":"La Grande Sinagoga de la Victoire di Parigi festeggia oggi i suoi 150 anni con un grande concerto","datePublished":"2024-09-18T07:00:44+00:00","mainEntityOfPage":{"@id":"https:\/\/www.shalom.it\/europa\/la-grande-sinagoga-de-la-victoire-di-parigi-festeggia-oggi-i-suoi-150-anni-con-un-grande-concerto\/"},"wordCount":671,"image":{"@id":"https:\/\/www.shalom.it\/europa\/la-grande-sinagoga-de-la-victoire-di-parigi-festeggia-oggi-i-suoi-150-anni-con-un-grande-concerto\/#primaryimage"},"thumbnailUrl":"https:\/\/www.shalom.it\/wp-content\/uploads\/2024\/09\/Victorie-1.jpg","articleSection":["EUROPA"],"inLanguage":"it-IT"},{"@type":"WebPage","@id":"https:\/\/www.shalom.it\/europa\/la-grande-sinagoga-de-la-victoire-di-parigi-festeggia-oggi-i-suoi-150-anni-con-un-grande-concerto\/","url":"https:\/\/www.shalom.it\/europa\/la-grande-sinagoga-de-la-victoire-di-parigi-festeggia-oggi-i-suoi-150-anni-con-un-grande-concerto\/","name":"La Grande Sinagoga de la Victoire di Parigi festeggia oggi i suoi 150 anni con un grande concerto - Shalom","isPartOf":{"@id":"https:\/\/www.shalom.it\/#website"},"primaryImageOfPage":{"@id":"https:\/\/www.shalom.it\/europa\/la-grande-sinagoga-de-la-victoire-di-parigi-festeggia-oggi-i-suoi-150-anni-con-un-grande-concerto\/#primaryimage"},"image":{"@id":"https:\/\/www.shalom.it\/europa\/la-grande-sinagoga-de-la-victoire-di-parigi-festeggia-oggi-i-suoi-150-anni-con-un-grande-concerto\/#primaryimage"},"thumbnailUrl":"https:\/\/www.shalom.it\/wp-content\/uploads\/2024\/09\/Victorie-1.jpg","datePublished":"2024-09-18T07:00:44+00:00","author":{"@id":"https:\/\/www.shalom.it\/#\/schema\/person\/13ae4cec9003e7d1f15e729be3eda88f"},"breadcrumb":{"@id":"https:\/\/www.shalom.it\/europa\/la-grande-sinagoga-de-la-victoire-di-parigi-festeggia-oggi-i-suoi-150-anni-con-un-grande-concerto\/#breadcrumb"},"inLanguage":"it-IT","potentialAction":[{"@type":"ReadAction","target":["https:\/\/www.shalom.it\/europa\/la-grande-sinagoga-de-la-victoire-di-parigi-festeggia-oggi-i-suoi-150-anni-con-un-grande-concerto\/"]}]},{"@type":"ImageObject","inLanguage":"it-IT","@id":"https:\/\/www.shalom.it\/europa\/la-grande-sinagoga-de-la-victoire-di-parigi-festeggia-oggi-i-suoi-150-anni-con-un-grande-concerto\/#primaryimage","url":"https:\/\/www.shalom.it\/wp-content\/uploads\/2024\/09\/Victorie-1.jpg","contentUrl":"https:\/\/www.shalom.it\/wp-content\/uploads\/2024\/09\/Victorie-1.jpg","width":2048,"height":1617},{"@type":"BreadcrumbList","@id":"https:\/\/www.shalom.it\/europa\/la-grande-sinagoga-de-la-victoire-di-parigi-festeggia-oggi-i-suoi-150-anni-con-un-grande-concerto\/#breadcrumb","itemListElement":[{"@type":"ListItem","position":1,"name":"Home","item":"https:\/\/www.shalom.it\/"},{"@type":"ListItem","position":2,"name":"La Grande Sinagoga de la Victoire di Parigi festeggia oggi i suoi 150 anni con un grande concerto"}]},{"@type":"WebSite","@id":"https:\/\/www.shalom.it\/#website","url":"https:\/\/www.shalom.it\/","name":"Shalom","description":"Il Magazine della comunit\u00e0 ebraica di Roma","potentialAction":[{"@type":"SearchAction","target":{"@type":"EntryPoint","urlTemplate":"https:\/\/www.shalom.it\/?s={search_term_string}"},"query-input":{"@type":"PropertyValueSpecification","valueRequired":true,"valueName":"search_term_string"}}],"inLanguage":"it-IT"},{"@type":"Person","@id":"https:\/\/www.shalom.it\/#\/schema\/person\/13ae4cec9003e7d1f15e729be3eda88f","name":"Donato Moscati","url":"https:\/\/www.shalom.it\/author\/mdonato\/"}]}},"jetpack_featured_media_url":"https:\/\/www.shalom.it\/wp-content\/uploads\/2024\/09\/Victorie-1.jpg","jetpack_sharing_enabled":true,"_links":{"self":[{"href":"https:\/\/www.shalom.it\/wp-json\/wp\/v2\/posts\/89777","targetHints":{"allow":["GET"]}}],"collection":[{"href":"https:\/\/www.shalom.it\/wp-json\/wp\/v2\/posts"}],"about":[{"href":"https:\/\/www.shalom.it\/wp-json\/wp\/v2\/types\/post"}],"author":[{"embeddable":true,"href":"https:\/\/www.shalom.it\/wp-json\/wp\/v2\/users\/37"}],"replies":[{"embeddable":true,"href":"https:\/\/www.shalom.it\/wp-json\/wp\/v2\/comments?post=89777"}],"version-history":[{"count":1,"href":"https:\/\/www.shalom.it\/wp-json\/wp\/v2\/posts\/89777\/revisions"}],"predecessor-version":[{"id":89782,"href":"https:\/\/www.shalom.it\/wp-json\/wp\/v2\/posts\/89777\/revisions\/89782"}],"wp:featuredmedia":[{"embeddable":true,"href":"https:\/\/www.shalom.it\/wp-json\/wp\/v2\/media\/89778"}],"wp:attachment":[{"href":"https:\/\/www.shalom.it\/wp-json\/wp\/v2\/media?parent=89777"}],"wp:term":[{"taxonomy":"category","embeddable":true,"href":"https:\/\/www.shalom.it\/wp-json\/wp\/v2\/categories?post=89777"},{"taxonomy":"post_tag","embeddable":true,"href":"https:\/\/www.shalom.it\/wp-json\/wp\/v2\/tags?post=89777"}],"curies":[{"name":"wp","href":"https:\/\/api.w.org\/{rel}","templated":true}]}}