{"id":89769,"date":"2024-09-18T08:00:09","date_gmt":"2024-09-18T06:00:09","guid":{"rendered":"https:\/\/www.shalom.it\/?p=89769"},"modified":"2024-09-17T21:24:10","modified_gmt":"2024-09-17T19:24:10","slug":"il-viaggio-piu-lungo-una-mostra-sulla-deportazione-degli-ebrei-di-rodi-e-kos-a-roma","status":"publish","type":"post","link":"https:\/\/www.shalom.it\/roma-ebraica\/il-viaggio-piu-lungo-una-mostra-sulla-deportazione-degli-ebrei-di-rodi-e-kos-a-roma\/","title":{"rendered":"&#8220;Il viaggio pi\u00f9 lungo&#8221;: una mostra sulla deportazione degli ebrei di Rodi e Kos a Roma"},"content":{"rendered":"<p>Si inaugurer\u00e0 il 20 settembre presso la Casina dei Vallati a Roma la mostra &#8220;Il viaggio pi\u00f9 lungo. La deportazione ad Auschwitz degli ebrei di Rodi e Kos&#8221;, curata da Marcello Pezzetti, storico di fama internazionale e uno dei massimi esperti della Shoah. L\u2019esposizione, organizzata per commemorare l&#8217;ottantesimo anniversario della deportazione degli ebrei di Rodi, offre l&#8217;opportunit\u00e0 di esplorare uno degli episodi pi\u00f9 dolorosi e meno conosciuti della Shoah, con un approccio che sfida apertamente ogni forma di negazionismo.<br \/>\nLa mostra, realizzata grazie alla collaborazione del Centro di Documentazione Ebraica Contemporanea (CDEC) e sostenuta da numerosi enti istituzionali, si fonda su documenti inediti ritrovati presso il Bundesarchiv di Friburgo. &#8220;Abbiamo trovato una documentazione tedesca meticolosa &#8211; racconta Marcello Pezzetti &#8211; che permette di comprendere la portata esatta della deportazione degli ebrei di Rodi, trattati come merce&#8221;. I registri tedeschi elencavano in modo agghiacciante i carichi delle navi: animali, pezzi di ricambio, soldati, ebrei, tutti ridotti a numeri. Grazie a queste fonti, oggi si pu\u00f2 stimare che furono circa 1.750 gli ebrei da l\u00ec deportati, un dato che permette di misurare con esattezza la dimensione della tragedia.<\/p>\n<figure id=\"attachment_89771\" aria-describedby=\"caption-attachment-89771\" style=\"width: 800px\" class=\"wp-caption aligncenter\"><img loading=\"lazy\" decoding=\"async\" class=\"size-large wp-image-89771\" src=\"https:\/\/www.shalom.it\/wp-content\/uploads\/2024\/09\/image5-1024x749.jpeg\" alt=\"\" width=\"800\" height=\"585\" srcset=\"https:\/\/www.shalom.it\/wp-content\/uploads\/2024\/09\/image5-1024x749.jpeg 1024w, https:\/\/www.shalom.it\/wp-content\/uploads\/2024\/09\/image5-300x219.jpeg 300w, https:\/\/www.shalom.it\/wp-content\/uploads\/2024\/09\/image5-768x562.jpeg 768w, https:\/\/www.shalom.it\/wp-content\/uploads\/2024\/09\/image5-1536x1123.jpeg 1536w, https:\/\/www.shalom.it\/wp-content\/uploads\/2024\/09\/image5-2048x1498.jpeg 2048w\" sizes=\"auto, (max-width: 800px) 100vw, 800px\" \/><figcaption id=\"caption-attachment-89771\" class=\"wp-caption-text\">Rodi, 1936. Prima elementare della Regia scuola Maschile. Il piccolo Samuel Modiano \u00e8 il quarto da<br \/>sinistra della seconda fila dall\u2019alto. A causa delle Leggi razziali, Sami viene espulso. Potr\u00e0<br \/>frequentare solamente, la scuola appositamente istituita dalla comunit\u00e0 ebraica della citt\u00e0<br \/>nell\u2019edificio della Scuola Dell\u2019Alliance Isra\u00e9lite Universelle. Archivio Privato Samuel Modiano<\/figcaption><\/figure>\n<p>Uno degli aspetti pi\u00f9 toccanti dell\u2019esposizione \u00e8 la presentazione di tre video, ciascuno di oltre 40 minuti, che raccolgono testimonianze inedite di sopravvissuti ebrei di Rodi, registrate negli anni &#8217;90 per il progetto L&#8217;Archivio della Memoria. &#8220;Queste testimonianze ci restituiscono l&#8217;umanit\u00e0 e la mitezza delle persone che furono vittime di una violenza cos\u00ec brutale&#8221; afferma Marcello Pezzetti. Molti dei sopravvissuti intervistati sono italiani che vivevano all&#8217;estero, principalmente in Israele, Belgio e Stati Uniti, e i loro ricordi ci conducono in una realt\u00e0 ancora poco conosciuta.<br \/>\nTra i testimoni di spicco figura Sami Modiano, che parteciper\u00e0 all&#8217;inaugurazione. Il suo racconto offre uno sguardo diretto sulle atrocit\u00e0 subite durante il lungo e tormentato viaggio verso Auschwitz. \u00c8 impressionante pensare che questa deportazione avvenne quando ormai la guerra era persa per i nazisti, poich\u00e9, come osserva lo storico, &#8220;i campi di sterminio come Majdanek erano stati liberati e le prove dello sterminio erano evidenti. Eppure, con estrema brutalit\u00e0, i nazisti decisero comunque di procedere alla deportazione di questi ebrei, costringendoli a un viaggio interminabile e dolorosissimo&#8221;.<\/p>\n<figure id=\"attachment_89774\" aria-describedby=\"caption-attachment-89774\" style=\"width: 800px\" class=\"wp-caption aligncenter\"><img loading=\"lazy\" decoding=\"async\" class=\"wp-image-89774 size-large\" src=\"https:\/\/www.shalom.it\/wp-content\/uploads\/2024\/09\/image2-801x1024.jpeg\" alt=\"\" width=\"800\" height=\"1023\" srcset=\"https:\/\/www.shalom.it\/wp-content\/uploads\/2024\/09\/image2-801x1024.jpeg 801w, https:\/\/www.shalom.it\/wp-content\/uploads\/2024\/09\/image2-235x300.jpeg 235w, https:\/\/www.shalom.it\/wp-content\/uploads\/2024\/09\/image2-768x981.jpeg 768w, https:\/\/www.shalom.it\/wp-content\/uploads\/2024\/09\/image2-1202x1536.jpeg 1202w, https:\/\/www.shalom.it\/wp-content\/uploads\/2024\/09\/image2.jpeg 1548w\" sizes=\"auto, (max-width: 800px) 100vw, 800px\" \/><figcaption id=\"caption-attachment-89774\" class=\"wp-caption-text\">Sami e Selma Modiano. Fondazione Museo della Shoah. Fondo Sami Modiano<\/figcaption><\/figure>\n<p>Il percorso espositivo si snoda in tre grandi sale, dove fotografie d&#8217;epoca, documenti e una mappa interattiva illustrano nel dettaglio la storia dei deportati. Il viaggio inizi\u00f2 il 23 luglio 1944, quando furono stipati su una nave sovraffollata, costretti a restare nelle stive per giorni durante una tempesta. Cos\u00ec, dopo aver raggiunto il porto del Pireo, furono ammassati su treni per Auschwitz, in un viaggio ancora pi\u00f9 lungo e devastante. Tra le testimonianze pi\u00f9 sconvolgenti, emerge quella di Sami Modiano, che ricordava l&#8217;orrore di dover gettare in mare i corpi di coloro che non sopravvissero alla traversata: alcuni desideravano che i propri cari morissero prima, per risparmiar loro la sofferenza del viaggio.<br \/>\nLa mostra include anche un&#8217;area interattiva che permette di approfondire la storia degli ebrei di Rodi attraverso risorse digitali, e offre un toccante omaggio a quattro deportati \u2013 Joseph Varon, Rahamin Cohen, Rosa Hanan e Sami Modiano \u2013 che, dopo la liberazione, scelsero di vivere a Roma. Queste biografie ci raccontano come, nonostante tutto, molti ebrei italiani decisero di rimanere legati al proprio Paese. &#8220;Gli ebrei di Rodi si sentivano profondamente italiani &#8211; sottolinea Marcello Pezzetti &#8211; e per questo, dopo la guerra, molti di loro decisero di non tornare in Grecia, ma di stabilirsi in Italia o di cercare una nuova vita altrove&#8221;. Mario Venezia, presidente della Fondazione Museo della Shoah, ha sottolineato l&#8217;importanza della mostra: &#8221; \u2018Il viaggio pi\u00f9 lungo\u2019 non \u00e8 solo una commemorazione, ma uno spazio di riflessione collettiva sul valore della memoria, sulla sua fragilit\u00e0 e sull&#8217;importanza di preservarla. Conoscere la storia di ogni singola comunit\u00e0 colpita \u00e8 un modo per difendere l\u2019umanit\u00e0 da oblio e indifferenza&#8221;. La mostra sar\u00e0 aperta al pubblico dal 20 settembre 2024 al 7 gennaio 2025, offrendo un&#8217;opportunit\u00e0 unica per approfondire un capitolo della Shoah che, nonostante la sua tragicit\u00e0, \u00e8 rimasto per troppo tempo nell&#8217;ombra.<\/p>\n<figure id=\"attachment_89775\" aria-describedby=\"caption-attachment-89775\" style=\"width: 665px\" class=\"wp-caption aligncenter\"><img loading=\"lazy\" decoding=\"async\" class=\"size-large wp-image-89775\" src=\"https:\/\/www.shalom.it\/wp-content\/uploads\/2024\/09\/image4-665x1024.jpeg\" alt=\"\" width=\"665\" height=\"1024\" srcset=\"https:\/\/www.shalom.it\/wp-content\/uploads\/2024\/09\/image4-665x1024.jpeg 665w, https:\/\/www.shalom.it\/wp-content\/uploads\/2024\/09\/image4-195x300.jpeg 195w, https:\/\/www.shalom.it\/wp-content\/uploads\/2024\/09\/image4-768x1183.jpeg 768w, https:\/\/www.shalom.it\/wp-content\/uploads\/2024\/09\/image4.jpeg 831w\" sizes=\"auto, (max-width: 665px) 100vw, 665px\" \/><figcaption id=\"caption-attachment-89775\" class=\"wp-caption-text\">Rodi, fine anni \u201930. Rachele Capelluto ( 1935-1944) e le sorelle gemelle Giulia Gioia e Fortunata<br \/>(1938-1944), deportate ad Auschwitz insieme ai genitori, Salvatore e Norma Menasc\u00e8. Non ritorna nessuno. Fondazione CDEC, Archivio storico \u2013 Patrimonio fotografico, Fondo Esther Menasc\u00e9<\/figcaption><\/figure>\n<p><em>Foto copertina: Ostia, 1946. Raduno di giovani rodioti sopravvissuti ad Auschwitz. Da sinistra, Albertico Levi, Giacomino Hasson, Victor Hasson, Samuel Modiano, Eliezer Surnami, Peppo e Joseph Cordoval, Giuseppe Con\u00e8, Ner Alhadeff e Peppo Hasson. Fondazione Museo della Shoah. Fondo Sami Modiano<\/em><\/p>\n","protected":false},"excerpt":{"rendered":"<p>Si inaugurer\u00e0 il 20 settembre presso la Casina dei Vallati a Roma la mostra &#8220;Il viaggio pi\u00f9 lungo. La deportazione ad Auschwitz degli ebrei di Rodi e Kos&#8221;, curata da Marcello Pezzetti, storico di fama internazionale e uno dei massimi esperti della Shoah. L\u2019esposizione, organizzata per commemorare l&#8217;ottantesimo anniversario della deportazione degli ebrei di Rodi, [&hellip;]<\/p>\n","protected":false},"author":37,"featured_media":89770,"comment_status":"closed","ping_status":"closed","sticky":false,"template":"","format":"standard","meta":{"_acf_changed":false,"_jetpack_memberships_contains_paid_content":false,"footnotes":""},"categories":[2],"tags":[],"class_list":["post-89769","post","type-post","status-publish","format-standard","has-post-thumbnail","hentry","category-roma-ebraica"],"acf":[],"yoast_head":"<!-- This site is optimized with the Yoast SEO plugin v26.9 - https:\/\/yoast.com\/product\/yoast-seo-wordpress\/ -->\n<title>&quot;Il viaggio pi\u00f9 lungo&quot;: una mostra sulla deportazione degli ebrei di Rodi e Kos a Roma - Shalom<\/title>\n<meta name=\"robots\" content=\"index, follow, max-snippet:-1, max-image-preview:large, max-video-preview:-1\" \/>\n<link rel=\"canonical\" href=\"https:\/\/www.shalom.it\/roma-ebraica\/il-viaggio-piu-lungo-una-mostra-sulla-deportazione-degli-ebrei-di-rodi-e-kos-a-roma\/\" \/>\n<meta property=\"og:locale\" content=\"it_IT\" \/>\n<meta property=\"og:type\" content=\"article\" \/>\n<meta property=\"og:title\" content=\"&quot;Il viaggio pi\u00f9 lungo&quot;: una mostra sulla deportazione degli ebrei di Rodi e Kos a Roma - Shalom\" \/>\n<meta property=\"og:description\" content=\"Si inaugurer\u00e0 il 20 settembre presso la Casina dei Vallati a Roma la mostra &#8220;Il viaggio pi\u00f9 lungo. La deportazione ad Auschwitz degli ebrei di Rodi e Kos&#8221;, curata da Marcello Pezzetti, storico di fama internazionale e uno dei massimi esperti della Shoah. L\u2019esposizione, organizzata per commemorare l&#8217;ottantesimo anniversario della deportazione degli ebrei di Rodi, [&hellip;]\" \/>\n<meta property=\"og:url\" content=\"https:\/\/www.shalom.it\/roma-ebraica\/il-viaggio-piu-lungo-una-mostra-sulla-deportazione-degli-ebrei-di-rodi-e-kos-a-roma\/\" \/>\n<meta property=\"og:site_name\" content=\"Shalom\" \/>\n<meta property=\"article:published_time\" content=\"2024-09-18T06:00:09+00:00\" \/>\n<meta property=\"og:image\" content=\"https:\/\/www.shalom.it\/wp-content\/uploads\/2024\/09\/image0-1-1024x693.jpeg\" \/>\n\t<meta property=\"og:image:width\" content=\"1024\" \/>\n\t<meta property=\"og:image:height\" content=\"693\" \/>\n\t<meta property=\"og:image:type\" content=\"image\/jpeg\" \/>\n<meta name=\"author\" content=\"Donato Moscati\" \/>\n<meta name=\"twitter:card\" content=\"summary_large_image\" \/>\n<meta name=\"twitter:label1\" content=\"Scritto da\" \/>\n\t<meta name=\"twitter:data1\" content=\"Donato Moscati\" \/>\n\t<meta name=\"twitter:label2\" content=\"Tempo di lettura stimato\" \/>\n\t<meta name=\"twitter:data2\" content=\"6 minuti\" \/>\n<script type=\"application\/ld+json\" class=\"yoast-schema-graph\">{\"@context\":\"https:\/\/schema.org\",\"@graph\":[{\"@type\":\"Article\",\"@id\":\"https:\/\/www.shalom.it\/roma-ebraica\/il-viaggio-piu-lungo-una-mostra-sulla-deportazione-degli-ebrei-di-rodi-e-kos-a-roma\/#article\",\"isPartOf\":{\"@id\":\"https:\/\/www.shalom.it\/roma-ebraica\/il-viaggio-piu-lungo-una-mostra-sulla-deportazione-degli-ebrei-di-rodi-e-kos-a-roma\/\"},\"author\":{\"name\":\"Donato Moscati\",\"@id\":\"https:\/\/www.shalom.it\/#\/schema\/person\/13ae4cec9003e7d1f15e729be3eda88f\"},\"headline\":\"&#8220;Il viaggio pi\u00f9 lungo&#8221;: una mostra sulla deportazione degli ebrei di Rodi e Kos a Roma\",\"datePublished\":\"2024-09-18T06:00:09+00:00\",\"mainEntityOfPage\":{\"@id\":\"https:\/\/www.shalom.it\/roma-ebraica\/il-viaggio-piu-lungo-una-mostra-sulla-deportazione-degli-ebrei-di-rodi-e-kos-a-roma\/\"},\"wordCount\":842,\"image\":{\"@id\":\"https:\/\/www.shalom.it\/roma-ebraica\/il-viaggio-piu-lungo-una-mostra-sulla-deportazione-degli-ebrei-di-rodi-e-kos-a-roma\/#primaryimage\"},\"thumbnailUrl\":\"https:\/\/www.shalom.it\/wp-content\/uploads\/2024\/09\/image0-1-scaled.jpeg\",\"articleSection\":[\"ROMA EBRAICA\"],\"inLanguage\":\"it-IT\"},{\"@type\":\"WebPage\",\"@id\":\"https:\/\/www.shalom.it\/roma-ebraica\/il-viaggio-piu-lungo-una-mostra-sulla-deportazione-degli-ebrei-di-rodi-e-kos-a-roma\/\",\"url\":\"https:\/\/www.shalom.it\/roma-ebraica\/il-viaggio-piu-lungo-una-mostra-sulla-deportazione-degli-ebrei-di-rodi-e-kos-a-roma\/\",\"name\":\"\\\"Il viaggio pi\u00f9 lungo\\\": una mostra sulla deportazione degli ebrei di Rodi e Kos a Roma - Shalom\",\"isPartOf\":{\"@id\":\"https:\/\/www.shalom.it\/#website\"},\"primaryImageOfPage\":{\"@id\":\"https:\/\/www.shalom.it\/roma-ebraica\/il-viaggio-piu-lungo-una-mostra-sulla-deportazione-degli-ebrei-di-rodi-e-kos-a-roma\/#primaryimage\"},\"image\":{\"@id\":\"https:\/\/www.shalom.it\/roma-ebraica\/il-viaggio-piu-lungo-una-mostra-sulla-deportazione-degli-ebrei-di-rodi-e-kos-a-roma\/#primaryimage\"},\"thumbnailUrl\":\"https:\/\/www.shalom.it\/wp-content\/uploads\/2024\/09\/image0-1-scaled.jpeg\",\"datePublished\":\"2024-09-18T06:00:09+00:00\",\"author\":{\"@id\":\"https:\/\/www.shalom.it\/#\/schema\/person\/13ae4cec9003e7d1f15e729be3eda88f\"},\"breadcrumb\":{\"@id\":\"https:\/\/www.shalom.it\/roma-ebraica\/il-viaggio-piu-lungo-una-mostra-sulla-deportazione-degli-ebrei-di-rodi-e-kos-a-roma\/#breadcrumb\"},\"inLanguage\":\"it-IT\",\"potentialAction\":[{\"@type\":\"ReadAction\",\"target\":[\"https:\/\/www.shalom.it\/roma-ebraica\/il-viaggio-piu-lungo-una-mostra-sulla-deportazione-degli-ebrei-di-rodi-e-kos-a-roma\/\"]}]},{\"@type\":\"ImageObject\",\"inLanguage\":\"it-IT\",\"@id\":\"https:\/\/www.shalom.it\/roma-ebraica\/il-viaggio-piu-lungo-una-mostra-sulla-deportazione-degli-ebrei-di-rodi-e-kos-a-roma\/#primaryimage\",\"url\":\"https:\/\/www.shalom.it\/wp-content\/uploads\/2024\/09\/image0-1-scaled.jpeg\",\"contentUrl\":\"https:\/\/www.shalom.it\/wp-content\/uploads\/2024\/09\/image0-1-scaled.jpeg\",\"width\":2560,\"height\":1732},{\"@type\":\"BreadcrumbList\",\"@id\":\"https:\/\/www.shalom.it\/roma-ebraica\/il-viaggio-piu-lungo-una-mostra-sulla-deportazione-degli-ebrei-di-rodi-e-kos-a-roma\/#breadcrumb\",\"itemListElement\":[{\"@type\":\"ListItem\",\"position\":1,\"name\":\"Home\",\"item\":\"https:\/\/www.shalom.it\/\"},{\"@type\":\"ListItem\",\"position\":2,\"name\":\"&#8220;Il viaggio pi\u00f9 lungo&#8221;: una mostra sulla deportazione degli ebrei di Rodi e Kos a Roma\"}]},{\"@type\":\"WebSite\",\"@id\":\"https:\/\/www.shalom.it\/#website\",\"url\":\"https:\/\/www.shalom.it\/\",\"name\":\"Shalom\",\"description\":\"Il Magazine della comunit\u00e0 ebraica di Roma\",\"potentialAction\":[{\"@type\":\"SearchAction\",\"target\":{\"@type\":\"EntryPoint\",\"urlTemplate\":\"https:\/\/www.shalom.it\/?s={search_term_string}\"},\"query-input\":{\"@type\":\"PropertyValueSpecification\",\"valueRequired\":true,\"valueName\":\"search_term_string\"}}],\"inLanguage\":\"it-IT\"},{\"@type\":\"Person\",\"@id\":\"https:\/\/www.shalom.it\/#\/schema\/person\/13ae4cec9003e7d1f15e729be3eda88f\",\"name\":\"Donato Moscati\",\"url\":\"https:\/\/www.shalom.it\/author\/mdonato\/\"}]}<\/script>\n<!-- \/ Yoast SEO plugin. -->","yoast_head_json":{"title":"\"Il viaggio pi\u00f9 lungo\": una mostra sulla deportazione degli ebrei di Rodi e Kos a Roma - Shalom","robots":{"index":"index","follow":"follow","max-snippet":"max-snippet:-1","max-image-preview":"max-image-preview:large","max-video-preview":"max-video-preview:-1"},"canonical":"https:\/\/www.shalom.it\/roma-ebraica\/il-viaggio-piu-lungo-una-mostra-sulla-deportazione-degli-ebrei-di-rodi-e-kos-a-roma\/","og_locale":"it_IT","og_type":"article","og_title":"\"Il viaggio pi\u00f9 lungo\": una mostra sulla deportazione degli ebrei di Rodi e Kos a Roma - Shalom","og_description":"Si inaugurer\u00e0 il 20 settembre presso la Casina dei Vallati a Roma la mostra &#8220;Il viaggio pi\u00f9 lungo. La deportazione ad Auschwitz degli ebrei di Rodi e Kos&#8221;, curata da Marcello Pezzetti, storico di fama internazionale e uno dei massimi esperti della Shoah. L\u2019esposizione, organizzata per commemorare l&#8217;ottantesimo anniversario della deportazione degli ebrei di Rodi, [&hellip;]","og_url":"https:\/\/www.shalom.it\/roma-ebraica\/il-viaggio-piu-lungo-una-mostra-sulla-deportazione-degli-ebrei-di-rodi-e-kos-a-roma\/","og_site_name":"Shalom","article_published_time":"2024-09-18T06:00:09+00:00","og_image":[{"width":1024,"height":693,"url":"https:\/\/www.shalom.it\/wp-content\/uploads\/2024\/09\/image0-1-1024x693.jpeg","type":"image\/jpeg"}],"author":"Donato Moscati","twitter_card":"summary_large_image","twitter_misc":{"Scritto da":"Donato Moscati","Tempo di lettura stimato":"6 minuti"},"schema":{"@context":"https:\/\/schema.org","@graph":[{"@type":"Article","@id":"https:\/\/www.shalom.it\/roma-ebraica\/il-viaggio-piu-lungo-una-mostra-sulla-deportazione-degli-ebrei-di-rodi-e-kos-a-roma\/#article","isPartOf":{"@id":"https:\/\/www.shalom.it\/roma-ebraica\/il-viaggio-piu-lungo-una-mostra-sulla-deportazione-degli-ebrei-di-rodi-e-kos-a-roma\/"},"author":{"name":"Donato Moscati","@id":"https:\/\/www.shalom.it\/#\/schema\/person\/13ae4cec9003e7d1f15e729be3eda88f"},"headline":"&#8220;Il viaggio pi\u00f9 lungo&#8221;: una mostra sulla deportazione degli ebrei di Rodi e Kos a Roma","datePublished":"2024-09-18T06:00:09+00:00","mainEntityOfPage":{"@id":"https:\/\/www.shalom.it\/roma-ebraica\/il-viaggio-piu-lungo-una-mostra-sulla-deportazione-degli-ebrei-di-rodi-e-kos-a-roma\/"},"wordCount":842,"image":{"@id":"https:\/\/www.shalom.it\/roma-ebraica\/il-viaggio-piu-lungo-una-mostra-sulla-deportazione-degli-ebrei-di-rodi-e-kos-a-roma\/#primaryimage"},"thumbnailUrl":"https:\/\/www.shalom.it\/wp-content\/uploads\/2024\/09\/image0-1-scaled.jpeg","articleSection":["ROMA EBRAICA"],"inLanguage":"it-IT"},{"@type":"WebPage","@id":"https:\/\/www.shalom.it\/roma-ebraica\/il-viaggio-piu-lungo-una-mostra-sulla-deportazione-degli-ebrei-di-rodi-e-kos-a-roma\/","url":"https:\/\/www.shalom.it\/roma-ebraica\/il-viaggio-piu-lungo-una-mostra-sulla-deportazione-degli-ebrei-di-rodi-e-kos-a-roma\/","name":"\"Il viaggio pi\u00f9 lungo\": una mostra sulla deportazione degli ebrei di Rodi e Kos a Roma - Shalom","isPartOf":{"@id":"https:\/\/www.shalom.it\/#website"},"primaryImageOfPage":{"@id":"https:\/\/www.shalom.it\/roma-ebraica\/il-viaggio-piu-lungo-una-mostra-sulla-deportazione-degli-ebrei-di-rodi-e-kos-a-roma\/#primaryimage"},"image":{"@id":"https:\/\/www.shalom.it\/roma-ebraica\/il-viaggio-piu-lungo-una-mostra-sulla-deportazione-degli-ebrei-di-rodi-e-kos-a-roma\/#primaryimage"},"thumbnailUrl":"https:\/\/www.shalom.it\/wp-content\/uploads\/2024\/09\/image0-1-scaled.jpeg","datePublished":"2024-09-18T06:00:09+00:00","author":{"@id":"https:\/\/www.shalom.it\/#\/schema\/person\/13ae4cec9003e7d1f15e729be3eda88f"},"breadcrumb":{"@id":"https:\/\/www.shalom.it\/roma-ebraica\/il-viaggio-piu-lungo-una-mostra-sulla-deportazione-degli-ebrei-di-rodi-e-kos-a-roma\/#breadcrumb"},"inLanguage":"it-IT","potentialAction":[{"@type":"ReadAction","target":["https:\/\/www.shalom.it\/roma-ebraica\/il-viaggio-piu-lungo-una-mostra-sulla-deportazione-degli-ebrei-di-rodi-e-kos-a-roma\/"]}]},{"@type":"ImageObject","inLanguage":"it-IT","@id":"https:\/\/www.shalom.it\/roma-ebraica\/il-viaggio-piu-lungo-una-mostra-sulla-deportazione-degli-ebrei-di-rodi-e-kos-a-roma\/#primaryimage","url":"https:\/\/www.shalom.it\/wp-content\/uploads\/2024\/09\/image0-1-scaled.jpeg","contentUrl":"https:\/\/www.shalom.it\/wp-content\/uploads\/2024\/09\/image0-1-scaled.jpeg","width":2560,"height":1732},{"@type":"BreadcrumbList","@id":"https:\/\/www.shalom.it\/roma-ebraica\/il-viaggio-piu-lungo-una-mostra-sulla-deportazione-degli-ebrei-di-rodi-e-kos-a-roma\/#breadcrumb","itemListElement":[{"@type":"ListItem","position":1,"name":"Home","item":"https:\/\/www.shalom.it\/"},{"@type":"ListItem","position":2,"name":"&#8220;Il viaggio pi\u00f9 lungo&#8221;: una mostra sulla deportazione degli ebrei di Rodi e Kos a Roma"}]},{"@type":"WebSite","@id":"https:\/\/www.shalom.it\/#website","url":"https:\/\/www.shalom.it\/","name":"Shalom","description":"Il Magazine della comunit\u00e0 ebraica di Roma","potentialAction":[{"@type":"SearchAction","target":{"@type":"EntryPoint","urlTemplate":"https:\/\/www.shalom.it\/?s={search_term_string}"},"query-input":{"@type":"PropertyValueSpecification","valueRequired":true,"valueName":"search_term_string"}}],"inLanguage":"it-IT"},{"@type":"Person","@id":"https:\/\/www.shalom.it\/#\/schema\/person\/13ae4cec9003e7d1f15e729be3eda88f","name":"Donato Moscati","url":"https:\/\/www.shalom.it\/author\/mdonato\/"}]}},"jetpack_featured_media_url":"https:\/\/www.shalom.it\/wp-content\/uploads\/2024\/09\/image0-1-scaled.jpeg","jetpack_sharing_enabled":true,"_links":{"self":[{"href":"https:\/\/www.shalom.it\/wp-json\/wp\/v2\/posts\/89769","targetHints":{"allow":["GET"]}}],"collection":[{"href":"https:\/\/www.shalom.it\/wp-json\/wp\/v2\/posts"}],"about":[{"href":"https:\/\/www.shalom.it\/wp-json\/wp\/v2\/types\/post"}],"author":[{"embeddable":true,"href":"https:\/\/www.shalom.it\/wp-json\/wp\/v2\/users\/37"}],"replies":[{"embeddable":true,"href":"https:\/\/www.shalom.it\/wp-json\/wp\/v2\/comments?post=89769"}],"version-history":[{"count":1,"href":"https:\/\/www.shalom.it\/wp-json\/wp\/v2\/posts\/89769\/revisions"}],"predecessor-version":[{"id":89776,"href":"https:\/\/www.shalom.it\/wp-json\/wp\/v2\/posts\/89769\/revisions\/89776"}],"wp:featuredmedia":[{"embeddable":true,"href":"https:\/\/www.shalom.it\/wp-json\/wp\/v2\/media\/89770"}],"wp:attachment":[{"href":"https:\/\/www.shalom.it\/wp-json\/wp\/v2\/media?parent=89769"}],"wp:term":[{"taxonomy":"category","embeddable":true,"href":"https:\/\/www.shalom.it\/wp-json\/wp\/v2\/categories?post=89769"},{"taxonomy":"post_tag","embeddable":true,"href":"https:\/\/www.shalom.it\/wp-json\/wp\/v2\/tags?post=89769"}],"curies":[{"name":"wp","href":"https:\/\/api.w.org\/{rel}","templated":true}]}}