{"id":89614,"date":"2024-09-13T09:00:58","date_gmt":"2024-09-13T07:00:58","guid":{"rendered":"https:\/\/www.shalom.it\/?p=89614"},"modified":"2024-09-12T22:46:30","modified_gmt":"2024-09-12T20:46:30","slug":"la-famiglia-del-monte-nei-secoli","status":"publish","type":"post","link":"https:\/\/www.shalom.it\/roma-ebraica\/la-famiglia-del-monte-nei-secoli\/","title":{"rendered":"La famiglia Del Monte nei secoli"},"content":{"rendered":"<p>In occasione della Giornata Europea della Cultura Ebraica, il Museo Ebraico di Roma inaugura la mostra &#8220;La famiglia Del Monte nei secoli. Arte, storia e memoria&#8221; visitabile dal 15 settembre al 10 novembre 2024, a cura di Olga Melasecchi e Lia Toaff. L\u2019esposizione ricostruisce il patrimonio artistico, storico e sociale di questa importante famiglia ebraica, ispirata anche dal tema scelto quest&#8217;anno per la Giornata, la famiglia appunto, valore fondante della nostra societ\u00e0 e dell&#8217;ebraismo.<br \/>\nNon \u00e8 semplice stabilire con certezza la data in cui i Del Monte comparvero nella comunit\u00e0 ebraica romana; \u00e8 sicuro che vi siano almeno dalla prima met\u00e0 del Seicento, con grande partecipazione alla vita ebraica. Uno dei personaggi per\u00f2 pi\u00f9 noti \u00e8 stato il poeta dialettale Crescenzo Del Monte, nato il 2 maggio 1868 e cresciuto a Roma, tra i vicoli del quartiere ebraico. I suoi studi preferiti erano quelli storici, letterari, filologici e glottologici, che stimolarono la sua multiforme attivit\u00e0 poetica e prosastica, caratterizzata dall\u2019uso del dialetto giudaico-romanesco, allo studio del quale contribu\u00ec con i suoi sonetti satirici.<br \/>\nCrescenzo Del Monte fu sempre un grande conoscitore della cultura classica, oltre che frequentatore di biblioteche e musei, con interesse specifico per la storia greco-romana, medievale e del Rinascimento. Quanto alle arti figurative, prediligeva il disegno e l\u2019architettura, pur avendo competenza e passione per la pittura. In breve, fu un personaggio di enorme cultura e divenne il simbolo di un ebraismo romano colto e radicato sul territorio.<br \/>\nOggi, grazie a questa esposizione, le curatrici riportano alla luce, attraverso oggetti liturgici e documenti, la storia di questa famiglia straordinaria, capace di donare e diffondere cultura anche nei periodi peggiori della storia degli ebrei di Roma.<\/p>\n<p><em>Credit foto: Museo Ebraico di Roma<\/em><\/p>\n","protected":false},"excerpt":{"rendered":"<p>La mostra al Museo Ebraico di Roma<\/p>\n","protected":false},"author":89,"featured_media":89615,"comment_status":"closed","ping_status":"closed","sticky":false,"template":"","format":"standard","meta":{"_acf_changed":false,"_jetpack_memberships_contains_paid_content":false,"footnotes":""},"categories":[2],"tags":[],"class_list":["post-89614","post","type-post","status-publish","format-standard","has-post-thumbnail","hentry","category-roma-ebraica"],"acf":[],"yoast_head":"<!-- This site is optimized with the Yoast SEO plugin v26.9 - https:\/\/yoast.com\/product\/yoast-seo-wordpress\/ -->\n<title>La famiglia Del Monte nei secoli - Shalom<\/title>\n<meta name=\"robots\" content=\"index, follow, max-snippet:-1, max-image-preview:large, max-video-preview:-1\" \/>\n<link rel=\"canonical\" href=\"https:\/\/www.shalom.it\/roma-ebraica\/la-famiglia-del-monte-nei-secoli\/\" \/>\n<meta property=\"og:locale\" content=\"it_IT\" \/>\n<meta property=\"og:type\" content=\"article\" \/>\n<meta property=\"og:title\" content=\"La famiglia Del Monte nei secoli - Shalom\" \/>\n<meta property=\"og:description\" content=\"La mostra al Museo Ebraico di Roma\" \/>\n<meta property=\"og:url\" content=\"https:\/\/www.shalom.it\/roma-ebraica\/la-famiglia-del-monte-nei-secoli\/\" \/>\n<meta property=\"og:site_name\" content=\"Shalom\" \/>\n<meta property=\"article:published_time\" content=\"2024-09-13T07:00:58+00:00\" \/>\n<meta property=\"og:image\" content=\"https:\/\/www.shalom.it\/wp-content\/uploads\/2024\/09\/del-monte-2.jpg\" \/>\n\t<meta property=\"og:image:width\" content=\"1920\" \/>\n\t<meta property=\"og:image:height\" content=\"1080\" \/>\n\t<meta property=\"og:image:type\" content=\"image\/jpeg\" \/>\n<meta name=\"author\" content=\"Michelle Zarfati\" \/>\n<meta name=\"twitter:card\" content=\"summary_large_image\" \/>\n<meta name=\"twitter:label1\" content=\"Scritto da\" \/>\n\t<meta name=\"twitter:data1\" content=\"Michelle Zarfati\" \/>\n\t<meta name=\"twitter:label2\" content=\"Tempo di lettura stimato\" \/>\n\t<meta name=\"twitter:data2\" content=\"2 minuti\" \/>\n<script type=\"application\/ld+json\" class=\"yoast-schema-graph\">{\"@context\":\"https:\/\/schema.org\",\"@graph\":[{\"@type\":\"Article\",\"@id\":\"https:\/\/www.shalom.it\/roma-ebraica\/la-famiglia-del-monte-nei-secoli\/#article\",\"isPartOf\":{\"@id\":\"https:\/\/www.shalom.it\/roma-ebraica\/la-famiglia-del-monte-nei-secoli\/\"},\"author\":{\"name\":\"Michelle Zarfati\",\"@id\":\"https:\/\/www.shalom.it\/#\/schema\/person\/d9f18de0c8e16f0e7113889b42fd88c0\"},\"headline\":\"La famiglia Del Monte nei secoli\",\"datePublished\":\"2024-09-13T07:00:58+00:00\",\"mainEntityOfPage\":{\"@id\":\"https:\/\/www.shalom.it\/roma-ebraica\/la-famiglia-del-monte-nei-secoli\/\"},\"wordCount\":286,\"image\":{\"@id\":\"https:\/\/www.shalom.it\/roma-ebraica\/la-famiglia-del-monte-nei-secoli\/#primaryimage\"},\"thumbnailUrl\":\"https:\/\/www.shalom.it\/wp-content\/uploads\/2024\/09\/del-monte-2.jpg\",\"articleSection\":[\"ROMA EBRAICA\"],\"inLanguage\":\"it-IT\"},{\"@type\":\"WebPage\",\"@id\":\"https:\/\/www.shalom.it\/roma-ebraica\/la-famiglia-del-monte-nei-secoli\/\",\"url\":\"https:\/\/www.shalom.it\/roma-ebraica\/la-famiglia-del-monte-nei-secoli\/\",\"name\":\"La famiglia Del Monte nei secoli - Shalom\",\"isPartOf\":{\"@id\":\"https:\/\/www.shalom.it\/#website\"},\"primaryImageOfPage\":{\"@id\":\"https:\/\/www.shalom.it\/roma-ebraica\/la-famiglia-del-monte-nei-secoli\/#primaryimage\"},\"image\":{\"@id\":\"https:\/\/www.shalom.it\/roma-ebraica\/la-famiglia-del-monte-nei-secoli\/#primaryimage\"},\"thumbnailUrl\":\"https:\/\/www.shalom.it\/wp-content\/uploads\/2024\/09\/del-monte-2.jpg\",\"datePublished\":\"2024-09-13T07:00:58+00:00\",\"author\":{\"@id\":\"https:\/\/www.shalom.it\/#\/schema\/person\/d9f18de0c8e16f0e7113889b42fd88c0\"},\"breadcrumb\":{\"@id\":\"https:\/\/www.shalom.it\/roma-ebraica\/la-famiglia-del-monte-nei-secoli\/#breadcrumb\"},\"inLanguage\":\"it-IT\",\"potentialAction\":[{\"@type\":\"ReadAction\",\"target\":[\"https:\/\/www.shalom.it\/roma-ebraica\/la-famiglia-del-monte-nei-secoli\/\"]}]},{\"@type\":\"ImageObject\",\"inLanguage\":\"it-IT\",\"@id\":\"https:\/\/www.shalom.it\/roma-ebraica\/la-famiglia-del-monte-nei-secoli\/#primaryimage\",\"url\":\"https:\/\/www.shalom.it\/wp-content\/uploads\/2024\/09\/del-monte-2.jpg\",\"contentUrl\":\"https:\/\/www.shalom.it\/wp-content\/uploads\/2024\/09\/del-monte-2.jpg\",\"width\":1920,\"height\":1080},{\"@type\":\"BreadcrumbList\",\"@id\":\"https:\/\/www.shalom.it\/roma-ebraica\/la-famiglia-del-monte-nei-secoli\/#breadcrumb\",\"itemListElement\":[{\"@type\":\"ListItem\",\"position\":1,\"name\":\"Home\",\"item\":\"https:\/\/www.shalom.it\/\"},{\"@type\":\"ListItem\",\"position\":2,\"name\":\"La famiglia Del Monte nei secoli\"}]},{\"@type\":\"WebSite\",\"@id\":\"https:\/\/www.shalom.it\/#website\",\"url\":\"https:\/\/www.shalom.it\/\",\"name\":\"Shalom\",\"description\":\"Il Magazine della comunit\u00e0 ebraica di Roma\",\"potentialAction\":[{\"@type\":\"SearchAction\",\"target\":{\"@type\":\"EntryPoint\",\"urlTemplate\":\"https:\/\/www.shalom.it\/?s={search_term_string}\"},\"query-input\":{\"@type\":\"PropertyValueSpecification\",\"valueRequired\":true,\"valueName\":\"search_term_string\"}}],\"inLanguage\":\"it-IT\"},{\"@type\":\"Person\",\"@id\":\"https:\/\/www.shalom.it\/#\/schema\/person\/d9f18de0c8e16f0e7113889b42fd88c0\",\"name\":\"Michelle Zarfati\",\"url\":\"https:\/\/www.shalom.it\/author\/michellezarfati\/\"}]}<\/script>\n<!-- \/ Yoast SEO plugin. -->","yoast_head_json":{"title":"La famiglia Del Monte nei secoli - Shalom","robots":{"index":"index","follow":"follow","max-snippet":"max-snippet:-1","max-image-preview":"max-image-preview:large","max-video-preview":"max-video-preview:-1"},"canonical":"https:\/\/www.shalom.it\/roma-ebraica\/la-famiglia-del-monte-nei-secoli\/","og_locale":"it_IT","og_type":"article","og_title":"La famiglia Del Monte nei secoli - Shalom","og_description":"La mostra al Museo Ebraico di Roma","og_url":"https:\/\/www.shalom.it\/roma-ebraica\/la-famiglia-del-monte-nei-secoli\/","og_site_name":"Shalom","article_published_time":"2024-09-13T07:00:58+00:00","og_image":[{"width":1920,"height":1080,"url":"https:\/\/www.shalom.it\/wp-content\/uploads\/2024\/09\/del-monte-2.jpg","type":"image\/jpeg"}],"author":"Michelle Zarfati","twitter_card":"summary_large_image","twitter_misc":{"Scritto da":"Michelle Zarfati","Tempo di lettura stimato":"2 minuti"},"schema":{"@context":"https:\/\/schema.org","@graph":[{"@type":"Article","@id":"https:\/\/www.shalom.it\/roma-ebraica\/la-famiglia-del-monte-nei-secoli\/#article","isPartOf":{"@id":"https:\/\/www.shalom.it\/roma-ebraica\/la-famiglia-del-monte-nei-secoli\/"},"author":{"name":"Michelle Zarfati","@id":"https:\/\/www.shalom.it\/#\/schema\/person\/d9f18de0c8e16f0e7113889b42fd88c0"},"headline":"La famiglia Del Monte nei secoli","datePublished":"2024-09-13T07:00:58+00:00","mainEntityOfPage":{"@id":"https:\/\/www.shalom.it\/roma-ebraica\/la-famiglia-del-monte-nei-secoli\/"},"wordCount":286,"image":{"@id":"https:\/\/www.shalom.it\/roma-ebraica\/la-famiglia-del-monte-nei-secoli\/#primaryimage"},"thumbnailUrl":"https:\/\/www.shalom.it\/wp-content\/uploads\/2024\/09\/del-monte-2.jpg","articleSection":["ROMA EBRAICA"],"inLanguage":"it-IT"},{"@type":"WebPage","@id":"https:\/\/www.shalom.it\/roma-ebraica\/la-famiglia-del-monte-nei-secoli\/","url":"https:\/\/www.shalom.it\/roma-ebraica\/la-famiglia-del-monte-nei-secoli\/","name":"La famiglia Del Monte nei secoli - Shalom","isPartOf":{"@id":"https:\/\/www.shalom.it\/#website"},"primaryImageOfPage":{"@id":"https:\/\/www.shalom.it\/roma-ebraica\/la-famiglia-del-monte-nei-secoli\/#primaryimage"},"image":{"@id":"https:\/\/www.shalom.it\/roma-ebraica\/la-famiglia-del-monte-nei-secoli\/#primaryimage"},"thumbnailUrl":"https:\/\/www.shalom.it\/wp-content\/uploads\/2024\/09\/del-monte-2.jpg","datePublished":"2024-09-13T07:00:58+00:00","author":{"@id":"https:\/\/www.shalom.it\/#\/schema\/person\/d9f18de0c8e16f0e7113889b42fd88c0"},"breadcrumb":{"@id":"https:\/\/www.shalom.it\/roma-ebraica\/la-famiglia-del-monte-nei-secoli\/#breadcrumb"},"inLanguage":"it-IT","potentialAction":[{"@type":"ReadAction","target":["https:\/\/www.shalom.it\/roma-ebraica\/la-famiglia-del-monte-nei-secoli\/"]}]},{"@type":"ImageObject","inLanguage":"it-IT","@id":"https:\/\/www.shalom.it\/roma-ebraica\/la-famiglia-del-monte-nei-secoli\/#primaryimage","url":"https:\/\/www.shalom.it\/wp-content\/uploads\/2024\/09\/del-monte-2.jpg","contentUrl":"https:\/\/www.shalom.it\/wp-content\/uploads\/2024\/09\/del-monte-2.jpg","width":1920,"height":1080},{"@type":"BreadcrumbList","@id":"https:\/\/www.shalom.it\/roma-ebraica\/la-famiglia-del-monte-nei-secoli\/#breadcrumb","itemListElement":[{"@type":"ListItem","position":1,"name":"Home","item":"https:\/\/www.shalom.it\/"},{"@type":"ListItem","position":2,"name":"La famiglia Del Monte nei secoli"}]},{"@type":"WebSite","@id":"https:\/\/www.shalom.it\/#website","url":"https:\/\/www.shalom.it\/","name":"Shalom","description":"Il Magazine della comunit\u00e0 ebraica di Roma","potentialAction":[{"@type":"SearchAction","target":{"@type":"EntryPoint","urlTemplate":"https:\/\/www.shalom.it\/?s={search_term_string}"},"query-input":{"@type":"PropertyValueSpecification","valueRequired":true,"valueName":"search_term_string"}}],"inLanguage":"it-IT"},{"@type":"Person","@id":"https:\/\/www.shalom.it\/#\/schema\/person\/d9f18de0c8e16f0e7113889b42fd88c0","name":"Michelle Zarfati","url":"https:\/\/www.shalom.it\/author\/michellezarfati\/"}]}},"jetpack_featured_media_url":"https:\/\/www.shalom.it\/wp-content\/uploads\/2024\/09\/del-monte-2.jpg","jetpack_sharing_enabled":true,"_links":{"self":[{"href":"https:\/\/www.shalom.it\/wp-json\/wp\/v2\/posts\/89614","targetHints":{"allow":["GET"]}}],"collection":[{"href":"https:\/\/www.shalom.it\/wp-json\/wp\/v2\/posts"}],"about":[{"href":"https:\/\/www.shalom.it\/wp-json\/wp\/v2\/types\/post"}],"author":[{"embeddable":true,"href":"https:\/\/www.shalom.it\/wp-json\/wp\/v2\/users\/89"}],"replies":[{"embeddable":true,"href":"https:\/\/www.shalom.it\/wp-json\/wp\/v2\/comments?post=89614"}],"version-history":[{"count":1,"href":"https:\/\/www.shalom.it\/wp-json\/wp\/v2\/posts\/89614\/revisions"}],"predecessor-version":[{"id":89616,"href":"https:\/\/www.shalom.it\/wp-json\/wp\/v2\/posts\/89614\/revisions\/89616"}],"wp:featuredmedia":[{"embeddable":true,"href":"https:\/\/www.shalom.it\/wp-json\/wp\/v2\/media\/89615"}],"wp:attachment":[{"href":"https:\/\/www.shalom.it\/wp-json\/wp\/v2\/media?parent=89614"}],"wp:term":[{"taxonomy":"category","embeddable":true,"href":"https:\/\/www.shalom.it\/wp-json\/wp\/v2\/categories?post=89614"},{"taxonomy":"post_tag","embeddable":true,"href":"https:\/\/www.shalom.it\/wp-json\/wp\/v2\/tags?post=89614"}],"curies":[{"name":"wp","href":"https:\/\/api.w.org\/{rel}","templated":true}]}}