{"id":88803,"date":"2024-08-19T09:08:25","date_gmt":"2024-08-19T07:08:25","guid":{"rendered":"https:\/\/www.shalom.it\/?p=88803"},"modified":"2024-08-19T09:08:25","modified_gmt":"2024-08-19T07:08:25","slug":"la-vendetta-che-non-ce-stata-e-le-trattative","status":"publish","type":"post","link":"https:\/\/www.shalom.it\/israele\/la-vendetta-che-non-ce-stata-e-le-trattative\/","title":{"rendered":"La vendetta che non c\u2019\u00e8 stata e le trattative"},"content":{"rendered":"<p><strong>Le rappresaglie annunciate \u2013 e non realizzate<\/strong><br \/>\nSono passate quasi tre settimane dall\u2019eliminazione a Beirut del numero due di Hezbollah, Fouad Sukar, e di quella a Teheran di Ismail Haniyeh, capo dell\u2019ufficio politico di Hamas; quasi un mese dall\u2019attacco dell&#8217;aeronautica militare israeliana contro il porto di Hodeida nello Yemen. \u00c8 stata una serie di colpi durissimi ai satelliti dell\u2019Iran, per cui ciascuno di loro ha promesso vendetta. Lo hanno fatto anche gli ayatollah, con dichiarazioni infuocate del leader supremo dell\u2019Iran Ali Khamenei. Si \u00e8 a lungo discusso sulla forma che avrebbe avuto la rappresaglia di questo \u201casse del male\u201d; si sono sprecate dichiarazioni pro e contro: c\u2019\u00e8 stata un grande stato d\u2019allarme da parte di Israele; gli Usa hanno spedito in Medio Oriente un terzo della loro flotta; vi sono state missioni diplomatiche per indurre a miti consigli gli ayatollah, respinte con sdegno da loro. Ma almeno fino al momento in cui questo articolo viene scritto (domenica sera), niente \u00e8 successo se non il consueto scambio di colpi fra Israele, che mira a eliminare capi militari e risorse strategiche di Hezbollah e i terroristi libanesi, che puntano invece piuttosto su case e automobili civili. Il lento e minuzioso lavoro di smantellamento delle risorse militari di Hamas \u00e8 proseguito, contrastato da agguati e da pochi lanci di missili ormai incapaci di raggiungere bersagli significativi.<\/p>\n<p><strong>Perch\u00e9 non \u00e8 accaduto<\/strong><br \/>\nInsomma non c\u2019\u00e8 stata la catastrofe prevista. Hezbollah ha detto che per reagire aspettava la conclusione delle trattative sul cessate il fuoco promosse dagli Usa, l\u2019Iran ha sostenuto che si sarebbe vendicato al momento pi\u00f9 opportuno, gli Houti hanno ripetute le solite minacce apocalittiche. \u00c8 un\u2019inazione che costa all\u2019asse del male una notevole perdita di faccia. Perch\u00e9 non \u00e8 successo niente? Non certo perch\u00e9 Iran e soprattutto (per via della vicinanza geografica) Hezbollah manchino dei proiettili con cui potrebbero bombardare Israele facendo probabilmente gravi danni. E neppure per la presenza americana che non ha dissuaso gli ayatollah a cercare di farlo ad aprile. Quel che \u00e8 successo \u00e8 probabilmente che alcuni colpi, come la reazione israeliana di aprile molto moderata ma abbastanza penetrante da mostrare la capacit\u00e0 di colpire in profondit\u00e0 e poi il bombardamento stesso di Hodeida, non pi\u00f9 vicino dei siti atomici dell\u2019Iran, hanno convinto gli ayatollah che non era nel loro interesse scatenare un conflitto aperto, che avrebbe s\u00ec potuto far molto male a Israele, ma avrebbe forzato la posizione americana in favore dello Stato ebraico e avrebbe comportato la distruzione del programma nucleare di Teheran e lo smantellamento di Hezbollah. Un classico caso di deterrenza. \u00c8 possibile che questa guerra inizi davvero, perch\u00e9 l\u2019Iran si potrebbe decidere a volerla (ma allora non sarebbe pi\u00f9 vista dal mondo come una reazione, bens\u00ec un\u2019iniziativa nuova e una pericolosa escalation) o perch\u00e9 Israele di fronte a una minaccia incombente potrebbe ritenere necessario un attacco preventivo come accadde nella Guerra dei Sei Giorni. Ma per il momento la guerra segue altre strade pi\u00f9 tortuose e indirette.<\/p>\n<p><strong>Il negoziato<\/strong><br \/>\nUna di queste \u00e8 la trattativa per il cessate il fuoco, voluta con tutte le forze dall\u2019amministrazione Biden. Bisogna dire che a Israele questo negoziato non conviene. Da quel che si capisce gli Usa e i due \u201cmediatori\u201d (che non sono affatto a met\u00e0 fra le parti, dato che il Qatar \u00e8 il pi\u00f9 diretto protettore di Hamas e l\u2019Egitto ha assunto una posizione pi\u00f9 chiaramente antisraeliana via via che emergevano i tunnel di Rafah e la sua complicit\u00e0 con Hamas) vorrebbero che Israele cedesse in cambio di una piccola parte degli ostaggi (una trentina \u201cvivi o morti\u201d, secondo Hamas) non solo una quantit\u00e0 di condannati esperti e pericolosi che darebbero nuova linfa al terrorismo, come hanno fatto quelli scambiati per Gilad Shalit, fra cui lo stesso Sinwar; ma anche concessioni sul terreno tali da rischiare di rendere inutili i terribili sacrifici compiuti da Israele per difendesi da Hamas.<\/p>\n<p><strong>Quel che vuole Hamas<\/strong><br \/>\nRiprendendo una sintesi di fonte israeliana, ci sono tre ostacoli principali sul cammino per raggiungere un accordo sugli ostaggi. Hamas vuole sopravvivere e riarmarsi per mantenere il controllo della Striscia di Gaza. Per questo ha bisogno in primo luogo che Israele si ritiri dal \u201ctubo dell&#8217;ossigeno\u201d del corridoio Philadelfi (il confine fra Gaza e l\u2019Egitto), in modo che pi\u00f9 razzi, armi ed esplosivi fluiscano dall&#8217;Egitto. Hamas vuole poi anche consentire a tutti, compresi i terroristi armati, di tornare nel nord di Gaza in modo da ristabilirvi il suo dominio: una possibilit\u00e0 che Israele ha cercato di evitare in tutti i modi, in particolare istituendo a met\u00e0 della striscia un filtro sorvegliato dalle truppe, il corridoio Netzarim. Infine, Hamas vuole un impegno scritto con garanzie internazionali che, qualunque cosa succeda, Israele non riprender\u00e0 alcuna azione militare contro di loro a Gaza. In sostanza, Hamas vuole poter dire che ha vinto la guerra e anche vincerla davvero, perch\u00e9 secondo queste condizioni, si ritroverebbe subito nella condizione di potersi riarmare e di riprendere l\u2019offensiva quando lo ritenesse vantaggioso.<\/p>\n<p><strong>Il controllo della striscia<\/strong><br \/>\nLa questione di chi governerebbe Gaza sarebbe in questo caso poco significativa: nell\u2019Autorit\u00e0 Palestinese e soprattutto negli \u201cinnocenti civili di Gaza\u201d ci sono evidenti e permanenti simpatie per Hamas, che la riporterebbero al potere anche dopo elezioni o un commissariamento dell\u2019Autorit\u00e0 Palestinese; un corpo di pace internazionale sarebbe totalmente inefficace di frenare i terroristi, come si vede anche in questi giorni con l\u2019Unifil in Libano; i finanziatori e i fornitori d\u2019armi, Iran in testa, sono pronti a sostenere il riarmo. I paesi occidentali hanno mostrato, cercando di impedire l\u2019ingresso israeliano a Rafah, la ripulitura di Filadelfi, le operazioni che l\u2019esercito israeliano ha fatto in questi mesi, di non volere la distruzione di Hamas, in cui peraltro non crede l\u2019opposizione israeliana e anche certi settori delle agenzie di sicurezza e dell\u2019esercito. E per\u00f2 solo un controllo di sicurezza israeliano, protratto per parecchi anni, renderebbe impossibile la ripetizione del 7 ottobre.<\/p>\n<p><strong>Il difficile compito del governo di Israele<\/strong><br \/>\nOggi fra la resa nelle trattative che richiede Hamas, appoggiato dall\u2019amministrazione Biden, dall\u2019Europa e naturalmente da Russia, Cina e paesi musulmani, vi \u00e8 solo la volont\u00e0 della maggioranza degli israeliani e l\u2019azione del governo, che viene spesso attaccata per questo soprattutto co una campagna violentissima contro Netanyahu. Il quale, da abile ed esperto politico qual \u00e8, mentre cerca di dare tempo all\u2019esercito perch\u00e9 continui il suo difficile lavoro sul terreno, non si contrappone frontalmente alle pressioni americane, ma cerca di far vedere che i veri nemici della pace ancora oggi sono Hamas e i suoi protettori. Chi ama Israele non pu\u00f2 che sperare che abbia successo.<\/p>\n","protected":false},"excerpt":{"rendered":"<p>Le rappresaglie annunciate \u2013 e non realizzate Sono passate quasi tre settimane dall\u2019eliminazione a Beirut del numero due di Hezbollah, Fouad Sukar, e di quella a Teheran di Ismail Haniyeh, capo dell\u2019ufficio politico di Hamas; quasi un mese dall\u2019attacco dell&#8217;aeronautica militare israeliana contro il porto di Hodeida nello Yemen. \u00c8 stata una serie di colpi [&hellip;]<\/p>\n","protected":false},"author":37,"featured_media":88804,"comment_status":"closed","ping_status":"closed","sticky":false,"template":"","format":"standard","meta":{"_acf_changed":false,"_jetpack_memberships_contains_paid_content":false,"footnotes":""},"categories":[4],"tags":[],"class_list":["post-88803","post","type-post","status-publish","format-standard","has-post-thumbnail","hentry","category-israele"],"acf":[],"yoast_head":"<!-- This site is optimized with the Yoast SEO plugin v26.9 - https:\/\/yoast.com\/product\/yoast-seo-wordpress\/ -->\n<title>La vendetta che non c\u2019\u00e8 stata e le trattative - Shalom<\/title>\n<meta name=\"robots\" content=\"index, follow, max-snippet:-1, max-image-preview:large, max-video-preview:-1\" \/>\n<link rel=\"canonical\" href=\"https:\/\/www.shalom.it\/israele\/la-vendetta-che-non-ce-stata-e-le-trattative\/\" \/>\n<meta property=\"og:locale\" content=\"it_IT\" \/>\n<meta property=\"og:type\" content=\"article\" \/>\n<meta property=\"og:title\" content=\"La vendetta che non c\u2019\u00e8 stata e le trattative - Shalom\" \/>\n<meta property=\"og:description\" content=\"Le rappresaglie annunciate \u2013 e non realizzate Sono passate quasi tre settimane dall\u2019eliminazione a Beirut del numero due di Hezbollah, Fouad Sukar, e di quella a Teheran di Ismail Haniyeh, capo dell\u2019ufficio politico di Hamas; quasi un mese dall\u2019attacco dell&#8217;aeronautica militare israeliana contro il porto di Hodeida nello Yemen. \u00c8 stata una serie di colpi [&hellip;]\" \/>\n<meta property=\"og:url\" content=\"https:\/\/www.shalom.it\/israele\/la-vendetta-che-non-ce-stata-e-le-trattative\/\" \/>\n<meta property=\"og:site_name\" content=\"Shalom\" \/>\n<meta property=\"article:published_time\" content=\"2024-08-19T07:08:25+00:00\" \/>\n<meta property=\"og:image\" content=\"https:\/\/www.shalom.it\/wp-content\/uploads\/2024\/08\/IMG_0664.jpeg\" \/>\n\t<meta property=\"og:image:width\" content=\"822\" \/>\n\t<meta property=\"og:image:height\" content=\"537\" \/>\n\t<meta property=\"og:image:type\" content=\"image\/jpeg\" \/>\n<meta name=\"author\" content=\"Donato Moscati\" \/>\n<meta name=\"twitter:card\" content=\"summary_large_image\" \/>\n<meta name=\"twitter:label1\" content=\"Scritto da\" \/>\n\t<meta name=\"twitter:data1\" content=\"Donato Moscati\" \/>\n\t<meta name=\"twitter:label2\" content=\"Tempo di lettura stimato\" \/>\n\t<meta name=\"twitter:data2\" content=\"6 minuti\" \/>\n<script type=\"application\/ld+json\" class=\"yoast-schema-graph\">{\"@context\":\"https:\/\/schema.org\",\"@graph\":[{\"@type\":\"Article\",\"@id\":\"https:\/\/www.shalom.it\/israele\/la-vendetta-che-non-ce-stata-e-le-trattative\/#article\",\"isPartOf\":{\"@id\":\"https:\/\/www.shalom.it\/israele\/la-vendetta-che-non-ce-stata-e-le-trattative\/\"},\"author\":{\"name\":\"Donato Moscati\",\"@id\":\"https:\/\/www.shalom.it\/#\/schema\/person\/13ae4cec9003e7d1f15e729be3eda88f\"},\"headline\":\"La vendetta che non c\u2019\u00e8 stata e le trattative\",\"datePublished\":\"2024-08-19T07:08:25+00:00\",\"mainEntityOfPage\":{\"@id\":\"https:\/\/www.shalom.it\/israele\/la-vendetta-che-non-ce-stata-e-le-trattative\/\"},\"wordCount\":1113,\"image\":{\"@id\":\"https:\/\/www.shalom.it\/israele\/la-vendetta-che-non-ce-stata-e-le-trattative\/#primaryimage\"},\"thumbnailUrl\":\"https:\/\/www.shalom.it\/wp-content\/uploads\/2024\/08\/IMG_0664.jpeg\",\"articleSection\":[\"ISRAELE\"],\"inLanguage\":\"it-IT\"},{\"@type\":\"WebPage\",\"@id\":\"https:\/\/www.shalom.it\/israele\/la-vendetta-che-non-ce-stata-e-le-trattative\/\",\"url\":\"https:\/\/www.shalom.it\/israele\/la-vendetta-che-non-ce-stata-e-le-trattative\/\",\"name\":\"La vendetta che non c\u2019\u00e8 stata e le trattative - Shalom\",\"isPartOf\":{\"@id\":\"https:\/\/www.shalom.it\/#website\"},\"primaryImageOfPage\":{\"@id\":\"https:\/\/www.shalom.it\/israele\/la-vendetta-che-non-ce-stata-e-le-trattative\/#primaryimage\"},\"image\":{\"@id\":\"https:\/\/www.shalom.it\/israele\/la-vendetta-che-non-ce-stata-e-le-trattative\/#primaryimage\"},\"thumbnailUrl\":\"https:\/\/www.shalom.it\/wp-content\/uploads\/2024\/08\/IMG_0664.jpeg\",\"datePublished\":\"2024-08-19T07:08:25+00:00\",\"author\":{\"@id\":\"https:\/\/www.shalom.it\/#\/schema\/person\/13ae4cec9003e7d1f15e729be3eda88f\"},\"breadcrumb\":{\"@id\":\"https:\/\/www.shalom.it\/israele\/la-vendetta-che-non-ce-stata-e-le-trattative\/#breadcrumb\"},\"inLanguage\":\"it-IT\",\"potentialAction\":[{\"@type\":\"ReadAction\",\"target\":[\"https:\/\/www.shalom.it\/israele\/la-vendetta-che-non-ce-stata-e-le-trattative\/\"]}]},{\"@type\":\"ImageObject\",\"inLanguage\":\"it-IT\",\"@id\":\"https:\/\/www.shalom.it\/israele\/la-vendetta-che-non-ce-stata-e-le-trattative\/#primaryimage\",\"url\":\"https:\/\/www.shalom.it\/wp-content\/uploads\/2024\/08\/IMG_0664.jpeg\",\"contentUrl\":\"https:\/\/www.shalom.it\/wp-content\/uploads\/2024\/08\/IMG_0664.jpeg\",\"width\":822,\"height\":537},{\"@type\":\"BreadcrumbList\",\"@id\":\"https:\/\/www.shalom.it\/israele\/la-vendetta-che-non-ce-stata-e-le-trattative\/#breadcrumb\",\"itemListElement\":[{\"@type\":\"ListItem\",\"position\":1,\"name\":\"Home\",\"item\":\"https:\/\/www.shalom.it\/\"},{\"@type\":\"ListItem\",\"position\":2,\"name\":\"La vendetta che non c\u2019\u00e8 stata e le trattative\"}]},{\"@type\":\"WebSite\",\"@id\":\"https:\/\/www.shalom.it\/#website\",\"url\":\"https:\/\/www.shalom.it\/\",\"name\":\"Shalom\",\"description\":\"Il Magazine della comunit\u00e0 ebraica di Roma\",\"potentialAction\":[{\"@type\":\"SearchAction\",\"target\":{\"@type\":\"EntryPoint\",\"urlTemplate\":\"https:\/\/www.shalom.it\/?s={search_term_string}\"},\"query-input\":{\"@type\":\"PropertyValueSpecification\",\"valueRequired\":true,\"valueName\":\"search_term_string\"}}],\"inLanguage\":\"it-IT\"},{\"@type\":\"Person\",\"@id\":\"https:\/\/www.shalom.it\/#\/schema\/person\/13ae4cec9003e7d1f15e729be3eda88f\",\"name\":\"Donato Moscati\",\"url\":\"https:\/\/www.shalom.it\/author\/mdonato\/\"}]}<\/script>\n<!-- \/ Yoast SEO plugin. -->","yoast_head_json":{"title":"La vendetta che non c\u2019\u00e8 stata e le trattative - Shalom","robots":{"index":"index","follow":"follow","max-snippet":"max-snippet:-1","max-image-preview":"max-image-preview:large","max-video-preview":"max-video-preview:-1"},"canonical":"https:\/\/www.shalom.it\/israele\/la-vendetta-che-non-ce-stata-e-le-trattative\/","og_locale":"it_IT","og_type":"article","og_title":"La vendetta che non c\u2019\u00e8 stata e le trattative - Shalom","og_description":"Le rappresaglie annunciate \u2013 e non realizzate Sono passate quasi tre settimane dall\u2019eliminazione a Beirut del numero due di Hezbollah, Fouad Sukar, e di quella a Teheran di Ismail Haniyeh, capo dell\u2019ufficio politico di Hamas; quasi un mese dall\u2019attacco dell&#8217;aeronautica militare israeliana contro il porto di Hodeida nello Yemen. \u00c8 stata una serie di colpi [&hellip;]","og_url":"https:\/\/www.shalom.it\/israele\/la-vendetta-che-non-ce-stata-e-le-trattative\/","og_site_name":"Shalom","article_published_time":"2024-08-19T07:08:25+00:00","og_image":[{"width":822,"height":537,"url":"https:\/\/www.shalom.it\/wp-content\/uploads\/2024\/08\/IMG_0664.jpeg","type":"image\/jpeg"}],"author":"Donato Moscati","twitter_card":"summary_large_image","twitter_misc":{"Scritto da":"Donato Moscati","Tempo di lettura stimato":"6 minuti"},"schema":{"@context":"https:\/\/schema.org","@graph":[{"@type":"Article","@id":"https:\/\/www.shalom.it\/israele\/la-vendetta-che-non-ce-stata-e-le-trattative\/#article","isPartOf":{"@id":"https:\/\/www.shalom.it\/israele\/la-vendetta-che-non-ce-stata-e-le-trattative\/"},"author":{"name":"Donato Moscati","@id":"https:\/\/www.shalom.it\/#\/schema\/person\/13ae4cec9003e7d1f15e729be3eda88f"},"headline":"La vendetta che non c\u2019\u00e8 stata e le trattative","datePublished":"2024-08-19T07:08:25+00:00","mainEntityOfPage":{"@id":"https:\/\/www.shalom.it\/israele\/la-vendetta-che-non-ce-stata-e-le-trattative\/"},"wordCount":1113,"image":{"@id":"https:\/\/www.shalom.it\/israele\/la-vendetta-che-non-ce-stata-e-le-trattative\/#primaryimage"},"thumbnailUrl":"https:\/\/www.shalom.it\/wp-content\/uploads\/2024\/08\/IMG_0664.jpeg","articleSection":["ISRAELE"],"inLanguage":"it-IT"},{"@type":"WebPage","@id":"https:\/\/www.shalom.it\/israele\/la-vendetta-che-non-ce-stata-e-le-trattative\/","url":"https:\/\/www.shalom.it\/israele\/la-vendetta-che-non-ce-stata-e-le-trattative\/","name":"La vendetta che non c\u2019\u00e8 stata e le trattative - Shalom","isPartOf":{"@id":"https:\/\/www.shalom.it\/#website"},"primaryImageOfPage":{"@id":"https:\/\/www.shalom.it\/israele\/la-vendetta-che-non-ce-stata-e-le-trattative\/#primaryimage"},"image":{"@id":"https:\/\/www.shalom.it\/israele\/la-vendetta-che-non-ce-stata-e-le-trattative\/#primaryimage"},"thumbnailUrl":"https:\/\/www.shalom.it\/wp-content\/uploads\/2024\/08\/IMG_0664.jpeg","datePublished":"2024-08-19T07:08:25+00:00","author":{"@id":"https:\/\/www.shalom.it\/#\/schema\/person\/13ae4cec9003e7d1f15e729be3eda88f"},"breadcrumb":{"@id":"https:\/\/www.shalom.it\/israele\/la-vendetta-che-non-ce-stata-e-le-trattative\/#breadcrumb"},"inLanguage":"it-IT","potentialAction":[{"@type":"ReadAction","target":["https:\/\/www.shalom.it\/israele\/la-vendetta-che-non-ce-stata-e-le-trattative\/"]}]},{"@type":"ImageObject","inLanguage":"it-IT","@id":"https:\/\/www.shalom.it\/israele\/la-vendetta-che-non-ce-stata-e-le-trattative\/#primaryimage","url":"https:\/\/www.shalom.it\/wp-content\/uploads\/2024\/08\/IMG_0664.jpeg","contentUrl":"https:\/\/www.shalom.it\/wp-content\/uploads\/2024\/08\/IMG_0664.jpeg","width":822,"height":537},{"@type":"BreadcrumbList","@id":"https:\/\/www.shalom.it\/israele\/la-vendetta-che-non-ce-stata-e-le-trattative\/#breadcrumb","itemListElement":[{"@type":"ListItem","position":1,"name":"Home","item":"https:\/\/www.shalom.it\/"},{"@type":"ListItem","position":2,"name":"La vendetta che non c\u2019\u00e8 stata e le trattative"}]},{"@type":"WebSite","@id":"https:\/\/www.shalom.it\/#website","url":"https:\/\/www.shalom.it\/","name":"Shalom","description":"Il Magazine della comunit\u00e0 ebraica di Roma","potentialAction":[{"@type":"SearchAction","target":{"@type":"EntryPoint","urlTemplate":"https:\/\/www.shalom.it\/?s={search_term_string}"},"query-input":{"@type":"PropertyValueSpecification","valueRequired":true,"valueName":"search_term_string"}}],"inLanguage":"it-IT"},{"@type":"Person","@id":"https:\/\/www.shalom.it\/#\/schema\/person\/13ae4cec9003e7d1f15e729be3eda88f","name":"Donato Moscati","url":"https:\/\/www.shalom.it\/author\/mdonato\/"}]}},"jetpack_featured_media_url":"https:\/\/www.shalom.it\/wp-content\/uploads\/2024\/08\/IMG_0664.jpeg","jetpack_sharing_enabled":true,"_links":{"self":[{"href":"https:\/\/www.shalom.it\/wp-json\/wp\/v2\/posts\/88803","targetHints":{"allow":["GET"]}}],"collection":[{"href":"https:\/\/www.shalom.it\/wp-json\/wp\/v2\/posts"}],"about":[{"href":"https:\/\/www.shalom.it\/wp-json\/wp\/v2\/types\/post"}],"author":[{"embeddable":true,"href":"https:\/\/www.shalom.it\/wp-json\/wp\/v2\/users\/37"}],"replies":[{"embeddable":true,"href":"https:\/\/www.shalom.it\/wp-json\/wp\/v2\/comments?post=88803"}],"version-history":[{"count":1,"href":"https:\/\/www.shalom.it\/wp-json\/wp\/v2\/posts\/88803\/revisions"}],"predecessor-version":[{"id":88805,"href":"https:\/\/www.shalom.it\/wp-json\/wp\/v2\/posts\/88803\/revisions\/88805"}],"wp:featuredmedia":[{"embeddable":true,"href":"https:\/\/www.shalom.it\/wp-json\/wp\/v2\/media\/88804"}],"wp:attachment":[{"href":"https:\/\/www.shalom.it\/wp-json\/wp\/v2\/media?parent=88803"}],"wp:term":[{"taxonomy":"category","embeddable":true,"href":"https:\/\/www.shalom.it\/wp-json\/wp\/v2\/categories?post=88803"},{"taxonomy":"post_tag","embeddable":true,"href":"https:\/\/www.shalom.it\/wp-json\/wp\/v2\/tags?post=88803"}],"curies":[{"name":"wp","href":"https:\/\/api.w.org\/{rel}","templated":true}]}}