{"id":88701,"date":"2024-08-12T18:00:51","date_gmt":"2024-08-12T16:00:51","guid":{"rendered":"https:\/\/www.shalom.it\/?p=88701"},"modified":"2024-08-12T11:59:33","modified_gmt":"2024-08-12T09:59:33","slug":"le-letture-di-tisha-be-av","status":"publish","type":"post","link":"https:\/\/www.shalom.it\/idee-pensiero-ebraico\/le-letture-di-tisha-be-av\/","title":{"rendered":"Le letture di Tish\u00e0 be-Av"},"content":{"rendered":"<p>Durante il digiuno che si fa nel nono giorno del mese di <em>Av<\/em> si usa leggere in tutte le comunit\u00e0 ebraiche la <em>Meghill\u00e0 di Ekh\u00e0<\/em>, ovvero le Lamentazioni del profeta Geremia.<br \/>\nSi leggono anche delle <em>kin\u00f2t<\/em> (elegie) composte nel corso dei secoli. Nell\u2019uso ashkenazita vene sono ben quarantacinque. Uno dei motivi per questo grande numero \u00e8 storico. Nel 1096 i Crociati, viaggiando verso la Terra Santa, fecero enormi stragi delle comunit\u00e0 ashkenazite in Francia e in Germania. Tra gennaio e luglio 1096 circa 10.000 ebrei furono trucidati dai Crociati nel nord della Francia e in Germania, tra un quarto e un terzo della popolazione ebraica di allora in quelle regioni. Nonostante gli ordini del re Enrico IV che proibiva di molestare gli ebrei, il Conte Erich di Leisinger fece massacri di ebrei nelle citt\u00e0 di Speyer, Worms e Magonza. Altre migliaia di ebrei furono trucidati nella valle del Reno.<br \/>\nIn Italia si usava leggere anche il libro <em>\u00c8mek Habakh\u00e0<\/em>, in italiano \u201cValle di Lacrime\u201d. Cos\u00ec afferma <strong>Roberto Bonfil<\/strong> che cur\u00f2 la pubblicazione di una nuova edizione annotata nel 2020, \u00c8 un\u2019opera di <strong>Yosef Hakohen<\/strong>, nato ad Avignone in Provenza nel 1496 e che visse per molti anni a Genova dove mor\u00ec nel 1577 o 1578. Yosef Hakohen nell\u2019introduzione ad <em>\u00c8mek Habakh\u00e0<\/em> scrive che ha composto il suo libro per raccogliere le cronache delle sofferenze del popolo d\u2019Israele che sono disperse qua e l\u00e0. E auspica che le nostre sofferenze avranno fine e \u201cche il Misericordioso invii il re <em>Mash\u00ecach<\/em> che ci redima presto e nei nostri giorni\u201d. <em>\u00c8mek Habakh\u00e0<\/em> \u00e8 scritta in ordine cronologico. Inizia dalla distruzione di Gerusalemme per mano di Tito, che avvenne il Nove di Av, e arriva fino alle guerre tra Venezia e Turchia nell\u2019anno 1572, quando Shlomo Harofe, venne a Venezia inviato dal sultano turco Selim, annunciando che era stato fatta la pace con la Repubblica Veneziana.<br \/>\nR. Yosef Hakohen scrive che il motivo per cui ha deciso di scrivere questo libro sono state le espulsioni degli ebrei dalla Francia e questa amara espulsione dalla Spagna (p.125). Egli racconca come nel giorno di venerdi il dieci del mese di Av sedici grandi navi piene di passeggeri salparono dalla costa di Cartagena. Partirono in varie direzioni: Africa, Asia, Grecia e Turchia. I passeggeri furono soggetti a indescrivibili sofferenze causate loro dai marinai genovesi. Altri furono depredati e uccisi dagli arabi; alcuni affogarono nel mare o morirono di fame, o venduti in schiavit\u00f9 a Genova. Molti rimasero in Spagna, incapaci di uscirne, o si convertirono (p. 123).<br \/>\nIn Italia vi fu il poeta fiorentino <strong>Angiolo Orvieto<\/strong> (1869-1967) che compose una elegia per <em>Tish\u00e0 Be-Av<\/em> (nel libro \u201cIl Vento di Sion\u201d, pp. 55-6) nella quale tra le varie strofe, scrisse:<\/p>\n<blockquote>\n<p style=\"text-align: center;\">&#8230; In questo d\u00ec si piange<br \/>\nGerusalemme estinta<br \/>\nla nostra gente di catene avvinta&#8230;<\/p>\n<\/blockquote>\n<p>Dopo la guerra l\u2019Orvieto compose un\u2019elegia intitolata \u201cIsraele Ramingo. L\u2019ultima tragedia\u201d. Nella terza strofa egli scrive:<\/p>\n<blockquote>\n<p style=\"text-align: center;\">Ho visto Israele e suoi figli.<br \/>\nDicevan: \u201cSbalz\u00e0ti dal letto,<br \/>\nserrati in vagoni lugubri.<br \/>\nOdor di bestiame stantio.<br \/>\nI padri, le madri, i fratelli<br \/>\ncos\u00ec trascinati al supplizio.<\/p>\n<\/blockquote>\n<p>Nonostante l\u2019importanza di ricordare le nostre sofferenze e persecuzioni, i nostri Maestri ci insegnarono di concludere sempre con un messaggio di speranza. E anche nel giorno del Nove di Av al termine delle <em>Kin\u00f2t<\/em> il messaggio finale \u00e8 quello di speranza del profeta Yesha\u2019y\u00e0 (Isaia, 51:3): \u201c&#8230;Poich\u00e9 l\u2019Eterno ha piet\u00e0 di Sion, ha piet\u00e0 di tutte le sue rovine, e render\u00e0 il suo deserto come l&#8217;Eden, e la sua steppa come il giardino dell\u2019Eterno. Giubilo e gioia saranno in essa, ringraziamenti e inni di lode\u201d.<\/p>\n","protected":false},"excerpt":{"rendered":"<p>Durante il digiuno che si fa nel nono giorno del mese di Av si usa leggere in tutte le comunit\u00e0 ebraiche la Meghill\u00e0 di Ekh\u00e0, ovvero le Lamentazioni del profeta Geremia. Si leggono anche delle kin\u00f2t (elegie) composte nel corso dei secoli. Nell\u2019uso ashkenazita vene sono ben quarantacinque. Uno dei motivi per questo grande numero [&hellip;]<\/p>\n","protected":false},"author":37,"featured_media":88702,"comment_status":"closed","ping_status":"closed","sticky":false,"template":"","format":"standard","meta":{"_acf_changed":false,"_jetpack_memberships_contains_paid_content":false,"footnotes":""},"categories":[9],"tags":[],"class_list":["post-88701","post","type-post","status-publish","format-standard","has-post-thumbnail","hentry","category-idee-pensiero-ebraico"],"acf":[],"yoast_head":"<!-- This site is optimized with the Yoast SEO plugin v26.9 - https:\/\/yoast.com\/product\/yoast-seo-wordpress\/ -->\n<title>Le letture di Tish\u00e0 be-Av - Shalom<\/title>\n<meta name=\"robots\" content=\"index, follow, max-snippet:-1, max-image-preview:large, max-video-preview:-1\" \/>\n<link rel=\"canonical\" href=\"https:\/\/www.shalom.it\/idee-pensiero-ebraico\/le-letture-di-tisha-be-av\/\" \/>\n<meta property=\"og:locale\" content=\"it_IT\" \/>\n<meta property=\"og:type\" content=\"article\" \/>\n<meta property=\"og:title\" content=\"Le letture di Tish\u00e0 be-Av - Shalom\" \/>\n<meta property=\"og:description\" content=\"Durante il digiuno che si fa nel nono giorno del mese di Av si usa leggere in tutte le comunit\u00e0 ebraiche la Meghill\u00e0 di Ekh\u00e0, ovvero le Lamentazioni del profeta Geremia. Si leggono anche delle kin\u00f2t (elegie) composte nel corso dei secoli. Nell\u2019uso ashkenazita vene sono ben quarantacinque. Uno dei motivi per questo grande numero [&hellip;]\" \/>\n<meta property=\"og:url\" content=\"https:\/\/www.shalom.it\/idee-pensiero-ebraico\/le-letture-di-tisha-be-av\/\" \/>\n<meta property=\"og:site_name\" content=\"Shalom\" \/>\n<meta property=\"article:published_time\" content=\"2024-08-12T16:00:51+00:00\" \/>\n<meta property=\"og:image\" content=\"https:\/\/www.shalom.it\/wp-content\/uploads\/2024\/08\/IMG_0496-1.jpg\" \/>\n\t<meta property=\"og:image:width\" content=\"640\" \/>\n\t<meta property=\"og:image:height\" content=\"350\" \/>\n\t<meta property=\"og:image:type\" content=\"image\/jpeg\" \/>\n<meta name=\"author\" content=\"Donato Moscati\" \/>\n<meta name=\"twitter:card\" content=\"summary_large_image\" \/>\n<meta name=\"twitter:label1\" content=\"Scritto da\" \/>\n\t<meta name=\"twitter:data1\" content=\"Donato Moscati\" \/>\n\t<meta name=\"twitter:label2\" content=\"Tempo di lettura stimato\" \/>\n\t<meta name=\"twitter:data2\" content=\"4 minuti\" \/>\n<script type=\"application\/ld+json\" class=\"yoast-schema-graph\">{\"@context\":\"https:\/\/schema.org\",\"@graph\":[{\"@type\":\"Article\",\"@id\":\"https:\/\/www.shalom.it\/idee-pensiero-ebraico\/le-letture-di-tisha-be-av\/#article\",\"isPartOf\":{\"@id\":\"https:\/\/www.shalom.it\/idee-pensiero-ebraico\/le-letture-di-tisha-be-av\/\"},\"author\":{\"name\":\"Donato Moscati\",\"@id\":\"https:\/\/www.shalom.it\/#\/schema\/person\/13ae4cec9003e7d1f15e729be3eda88f\"},\"headline\":\"Le letture di Tish\u00e0 be-Av\",\"datePublished\":\"2024-08-12T16:00:51+00:00\",\"mainEntityOfPage\":{\"@id\":\"https:\/\/www.shalom.it\/idee-pensiero-ebraico\/le-letture-di-tisha-be-av\/\"},\"wordCount\":602,\"image\":{\"@id\":\"https:\/\/www.shalom.it\/idee-pensiero-ebraico\/le-letture-di-tisha-be-av\/#primaryimage\"},\"thumbnailUrl\":\"https:\/\/www.shalom.it\/wp-content\/uploads\/2024\/08\/IMG_0496-1.jpg\",\"articleSection\":[\"IDEE - PENSIERO EBRAICO\"],\"inLanguage\":\"it-IT\"},{\"@type\":\"WebPage\",\"@id\":\"https:\/\/www.shalom.it\/idee-pensiero-ebraico\/le-letture-di-tisha-be-av\/\",\"url\":\"https:\/\/www.shalom.it\/idee-pensiero-ebraico\/le-letture-di-tisha-be-av\/\",\"name\":\"Le letture di Tish\u00e0 be-Av - Shalom\",\"isPartOf\":{\"@id\":\"https:\/\/www.shalom.it\/#website\"},\"primaryImageOfPage\":{\"@id\":\"https:\/\/www.shalom.it\/idee-pensiero-ebraico\/le-letture-di-tisha-be-av\/#primaryimage\"},\"image\":{\"@id\":\"https:\/\/www.shalom.it\/idee-pensiero-ebraico\/le-letture-di-tisha-be-av\/#primaryimage\"},\"thumbnailUrl\":\"https:\/\/www.shalom.it\/wp-content\/uploads\/2024\/08\/IMG_0496-1.jpg\",\"datePublished\":\"2024-08-12T16:00:51+00:00\",\"author\":{\"@id\":\"https:\/\/www.shalom.it\/#\/schema\/person\/13ae4cec9003e7d1f15e729be3eda88f\"},\"breadcrumb\":{\"@id\":\"https:\/\/www.shalom.it\/idee-pensiero-ebraico\/le-letture-di-tisha-be-av\/#breadcrumb\"},\"inLanguage\":\"it-IT\",\"potentialAction\":[{\"@type\":\"ReadAction\",\"target\":[\"https:\/\/www.shalom.it\/idee-pensiero-ebraico\/le-letture-di-tisha-be-av\/\"]}]},{\"@type\":\"ImageObject\",\"inLanguage\":\"it-IT\",\"@id\":\"https:\/\/www.shalom.it\/idee-pensiero-ebraico\/le-letture-di-tisha-be-av\/#primaryimage\",\"url\":\"https:\/\/www.shalom.it\/wp-content\/uploads\/2024\/08\/IMG_0496-1.jpg\",\"contentUrl\":\"https:\/\/www.shalom.it\/wp-content\/uploads\/2024\/08\/IMG_0496-1.jpg\",\"width\":640,\"height\":350},{\"@type\":\"BreadcrumbList\",\"@id\":\"https:\/\/www.shalom.it\/idee-pensiero-ebraico\/le-letture-di-tisha-be-av\/#breadcrumb\",\"itemListElement\":[{\"@type\":\"ListItem\",\"position\":1,\"name\":\"Home\",\"item\":\"https:\/\/www.shalom.it\/\"},{\"@type\":\"ListItem\",\"position\":2,\"name\":\"Le letture di Tish\u00e0 be-Av\"}]},{\"@type\":\"WebSite\",\"@id\":\"https:\/\/www.shalom.it\/#website\",\"url\":\"https:\/\/www.shalom.it\/\",\"name\":\"Shalom\",\"description\":\"Il Magazine della comunit\u00e0 ebraica di Roma\",\"potentialAction\":[{\"@type\":\"SearchAction\",\"target\":{\"@type\":\"EntryPoint\",\"urlTemplate\":\"https:\/\/www.shalom.it\/?s={search_term_string}\"},\"query-input\":{\"@type\":\"PropertyValueSpecification\",\"valueRequired\":true,\"valueName\":\"search_term_string\"}}],\"inLanguage\":\"it-IT\"},{\"@type\":\"Person\",\"@id\":\"https:\/\/www.shalom.it\/#\/schema\/person\/13ae4cec9003e7d1f15e729be3eda88f\",\"name\":\"Donato Moscati\",\"url\":\"https:\/\/www.shalom.it\/author\/mdonato\/\"}]}<\/script>\n<!-- \/ Yoast SEO plugin. -->","yoast_head_json":{"title":"Le letture di Tish\u00e0 be-Av - Shalom","robots":{"index":"index","follow":"follow","max-snippet":"max-snippet:-1","max-image-preview":"max-image-preview:large","max-video-preview":"max-video-preview:-1"},"canonical":"https:\/\/www.shalom.it\/idee-pensiero-ebraico\/le-letture-di-tisha-be-av\/","og_locale":"it_IT","og_type":"article","og_title":"Le letture di Tish\u00e0 be-Av - Shalom","og_description":"Durante il digiuno che si fa nel nono giorno del mese di Av si usa leggere in tutte le comunit\u00e0 ebraiche la Meghill\u00e0 di Ekh\u00e0, ovvero le Lamentazioni del profeta Geremia. Si leggono anche delle kin\u00f2t (elegie) composte nel corso dei secoli. Nell\u2019uso ashkenazita vene sono ben quarantacinque. Uno dei motivi per questo grande numero [&hellip;]","og_url":"https:\/\/www.shalom.it\/idee-pensiero-ebraico\/le-letture-di-tisha-be-av\/","og_site_name":"Shalom","article_published_time":"2024-08-12T16:00:51+00:00","og_image":[{"width":640,"height":350,"url":"https:\/\/www.shalom.it\/wp-content\/uploads\/2024\/08\/IMG_0496-1.jpg","type":"image\/jpeg"}],"author":"Donato Moscati","twitter_card":"summary_large_image","twitter_misc":{"Scritto da":"Donato Moscati","Tempo di lettura stimato":"4 minuti"},"schema":{"@context":"https:\/\/schema.org","@graph":[{"@type":"Article","@id":"https:\/\/www.shalom.it\/idee-pensiero-ebraico\/le-letture-di-tisha-be-av\/#article","isPartOf":{"@id":"https:\/\/www.shalom.it\/idee-pensiero-ebraico\/le-letture-di-tisha-be-av\/"},"author":{"name":"Donato Moscati","@id":"https:\/\/www.shalom.it\/#\/schema\/person\/13ae4cec9003e7d1f15e729be3eda88f"},"headline":"Le letture di Tish\u00e0 be-Av","datePublished":"2024-08-12T16:00:51+00:00","mainEntityOfPage":{"@id":"https:\/\/www.shalom.it\/idee-pensiero-ebraico\/le-letture-di-tisha-be-av\/"},"wordCount":602,"image":{"@id":"https:\/\/www.shalom.it\/idee-pensiero-ebraico\/le-letture-di-tisha-be-av\/#primaryimage"},"thumbnailUrl":"https:\/\/www.shalom.it\/wp-content\/uploads\/2024\/08\/IMG_0496-1.jpg","articleSection":["IDEE - PENSIERO EBRAICO"],"inLanguage":"it-IT"},{"@type":"WebPage","@id":"https:\/\/www.shalom.it\/idee-pensiero-ebraico\/le-letture-di-tisha-be-av\/","url":"https:\/\/www.shalom.it\/idee-pensiero-ebraico\/le-letture-di-tisha-be-av\/","name":"Le letture di Tish\u00e0 be-Av - Shalom","isPartOf":{"@id":"https:\/\/www.shalom.it\/#website"},"primaryImageOfPage":{"@id":"https:\/\/www.shalom.it\/idee-pensiero-ebraico\/le-letture-di-tisha-be-av\/#primaryimage"},"image":{"@id":"https:\/\/www.shalom.it\/idee-pensiero-ebraico\/le-letture-di-tisha-be-av\/#primaryimage"},"thumbnailUrl":"https:\/\/www.shalom.it\/wp-content\/uploads\/2024\/08\/IMG_0496-1.jpg","datePublished":"2024-08-12T16:00:51+00:00","author":{"@id":"https:\/\/www.shalom.it\/#\/schema\/person\/13ae4cec9003e7d1f15e729be3eda88f"},"breadcrumb":{"@id":"https:\/\/www.shalom.it\/idee-pensiero-ebraico\/le-letture-di-tisha-be-av\/#breadcrumb"},"inLanguage":"it-IT","potentialAction":[{"@type":"ReadAction","target":["https:\/\/www.shalom.it\/idee-pensiero-ebraico\/le-letture-di-tisha-be-av\/"]}]},{"@type":"ImageObject","inLanguage":"it-IT","@id":"https:\/\/www.shalom.it\/idee-pensiero-ebraico\/le-letture-di-tisha-be-av\/#primaryimage","url":"https:\/\/www.shalom.it\/wp-content\/uploads\/2024\/08\/IMG_0496-1.jpg","contentUrl":"https:\/\/www.shalom.it\/wp-content\/uploads\/2024\/08\/IMG_0496-1.jpg","width":640,"height":350},{"@type":"BreadcrumbList","@id":"https:\/\/www.shalom.it\/idee-pensiero-ebraico\/le-letture-di-tisha-be-av\/#breadcrumb","itemListElement":[{"@type":"ListItem","position":1,"name":"Home","item":"https:\/\/www.shalom.it\/"},{"@type":"ListItem","position":2,"name":"Le letture di Tish\u00e0 be-Av"}]},{"@type":"WebSite","@id":"https:\/\/www.shalom.it\/#website","url":"https:\/\/www.shalom.it\/","name":"Shalom","description":"Il Magazine della comunit\u00e0 ebraica di Roma","potentialAction":[{"@type":"SearchAction","target":{"@type":"EntryPoint","urlTemplate":"https:\/\/www.shalom.it\/?s={search_term_string}"},"query-input":{"@type":"PropertyValueSpecification","valueRequired":true,"valueName":"search_term_string"}}],"inLanguage":"it-IT"},{"@type":"Person","@id":"https:\/\/www.shalom.it\/#\/schema\/person\/13ae4cec9003e7d1f15e729be3eda88f","name":"Donato Moscati","url":"https:\/\/www.shalom.it\/author\/mdonato\/"}]}},"jetpack_featured_media_url":"https:\/\/www.shalom.it\/wp-content\/uploads\/2024\/08\/IMG_0496-1.jpg","jetpack_sharing_enabled":true,"_links":{"self":[{"href":"https:\/\/www.shalom.it\/wp-json\/wp\/v2\/posts\/88701","targetHints":{"allow":["GET"]}}],"collection":[{"href":"https:\/\/www.shalom.it\/wp-json\/wp\/v2\/posts"}],"about":[{"href":"https:\/\/www.shalom.it\/wp-json\/wp\/v2\/types\/post"}],"author":[{"embeddable":true,"href":"https:\/\/www.shalom.it\/wp-json\/wp\/v2\/users\/37"}],"replies":[{"embeddable":true,"href":"https:\/\/www.shalom.it\/wp-json\/wp\/v2\/comments?post=88701"}],"version-history":[{"count":1,"href":"https:\/\/www.shalom.it\/wp-json\/wp\/v2\/posts\/88701\/revisions"}],"predecessor-version":[{"id":88703,"href":"https:\/\/www.shalom.it\/wp-json\/wp\/v2\/posts\/88701\/revisions\/88703"}],"wp:featuredmedia":[{"embeddable":true,"href":"https:\/\/www.shalom.it\/wp-json\/wp\/v2\/media\/88702"}],"wp:attachment":[{"href":"https:\/\/www.shalom.it\/wp-json\/wp\/v2\/media?parent=88701"}],"wp:term":[{"taxonomy":"category","embeddable":true,"href":"https:\/\/www.shalom.it\/wp-json\/wp\/v2\/categories?post=88701"},{"taxonomy":"post_tag","embeddable":true,"href":"https:\/\/www.shalom.it\/wp-json\/wp\/v2\/tags?post=88701"}],"curies":[{"name":"wp","href":"https:\/\/api.w.org\/{rel}","templated":true}]}}