{"id":8373,"date":"2019-11-22T00:00:00","date_gmt":"2019-11-21T23:00:00","guid":{"rendered":"https:\/\/www.shalom.it\/senza-categoria\/commento-alla-tora-chaya-sara-le-tre-proprieta-inalienabili-in-eretz-israel-b654501\/"},"modified":"2024-05-31T00:22:22","modified_gmt":"2024-05-30T22:22:22","slug":"commento-alla-tora-chaya-sara-le-tre-proprieta-inalienabili-in-eretz-israel-b654501","status":"publish","type":"post","link":"https:\/\/www.shalom.it\/italia\/commento-alla-tora-chaya-sara-le-tre-proprieta-inalienabili-in-eretz-israel-b654501\/","title":{"rendered":"Commento alla Tor\u00e0. Chay\u00e8 Sara: le tre propriet\u00e0 inalienabili in Eretz Israel"},"content":{"rendered":"<p class=\"p1\" style=\"margin-bottom: 0px; font-stretch: normal; line-height: normal;\"><span class=\"s2\" style=\"-webkit-text-size-adjust: 100%;\">Il patriarca Avrah\u00e0m visse 175 anni mentre Sara, che era dieci anni pi\u00f9 giovane, mori all\u2019et\u00e0 di 127 anni.&nbsp;<\/span><span class=\"s3\" style=\"-webkit-text-size-adjust: 100%;\">R. Shimsh\u00f2n Refa\u00e8l Hirsch&nbsp;<\/span><span class=\"s2\" style=\"-webkit-text-size-adjust: 100%;\">(Amburgo, 1808-1888, Francoforte) fa notare che in nessun posto altro che in questa&nbsp;parash\u00e0 viene<\/span><span class=\"s2\" style=\"-webkit-text-size-adjust: 100%;\">&nbsp;menzionata l\u2019et\u00e0 di una donna. Egli spiega che le donne non erano coinvolte negli affari della societ\u00e0 e non era essenziale conoscere la loro et\u00e0 per l\u2019ordine delle generazioni. Il motivo per menzionarne l\u2019et\u00e0 \u00e8 che la vita di Sara fu suddivisa in tre periodi ben distinti: i sette anni della giovinezza, i vent\u2019anni della vita da giovane adulta e i cent\u2019anni della vecchiaia. Port\u00f2 con s\u00e8 la bellezza dell\u2019infanzia in et\u00e0 adulta e mantenne la purezza dei vent\u2019anni per il resto della sua vita.<\/span><\/p>\n<p class=\"p1\" style=\"margin-bottom: 0px; font-stretch: normal; line-height: normal;\"><span class=\"s2\">Il patriarca Avrah\u00e0m dovette occuparsi della sepoltura della moglie. Non avendo propriet\u00e0 terriere dovette rivolgersi agli abitanti del paese, i Chittei, per acquistare il terreno per una tomba. Si rivolse ai rappresentanti del popolo e disse loro: \u201cSe \u00e8 vostra intenzione che io seppellisca la mia defunta in fretta, ascoltatemi e intercedete con Efr\u00f2n figlio di Tz\u00f2char affinch\u00e9 mi venda la grotta di Makhpel\u00e0 che lui possiede all\u2019estremit\u00e0 del suo campo; me la venda a prezzo pieno in vostra presenza come tomba di propriet\u00e0 perpetua\u201d (<\/span><span class=\"s1\">Beresh\u00ect<\/span><span class=\"s2\">, 23:8-9). &nbsp;<\/span><\/p>\n<p class=\"p1\" style=\"margin-bottom: 0px; font-stretch: normal; line-height: normal;\"><span class=\"s3\">R. \u2018Ovadi\u00e0 Sforno&nbsp;<\/span><span class=\"s2\">(Cesena, 1475-1550, Bologna) commenta che Avrah\u00e0m chiese di proposito la grotta che si trovava all\u2019estremit\u00e0 del campo di Efr\u00f2n per rendere pi\u00f9 facile l\u2019acquisto; infatti in questo modo Efr\u00f2n non avrebbe perduto l\u2019uso del suo campo. Efr\u00f2n rispose che desiderava vendere anche il campo affinch\u00e9 Avrah\u00e0m non dovesse attraversare i campi di altri per accedere alla grotta. Efr\u00f2n chiese la cifra di quattrocento sicli che Avrah\u00e0m pag\u00f2 immediatamente alla presenza dei Chittei in modo che la grotta diventasse sua propriet\u00e0 permanente come tomba di famiglia. Molti commentatori affermano che il prezzo di quattrocento sicli era esorbitante ma Avrah\u00e0m non batt\u00e8 ciglio. I Chittei l\u2019avevano chiamato un \u201cprincipe di Dio tra di noi\u201d e Avrah\u00e0m si comport\u00f2 come tale senza contrattare sul prezzo.<\/span><\/p>\n<p class=\"p1\" style=\"margin-bottom: 0px; font-stretch: normal; line-height: normal;\"><span class=\"s2\">I commentatori affermano che Efr\u00f2n non fa una bella figura.&nbsp;<\/span><span class=\"s3\">R. Chay\u00ecm Yosef Azulai&nbsp;<\/span><span class=\"s2\">(Gerusalemme, 1724-1806, Livorno) nel suo commento&nbsp;<\/span><span class=\"s1\">Pen\u00e8 David&nbsp;<\/span><span class=\"s2\">fa notare che la Tor\u00e0 allude alla pessima figura di Efr\u00f2n nel versetto \u201cE Avrah\u00e0m pes\u00f2 a Efr\u00f2n l\u2019argento &#8230;\u201d (Ibid., 23:16) dove il nome Efr\u00f2n \u00e8 scritto senza la&nbsp;<\/span><span class=\"s1\">Vav&nbsp;<\/span><span class=\"s2\">(che funge da \u201co\u201d) e solo con le lettere&nbsp;<\/span><span class=\"s1\">\u2018Ain&nbsp;<\/span><span class=\"s2\">(70),&nbsp;<\/span><span class=\"s1\">Fe&nbsp;<\/span><span class=\"s2\">(80),&nbsp;<\/span><span class=\"s1\">Resh<\/span><span class=\"s2\">(200) e&nbsp;<\/span><span class=\"s1\">Nun<\/span><span class=\"s2\">(50) il cui valore numerico complessivo \u00e8 uguale a 400, come i sicli che chiese per il campo e la grotta. &nbsp;R. Azulai fa notare che anche le parole \u201c<\/span><span class=\"s1\">Ra\u2019 \u2018Ain<\/span><span class=\"s2\">\u201d (avido, avaro, gretto) hanno il valore numerico di 400 e rappresentano la personalit\u00e0 di Efr\u00f2n.<\/span><\/p>\n<p class=\"p1\" style=\"margin-bottom: 0px; font-stretch: normal; line-height: normal;\"><span class=\"s2\">La grotta di Makhpel\u00e0 fu il primo acquisto da parte di un nostro antenato nella Terra d\u2019Israele.<\/span><\/p>\n<p class=\"p1\" style=\"margin-bottom: 0px; font-stretch: normal; line-height: normal;\"><span class=\"s2\">Il secondo fu l\u2019acquisto da parte del patriarca Ya\u2019ak\u00f2v del terreno per piantare le sue tende vicino alla citt\u00e0 di Shekh\u00e8m al prezzo di cento&nbsp;<\/span><span class=\"s1\">kesit\u00e0&nbsp;<\/span><span class=\"s2\">(<\/span><span class=\"s1\">Beresh\u00ect<\/span><span class=\"s2\">, 33:19). Il&nbsp;<\/span><span class=\"s3\">Nachmanide&nbsp;<\/span><span class=\"s2\">(Girona, 1194-1270, Acco) scrive che Ya\u2019ak\u00f2v voleva stabilire un diritto inalienabile alla sua prima propriet\u00e0 in Eretz Israel e non voleva affittare un posto per abitare. Nel&nbsp;<\/span><span class=\"s1\">Midr\u00e0sh<\/span><span class=\"s2\">\u00e8 scritto che fu qui che Yos\u00e8f venne sepolto quando gli israeliti tornarono in Eretz Israel dall\u2019Egitto.<\/span><\/p>\n<p class=\"p1\" style=\"margin-bottom: 0px; font-stretch: normal; line-height: normal;\"><span class=\"s2\">Il terzo acquisto ebbe luogo quando re Davide acquist\u00f2 da Arn\u00e0n il gebuseo, a Gerusalemme, il terreno per la costruzione del&nbsp;<\/span><span class=\"s1\">mizb\u00e8ach<\/span><span class=\"s2\">(altare) al prezzo pieno di seicento sicli d\u2019oro; in quel luogo re Salomone costru\u00ec il&nbsp;<\/span><span class=\"s1\">Bet Ha-Mikd\u00e0sh&nbsp;<\/span><span class=\"s2\">(I Cronache, 21:25, e commento di Radak). &nbsp;<\/span><\/p>\n","protected":false},"excerpt":{"rendered":"<p>Il patriarca Avrah\u00e0m visse 175 anni mentre Sara, che era dieci anni pi\u00f9 giovane, mori all\u2019et\u00e0 di 127 anni.&nbsp;R. Shimsh\u00f2n Refa\u00e8l Hirsch&nbsp;(Amburgo, 1808-1888, Francoforte) fa notare che in nessun posto altro che in questa&nbsp;parash\u00e0 viene&nbsp;menzionata l\u2019et\u00e0 di una donna. Egli spiega che le donne non erano coinvolte negli affari della societ\u00e0 e non era essenziale [&hellip;]<\/p>\n","protected":false},"author":39,"featured_media":8374,"comment_status":"open","ping_status":"open","sticky":false,"template":"","format":"standard","meta":{"_acf_changed":false,"_jetpack_memberships_contains_paid_content":false,"footnotes":""},"categories":[3],"tags":[],"class_list":["post-8373","post","type-post","status-publish","format-standard","has-post-thumbnail","hentry","category-italia"],"acf":[],"yoast_head":"<!-- This site is optimized with the Yoast SEO plugin v26.9 - https:\/\/yoast.com\/product\/yoast-seo-wordpress\/ -->\n<title>Commento alla Tor\u00e0. Chay\u00e8 Sara: le tre propriet\u00e0 inalienabili in Eretz Israel - Shalom<\/title>\n<meta name=\"robots\" content=\"index, follow, max-snippet:-1, max-image-preview:large, max-video-preview:-1\" \/>\n<link rel=\"canonical\" href=\"https:\/\/www.shalom.it\/italia\/commento-alla-tora-chaya-sara-le-tre-proprieta-inalienabili-in-eretz-israel-b654501\/\" \/>\n<meta property=\"og:locale\" content=\"it_IT\" \/>\n<meta property=\"og:type\" content=\"article\" \/>\n<meta property=\"og:title\" content=\"Commento alla Tor\u00e0. Chay\u00e8 Sara: le tre propriet\u00e0 inalienabili in Eretz Israel - Shalom\" \/>\n<meta property=\"og:description\" content=\"Il patriarca Avrah\u00e0m visse 175 anni mentre Sara, che era dieci anni pi\u00f9 giovane, mori all\u2019et\u00e0 di 127 anni.&nbsp;R. Shimsh\u00f2n Refa\u00e8l Hirsch&nbsp;(Amburgo, 1808-1888, Francoforte) fa notare che in nessun posto altro che in questa&nbsp;parash\u00e0 viene&nbsp;menzionata l\u2019et\u00e0 di una donna. Egli spiega che le donne non erano coinvolte negli affari della societ\u00e0 e non era essenziale [&hellip;]\" \/>\n<meta property=\"og:url\" content=\"https:\/\/www.shalom.it\/italia\/commento-alla-tora-chaya-sara-le-tre-proprieta-inalienabili-in-eretz-israel-b654501\/\" \/>\n<meta property=\"og:site_name\" content=\"Shalom\" \/>\n<meta property=\"article:published_time\" content=\"2019-11-21T23:00:00+00:00\" \/>\n<meta property=\"article:modified_time\" content=\"2024-05-30T22:22:22+00:00\" \/>\n<meta property=\"og:image\" content=\"https:\/\/www.shalom.it\/wp-content\/uploads\/2021\/08\/74126B18-20F3-4633-A852-D6548B189BF6.jpeg\" \/>\n\t<meta property=\"og:image:width\" content=\"1000\" \/>\n\t<meta property=\"og:image:height\" content=\"563\" \/>\n\t<meta property=\"og:image:type\" content=\"image\/jpeg\" \/>\n<meta name=\"author\" content=\"donatogrosser\" \/>\n<meta name=\"twitter:card\" content=\"summary_large_image\" \/>\n<meta name=\"twitter:label1\" content=\"Scritto da\" \/>\n\t<meta name=\"twitter:data1\" content=\"donatogrosser\" \/>\n\t<meta name=\"twitter:label2\" content=\"Tempo di lettura stimato\" \/>\n\t<meta name=\"twitter:data2\" content=\"3 minuti\" \/>\n<script type=\"application\/ld+json\" class=\"yoast-schema-graph\">{\"@context\":\"https:\/\/schema.org\",\"@graph\":[{\"@type\":\"Article\",\"@id\":\"https:\/\/www.shalom.it\/italia\/commento-alla-tora-chaya-sara-le-tre-proprieta-inalienabili-in-eretz-israel-b654501\/#article\",\"isPartOf\":{\"@id\":\"https:\/\/www.shalom.it\/italia\/commento-alla-tora-chaya-sara-le-tre-proprieta-inalienabili-in-eretz-israel-b654501\/\"},\"author\":{\"name\":\"donatogrosser\",\"@id\":\"https:\/\/www.shalom.it\/#\/schema\/person\/c71ef3000eb80798cdee319b0e8126de\"},\"headline\":\"Commento alla Tor\u00e0. Chay\u00e8 Sara: le tre propriet\u00e0 inalienabili in Eretz Israel\",\"datePublished\":\"2019-11-21T23:00:00+00:00\",\"dateModified\":\"2024-05-30T22:22:22+00:00\",\"mainEntityOfPage\":{\"@id\":\"https:\/\/www.shalom.it\/italia\/commento-alla-tora-chaya-sara-le-tre-proprieta-inalienabili-in-eretz-israel-b654501\/\"},\"wordCount\":664,\"commentCount\":0,\"image\":{\"@id\":\"https:\/\/www.shalom.it\/italia\/commento-alla-tora-chaya-sara-le-tre-proprieta-inalienabili-in-eretz-israel-b654501\/#primaryimage\"},\"thumbnailUrl\":\"https:\/\/www.shalom.it\/wp-content\/uploads\/2021\/08\/74126B18-20F3-4633-A852-D6548B189BF6.jpeg\",\"articleSection\":[\"ITALIA\"],\"inLanguage\":\"it-IT\"},{\"@type\":\"WebPage\",\"@id\":\"https:\/\/www.shalom.it\/italia\/commento-alla-tora-chaya-sara-le-tre-proprieta-inalienabili-in-eretz-israel-b654501\/\",\"url\":\"https:\/\/www.shalom.it\/italia\/commento-alla-tora-chaya-sara-le-tre-proprieta-inalienabili-in-eretz-israel-b654501\/\",\"name\":\"Commento alla Tor\u00e0. Chay\u00e8 Sara: le tre propriet\u00e0 inalienabili in Eretz Israel - Shalom\",\"isPartOf\":{\"@id\":\"https:\/\/www.shalom.it\/#website\"},\"primaryImageOfPage\":{\"@id\":\"https:\/\/www.shalom.it\/italia\/commento-alla-tora-chaya-sara-le-tre-proprieta-inalienabili-in-eretz-israel-b654501\/#primaryimage\"},\"image\":{\"@id\":\"https:\/\/www.shalom.it\/italia\/commento-alla-tora-chaya-sara-le-tre-proprieta-inalienabili-in-eretz-israel-b654501\/#primaryimage\"},\"thumbnailUrl\":\"https:\/\/www.shalom.it\/wp-content\/uploads\/2021\/08\/74126B18-20F3-4633-A852-D6548B189BF6.jpeg\",\"datePublished\":\"2019-11-21T23:00:00+00:00\",\"dateModified\":\"2024-05-30T22:22:22+00:00\",\"author\":{\"@id\":\"https:\/\/www.shalom.it\/#\/schema\/person\/c71ef3000eb80798cdee319b0e8126de\"},\"breadcrumb\":{\"@id\":\"https:\/\/www.shalom.it\/italia\/commento-alla-tora-chaya-sara-le-tre-proprieta-inalienabili-in-eretz-israel-b654501\/#breadcrumb\"},\"inLanguage\":\"it-IT\",\"potentialAction\":[{\"@type\":\"ReadAction\",\"target\":[\"https:\/\/www.shalom.it\/italia\/commento-alla-tora-chaya-sara-le-tre-proprieta-inalienabili-in-eretz-israel-b654501\/\"]}]},{\"@type\":\"ImageObject\",\"inLanguage\":\"it-IT\",\"@id\":\"https:\/\/www.shalom.it\/italia\/commento-alla-tora-chaya-sara-le-tre-proprieta-inalienabili-in-eretz-israel-b654501\/#primaryimage\",\"url\":\"https:\/\/www.shalom.it\/wp-content\/uploads\/2021\/08\/74126B18-20F3-4633-A852-D6548B189BF6.jpeg\",\"contentUrl\":\"https:\/\/www.shalom.it\/wp-content\/uploads\/2021\/08\/74126B18-20F3-4633-A852-D6548B189BF6.jpeg\",\"width\":1000,\"height\":563},{\"@type\":\"BreadcrumbList\",\"@id\":\"https:\/\/www.shalom.it\/italia\/commento-alla-tora-chaya-sara-le-tre-proprieta-inalienabili-in-eretz-israel-b654501\/#breadcrumb\",\"itemListElement\":[{\"@type\":\"ListItem\",\"position\":1,\"name\":\"Home\",\"item\":\"https:\/\/www.shalom.it\/\"},{\"@type\":\"ListItem\",\"position\":2,\"name\":\"Commento alla Tor\u00e0. Chay\u00e8 Sara: le tre propriet\u00e0 inalienabili in Eretz Israel\"}]},{\"@type\":\"WebSite\",\"@id\":\"https:\/\/www.shalom.it\/#website\",\"url\":\"https:\/\/www.shalom.it\/\",\"name\":\"Shalom\",\"description\":\"Il Magazine della comunit\u00e0 ebraica di Roma\",\"potentialAction\":[{\"@type\":\"SearchAction\",\"target\":{\"@type\":\"EntryPoint\",\"urlTemplate\":\"https:\/\/www.shalom.it\/?s={search_term_string}\"},\"query-input\":{\"@type\":\"PropertyValueSpecification\",\"valueRequired\":true,\"valueName\":\"search_term_string\"}}],\"inLanguage\":\"it-IT\"},{\"@type\":\"Person\",\"@id\":\"https:\/\/www.shalom.it\/#\/schema\/person\/c71ef3000eb80798cdee319b0e8126de\",\"name\":\"donatogrosser\",\"url\":\"https:\/\/www.shalom.it\/author\/donatogrosser\/\"}]}<\/script>\n<!-- \/ Yoast SEO plugin. -->","yoast_head_json":{"title":"Commento alla Tor\u00e0. Chay\u00e8 Sara: le tre propriet\u00e0 inalienabili in Eretz Israel - Shalom","robots":{"index":"index","follow":"follow","max-snippet":"max-snippet:-1","max-image-preview":"max-image-preview:large","max-video-preview":"max-video-preview:-1"},"canonical":"https:\/\/www.shalom.it\/italia\/commento-alla-tora-chaya-sara-le-tre-proprieta-inalienabili-in-eretz-israel-b654501\/","og_locale":"it_IT","og_type":"article","og_title":"Commento alla Tor\u00e0. Chay\u00e8 Sara: le tre propriet\u00e0 inalienabili in Eretz Israel - Shalom","og_description":"Il patriarca Avrah\u00e0m visse 175 anni mentre Sara, che era dieci anni pi\u00f9 giovane, mori all\u2019et\u00e0 di 127 anni.&nbsp;R. Shimsh\u00f2n Refa\u00e8l Hirsch&nbsp;(Amburgo, 1808-1888, Francoforte) fa notare che in nessun posto altro che in questa&nbsp;parash\u00e0 viene&nbsp;menzionata l\u2019et\u00e0 di una donna. Egli spiega che le donne non erano coinvolte negli affari della societ\u00e0 e non era essenziale [&hellip;]","og_url":"https:\/\/www.shalom.it\/italia\/commento-alla-tora-chaya-sara-le-tre-proprieta-inalienabili-in-eretz-israel-b654501\/","og_site_name":"Shalom","article_published_time":"2019-11-21T23:00:00+00:00","article_modified_time":"2024-05-30T22:22:22+00:00","og_image":[{"width":1000,"height":563,"url":"https:\/\/www.shalom.it\/wp-content\/uploads\/2021\/08\/74126B18-20F3-4633-A852-D6548B189BF6.jpeg","type":"image\/jpeg"}],"author":"donatogrosser","twitter_card":"summary_large_image","twitter_misc":{"Scritto da":"donatogrosser","Tempo di lettura stimato":"3 minuti"},"schema":{"@context":"https:\/\/schema.org","@graph":[{"@type":"Article","@id":"https:\/\/www.shalom.it\/italia\/commento-alla-tora-chaya-sara-le-tre-proprieta-inalienabili-in-eretz-israel-b654501\/#article","isPartOf":{"@id":"https:\/\/www.shalom.it\/italia\/commento-alla-tora-chaya-sara-le-tre-proprieta-inalienabili-in-eretz-israel-b654501\/"},"author":{"name":"donatogrosser","@id":"https:\/\/www.shalom.it\/#\/schema\/person\/c71ef3000eb80798cdee319b0e8126de"},"headline":"Commento alla Tor\u00e0. Chay\u00e8 Sara: le tre propriet\u00e0 inalienabili in Eretz Israel","datePublished":"2019-11-21T23:00:00+00:00","dateModified":"2024-05-30T22:22:22+00:00","mainEntityOfPage":{"@id":"https:\/\/www.shalom.it\/italia\/commento-alla-tora-chaya-sara-le-tre-proprieta-inalienabili-in-eretz-israel-b654501\/"},"wordCount":664,"commentCount":0,"image":{"@id":"https:\/\/www.shalom.it\/italia\/commento-alla-tora-chaya-sara-le-tre-proprieta-inalienabili-in-eretz-israel-b654501\/#primaryimage"},"thumbnailUrl":"https:\/\/www.shalom.it\/wp-content\/uploads\/2021\/08\/74126B18-20F3-4633-A852-D6548B189BF6.jpeg","articleSection":["ITALIA"],"inLanguage":"it-IT"},{"@type":"WebPage","@id":"https:\/\/www.shalom.it\/italia\/commento-alla-tora-chaya-sara-le-tre-proprieta-inalienabili-in-eretz-israel-b654501\/","url":"https:\/\/www.shalom.it\/italia\/commento-alla-tora-chaya-sara-le-tre-proprieta-inalienabili-in-eretz-israel-b654501\/","name":"Commento alla Tor\u00e0. Chay\u00e8 Sara: le tre propriet\u00e0 inalienabili in Eretz Israel - Shalom","isPartOf":{"@id":"https:\/\/www.shalom.it\/#website"},"primaryImageOfPage":{"@id":"https:\/\/www.shalom.it\/italia\/commento-alla-tora-chaya-sara-le-tre-proprieta-inalienabili-in-eretz-israel-b654501\/#primaryimage"},"image":{"@id":"https:\/\/www.shalom.it\/italia\/commento-alla-tora-chaya-sara-le-tre-proprieta-inalienabili-in-eretz-israel-b654501\/#primaryimage"},"thumbnailUrl":"https:\/\/www.shalom.it\/wp-content\/uploads\/2021\/08\/74126B18-20F3-4633-A852-D6548B189BF6.jpeg","datePublished":"2019-11-21T23:00:00+00:00","dateModified":"2024-05-30T22:22:22+00:00","author":{"@id":"https:\/\/www.shalom.it\/#\/schema\/person\/c71ef3000eb80798cdee319b0e8126de"},"breadcrumb":{"@id":"https:\/\/www.shalom.it\/italia\/commento-alla-tora-chaya-sara-le-tre-proprieta-inalienabili-in-eretz-israel-b654501\/#breadcrumb"},"inLanguage":"it-IT","potentialAction":[{"@type":"ReadAction","target":["https:\/\/www.shalom.it\/italia\/commento-alla-tora-chaya-sara-le-tre-proprieta-inalienabili-in-eretz-israel-b654501\/"]}]},{"@type":"ImageObject","inLanguage":"it-IT","@id":"https:\/\/www.shalom.it\/italia\/commento-alla-tora-chaya-sara-le-tre-proprieta-inalienabili-in-eretz-israel-b654501\/#primaryimage","url":"https:\/\/www.shalom.it\/wp-content\/uploads\/2021\/08\/74126B18-20F3-4633-A852-D6548B189BF6.jpeg","contentUrl":"https:\/\/www.shalom.it\/wp-content\/uploads\/2021\/08\/74126B18-20F3-4633-A852-D6548B189BF6.jpeg","width":1000,"height":563},{"@type":"BreadcrumbList","@id":"https:\/\/www.shalom.it\/italia\/commento-alla-tora-chaya-sara-le-tre-proprieta-inalienabili-in-eretz-israel-b654501\/#breadcrumb","itemListElement":[{"@type":"ListItem","position":1,"name":"Home","item":"https:\/\/www.shalom.it\/"},{"@type":"ListItem","position":2,"name":"Commento alla Tor\u00e0. Chay\u00e8 Sara: le tre propriet\u00e0 inalienabili in Eretz Israel"}]},{"@type":"WebSite","@id":"https:\/\/www.shalom.it\/#website","url":"https:\/\/www.shalom.it\/","name":"Shalom","description":"Il Magazine della comunit\u00e0 ebraica di Roma","potentialAction":[{"@type":"SearchAction","target":{"@type":"EntryPoint","urlTemplate":"https:\/\/www.shalom.it\/?s={search_term_string}"},"query-input":{"@type":"PropertyValueSpecification","valueRequired":true,"valueName":"search_term_string"}}],"inLanguage":"it-IT"},{"@type":"Person","@id":"https:\/\/www.shalom.it\/#\/schema\/person\/c71ef3000eb80798cdee319b0e8126de","name":"donatogrosser","url":"https:\/\/www.shalom.it\/author\/donatogrosser\/"}]}},"jetpack_featured_media_url":"https:\/\/www.shalom.it\/wp-content\/uploads\/2021\/08\/74126B18-20F3-4633-A852-D6548B189BF6.jpeg","jetpack_sharing_enabled":true,"_links":{"self":[{"href":"https:\/\/www.shalom.it\/wp-json\/wp\/v2\/posts\/8373","targetHints":{"allow":["GET"]}}],"collection":[{"href":"https:\/\/www.shalom.it\/wp-json\/wp\/v2\/posts"}],"about":[{"href":"https:\/\/www.shalom.it\/wp-json\/wp\/v2\/types\/post"}],"author":[{"embeddable":true,"href":"https:\/\/www.shalom.it\/wp-json\/wp\/v2\/users\/39"}],"replies":[{"embeddable":true,"href":"https:\/\/www.shalom.it\/wp-json\/wp\/v2\/comments?post=8373"}],"version-history":[{"count":1,"href":"https:\/\/www.shalom.it\/wp-json\/wp\/v2\/posts\/8373\/revisions"}],"predecessor-version":[{"id":11816,"href":"https:\/\/www.shalom.it\/wp-json\/wp\/v2\/posts\/8373\/revisions\/11816"}],"wp:featuredmedia":[{"embeddable":true,"href":"https:\/\/www.shalom.it\/wp-json\/wp\/v2\/media\/8374"}],"wp:attachment":[{"href":"https:\/\/www.shalom.it\/wp-json\/wp\/v2\/media?parent=8373"}],"wp:term":[{"taxonomy":"category","embeddable":true,"href":"https:\/\/www.shalom.it\/wp-json\/wp\/v2\/categories?post=8373"},{"taxonomy":"post_tag","embeddable":true,"href":"https:\/\/www.shalom.it\/wp-json\/wp\/v2\/tags?post=8373"}],"curies":[{"name":"wp","href":"https:\/\/api.w.org\/{rel}","templated":true}]}}