{"id":81428,"date":"2024-04-07T07:30:25","date_gmt":"2024-04-07T05:30:25","guid":{"rendered":"https:\/\/www.shalom.it\/?p=81428"},"modified":"2024-04-06T22:27:22","modified_gmt":"2024-04-06T20:27:22","slug":"ritrovato-il-testo-di-un-soldato-israeliano-fatto-prigioniero-nel-1948","status":"publish","type":"post","link":"https:\/\/www.shalom.it\/news\/ritrovato-il-testo-di-un-soldato-israeliano-fatto-prigioniero-nel-1948\/","title":{"rendered":"Ritrovato il testo di un soldato israeliano fatto prigioniero nel 1948"},"content":{"rendered":"<p>Un testo ritrovato nella Biblioteca Nazionale d\u2019Israele ha recentemente portato alla luce la storia di Aharon Liron, un giovane soldato catturato dalla Legione Araba durante la battaglia per la Citt\u00e0 Vecchia di Gerusalemme nel 1948. Liron \u00e8 stato in grado di documentare le sue esperienze mentre assisteva alla caduta del quartiere ebraico.<br \/>\nGerusalemme ha molti nomi che si possono ritrovare in numerosi libri. Digitando infatti la parola &#8220;Gerusalemme&#8221; nella barra di ricerca sul sito web della Biblioteca Nazionale di Israele, vengono fuori oltre un milione di risultati. Da qualche parte tra loro, c\u2019\u00e8 un piccolo opuscolo intitolato &#8220;Gerusalemme ha peccato&#8221; (\u05d7\u05d8\u05d0 \u05d7\u05d8\u05d0\u05d4 \u05d9\u05e8\u05d5\u05e9\u05dc\u05d9\u05dd), contenente un manoscritto che descrive, in rari e commoventi dettagli, le battaglie per la Citt\u00e0 Vecchia durante la guerra d&#8217;indipendenza d\u2019Israele. Gli scritti descrivono inoltre la prima notte in cattivit\u00e0 del soldato dell\u2019Haganah Aharon Liron, dopo la sua cattura da parte della Legione Araba, quando riusc\u00ec a conquistare il quartiere ebraico.<br \/>\nIl defunto Aharon Liron fu catturato da Abdullah al-Tall (a volte scritto el-Tell), il comandante della Legione araba a Gerusalemme, dopo che i difensori del quartiere ebraico si arresero il 28 maggio 1948. Un plotone della Legione araba entr\u00f2 nel Quartiere alle cinque del pomeriggio, per accertarsi della resa degli ebrei. Aharon venne ferito durante i combattimenti. Mentre i soldati non feriti furono trasferiti dal quartiere a &#8220;The Kishle&#8221; (la vecchia stazione di polizia ottomana, costruita sulle rovine del palazzo di re Erode), i residenti del quartiere furono trasferiti nell&#8217;area della Porta di Sion. Li avrebbero dovuto consegnare al Palmach. Aharon rimase con il resto dei soldati feriti a &#8220;Batei Mahse&#8221;, un complesso di appartamenti del XIX secolo nel quartiere ebraico. Liron si trov\u00f2 \u201cin una lunga struttura, parallela al muro della Citt\u00e0 Vecchia. Le camere e l&#8217;ingresso dell&#8217;edificio fungevano da ospedale\u201d scriveva il soldato.<br \/>\nCon i ricordi ancora freschi, Aharon si sedette e scrisse tutto ci\u00f2 che ricordava dalla sua prima notte di prigionia nella Citt\u00e0 Vecchia, con dettagli estremamente vividi: \u201cGli ultimi raggi di sole sono sbiaditi sui tetti di tegole rosse. Le pareti, grigie con l&#8217;et\u00e0, sono avvolte nell&#8217;oscurit\u00e0 &#8211; scriveva Liron &#8211; I pilastri che sostengono gli archi di pietra gettano le loro ombre sul lungo ingresso di &#8220;Batei Mahse&#8221; nella Vecchia Gerusalemme, e all&#8217;ombra dei suoi archi, scendendo e fondendosi con le pareti, ci siamo sdraiati su materassi abbandonati, a destra e a sinistra, decine di soldati feriti\u201d.<br \/>\nQuando apr\u00ec gli occhi e guard\u00f2 fuori, si ricord\u00f2 che la prima cosa che vide fu il saccheggio che stava avvenendo nelle case ebraiche lungo la strada, e come i soldati chiedevano che i loro rapitori facessero qualcosa al riguardo. Fu in quel momento che si rese conto che la Citt\u00e0 Vecchia era caduta: \u201cIn primo luogo, protestammo davanti ai nostri rapitori. Vista per\u00f2 la loro indifferenza, subito capimmo che dovevamo accettare il fatto che le case non erano pi\u00f9 le nostre\u201d.<br \/>\n\u201cDopo di che, un silenzio cadde sulla stanza, permettendo ai suoni di colpi di pistola e di proiettili di insinuarsi tra i combattimenti che erano ancora in corso in lontananza. Le infermiere, con le loro uniformi bianche incontaminate, entrarono nelle stanze\u201d.<br \/>\nAharon, che era stato ferito durante la battaglia, fu portato dal quartiere ebraico alla scuola armena. Successivamente lui e il resto dei prigionieri furono portati fuori dalla citt\u00e0 attraverso la Porta dei Leoni e messi su un convoglio che li avrebbe portati ad Amman e poi in un campo di detenzione in Giordania. Aharon Liron fu prigioniero di guerra in Giordania per circa nove mesi. Fu rilasciato il 3 marzo 1949. Dopo essere stato liberato, ha lavorato per anni nel campo dell\u2019educazione. Ha scritto numerosi libri sulle battaglie per Gerusalemme nel 1948; mor\u00ec nel 2010. A donare le sue memorie alla Biblioteca Nazionale, sono state la sua vedova Sarah e la figlia Yardena<\/p>\n","protected":false},"excerpt":{"rendered":"<p>Un testo ritrovato nella Biblioteca Nazionale d\u2019Israele ha recentemente portato alla luce la storia di Aharon Liron, un giovane soldato catturato dalla Legione Araba durante la battaglia per la Citt\u00e0 Vecchia di Gerusalemme nel 1948. Liron \u00e8 stato in grado di documentare le sue esperienze mentre assisteva alla caduta del quartiere ebraico. Gerusalemme ha molti [&hellip;]<\/p>\n","protected":false},"author":89,"featured_media":81429,"comment_status":"closed","ping_status":"closed","sticky":false,"template":"","format":"standard","meta":{"_acf_changed":false,"_jetpack_memberships_contains_paid_content":false,"footnotes":""},"categories":[13],"tags":[],"class_list":["post-81428","post","type-post","status-publish","format-standard","has-post-thumbnail","hentry","category-news"],"acf":[],"yoast_head":"<!-- This site is optimized with the Yoast SEO plugin v26.9 - https:\/\/yoast.com\/product\/yoast-seo-wordpress\/ -->\n<title>Ritrovato il testo di un soldato israeliano fatto prigioniero nel 1948 - Shalom<\/title>\n<meta name=\"robots\" content=\"index, follow, max-snippet:-1, max-image-preview:large, max-video-preview:-1\" \/>\n<link rel=\"canonical\" href=\"https:\/\/www.shalom.it\/news\/ritrovato-il-testo-di-un-soldato-israeliano-fatto-prigioniero-nel-1948\/\" \/>\n<meta property=\"og:locale\" content=\"it_IT\" \/>\n<meta property=\"og:type\" content=\"article\" \/>\n<meta property=\"og:title\" content=\"Ritrovato il testo di un soldato israeliano fatto prigioniero nel 1948 - Shalom\" \/>\n<meta property=\"og:description\" content=\"Un testo ritrovato nella Biblioteca Nazionale d\u2019Israele ha recentemente portato alla luce la storia di Aharon Liron, un giovane soldato catturato dalla Legione Araba durante la battaglia per la Citt\u00e0 Vecchia di Gerusalemme nel 1948. Liron \u00e8 stato in grado di documentare le sue esperienze mentre assisteva alla caduta del quartiere ebraico. Gerusalemme ha molti [&hellip;]\" \/>\n<meta property=\"og:url\" content=\"https:\/\/www.shalom.it\/news\/ritrovato-il-testo-di-un-soldato-israeliano-fatto-prigioniero-nel-1948\/\" \/>\n<meta property=\"og:site_name\" content=\"Shalom\" \/>\n<meta property=\"article:published_time\" content=\"2024-04-07T05:30:25+00:00\" \/>\n<meta property=\"og:image\" content=\"https:\/\/www.shalom.it\/wp-content\/uploads\/2024\/04\/Guerra-1948.jpeg\" \/>\n\t<meta property=\"og:image:width\" content=\"1920\" \/>\n\t<meta property=\"og:image:height\" content=\"1080\" \/>\n\t<meta property=\"og:image:type\" content=\"image\/jpeg\" \/>\n<meta name=\"author\" content=\"Michelle Zarfati\" \/>\n<meta name=\"twitter:card\" content=\"summary_large_image\" \/>\n<meta name=\"twitter:label1\" content=\"Scritto da\" \/>\n\t<meta name=\"twitter:data1\" content=\"Michelle Zarfati\" \/>\n\t<meta name=\"twitter:label2\" content=\"Tempo di lettura stimato\" \/>\n\t<meta name=\"twitter:data2\" content=\"4 minuti\" \/>\n<script type=\"application\/ld+json\" class=\"yoast-schema-graph\">{\"@context\":\"https:\/\/schema.org\",\"@graph\":[{\"@type\":\"Article\",\"@id\":\"https:\/\/www.shalom.it\/news\/ritrovato-il-testo-di-un-soldato-israeliano-fatto-prigioniero-nel-1948\/#article\",\"isPartOf\":{\"@id\":\"https:\/\/www.shalom.it\/news\/ritrovato-il-testo-di-un-soldato-israeliano-fatto-prigioniero-nel-1948\/\"},\"author\":{\"name\":\"Michelle Zarfati\",\"@id\":\"https:\/\/www.shalom.it\/#\/schema\/person\/d9f18de0c8e16f0e7113889b42fd88c0\"},\"headline\":\"Ritrovato il testo di un soldato israeliano fatto prigioniero nel 1948\",\"datePublished\":\"2024-04-07T05:30:25+00:00\",\"mainEntityOfPage\":{\"@id\":\"https:\/\/www.shalom.it\/news\/ritrovato-il-testo-di-un-soldato-israeliano-fatto-prigioniero-nel-1948\/\"},\"wordCount\":643,\"image\":{\"@id\":\"https:\/\/www.shalom.it\/news\/ritrovato-il-testo-di-un-soldato-israeliano-fatto-prigioniero-nel-1948\/#primaryimage\"},\"thumbnailUrl\":\"https:\/\/www.shalom.it\/wp-content\/uploads\/2024\/04\/Guerra-1948.jpeg\",\"articleSection\":[\"NEWS\"],\"inLanguage\":\"it-IT\"},{\"@type\":\"WebPage\",\"@id\":\"https:\/\/www.shalom.it\/news\/ritrovato-il-testo-di-un-soldato-israeliano-fatto-prigioniero-nel-1948\/\",\"url\":\"https:\/\/www.shalom.it\/news\/ritrovato-il-testo-di-un-soldato-israeliano-fatto-prigioniero-nel-1948\/\",\"name\":\"Ritrovato il testo di un soldato israeliano fatto prigioniero nel 1948 - Shalom\",\"isPartOf\":{\"@id\":\"https:\/\/www.shalom.it\/#website\"},\"primaryImageOfPage\":{\"@id\":\"https:\/\/www.shalom.it\/news\/ritrovato-il-testo-di-un-soldato-israeliano-fatto-prigioniero-nel-1948\/#primaryimage\"},\"image\":{\"@id\":\"https:\/\/www.shalom.it\/news\/ritrovato-il-testo-di-un-soldato-israeliano-fatto-prigioniero-nel-1948\/#primaryimage\"},\"thumbnailUrl\":\"https:\/\/www.shalom.it\/wp-content\/uploads\/2024\/04\/Guerra-1948.jpeg\",\"datePublished\":\"2024-04-07T05:30:25+00:00\",\"author\":{\"@id\":\"https:\/\/www.shalom.it\/#\/schema\/person\/d9f18de0c8e16f0e7113889b42fd88c0\"},\"breadcrumb\":{\"@id\":\"https:\/\/www.shalom.it\/news\/ritrovato-il-testo-di-un-soldato-israeliano-fatto-prigioniero-nel-1948\/#breadcrumb\"},\"inLanguage\":\"it-IT\",\"potentialAction\":[{\"@type\":\"ReadAction\",\"target\":[\"https:\/\/www.shalom.it\/news\/ritrovato-il-testo-di-un-soldato-israeliano-fatto-prigioniero-nel-1948\/\"]}]},{\"@type\":\"ImageObject\",\"inLanguage\":\"it-IT\",\"@id\":\"https:\/\/www.shalom.it\/news\/ritrovato-il-testo-di-un-soldato-israeliano-fatto-prigioniero-nel-1948\/#primaryimage\",\"url\":\"https:\/\/www.shalom.it\/wp-content\/uploads\/2024\/04\/Guerra-1948.jpeg\",\"contentUrl\":\"https:\/\/www.shalom.it\/wp-content\/uploads\/2024\/04\/Guerra-1948.jpeg\",\"width\":1920,\"height\":1080,\"caption\":\"xr:d:DAF6c8v6qyo:102,j:6278441934390072665,t:24040620\"},{\"@type\":\"BreadcrumbList\",\"@id\":\"https:\/\/www.shalom.it\/news\/ritrovato-il-testo-di-un-soldato-israeliano-fatto-prigioniero-nel-1948\/#breadcrumb\",\"itemListElement\":[{\"@type\":\"ListItem\",\"position\":1,\"name\":\"Home\",\"item\":\"https:\/\/www.shalom.it\/\"},{\"@type\":\"ListItem\",\"position\":2,\"name\":\"Ritrovato il testo di un soldato israeliano fatto prigioniero nel 1948\"}]},{\"@type\":\"WebSite\",\"@id\":\"https:\/\/www.shalom.it\/#website\",\"url\":\"https:\/\/www.shalom.it\/\",\"name\":\"Shalom\",\"description\":\"Il Magazine della comunit\u00e0 ebraica di Roma\",\"potentialAction\":[{\"@type\":\"SearchAction\",\"target\":{\"@type\":\"EntryPoint\",\"urlTemplate\":\"https:\/\/www.shalom.it\/?s={search_term_string}\"},\"query-input\":{\"@type\":\"PropertyValueSpecification\",\"valueRequired\":true,\"valueName\":\"search_term_string\"}}],\"inLanguage\":\"it-IT\"},{\"@type\":\"Person\",\"@id\":\"https:\/\/www.shalom.it\/#\/schema\/person\/d9f18de0c8e16f0e7113889b42fd88c0\",\"name\":\"Michelle Zarfati\",\"url\":\"https:\/\/www.shalom.it\/author\/michellezarfati\/\"}]}<\/script>\n<!-- \/ Yoast SEO plugin. -->","yoast_head_json":{"title":"Ritrovato il testo di un soldato israeliano fatto prigioniero nel 1948 - Shalom","robots":{"index":"index","follow":"follow","max-snippet":"max-snippet:-1","max-image-preview":"max-image-preview:large","max-video-preview":"max-video-preview:-1"},"canonical":"https:\/\/www.shalom.it\/news\/ritrovato-il-testo-di-un-soldato-israeliano-fatto-prigioniero-nel-1948\/","og_locale":"it_IT","og_type":"article","og_title":"Ritrovato il testo di un soldato israeliano fatto prigioniero nel 1948 - Shalom","og_description":"Un testo ritrovato nella Biblioteca Nazionale d\u2019Israele ha recentemente portato alla luce la storia di Aharon Liron, un giovane soldato catturato dalla Legione Araba durante la battaglia per la Citt\u00e0 Vecchia di Gerusalemme nel 1948. Liron \u00e8 stato in grado di documentare le sue esperienze mentre assisteva alla caduta del quartiere ebraico. Gerusalemme ha molti [&hellip;]","og_url":"https:\/\/www.shalom.it\/news\/ritrovato-il-testo-di-un-soldato-israeliano-fatto-prigioniero-nel-1948\/","og_site_name":"Shalom","article_published_time":"2024-04-07T05:30:25+00:00","og_image":[{"width":1920,"height":1080,"url":"https:\/\/www.shalom.it\/wp-content\/uploads\/2024\/04\/Guerra-1948.jpeg","type":"image\/jpeg"}],"author":"Michelle Zarfati","twitter_card":"summary_large_image","twitter_misc":{"Scritto da":"Michelle Zarfati","Tempo di lettura stimato":"4 minuti"},"schema":{"@context":"https:\/\/schema.org","@graph":[{"@type":"Article","@id":"https:\/\/www.shalom.it\/news\/ritrovato-il-testo-di-un-soldato-israeliano-fatto-prigioniero-nel-1948\/#article","isPartOf":{"@id":"https:\/\/www.shalom.it\/news\/ritrovato-il-testo-di-un-soldato-israeliano-fatto-prigioniero-nel-1948\/"},"author":{"name":"Michelle Zarfati","@id":"https:\/\/www.shalom.it\/#\/schema\/person\/d9f18de0c8e16f0e7113889b42fd88c0"},"headline":"Ritrovato il testo di un soldato israeliano fatto prigioniero nel 1948","datePublished":"2024-04-07T05:30:25+00:00","mainEntityOfPage":{"@id":"https:\/\/www.shalom.it\/news\/ritrovato-il-testo-di-un-soldato-israeliano-fatto-prigioniero-nel-1948\/"},"wordCount":643,"image":{"@id":"https:\/\/www.shalom.it\/news\/ritrovato-il-testo-di-un-soldato-israeliano-fatto-prigioniero-nel-1948\/#primaryimage"},"thumbnailUrl":"https:\/\/www.shalom.it\/wp-content\/uploads\/2024\/04\/Guerra-1948.jpeg","articleSection":["NEWS"],"inLanguage":"it-IT"},{"@type":"WebPage","@id":"https:\/\/www.shalom.it\/news\/ritrovato-il-testo-di-un-soldato-israeliano-fatto-prigioniero-nel-1948\/","url":"https:\/\/www.shalom.it\/news\/ritrovato-il-testo-di-un-soldato-israeliano-fatto-prigioniero-nel-1948\/","name":"Ritrovato il testo di un soldato israeliano fatto prigioniero nel 1948 - Shalom","isPartOf":{"@id":"https:\/\/www.shalom.it\/#website"},"primaryImageOfPage":{"@id":"https:\/\/www.shalom.it\/news\/ritrovato-il-testo-di-un-soldato-israeliano-fatto-prigioniero-nel-1948\/#primaryimage"},"image":{"@id":"https:\/\/www.shalom.it\/news\/ritrovato-il-testo-di-un-soldato-israeliano-fatto-prigioniero-nel-1948\/#primaryimage"},"thumbnailUrl":"https:\/\/www.shalom.it\/wp-content\/uploads\/2024\/04\/Guerra-1948.jpeg","datePublished":"2024-04-07T05:30:25+00:00","author":{"@id":"https:\/\/www.shalom.it\/#\/schema\/person\/d9f18de0c8e16f0e7113889b42fd88c0"},"breadcrumb":{"@id":"https:\/\/www.shalom.it\/news\/ritrovato-il-testo-di-un-soldato-israeliano-fatto-prigioniero-nel-1948\/#breadcrumb"},"inLanguage":"it-IT","potentialAction":[{"@type":"ReadAction","target":["https:\/\/www.shalom.it\/news\/ritrovato-il-testo-di-un-soldato-israeliano-fatto-prigioniero-nel-1948\/"]}]},{"@type":"ImageObject","inLanguage":"it-IT","@id":"https:\/\/www.shalom.it\/news\/ritrovato-il-testo-di-un-soldato-israeliano-fatto-prigioniero-nel-1948\/#primaryimage","url":"https:\/\/www.shalom.it\/wp-content\/uploads\/2024\/04\/Guerra-1948.jpeg","contentUrl":"https:\/\/www.shalom.it\/wp-content\/uploads\/2024\/04\/Guerra-1948.jpeg","width":1920,"height":1080,"caption":"xr:d:DAF6c8v6qyo:102,j:6278441934390072665,t:24040620"},{"@type":"BreadcrumbList","@id":"https:\/\/www.shalom.it\/news\/ritrovato-il-testo-di-un-soldato-israeliano-fatto-prigioniero-nel-1948\/#breadcrumb","itemListElement":[{"@type":"ListItem","position":1,"name":"Home","item":"https:\/\/www.shalom.it\/"},{"@type":"ListItem","position":2,"name":"Ritrovato il testo di un soldato israeliano fatto prigioniero nel 1948"}]},{"@type":"WebSite","@id":"https:\/\/www.shalom.it\/#website","url":"https:\/\/www.shalom.it\/","name":"Shalom","description":"Il Magazine della comunit\u00e0 ebraica di Roma","potentialAction":[{"@type":"SearchAction","target":{"@type":"EntryPoint","urlTemplate":"https:\/\/www.shalom.it\/?s={search_term_string}"},"query-input":{"@type":"PropertyValueSpecification","valueRequired":true,"valueName":"search_term_string"}}],"inLanguage":"it-IT"},{"@type":"Person","@id":"https:\/\/www.shalom.it\/#\/schema\/person\/d9f18de0c8e16f0e7113889b42fd88c0","name":"Michelle Zarfati","url":"https:\/\/www.shalom.it\/author\/michellezarfati\/"}]}},"jetpack_featured_media_url":"https:\/\/www.shalom.it\/wp-content\/uploads\/2024\/04\/Guerra-1948.jpeg","jetpack_sharing_enabled":true,"_links":{"self":[{"href":"https:\/\/www.shalom.it\/wp-json\/wp\/v2\/posts\/81428","targetHints":{"allow":["GET"]}}],"collection":[{"href":"https:\/\/www.shalom.it\/wp-json\/wp\/v2\/posts"}],"about":[{"href":"https:\/\/www.shalom.it\/wp-json\/wp\/v2\/types\/post"}],"author":[{"embeddable":true,"href":"https:\/\/www.shalom.it\/wp-json\/wp\/v2\/users\/89"}],"replies":[{"embeddable":true,"href":"https:\/\/www.shalom.it\/wp-json\/wp\/v2\/comments?post=81428"}],"version-history":[{"count":1,"href":"https:\/\/www.shalom.it\/wp-json\/wp\/v2\/posts\/81428\/revisions"}],"predecessor-version":[{"id":81430,"href":"https:\/\/www.shalom.it\/wp-json\/wp\/v2\/posts\/81428\/revisions\/81430"}],"wp:featuredmedia":[{"embeddable":true,"href":"https:\/\/www.shalom.it\/wp-json\/wp\/v2\/media\/81429"}],"wp:attachment":[{"href":"https:\/\/www.shalom.it\/wp-json\/wp\/v2\/media?parent=81428"}],"wp:term":[{"taxonomy":"category","embeddable":true,"href":"https:\/\/www.shalom.it\/wp-json\/wp\/v2\/categories?post=81428"},{"taxonomy":"post_tag","embeddable":true,"href":"https:\/\/www.shalom.it\/wp-json\/wp\/v2\/tags?post=81428"}],"curies":[{"name":"wp","href":"https:\/\/api.w.org\/{rel}","templated":true}]}}