{"id":79712,"date":"2024-02-11T04:30:30","date_gmt":"2024-02-11T03:30:30","guid":{"rendered":"https:\/\/www.shalom.it\/?p=79712"},"modified":"2024-02-11T22:55:30","modified_gmt":"2024-02-11T21:55:30","slug":"osservatorio-antisemitismo-454-atti-antisemiti-nel-2023-quasi-il-doppio-rispetto-al-2022","status":"publish","type":"post","link":"https:\/\/www.shalom.it\/news\/osservatorio-antisemitismo-454-atti-antisemiti-nel-2023-quasi-il-doppio-rispetto-al-2022\/","title":{"rendered":"Osservatorio Antisemitismo: 454 atti antisemiti nel 2023, quasi il doppio rispetto al 2022"},"content":{"rendered":"<p>Nell\u2019ultimo anno si \u00e8 registrato un netto aumento degli atti di antisemitismo rispetto al passato. A seguito di 923 segnalazioni, sono 454 gli episodi individuati nell\u2019ultimo anno: 259 in rete, 195 offline, tra cui un\u2019aggressione e 40 casi di minacce. Quasi il doppio rispetto ai 241 del 2022. Questo \u00e8 quanto emerge dalla Relazione annuale su atti e discorsi antisemiti in Italia pubblicata dall\u2019Osservatorio Antisemitismo, dipartimento della Fondazione Centro di Documentazione Ebraica Contemporanea &#8211; CDEC, che monitora quotidianamente l\u2019antisemitismo nelle sue molteplici manifestazioni.<br \/>\nCome viene specificato nel rapporto, \u201cnegli ultimi anni l\u2019antisemitismo \u00e8 cresciuto a livello mondiale anche a causa della crisi economica, dal complottismo, dell\u2019incertezza, della globalizzazione come minaccia identitaria, della frustrazione sociale. Ma oggi soprattutto \u00e8 amplificato dalla guerra Israele\/Hamas\u201d. Infatti, pi\u00f9 della met\u00e0 degli episodi registrati dall\u2019Osservatorio, 216 sono avvenuti tra ottobre e dicembre. Secondo il CDEC, dopo l\u2019attacco di Hamas del 7 ottobre si \u00e8 ritornati ad \u201cun\u2019atmosfera simile a quella del 1982 durante la prima guerra del Libano\u201d, quando in Italia si verific\u00f2 la pi\u00f9 grave ondata di antisemitismo dalla fine della Seconda guerra mondiale. Quel periodo culmin\u00f2 nella bomba collocata e fatta esplodere negli uffici della Fondazione CDEC e nell\u2019attentato alla Sinagoga di Roma del 9 ottobre. \u201cSi registra una comune degenerazione dei linguaggi\u201d sottolinea inoltre l\u2019Osservatorio.<br \/>\nLa relazione analizza anche quali sono gli eventi scatenanti di atti e discorsi antisemiti. Ci\u00f2 avviene soprattutto quando ebrei e\/o enti ebraici sono al centro dell\u2019attenzione mediatica, indipendentemente da ci\u00f2 che fanno. L\u2019Osservatorio divide gli eventi in due gruppi: macro eventi (come la guerra in Ucraina o il conflitto tra Hamas ed Israele) o eventi limitati (spesso legati al web). \u201cAnche le feste ebraiche offrono l\u2019occasione per interventi aggressivi nel cyberspazio\u201d sottolinea l\u2019ente ebraico. La principale matrice ideologica dell\u2019antisemitismo in Italia continua ad essere quella afferente all\u2019estrema destra &#8211; si legge nella Relazione &#8211; anche se gli ultimi tre mesi hanno visto un fortissimo aumento dell\u2019antisemitismo legato ad Israele e di tematiche antigiudaiche tradizionali.<br \/>\nLa ricerca fatta dall\u2019Osservatorio Antisemitismo si \u00e8 focalizzata sugli episodi di antisemitismo dopo il 7 ottobre, che sono stati analizzati attentamente, arrivando alla conclusione che \u201cgli eventi che coinvolgono Israele originano sempre da un antisemitismo sanguinario che recupera (anche da parte di laici) stilemi antigiudaici rimodellati sulla realt\u00e0 \u2018sionista\u2019, ma era dal 1982 che non si raggiungevano tali vertici di compiaciuta efferatezza\u201d.<br \/>\nCi\u00f2 che emerge sono \u201cdue inquietanti indicazioni\u201d, come spiega l\u2019Osservatorio: da un lato il forte radicamento dell\u2019immaginario antisemitico coi suoi tetri miti di accusa (dal deicidio al cannibalismo rituale), pronti ad attivarsi \u2013 con rinnovata violenza \u2013 quando Israele \u00e8 coinvolto, e d\u2019altro canto la debolezza delle strutture che, negli ultimi decenni, sono state ideate con l\u2019intento di contrastare l\u2019antisemitismo. \u201cVentitr\u00e9 anni di Giorno della Memoria e di iniziative UE e di enti internazionali stanno mostrando tutta la loro fragilit\u00e0: basta poco perch\u00e9 queste difese crollino, permettendo ai pregiudizi antiebraici di riemergere\u201d viene sottolineato nel report.<br \/>\nRispetto agli anni passati, nell\u2019ultima Relazione \u00e8 stata dedicata una sezione interamente ai giovani. Infatti, come viene spiegato nella ricerca, dal 7 ottobre, \u201cl&#8217;Osservatorio ha ricevuto diverse segnalazioni di incidenti antisemiti in cui le vittime sono giovani ebrei, oltre al generale ambiente ostile che i giovani ebrei e israeliani devono affrontare nelle scuole e nelle universit\u00e0\u201d. Questi incidenti vanno da offese\/ostilit\u00e0 contro gli ebrei a minacce, sia online che offline. In particolare \u00e8 stato sottolineato il ruolo dell\u2019Unione Giovani Ebrei d\u2019Italia (UGEI) nella segnalazione degli episodi di antisemitismo e che si \u00e8 messa in contatto con gli studenti italiani e stranieri bisognosi di assistenza. Tra ottobre e novembre sono stati condotti in Italia due sondaggi tra i giovani ebrei, uno incentrato sugli studenti israeliani, realizzato da una studentessa, e uno sugli studenti ebrei in generale, realizzato da UGEI. A quest\u2019ultimo hanno partecipato 234 giovani ebrei in meno di 24 ore. Tra i risultati pi\u00f9 significativi, citati dall\u2019Osservatorio sul cambiamento delle abitudini. \u201cL&#8217;86% degli intervistati ha cambiato alcune o molte abitudini per sentirsi pi\u00f9 sicuro\u201d si legge nella ricerca.<\/p>\n","protected":false},"excerpt":{"rendered":"<p>Nell\u2019ultimo anno si \u00e8 registrato un netto aumento degli atti di antisemitismo rispetto al passato. A seguito di 923 segnalazioni, sono 454 gli episodi individuati nell\u2019ultimo anno: 259 in rete, 195 offline, tra cui un\u2019aggressione e 40 casi di minacce. Quasi il doppio rispetto ai 241 del 2022. Questo \u00e8 quanto emerge dalla Relazione annuale [&hellip;]<\/p>\n","protected":false},"author":3,"featured_media":79713,"comment_status":"closed","ping_status":"closed","sticky":false,"template":"","format":"standard","meta":{"_acf_changed":false,"_jetpack_memberships_contains_paid_content":false,"footnotes":""},"categories":[13],"tags":[],"class_list":["post-79712","post","type-post","status-publish","format-standard","has-post-thumbnail","hentry","category-news"],"acf":[],"yoast_head":"<!-- This site is optimized with the Yoast SEO plugin v26.9 - https:\/\/yoast.com\/product\/yoast-seo-wordpress\/ -->\n<title>Osservatorio Antisemitismo: 454 atti antisemiti nel 2023, quasi il doppio rispetto al 2022 - Shalom<\/title>\n<meta name=\"robots\" content=\"index, follow, max-snippet:-1, max-image-preview:large, max-video-preview:-1\" \/>\n<link rel=\"canonical\" href=\"https:\/\/www.shalom.it\/news\/osservatorio-antisemitismo-454-atti-antisemiti-nel-2023-quasi-il-doppio-rispetto-al-2022\/\" \/>\n<meta property=\"og:locale\" content=\"it_IT\" \/>\n<meta property=\"og:type\" content=\"article\" \/>\n<meta property=\"og:title\" content=\"Osservatorio Antisemitismo: 454 atti antisemiti nel 2023, quasi il doppio rispetto al 2022 - Shalom\" \/>\n<meta property=\"og:description\" content=\"Nell\u2019ultimo anno si \u00e8 registrato un netto aumento degli atti di antisemitismo rispetto al passato. A seguito di 923 segnalazioni, sono 454 gli episodi individuati nell\u2019ultimo anno: 259 in rete, 195 offline, tra cui un\u2019aggressione e 40 casi di minacce. Quasi il doppio rispetto ai 241 del 2022. Questo \u00e8 quanto emerge dalla Relazione annuale [&hellip;]\" \/>\n<meta property=\"og:url\" content=\"https:\/\/www.shalom.it\/news\/osservatorio-antisemitismo-454-atti-antisemiti-nel-2023-quasi-il-doppio-rispetto-al-2022\/\" \/>\n<meta property=\"og:site_name\" content=\"Shalom\" \/>\n<meta property=\"article:published_time\" content=\"2024-02-11T03:30:30+00:00\" \/>\n<meta property=\"article:modified_time\" content=\"2024-02-11T21:55:30+00:00\" \/>\n<meta property=\"og:image\" content=\"https:\/\/www.shalom.it\/wp-content\/uploads\/2024\/02\/rapporto.png\" \/>\n\t<meta property=\"og:image:width\" content=\"906\" \/>\n\t<meta property=\"og:image:height\" content=\"750\" \/>\n\t<meta property=\"og:image:type\" content=\"image\/png\" \/>\n<meta name=\"author\" content=\"Redazione\" \/>\n<meta name=\"twitter:card\" content=\"summary_large_image\" \/>\n<meta name=\"twitter:label1\" content=\"Scritto da\" \/>\n\t<meta name=\"twitter:data1\" content=\"Redazione\" \/>\n\t<meta name=\"twitter:label2\" content=\"Tempo di lettura stimato\" \/>\n\t<meta name=\"twitter:data2\" content=\"4 minuti\" \/>\n<script type=\"application\/ld+json\" class=\"yoast-schema-graph\">{\"@context\":\"https:\/\/schema.org\",\"@graph\":[{\"@type\":\"Article\",\"@id\":\"https:\/\/www.shalom.it\/news\/osservatorio-antisemitismo-454-atti-antisemiti-nel-2023-quasi-il-doppio-rispetto-al-2022\/#article\",\"isPartOf\":{\"@id\":\"https:\/\/www.shalom.it\/news\/osservatorio-antisemitismo-454-atti-antisemiti-nel-2023-quasi-il-doppio-rispetto-al-2022\/\"},\"author\":{\"name\":\"Redazione\",\"@id\":\"https:\/\/www.shalom.it\/#\/schema\/person\/d6d60e821a49d2a420ffe01f7af79dd8\"},\"headline\":\"Osservatorio Antisemitismo: 454 atti antisemiti nel 2023, quasi il doppio rispetto al 2022\",\"datePublished\":\"2024-02-11T03:30:30+00:00\",\"dateModified\":\"2024-02-11T21:55:30+00:00\",\"mainEntityOfPage\":{\"@id\":\"https:\/\/www.shalom.it\/news\/osservatorio-antisemitismo-454-atti-antisemiti-nel-2023-quasi-il-doppio-rispetto-al-2022\/\"},\"wordCount\":679,\"image\":{\"@id\":\"https:\/\/www.shalom.it\/news\/osservatorio-antisemitismo-454-atti-antisemiti-nel-2023-quasi-il-doppio-rispetto-al-2022\/#primaryimage\"},\"thumbnailUrl\":\"https:\/\/www.shalom.it\/wp-content\/uploads\/2024\/02\/rapporto.png\",\"articleSection\":[\"NEWS\"],\"inLanguage\":\"it-IT\"},{\"@type\":\"WebPage\",\"@id\":\"https:\/\/www.shalom.it\/news\/osservatorio-antisemitismo-454-atti-antisemiti-nel-2023-quasi-il-doppio-rispetto-al-2022\/\",\"url\":\"https:\/\/www.shalom.it\/news\/osservatorio-antisemitismo-454-atti-antisemiti-nel-2023-quasi-il-doppio-rispetto-al-2022\/\",\"name\":\"Osservatorio Antisemitismo: 454 atti antisemiti nel 2023, quasi il doppio rispetto al 2022 - Shalom\",\"isPartOf\":{\"@id\":\"https:\/\/www.shalom.it\/#website\"},\"primaryImageOfPage\":{\"@id\":\"https:\/\/www.shalom.it\/news\/osservatorio-antisemitismo-454-atti-antisemiti-nel-2023-quasi-il-doppio-rispetto-al-2022\/#primaryimage\"},\"image\":{\"@id\":\"https:\/\/www.shalom.it\/news\/osservatorio-antisemitismo-454-atti-antisemiti-nel-2023-quasi-il-doppio-rispetto-al-2022\/#primaryimage\"},\"thumbnailUrl\":\"https:\/\/www.shalom.it\/wp-content\/uploads\/2024\/02\/rapporto.png\",\"datePublished\":\"2024-02-11T03:30:30+00:00\",\"dateModified\":\"2024-02-11T21:55:30+00:00\",\"author\":{\"@id\":\"https:\/\/www.shalom.it\/#\/schema\/person\/d6d60e821a49d2a420ffe01f7af79dd8\"},\"breadcrumb\":{\"@id\":\"https:\/\/www.shalom.it\/news\/osservatorio-antisemitismo-454-atti-antisemiti-nel-2023-quasi-il-doppio-rispetto-al-2022\/#breadcrumb\"},\"inLanguage\":\"it-IT\",\"potentialAction\":[{\"@type\":\"ReadAction\",\"target\":[\"https:\/\/www.shalom.it\/news\/osservatorio-antisemitismo-454-atti-antisemiti-nel-2023-quasi-il-doppio-rispetto-al-2022\/\"]}]},{\"@type\":\"ImageObject\",\"inLanguage\":\"it-IT\",\"@id\":\"https:\/\/www.shalom.it\/news\/osservatorio-antisemitismo-454-atti-antisemiti-nel-2023-quasi-il-doppio-rispetto-al-2022\/#primaryimage\",\"url\":\"https:\/\/www.shalom.it\/wp-content\/uploads\/2024\/02\/rapporto.png\",\"contentUrl\":\"https:\/\/www.shalom.it\/wp-content\/uploads\/2024\/02\/rapporto.png\",\"width\":906,\"height\":750},{\"@type\":\"BreadcrumbList\",\"@id\":\"https:\/\/www.shalom.it\/news\/osservatorio-antisemitismo-454-atti-antisemiti-nel-2023-quasi-il-doppio-rispetto-al-2022\/#breadcrumb\",\"itemListElement\":[{\"@type\":\"ListItem\",\"position\":1,\"name\":\"Home\",\"item\":\"https:\/\/www.shalom.it\/\"},{\"@type\":\"ListItem\",\"position\":2,\"name\":\"Osservatorio Antisemitismo: 454 atti antisemiti nel 2023, quasi il doppio rispetto al 2022\"}]},{\"@type\":\"WebSite\",\"@id\":\"https:\/\/www.shalom.it\/#website\",\"url\":\"https:\/\/www.shalom.it\/\",\"name\":\"Shalom\",\"description\":\"Il Magazine della comunit\u00e0 ebraica di Roma\",\"potentialAction\":[{\"@type\":\"SearchAction\",\"target\":{\"@type\":\"EntryPoint\",\"urlTemplate\":\"https:\/\/www.shalom.it\/?s={search_term_string}\"},\"query-input\":{\"@type\":\"PropertyValueSpecification\",\"valueRequired\":true,\"valueName\":\"search_term_string\"}}],\"inLanguage\":\"it-IT\"},{\"@type\":\"Person\",\"@id\":\"https:\/\/www.shalom.it\/#\/schema\/person\/d6d60e821a49d2a420ffe01f7af79dd8\",\"name\":\"Redazione\",\"url\":\"https:\/\/www.shalom.it\/author\/redazione\/\"}]}<\/script>\n<!-- \/ Yoast SEO plugin. -->","yoast_head_json":{"title":"Osservatorio Antisemitismo: 454 atti antisemiti nel 2023, quasi il doppio rispetto al 2022 - Shalom","robots":{"index":"index","follow":"follow","max-snippet":"max-snippet:-1","max-image-preview":"max-image-preview:large","max-video-preview":"max-video-preview:-1"},"canonical":"https:\/\/www.shalom.it\/news\/osservatorio-antisemitismo-454-atti-antisemiti-nel-2023-quasi-il-doppio-rispetto-al-2022\/","og_locale":"it_IT","og_type":"article","og_title":"Osservatorio Antisemitismo: 454 atti antisemiti nel 2023, quasi il doppio rispetto al 2022 - Shalom","og_description":"Nell\u2019ultimo anno si \u00e8 registrato un netto aumento degli atti di antisemitismo rispetto al passato. A seguito di 923 segnalazioni, sono 454 gli episodi individuati nell\u2019ultimo anno: 259 in rete, 195 offline, tra cui un\u2019aggressione e 40 casi di minacce. Quasi il doppio rispetto ai 241 del 2022. Questo \u00e8 quanto emerge dalla Relazione annuale [&hellip;]","og_url":"https:\/\/www.shalom.it\/news\/osservatorio-antisemitismo-454-atti-antisemiti-nel-2023-quasi-il-doppio-rispetto-al-2022\/","og_site_name":"Shalom","article_published_time":"2024-02-11T03:30:30+00:00","article_modified_time":"2024-02-11T21:55:30+00:00","og_image":[{"width":906,"height":750,"url":"https:\/\/www.shalom.it\/wp-content\/uploads\/2024\/02\/rapporto.png","type":"image\/png"}],"author":"Redazione","twitter_card":"summary_large_image","twitter_misc":{"Scritto da":"Redazione","Tempo di lettura stimato":"4 minuti"},"schema":{"@context":"https:\/\/schema.org","@graph":[{"@type":"Article","@id":"https:\/\/www.shalom.it\/news\/osservatorio-antisemitismo-454-atti-antisemiti-nel-2023-quasi-il-doppio-rispetto-al-2022\/#article","isPartOf":{"@id":"https:\/\/www.shalom.it\/news\/osservatorio-antisemitismo-454-atti-antisemiti-nel-2023-quasi-il-doppio-rispetto-al-2022\/"},"author":{"name":"Redazione","@id":"https:\/\/www.shalom.it\/#\/schema\/person\/d6d60e821a49d2a420ffe01f7af79dd8"},"headline":"Osservatorio Antisemitismo: 454 atti antisemiti nel 2023, quasi il doppio rispetto al 2022","datePublished":"2024-02-11T03:30:30+00:00","dateModified":"2024-02-11T21:55:30+00:00","mainEntityOfPage":{"@id":"https:\/\/www.shalom.it\/news\/osservatorio-antisemitismo-454-atti-antisemiti-nel-2023-quasi-il-doppio-rispetto-al-2022\/"},"wordCount":679,"image":{"@id":"https:\/\/www.shalom.it\/news\/osservatorio-antisemitismo-454-atti-antisemiti-nel-2023-quasi-il-doppio-rispetto-al-2022\/#primaryimage"},"thumbnailUrl":"https:\/\/www.shalom.it\/wp-content\/uploads\/2024\/02\/rapporto.png","articleSection":["NEWS"],"inLanguage":"it-IT"},{"@type":"WebPage","@id":"https:\/\/www.shalom.it\/news\/osservatorio-antisemitismo-454-atti-antisemiti-nel-2023-quasi-il-doppio-rispetto-al-2022\/","url":"https:\/\/www.shalom.it\/news\/osservatorio-antisemitismo-454-atti-antisemiti-nel-2023-quasi-il-doppio-rispetto-al-2022\/","name":"Osservatorio Antisemitismo: 454 atti antisemiti nel 2023, quasi il doppio rispetto al 2022 - Shalom","isPartOf":{"@id":"https:\/\/www.shalom.it\/#website"},"primaryImageOfPage":{"@id":"https:\/\/www.shalom.it\/news\/osservatorio-antisemitismo-454-atti-antisemiti-nel-2023-quasi-il-doppio-rispetto-al-2022\/#primaryimage"},"image":{"@id":"https:\/\/www.shalom.it\/news\/osservatorio-antisemitismo-454-atti-antisemiti-nel-2023-quasi-il-doppio-rispetto-al-2022\/#primaryimage"},"thumbnailUrl":"https:\/\/www.shalom.it\/wp-content\/uploads\/2024\/02\/rapporto.png","datePublished":"2024-02-11T03:30:30+00:00","dateModified":"2024-02-11T21:55:30+00:00","author":{"@id":"https:\/\/www.shalom.it\/#\/schema\/person\/d6d60e821a49d2a420ffe01f7af79dd8"},"breadcrumb":{"@id":"https:\/\/www.shalom.it\/news\/osservatorio-antisemitismo-454-atti-antisemiti-nel-2023-quasi-il-doppio-rispetto-al-2022\/#breadcrumb"},"inLanguage":"it-IT","potentialAction":[{"@type":"ReadAction","target":["https:\/\/www.shalom.it\/news\/osservatorio-antisemitismo-454-atti-antisemiti-nel-2023-quasi-il-doppio-rispetto-al-2022\/"]}]},{"@type":"ImageObject","inLanguage":"it-IT","@id":"https:\/\/www.shalom.it\/news\/osservatorio-antisemitismo-454-atti-antisemiti-nel-2023-quasi-il-doppio-rispetto-al-2022\/#primaryimage","url":"https:\/\/www.shalom.it\/wp-content\/uploads\/2024\/02\/rapporto.png","contentUrl":"https:\/\/www.shalom.it\/wp-content\/uploads\/2024\/02\/rapporto.png","width":906,"height":750},{"@type":"BreadcrumbList","@id":"https:\/\/www.shalom.it\/news\/osservatorio-antisemitismo-454-atti-antisemiti-nel-2023-quasi-il-doppio-rispetto-al-2022\/#breadcrumb","itemListElement":[{"@type":"ListItem","position":1,"name":"Home","item":"https:\/\/www.shalom.it\/"},{"@type":"ListItem","position":2,"name":"Osservatorio Antisemitismo: 454 atti antisemiti nel 2023, quasi il doppio rispetto al 2022"}]},{"@type":"WebSite","@id":"https:\/\/www.shalom.it\/#website","url":"https:\/\/www.shalom.it\/","name":"Shalom","description":"Il Magazine della comunit\u00e0 ebraica di Roma","potentialAction":[{"@type":"SearchAction","target":{"@type":"EntryPoint","urlTemplate":"https:\/\/www.shalom.it\/?s={search_term_string}"},"query-input":{"@type":"PropertyValueSpecification","valueRequired":true,"valueName":"search_term_string"}}],"inLanguage":"it-IT"},{"@type":"Person","@id":"https:\/\/www.shalom.it\/#\/schema\/person\/d6d60e821a49d2a420ffe01f7af79dd8","name":"Redazione","url":"https:\/\/www.shalom.it\/author\/redazione\/"}]}},"jetpack_featured_media_url":"https:\/\/www.shalom.it\/wp-content\/uploads\/2024\/02\/rapporto.png","jetpack_sharing_enabled":true,"_links":{"self":[{"href":"https:\/\/www.shalom.it\/wp-json\/wp\/v2\/posts\/79712","targetHints":{"allow":["GET"]}}],"collection":[{"href":"https:\/\/www.shalom.it\/wp-json\/wp\/v2\/posts"}],"about":[{"href":"https:\/\/www.shalom.it\/wp-json\/wp\/v2\/types\/post"}],"author":[{"embeddable":true,"href":"https:\/\/www.shalom.it\/wp-json\/wp\/v2\/users\/3"}],"replies":[{"embeddable":true,"href":"https:\/\/www.shalom.it\/wp-json\/wp\/v2\/comments?post=79712"}],"version-history":[{"count":1,"href":"https:\/\/www.shalom.it\/wp-json\/wp\/v2\/posts\/79712\/revisions"}],"predecessor-version":[{"id":79714,"href":"https:\/\/www.shalom.it\/wp-json\/wp\/v2\/posts\/79712\/revisions\/79714"}],"wp:featuredmedia":[{"embeddable":true,"href":"https:\/\/www.shalom.it\/wp-json\/wp\/v2\/media\/79713"}],"wp:attachment":[{"href":"https:\/\/www.shalom.it\/wp-json\/wp\/v2\/media?parent=79712"}],"wp:term":[{"taxonomy":"category","embeddable":true,"href":"https:\/\/www.shalom.it\/wp-json\/wp\/v2\/categories?post=79712"},{"taxonomy":"post_tag","embeddable":true,"href":"https:\/\/www.shalom.it\/wp-json\/wp\/v2\/tags?post=79712"}],"curies":[{"name":"wp","href":"https:\/\/api.w.org\/{rel}","templated":true}]}}