{"id":79501,"date":"2024-02-05T04:30:30","date_gmt":"2024-02-05T03:30:30","guid":{"rendered":"https:\/\/www.shalom.it\/?p=79501"},"modified":"2024-02-04T19:07:23","modified_gmt":"2024-02-04T18:07:23","slug":"il-giorno-della-memoria-dopo-il-pogrom-del-7-ottobre","status":"publish","type":"post","link":"https:\/\/www.shalom.it\/roma-ebraica\/il-giorno-della-memoria-dopo-il-pogrom-del-7-ottobre\/","title":{"rendered":"Il Giorno della Memoria dopo il pogrom del 7 ottobre"},"content":{"rendered":"<p>\u201cLe radici del nuovo antisemitismo\u201d \u00e8 il titolo della <a href=\"https:\/\/www.youtube.com\/watch?app=desktop&amp;v=hqaFLIQq1BA\">conferenza svolta presso la Casa della Memoria e della Storia a Roma<\/a>, ideata dal presidente della Federazione Italiana Associazioni Partigiane Luca Aniasi, dalla vicepresidente Bianca Cimiotta Lami e dal docente di psicologia David Meghnagi che hanno voluto riflettere sul fatto che non \u00e8 possibile far diventare il Giorno della Memoria un momento nel quale si celebra l&#8217;ebreo morto 80 anni fa senza fare cenno all&#8217;ebreo vivo.<br \/>\nDurante l\u2019incontro, il giornalista Goffredo Buccini, sottolineando come Israele sia l\u2019unica democrazia dell\u2019area, ha posto domande a David Meghnagi, che ha focalizzato il suo intervento sulle dinamiche della mente di fronte a traumi e a pregiudizi, e alla docente di storia contemporanea Alessandra Tarquini che ha parlato del rapporto tra la sinistra e gli ebrei sul quale ha scritto un interessante libro. Aniasi in modo chiaro, preciso e onesto, ha messo in evidenza tutti i punti fondamentali per provare a comprendere la situazione che stiamo vivendo: \u201cIl 7 ottobre ha cambiato il senso della storia perch\u00e9 \u00e8 stato il giorno pi\u00f9 terribile per gli ebrei dal tempo della Shoah: 1200 persone, donne, uomini, ragazze e ragazzi, anziani, bambini, neonati massacrati, bruciati, mutilati, vilipesi in ogni modo, in quanto ebrei, non per una rivendicazione per un territorio o una nazione! E poi stupri, mutilazioni di genitali e sfregi a donne in quanto ebree. Ragazze e donne oggetto di pianificata e sistematica violenza e di successiva ostentazione, dai video girati e pubblicati sui social all\u2019esposizione e vilipendio per le strade di Gaza con la folla (non solo i miliziani) plaudente. E poi ci sono le rapite ed i rapiti di quel giorno, molti dei quali uccisi o sottoposti, raccontano i testimoni, alle violenze ed ai soprusi pi\u00f9 orribili.<br \/>\nEro convinto che tutti, anche quelli che di solito appoggiano senza riflettere tutte le azioni palestinesi, che trovano sempre da ridire sulla politica di Israele (indipendentemente dai governi che di volta in volta si sono succeduti, che ci sia Rabin o ci sia Netanyahu), genericamente antioccidentali, avrebbero detto che no, non si poteva davvero fare passare una cosa del genere. Mi aspettavo un grande movimento di simpatia, empatia, solidariet\u00e0 con gli ebrei colpiti. \u00c8 successo esattamente il contrario! Il pogrom del 7 ottobre ha visto invece crescere \u201cuno tsunami di antisemitismo\u201d come ha detto Edith Bruck. Abbiamo visto e sentito persone giustificare quell\u2019orrore come un atto di resistenza; abbiamo visto e sentito gridare \u201cfrom the river to the sea\u201d che vuol dire, senza la rima e in italiano, la deportazione di 9 milioni e mezzo di cittadini di Israele, ebrei e non. Abbiamo visto e sentito attacchi e aggressioni a cittadini americani, canadesi, australiani, francesi, belgi, tedeschi, colpevoli solo di essere ebrei.<br \/>\nC\u2019entra qualcosa la reazione di Israele e le vittime civili a Gaza? A parte che questi fatti hanno cominciato ad accadere prima dell\u2019inizio delle ostilit\u00e0 a Gaza ma poi, fermiamoci un attimo e guardiamo cosa sta succedendo nel mondo. Mentre si combatte e si muore a Gaza, in Sudan i miliziani delle Forze di Supporto Rapido del generale Hemediti e i loro alleati stanno ammazzando migliaia di persone perch\u00e9 sono nere, di etnia africana e non araba come la maggioranza del Paese. Ricordiamo che in Darfur sono morti, per la stessa mano, 300.000 persone all\u2019inizio degli anni 2000. Nessuno manifesta per loro. E bisogner\u00e0 prima o poi parlare delle istituzioni internazionali e dell\u2019ONU (il Consiglio di Sicurezza \u00e8 stato convocato 21 volte per mettere pressione su Israele, non si \u00e8 mai riunito per discutere, per esempio, l\u2019espulsione dal Pakistan di oltre un milione di afgani o per i pi\u00f9 di 50.000 cristiani macellati in Nigeria negli ultimi anni) e dell\u2019UNRWA, l\u2019agenzia dell\u2019ONU, unica ad hoc per la Palestina, che ha visto propri membri partecipare al pogrom del 7 ottobre.<br \/>\nAbbiamo visto e sentito tutto questo, ma quello che ci preoccupa di pi\u00f9 \u00e8 ci\u00f2 che non abbiamo visto n\u00e9 sentito. Un esempio, fra i tanti che si potrebbero fare: a Roma la manifestazione di solidariet\u00e0 al popolo di Israele colpito il 7 ottobre \u00e8 stata organizzata dalla Comunit\u00e0 ebraica. Perch\u00e9 nessun altro ci aveva pensato in un Paese che manifesta quotidianamente per qualcosa.<br \/>\nPer non parlare degli stupri del 7 ottobre, dimenticati pochi giorni dopo, il 25 novembre, nelle manifestazioni per la giornata contro la violenza sulle donne. Lo stupro non \u00e8 Resistenza, n\u00e9 lotta per la libert\u00e0. Mai. Il pregiudizio antiebraico che vediamo e respiriamo nel mondo deve essere riconosciuto, affrontato e gli va posta una fine. Perch\u00e9 \u2018mai pi\u00f9\u2019 significa \u2018mai pi\u00f9\u2019. Chiunque abbia a cuore il valore della civilt\u00e0 e della vita deve reagire, oggi\u201d.<\/p>\n","protected":false},"excerpt":{"rendered":"<p>Un incontro alla Casa della Memoria e della Storia di Roma per provare a capire quello che sta accadendo in Europa e in Israele<\/p>\n","protected":false},"author":37,"featured_media":79502,"comment_status":"closed","ping_status":"closed","sticky":false,"template":"","format":"standard","meta":{"_acf_changed":false,"_jetpack_memberships_contains_paid_content":false,"footnotes":""},"categories":[2],"tags":[],"class_list":["post-79501","post","type-post","status-publish","format-standard","has-post-thumbnail","hentry","category-roma-ebraica"],"acf":[],"yoast_head":"<!-- This site is optimized with the Yoast SEO plugin v26.9 - https:\/\/yoast.com\/product\/yoast-seo-wordpress\/ -->\n<title>Il Giorno della Memoria dopo il pogrom del 7 ottobre - Shalom<\/title>\n<meta name=\"robots\" content=\"index, follow, max-snippet:-1, max-image-preview:large, max-video-preview:-1\" \/>\n<link rel=\"canonical\" href=\"https:\/\/www.shalom.it\/roma-ebraica\/il-giorno-della-memoria-dopo-il-pogrom-del-7-ottobre\/\" \/>\n<meta property=\"og:locale\" content=\"it_IT\" \/>\n<meta property=\"og:type\" content=\"article\" \/>\n<meta property=\"og:title\" content=\"Il Giorno della Memoria dopo il pogrom del 7 ottobre - Shalom\" \/>\n<meta property=\"og:description\" content=\"Un incontro alla Casa della Memoria e della Storia di Roma per provare a capire quello che sta accadendo in Europa e in Israele\" \/>\n<meta property=\"og:url\" content=\"https:\/\/www.shalom.it\/roma-ebraica\/il-giorno-della-memoria-dopo-il-pogrom-del-7-ottobre\/\" \/>\n<meta property=\"og:site_name\" content=\"Shalom\" \/>\n<meta property=\"article:published_time\" content=\"2024-02-05T03:30:30+00:00\" \/>\n<meta property=\"og:image\" content=\"https:\/\/www.shalom.it\/wp-content\/uploads\/2024\/02\/conferenza-antisemitismo.jpeg\" \/>\n\t<meta property=\"og:image:width\" content=\"1000\" \/>\n\t<meta property=\"og:image:height\" content=\"750\" \/>\n\t<meta property=\"og:image:type\" content=\"image\/jpeg\" \/>\n<meta name=\"author\" content=\"Donato Moscati\" \/>\n<meta name=\"twitter:card\" content=\"summary_large_image\" \/>\n<meta name=\"twitter:label1\" content=\"Scritto da\" \/>\n\t<meta name=\"twitter:data1\" content=\"Donato Moscati\" \/>\n\t<meta name=\"twitter:label2\" content=\"Tempo di lettura stimato\" \/>\n\t<meta name=\"twitter:data2\" content=\"5 minuti\" \/>\n<script type=\"application\/ld+json\" class=\"yoast-schema-graph\">{\"@context\":\"https:\/\/schema.org\",\"@graph\":[{\"@type\":\"Article\",\"@id\":\"https:\/\/www.shalom.it\/roma-ebraica\/il-giorno-della-memoria-dopo-il-pogrom-del-7-ottobre\/#article\",\"isPartOf\":{\"@id\":\"https:\/\/www.shalom.it\/roma-ebraica\/il-giorno-della-memoria-dopo-il-pogrom-del-7-ottobre\/\"},\"author\":{\"name\":\"Donato Moscati\",\"@id\":\"https:\/\/www.shalom.it\/#\/schema\/person\/13ae4cec9003e7d1f15e729be3eda88f\"},\"headline\":\"Il Giorno della Memoria dopo il pogrom del 7 ottobre\",\"datePublished\":\"2024-02-05T03:30:30+00:00\",\"mainEntityOfPage\":{\"@id\":\"https:\/\/www.shalom.it\/roma-ebraica\/il-giorno-della-memoria-dopo-il-pogrom-del-7-ottobre\/\"},\"wordCount\":773,\"image\":{\"@id\":\"https:\/\/www.shalom.it\/roma-ebraica\/il-giorno-della-memoria-dopo-il-pogrom-del-7-ottobre\/#primaryimage\"},\"thumbnailUrl\":\"https:\/\/www.shalom.it\/wp-content\/uploads\/2024\/02\/conferenza-antisemitismo.jpeg\",\"articleSection\":[\"ROMA EBRAICA\"],\"inLanguage\":\"it-IT\"},{\"@type\":\"WebPage\",\"@id\":\"https:\/\/www.shalom.it\/roma-ebraica\/il-giorno-della-memoria-dopo-il-pogrom-del-7-ottobre\/\",\"url\":\"https:\/\/www.shalom.it\/roma-ebraica\/il-giorno-della-memoria-dopo-il-pogrom-del-7-ottobre\/\",\"name\":\"Il Giorno della Memoria dopo il pogrom del 7 ottobre - Shalom\",\"isPartOf\":{\"@id\":\"https:\/\/www.shalom.it\/#website\"},\"primaryImageOfPage\":{\"@id\":\"https:\/\/www.shalom.it\/roma-ebraica\/il-giorno-della-memoria-dopo-il-pogrom-del-7-ottobre\/#primaryimage\"},\"image\":{\"@id\":\"https:\/\/www.shalom.it\/roma-ebraica\/il-giorno-della-memoria-dopo-il-pogrom-del-7-ottobre\/#primaryimage\"},\"thumbnailUrl\":\"https:\/\/www.shalom.it\/wp-content\/uploads\/2024\/02\/conferenza-antisemitismo.jpeg\",\"datePublished\":\"2024-02-05T03:30:30+00:00\",\"author\":{\"@id\":\"https:\/\/www.shalom.it\/#\/schema\/person\/13ae4cec9003e7d1f15e729be3eda88f\"},\"breadcrumb\":{\"@id\":\"https:\/\/www.shalom.it\/roma-ebraica\/il-giorno-della-memoria-dopo-il-pogrom-del-7-ottobre\/#breadcrumb\"},\"inLanguage\":\"it-IT\",\"potentialAction\":[{\"@type\":\"ReadAction\",\"target\":[\"https:\/\/www.shalom.it\/roma-ebraica\/il-giorno-della-memoria-dopo-il-pogrom-del-7-ottobre\/\"]}]},{\"@type\":\"ImageObject\",\"inLanguage\":\"it-IT\",\"@id\":\"https:\/\/www.shalom.it\/roma-ebraica\/il-giorno-della-memoria-dopo-il-pogrom-del-7-ottobre\/#primaryimage\",\"url\":\"https:\/\/www.shalom.it\/wp-content\/uploads\/2024\/02\/conferenza-antisemitismo.jpeg\",\"contentUrl\":\"https:\/\/www.shalom.it\/wp-content\/uploads\/2024\/02\/conferenza-antisemitismo.jpeg\",\"width\":1000,\"height\":750},{\"@type\":\"BreadcrumbList\",\"@id\":\"https:\/\/www.shalom.it\/roma-ebraica\/il-giorno-della-memoria-dopo-il-pogrom-del-7-ottobre\/#breadcrumb\",\"itemListElement\":[{\"@type\":\"ListItem\",\"position\":1,\"name\":\"Home\",\"item\":\"https:\/\/www.shalom.it\/\"},{\"@type\":\"ListItem\",\"position\":2,\"name\":\"Il Giorno della Memoria dopo il pogrom del 7 ottobre\"}]},{\"@type\":\"WebSite\",\"@id\":\"https:\/\/www.shalom.it\/#website\",\"url\":\"https:\/\/www.shalom.it\/\",\"name\":\"Shalom\",\"description\":\"Il Magazine della comunit\u00e0 ebraica di Roma\",\"potentialAction\":[{\"@type\":\"SearchAction\",\"target\":{\"@type\":\"EntryPoint\",\"urlTemplate\":\"https:\/\/www.shalom.it\/?s={search_term_string}\"},\"query-input\":{\"@type\":\"PropertyValueSpecification\",\"valueRequired\":true,\"valueName\":\"search_term_string\"}}],\"inLanguage\":\"it-IT\"},{\"@type\":\"Person\",\"@id\":\"https:\/\/www.shalom.it\/#\/schema\/person\/13ae4cec9003e7d1f15e729be3eda88f\",\"name\":\"Donato Moscati\",\"url\":\"https:\/\/www.shalom.it\/author\/mdonato\/\"}]}<\/script>\n<!-- \/ Yoast SEO plugin. -->","yoast_head_json":{"title":"Il Giorno della Memoria dopo il pogrom del 7 ottobre - Shalom","robots":{"index":"index","follow":"follow","max-snippet":"max-snippet:-1","max-image-preview":"max-image-preview:large","max-video-preview":"max-video-preview:-1"},"canonical":"https:\/\/www.shalom.it\/roma-ebraica\/il-giorno-della-memoria-dopo-il-pogrom-del-7-ottobre\/","og_locale":"it_IT","og_type":"article","og_title":"Il Giorno della Memoria dopo il pogrom del 7 ottobre - Shalom","og_description":"Un incontro alla Casa della Memoria e della Storia di Roma per provare a capire quello che sta accadendo in Europa e in Israele","og_url":"https:\/\/www.shalom.it\/roma-ebraica\/il-giorno-della-memoria-dopo-il-pogrom-del-7-ottobre\/","og_site_name":"Shalom","article_published_time":"2024-02-05T03:30:30+00:00","og_image":[{"width":1000,"height":750,"url":"https:\/\/www.shalom.it\/wp-content\/uploads\/2024\/02\/conferenza-antisemitismo.jpeg","type":"image\/jpeg"}],"author":"Donato Moscati","twitter_card":"summary_large_image","twitter_misc":{"Scritto da":"Donato Moscati","Tempo di lettura stimato":"5 minuti"},"schema":{"@context":"https:\/\/schema.org","@graph":[{"@type":"Article","@id":"https:\/\/www.shalom.it\/roma-ebraica\/il-giorno-della-memoria-dopo-il-pogrom-del-7-ottobre\/#article","isPartOf":{"@id":"https:\/\/www.shalom.it\/roma-ebraica\/il-giorno-della-memoria-dopo-il-pogrom-del-7-ottobre\/"},"author":{"name":"Donato Moscati","@id":"https:\/\/www.shalom.it\/#\/schema\/person\/13ae4cec9003e7d1f15e729be3eda88f"},"headline":"Il Giorno della Memoria dopo il pogrom del 7 ottobre","datePublished":"2024-02-05T03:30:30+00:00","mainEntityOfPage":{"@id":"https:\/\/www.shalom.it\/roma-ebraica\/il-giorno-della-memoria-dopo-il-pogrom-del-7-ottobre\/"},"wordCount":773,"image":{"@id":"https:\/\/www.shalom.it\/roma-ebraica\/il-giorno-della-memoria-dopo-il-pogrom-del-7-ottobre\/#primaryimage"},"thumbnailUrl":"https:\/\/www.shalom.it\/wp-content\/uploads\/2024\/02\/conferenza-antisemitismo.jpeg","articleSection":["ROMA EBRAICA"],"inLanguage":"it-IT"},{"@type":"WebPage","@id":"https:\/\/www.shalom.it\/roma-ebraica\/il-giorno-della-memoria-dopo-il-pogrom-del-7-ottobre\/","url":"https:\/\/www.shalom.it\/roma-ebraica\/il-giorno-della-memoria-dopo-il-pogrom-del-7-ottobre\/","name":"Il Giorno della Memoria dopo il pogrom del 7 ottobre - Shalom","isPartOf":{"@id":"https:\/\/www.shalom.it\/#website"},"primaryImageOfPage":{"@id":"https:\/\/www.shalom.it\/roma-ebraica\/il-giorno-della-memoria-dopo-il-pogrom-del-7-ottobre\/#primaryimage"},"image":{"@id":"https:\/\/www.shalom.it\/roma-ebraica\/il-giorno-della-memoria-dopo-il-pogrom-del-7-ottobre\/#primaryimage"},"thumbnailUrl":"https:\/\/www.shalom.it\/wp-content\/uploads\/2024\/02\/conferenza-antisemitismo.jpeg","datePublished":"2024-02-05T03:30:30+00:00","author":{"@id":"https:\/\/www.shalom.it\/#\/schema\/person\/13ae4cec9003e7d1f15e729be3eda88f"},"breadcrumb":{"@id":"https:\/\/www.shalom.it\/roma-ebraica\/il-giorno-della-memoria-dopo-il-pogrom-del-7-ottobre\/#breadcrumb"},"inLanguage":"it-IT","potentialAction":[{"@type":"ReadAction","target":["https:\/\/www.shalom.it\/roma-ebraica\/il-giorno-della-memoria-dopo-il-pogrom-del-7-ottobre\/"]}]},{"@type":"ImageObject","inLanguage":"it-IT","@id":"https:\/\/www.shalom.it\/roma-ebraica\/il-giorno-della-memoria-dopo-il-pogrom-del-7-ottobre\/#primaryimage","url":"https:\/\/www.shalom.it\/wp-content\/uploads\/2024\/02\/conferenza-antisemitismo.jpeg","contentUrl":"https:\/\/www.shalom.it\/wp-content\/uploads\/2024\/02\/conferenza-antisemitismo.jpeg","width":1000,"height":750},{"@type":"BreadcrumbList","@id":"https:\/\/www.shalom.it\/roma-ebraica\/il-giorno-della-memoria-dopo-il-pogrom-del-7-ottobre\/#breadcrumb","itemListElement":[{"@type":"ListItem","position":1,"name":"Home","item":"https:\/\/www.shalom.it\/"},{"@type":"ListItem","position":2,"name":"Il Giorno della Memoria dopo il pogrom del 7 ottobre"}]},{"@type":"WebSite","@id":"https:\/\/www.shalom.it\/#website","url":"https:\/\/www.shalom.it\/","name":"Shalom","description":"Il Magazine della comunit\u00e0 ebraica di Roma","potentialAction":[{"@type":"SearchAction","target":{"@type":"EntryPoint","urlTemplate":"https:\/\/www.shalom.it\/?s={search_term_string}"},"query-input":{"@type":"PropertyValueSpecification","valueRequired":true,"valueName":"search_term_string"}}],"inLanguage":"it-IT"},{"@type":"Person","@id":"https:\/\/www.shalom.it\/#\/schema\/person\/13ae4cec9003e7d1f15e729be3eda88f","name":"Donato Moscati","url":"https:\/\/www.shalom.it\/author\/mdonato\/"}]}},"jetpack_featured_media_url":"https:\/\/www.shalom.it\/wp-content\/uploads\/2024\/02\/conferenza-antisemitismo.jpeg","jetpack_sharing_enabled":true,"_links":{"self":[{"href":"https:\/\/www.shalom.it\/wp-json\/wp\/v2\/posts\/79501","targetHints":{"allow":["GET"]}}],"collection":[{"href":"https:\/\/www.shalom.it\/wp-json\/wp\/v2\/posts"}],"about":[{"href":"https:\/\/www.shalom.it\/wp-json\/wp\/v2\/types\/post"}],"author":[{"embeddable":true,"href":"https:\/\/www.shalom.it\/wp-json\/wp\/v2\/users\/37"}],"replies":[{"embeddable":true,"href":"https:\/\/www.shalom.it\/wp-json\/wp\/v2\/comments?post=79501"}],"version-history":[{"count":1,"href":"https:\/\/www.shalom.it\/wp-json\/wp\/v2\/posts\/79501\/revisions"}],"predecessor-version":[{"id":79503,"href":"https:\/\/www.shalom.it\/wp-json\/wp\/v2\/posts\/79501\/revisions\/79503"}],"wp:featuredmedia":[{"embeddable":true,"href":"https:\/\/www.shalom.it\/wp-json\/wp\/v2\/media\/79502"}],"wp:attachment":[{"href":"https:\/\/www.shalom.it\/wp-json\/wp\/v2\/media?parent=79501"}],"wp:term":[{"taxonomy":"category","embeddable":true,"href":"https:\/\/www.shalom.it\/wp-json\/wp\/v2\/categories?post=79501"},{"taxonomy":"post_tag","embeddable":true,"href":"https:\/\/www.shalom.it\/wp-json\/wp\/v2\/tags?post=79501"}],"curies":[{"name":"wp","href":"https:\/\/api.w.org\/{rel}","templated":true}]}}