{"id":79299,"date":"2024-01-26T09:45:25","date_gmt":"2024-01-26T08:45:25","guid":{"rendered":"https:\/\/www.shalom.it\/?p=79299"},"modified":"2024-01-26T09:45:25","modified_gmt":"2024-01-26T08:45:25","slug":"tajani-in-israele-ribaditi-il-sostegno-dellitalia-e-la-soluzione-a-due-stati","status":"publish","type":"post","link":"https:\/\/www.shalom.it\/israele\/tajani-in-israele-ribaditi-il-sostegno-dellitalia-e-la-soluzione-a-due-stati\/","title":{"rendered":"Tajani in Israele: ribaditi il sostegno dell\u2019Italia e la soluzione a due Stati"},"content":{"rendered":"<p>Antonio Tajani \u00e8 tornato in Israele, dopo la prima visita del 13 ottobre del 2023, quando la priorit\u00e0 per l\u2019Italia &#8211; aveva dichiarato allora il vicepremier &#8211; era il salvataggio degli ostaggi. Ma allora, una settimana dopo il massacro inflitto da Hamas allo Stato ebraico il 7 ottobre, Tsahal non era ancora entrato \u201cboots on the ground\u201d a Gaza. Tre mesi dopo i morti palestinesi nella Striscia dichiarati da Hamas sono quasi 26mila e, anche se restano ancora 136 prigionieri israeliani nelle mani dei jihadisti da 112 giorni &#8211; non tutti vivi &#8211; anche gli alleati pi\u00f9 stretti di Israele si trovano a fare i conti con l\u2019opinione pubblica. Oggi l\u2019Italia porta in dote allo Stato ebraico sostegno e indignazione per l\u2019attacco subito dai terroristi della Striscia &#8211; a cui \u00e8 attribuita in toto la responsabilit\u00e0 dell\u2019attuale conflitto. Ma sul tavolo ci sono anche due raccomandazioni: la tutela in ogni modo delle vite dei civili palestinesi e un ritorno a un confronto politico che \u201cinevitabilmente dovr\u00e0 portare a una formula indirizzata alla soluzione del 2 popoli, 2 Stati\u201d, ha insistito Tajani. Sono stati questi gli assi portanti della missione diplomatica in Israele del vicepresidente del Consiglio e ministro degli Esteri.<br \/>\nIn meno di 24 ore il capo della Farnesina ha incontrato il presidente Isaac Herzog, il ministro degli Esteri Israel Katz (che lo ha definito \u201cun vero amico di Israele\u201d), le famiglie degli ostaggi israeliani Almog Meir Gan, Tamir Nimrodi e Yair Yaakov, e ha partecipato a un convegno a Yad Vashem in vista del Giorno della Memoria, dove ha definito la Shoah come \u201cla pagina pi\u00f9 buia della civilt\u00e0 europea\u201d, ha dichiarato che \u201cla memoria \u00e8 un dovere\u201d e sottolineato che questo appuntamento \u201c\u00e8 un monito\u201d. Poi, primo capo della diplomazia di un paese europeo, \u00e8 andato a Ramallah per esprimere \u201cvicinanza e solidariet\u00e0\u201d al presidente dell\u2019Anp Abu Mazen, alla presenza anche del capo degli esteri palestinese Riad Al Maliki. Infine, prima di rientrare in Italia, Tajani ha avuto un faccia a faccia alla Kirya a Tel Aviv con il primo ministro israeliano Benjamin Netanyahu.<br \/>\nIn questo momento &#8211; rileva il capo della Farnesina &#8211; la parte israeliana \u201cnon \u00e8 entusiasta\u201d all\u2019idea di tornare al tavolo con i palestinesi nella prospettiva della soluzione dei due Stati, posizione che l\u2019Italia condivide con Usa ed Europa. \u201cLo capisco &#8211; ha commentato Tajani &#8211; anche perch\u00e9 il paese \u00e8 in guerra e spaccato sul fronte interno. \u00c8 difficile anche solo parlarne\u201d. Ma ha anche aggiunto che \u201cnon bisogna demordere purch\u00e9 non vada a scapito della sicurezza attorno a Israele\u201d. Il ministro ha poi detto, durante un incontro con la stampa italiana a Gerusalemme, di aver apprezzato la disponibilit\u00e0 della leadership israeliana ad aiutare la popolazione civile della Striscia, soprattutto i bambini. \u201cStiamo lavorando per ottenere l\u2019autorizzazione di Israele a far uscire da Gaza un centinaio di bambini palestinesi, per curarli in Italia\u201d.<br \/>\nL\u2019Aja sta per pronunciarsi sull\u2019accusa di genocidio avanzata contro Israele dal Sudafrica, in sede di Corte Internazionale di Giustizia, per la guerra a Gaza. \u201cCi aspettiamo che la Corte respinga le false accuse\u201d di Pretoria, ha detto il portavoce del governo per i media esteri Eylon Levi. Qualora per\u00f2 dovesse concretizzarsi l\u2019ingiunzione di un cessate il fuoco immediato &#8211; vero obiettivo a breve termine dell\u2019operazione sudafricana &#8211; l\u2019Italia si troverebbe d\u2019accordo purch\u00e9 anche Hamas smettesse di lanciare razzi su Israele.<br \/>\nSull&#8217;altro focolaio di guerra, quello al nord di Israele, al confine con il Libano (dove Tajani \u00e8 stato mercoled\u00ec), il ministro si \u00e8 fatto intermediario di messaggi tra Beirut e Gerusalemme. \u201cIn quella zona &#8211; ha chiarito &#8211; \u00e8 importante mantenere una distanza di sicurezza fra l&#8217;esercito di Israele ed Hezbollah\u201d.<br \/>\n<img loading=\"lazy\" decoding=\"async\" class=\"alignnone size-large wp-image-79301\" src=\"https:\/\/www.shalom.it\/wp-content\/uploads\/2024\/01\/tajani-ostaggi-1024x702.jpeg\" alt=\"\" width=\"800\" height=\"548\" srcset=\"https:\/\/www.shalom.it\/wp-content\/uploads\/2024\/01\/tajani-ostaggi-1024x702.jpeg 1024w, https:\/\/www.shalom.it\/wp-content\/uploads\/2024\/01\/tajani-ostaggi-300x206.jpeg 300w, https:\/\/www.shalom.it\/wp-content\/uploads\/2024\/01\/tajani-ostaggi-768x526.jpeg 768w, https:\/\/www.shalom.it\/wp-content\/uploads\/2024\/01\/tajani-ostaggi.jpeg 1280w\" sizes=\"auto, (max-width: 800px) 100vw, 800px\" \/><img loading=\"lazy\" decoding=\"async\" class=\"alignnone size-large wp-image-79300\" src=\"https:\/\/www.shalom.it\/wp-content\/uploads\/2024\/01\/tajani-herzog-1024x755.jpeg\" alt=\"\" width=\"800\" height=\"590\" srcset=\"https:\/\/www.shalom.it\/wp-content\/uploads\/2024\/01\/tajani-herzog-1024x755.jpeg 1024w, https:\/\/www.shalom.it\/wp-content\/uploads\/2024\/01\/tajani-herzog-300x221.jpeg 300w, https:\/\/www.shalom.it\/wp-content\/uploads\/2024\/01\/tajani-herzog-768x566.jpeg 768w, https:\/\/www.shalom.it\/wp-content\/uploads\/2024\/01\/tajani-herzog-1536x1132.jpeg 1536w, https:\/\/www.shalom.it\/wp-content\/uploads\/2024\/01\/tajani-herzog.jpeg 2048w\" sizes=\"auto, (max-width: 800px) 100vw, 800px\" \/><\/p>\n","protected":false},"excerpt":{"rendered":"<p>Antonio Tajani \u00e8 tornato in Israele, dopo la prima visita del 13 ottobre del 2023, quando la priorit\u00e0 per l\u2019Italia &#8211; aveva dichiarato allora il vicepremier &#8211; era il salvataggio degli ostaggi. Ma allora, una settimana dopo il massacro inflitto da Hamas allo Stato ebraico il 7 ottobre, Tsahal non era ancora entrato \u201cboots on [&hellip;]<\/p>\n","protected":false},"author":3,"featured_media":79302,"comment_status":"closed","ping_status":"closed","sticky":false,"template":"","format":"standard","meta":{"_acf_changed":false,"_jetpack_memberships_contains_paid_content":false,"footnotes":""},"categories":[4],"tags":[],"class_list":["post-79299","post","type-post","status-publish","format-standard","has-post-thumbnail","hentry","category-israele"],"acf":[],"yoast_head":"<!-- This site is optimized with the Yoast SEO plugin v26.9 - https:\/\/yoast.com\/product\/yoast-seo-wordpress\/ -->\n<title>Tajani in Israele: ribaditi il sostegno dell\u2019Italia e la soluzione a due Stati - Shalom<\/title>\n<meta name=\"robots\" content=\"index, follow, max-snippet:-1, max-image-preview:large, max-video-preview:-1\" \/>\n<link rel=\"canonical\" href=\"https:\/\/www.shalom.it\/israele\/tajani-in-israele-ribaditi-il-sostegno-dellitalia-e-la-soluzione-a-due-stati\/\" \/>\n<meta property=\"og:locale\" content=\"it_IT\" \/>\n<meta property=\"og:type\" content=\"article\" \/>\n<meta property=\"og:title\" content=\"Tajani in Israele: ribaditi il sostegno dell\u2019Italia e la soluzione a due Stati - Shalom\" \/>\n<meta property=\"og:description\" content=\"Antonio Tajani \u00e8 tornato in Israele, dopo la prima visita del 13 ottobre del 2023, quando la priorit\u00e0 per l\u2019Italia &#8211; aveva dichiarato allora il vicepremier &#8211; era il salvataggio degli ostaggi. Ma allora, una settimana dopo il massacro inflitto da Hamas allo Stato ebraico il 7 ottobre, Tsahal non era ancora entrato \u201cboots on [&hellip;]\" \/>\n<meta property=\"og:url\" content=\"https:\/\/www.shalom.it\/israele\/tajani-in-israele-ribaditi-il-sostegno-dellitalia-e-la-soluzione-a-due-stati\/\" \/>\n<meta property=\"og:site_name\" content=\"Shalom\" \/>\n<meta property=\"article:published_time\" content=\"2024-01-26T08:45:25+00:00\" \/>\n<meta property=\"og:image\" content=\"https:\/\/www.shalom.it\/wp-content\/uploads\/2024\/01\/tajani-net.jpeg\" \/>\n\t<meta property=\"og:image:width\" content=\"1600\" \/>\n\t<meta property=\"og:image:height\" content=\"1200\" \/>\n\t<meta property=\"og:image:type\" content=\"image\/jpeg\" \/>\n<meta name=\"author\" content=\"Redazione\" \/>\n<meta name=\"twitter:card\" content=\"summary_large_image\" \/>\n<meta name=\"twitter:label1\" content=\"Scritto da\" \/>\n\t<meta name=\"twitter:data1\" content=\"Redazione\" \/>\n\t<meta name=\"twitter:label2\" content=\"Tempo di lettura stimato\" \/>\n\t<meta name=\"twitter:data2\" content=\"4 minuti\" \/>\n<script type=\"application\/ld+json\" class=\"yoast-schema-graph\">{\"@context\":\"https:\/\/schema.org\",\"@graph\":[{\"@type\":\"Article\",\"@id\":\"https:\/\/www.shalom.it\/israele\/tajani-in-israele-ribaditi-il-sostegno-dellitalia-e-la-soluzione-a-due-stati\/#article\",\"isPartOf\":{\"@id\":\"https:\/\/www.shalom.it\/israele\/tajani-in-israele-ribaditi-il-sostegno-dellitalia-e-la-soluzione-a-due-stati\/\"},\"author\":{\"name\":\"Redazione\",\"@id\":\"https:\/\/www.shalom.it\/#\/schema\/person\/d6d60e821a49d2a420ffe01f7af79dd8\"},\"headline\":\"Tajani in Israele: ribaditi il sostegno dell\u2019Italia e la soluzione a due Stati\",\"datePublished\":\"2024-01-26T08:45:25+00:00\",\"mainEntityOfPage\":{\"@id\":\"https:\/\/www.shalom.it\/israele\/tajani-in-israele-ribaditi-il-sostegno-dellitalia-e-la-soluzione-a-due-stati\/\"},\"wordCount\":623,\"image\":{\"@id\":\"https:\/\/www.shalom.it\/israele\/tajani-in-israele-ribaditi-il-sostegno-dellitalia-e-la-soluzione-a-due-stati\/#primaryimage\"},\"thumbnailUrl\":\"https:\/\/www.shalom.it\/wp-content\/uploads\/2024\/01\/tajani-net.jpeg\",\"articleSection\":[\"ISRAELE\"],\"inLanguage\":\"it-IT\"},{\"@type\":\"WebPage\",\"@id\":\"https:\/\/www.shalom.it\/israele\/tajani-in-israele-ribaditi-il-sostegno-dellitalia-e-la-soluzione-a-due-stati\/\",\"url\":\"https:\/\/www.shalom.it\/israele\/tajani-in-israele-ribaditi-il-sostegno-dellitalia-e-la-soluzione-a-due-stati\/\",\"name\":\"Tajani in Israele: ribaditi il sostegno dell\u2019Italia e la soluzione a due Stati - Shalom\",\"isPartOf\":{\"@id\":\"https:\/\/www.shalom.it\/#website\"},\"primaryImageOfPage\":{\"@id\":\"https:\/\/www.shalom.it\/israele\/tajani-in-israele-ribaditi-il-sostegno-dellitalia-e-la-soluzione-a-due-stati\/#primaryimage\"},\"image\":{\"@id\":\"https:\/\/www.shalom.it\/israele\/tajani-in-israele-ribaditi-il-sostegno-dellitalia-e-la-soluzione-a-due-stati\/#primaryimage\"},\"thumbnailUrl\":\"https:\/\/www.shalom.it\/wp-content\/uploads\/2024\/01\/tajani-net.jpeg\",\"datePublished\":\"2024-01-26T08:45:25+00:00\",\"author\":{\"@id\":\"https:\/\/www.shalom.it\/#\/schema\/person\/d6d60e821a49d2a420ffe01f7af79dd8\"},\"breadcrumb\":{\"@id\":\"https:\/\/www.shalom.it\/israele\/tajani-in-israele-ribaditi-il-sostegno-dellitalia-e-la-soluzione-a-due-stati\/#breadcrumb\"},\"inLanguage\":\"it-IT\",\"potentialAction\":[{\"@type\":\"ReadAction\",\"target\":[\"https:\/\/www.shalom.it\/israele\/tajani-in-israele-ribaditi-il-sostegno-dellitalia-e-la-soluzione-a-due-stati\/\"]}]},{\"@type\":\"ImageObject\",\"inLanguage\":\"it-IT\",\"@id\":\"https:\/\/www.shalom.it\/israele\/tajani-in-israele-ribaditi-il-sostegno-dellitalia-e-la-soluzione-a-due-stati\/#primaryimage\",\"url\":\"https:\/\/www.shalom.it\/wp-content\/uploads\/2024\/01\/tajani-net.jpeg\",\"contentUrl\":\"https:\/\/www.shalom.it\/wp-content\/uploads\/2024\/01\/tajani-net.jpeg\",\"width\":1600,\"height\":1200},{\"@type\":\"BreadcrumbList\",\"@id\":\"https:\/\/www.shalom.it\/israele\/tajani-in-israele-ribaditi-il-sostegno-dellitalia-e-la-soluzione-a-due-stati\/#breadcrumb\",\"itemListElement\":[{\"@type\":\"ListItem\",\"position\":1,\"name\":\"Home\",\"item\":\"https:\/\/www.shalom.it\/\"},{\"@type\":\"ListItem\",\"position\":2,\"name\":\"Tajani in Israele: ribaditi il sostegno dell\u2019Italia e la soluzione a due Stati\"}]},{\"@type\":\"WebSite\",\"@id\":\"https:\/\/www.shalom.it\/#website\",\"url\":\"https:\/\/www.shalom.it\/\",\"name\":\"Shalom\",\"description\":\"Il Magazine della comunit\u00e0 ebraica di Roma\",\"potentialAction\":[{\"@type\":\"SearchAction\",\"target\":{\"@type\":\"EntryPoint\",\"urlTemplate\":\"https:\/\/www.shalom.it\/?s={search_term_string}\"},\"query-input\":{\"@type\":\"PropertyValueSpecification\",\"valueRequired\":true,\"valueName\":\"search_term_string\"}}],\"inLanguage\":\"it-IT\"},{\"@type\":\"Person\",\"@id\":\"https:\/\/www.shalom.it\/#\/schema\/person\/d6d60e821a49d2a420ffe01f7af79dd8\",\"name\":\"Redazione\",\"url\":\"https:\/\/www.shalom.it\/author\/redazione\/\"}]}<\/script>\n<!-- \/ Yoast SEO plugin. -->","yoast_head_json":{"title":"Tajani in Israele: ribaditi il sostegno dell\u2019Italia e la soluzione a due Stati - Shalom","robots":{"index":"index","follow":"follow","max-snippet":"max-snippet:-1","max-image-preview":"max-image-preview:large","max-video-preview":"max-video-preview:-1"},"canonical":"https:\/\/www.shalom.it\/israele\/tajani-in-israele-ribaditi-il-sostegno-dellitalia-e-la-soluzione-a-due-stati\/","og_locale":"it_IT","og_type":"article","og_title":"Tajani in Israele: ribaditi il sostegno dell\u2019Italia e la soluzione a due Stati - Shalom","og_description":"Antonio Tajani \u00e8 tornato in Israele, dopo la prima visita del 13 ottobre del 2023, quando la priorit\u00e0 per l\u2019Italia &#8211; aveva dichiarato allora il vicepremier &#8211; era il salvataggio degli ostaggi. Ma allora, una settimana dopo il massacro inflitto da Hamas allo Stato ebraico il 7 ottobre, Tsahal non era ancora entrato \u201cboots on [&hellip;]","og_url":"https:\/\/www.shalom.it\/israele\/tajani-in-israele-ribaditi-il-sostegno-dellitalia-e-la-soluzione-a-due-stati\/","og_site_name":"Shalom","article_published_time":"2024-01-26T08:45:25+00:00","og_image":[{"width":1600,"height":1200,"url":"https:\/\/www.shalom.it\/wp-content\/uploads\/2024\/01\/tajani-net.jpeg","type":"image\/jpeg"}],"author":"Redazione","twitter_card":"summary_large_image","twitter_misc":{"Scritto da":"Redazione","Tempo di lettura stimato":"4 minuti"},"schema":{"@context":"https:\/\/schema.org","@graph":[{"@type":"Article","@id":"https:\/\/www.shalom.it\/israele\/tajani-in-israele-ribaditi-il-sostegno-dellitalia-e-la-soluzione-a-due-stati\/#article","isPartOf":{"@id":"https:\/\/www.shalom.it\/israele\/tajani-in-israele-ribaditi-il-sostegno-dellitalia-e-la-soluzione-a-due-stati\/"},"author":{"name":"Redazione","@id":"https:\/\/www.shalom.it\/#\/schema\/person\/d6d60e821a49d2a420ffe01f7af79dd8"},"headline":"Tajani in Israele: ribaditi il sostegno dell\u2019Italia e la soluzione a due Stati","datePublished":"2024-01-26T08:45:25+00:00","mainEntityOfPage":{"@id":"https:\/\/www.shalom.it\/israele\/tajani-in-israele-ribaditi-il-sostegno-dellitalia-e-la-soluzione-a-due-stati\/"},"wordCount":623,"image":{"@id":"https:\/\/www.shalom.it\/israele\/tajani-in-israele-ribaditi-il-sostegno-dellitalia-e-la-soluzione-a-due-stati\/#primaryimage"},"thumbnailUrl":"https:\/\/www.shalom.it\/wp-content\/uploads\/2024\/01\/tajani-net.jpeg","articleSection":["ISRAELE"],"inLanguage":"it-IT"},{"@type":"WebPage","@id":"https:\/\/www.shalom.it\/israele\/tajani-in-israele-ribaditi-il-sostegno-dellitalia-e-la-soluzione-a-due-stati\/","url":"https:\/\/www.shalom.it\/israele\/tajani-in-israele-ribaditi-il-sostegno-dellitalia-e-la-soluzione-a-due-stati\/","name":"Tajani in Israele: ribaditi il sostegno dell\u2019Italia e la soluzione a due Stati - Shalom","isPartOf":{"@id":"https:\/\/www.shalom.it\/#website"},"primaryImageOfPage":{"@id":"https:\/\/www.shalom.it\/israele\/tajani-in-israele-ribaditi-il-sostegno-dellitalia-e-la-soluzione-a-due-stati\/#primaryimage"},"image":{"@id":"https:\/\/www.shalom.it\/israele\/tajani-in-israele-ribaditi-il-sostegno-dellitalia-e-la-soluzione-a-due-stati\/#primaryimage"},"thumbnailUrl":"https:\/\/www.shalom.it\/wp-content\/uploads\/2024\/01\/tajani-net.jpeg","datePublished":"2024-01-26T08:45:25+00:00","author":{"@id":"https:\/\/www.shalom.it\/#\/schema\/person\/d6d60e821a49d2a420ffe01f7af79dd8"},"breadcrumb":{"@id":"https:\/\/www.shalom.it\/israele\/tajani-in-israele-ribaditi-il-sostegno-dellitalia-e-la-soluzione-a-due-stati\/#breadcrumb"},"inLanguage":"it-IT","potentialAction":[{"@type":"ReadAction","target":["https:\/\/www.shalom.it\/israele\/tajani-in-israele-ribaditi-il-sostegno-dellitalia-e-la-soluzione-a-due-stati\/"]}]},{"@type":"ImageObject","inLanguage":"it-IT","@id":"https:\/\/www.shalom.it\/israele\/tajani-in-israele-ribaditi-il-sostegno-dellitalia-e-la-soluzione-a-due-stati\/#primaryimage","url":"https:\/\/www.shalom.it\/wp-content\/uploads\/2024\/01\/tajani-net.jpeg","contentUrl":"https:\/\/www.shalom.it\/wp-content\/uploads\/2024\/01\/tajani-net.jpeg","width":1600,"height":1200},{"@type":"BreadcrumbList","@id":"https:\/\/www.shalom.it\/israele\/tajani-in-israele-ribaditi-il-sostegno-dellitalia-e-la-soluzione-a-due-stati\/#breadcrumb","itemListElement":[{"@type":"ListItem","position":1,"name":"Home","item":"https:\/\/www.shalom.it\/"},{"@type":"ListItem","position":2,"name":"Tajani in Israele: ribaditi il sostegno dell\u2019Italia e la soluzione a due Stati"}]},{"@type":"WebSite","@id":"https:\/\/www.shalom.it\/#website","url":"https:\/\/www.shalom.it\/","name":"Shalom","description":"Il Magazine della comunit\u00e0 ebraica di Roma","potentialAction":[{"@type":"SearchAction","target":{"@type":"EntryPoint","urlTemplate":"https:\/\/www.shalom.it\/?s={search_term_string}"},"query-input":{"@type":"PropertyValueSpecification","valueRequired":true,"valueName":"search_term_string"}}],"inLanguage":"it-IT"},{"@type":"Person","@id":"https:\/\/www.shalom.it\/#\/schema\/person\/d6d60e821a49d2a420ffe01f7af79dd8","name":"Redazione","url":"https:\/\/www.shalom.it\/author\/redazione\/"}]}},"jetpack_featured_media_url":"https:\/\/www.shalom.it\/wp-content\/uploads\/2024\/01\/tajani-net.jpeg","jetpack_sharing_enabled":true,"_links":{"self":[{"href":"https:\/\/www.shalom.it\/wp-json\/wp\/v2\/posts\/79299","targetHints":{"allow":["GET"]}}],"collection":[{"href":"https:\/\/www.shalom.it\/wp-json\/wp\/v2\/posts"}],"about":[{"href":"https:\/\/www.shalom.it\/wp-json\/wp\/v2\/types\/post"}],"author":[{"embeddable":true,"href":"https:\/\/www.shalom.it\/wp-json\/wp\/v2\/users\/3"}],"replies":[{"embeddable":true,"href":"https:\/\/www.shalom.it\/wp-json\/wp\/v2\/comments?post=79299"}],"version-history":[{"count":2,"href":"https:\/\/www.shalom.it\/wp-json\/wp\/v2\/posts\/79299\/revisions"}],"predecessor-version":[{"id":79304,"href":"https:\/\/www.shalom.it\/wp-json\/wp\/v2\/posts\/79299\/revisions\/79304"}],"wp:featuredmedia":[{"embeddable":true,"href":"https:\/\/www.shalom.it\/wp-json\/wp\/v2\/media\/79302"}],"wp:attachment":[{"href":"https:\/\/www.shalom.it\/wp-json\/wp\/v2\/media?parent=79299"}],"wp:term":[{"taxonomy":"category","embeddable":true,"href":"https:\/\/www.shalom.it\/wp-json\/wp\/v2\/categories?post=79299"},{"taxonomy":"post_tag","embeddable":true,"href":"https:\/\/www.shalom.it\/wp-json\/wp\/v2\/tags?post=79299"}],"curies":[{"name":"wp","href":"https:\/\/api.w.org\/{rel}","templated":true}]}}