{"id":79178,"date":"2024-01-24T04:30:00","date_gmt":"2024-01-24T03:30:00","guid":{"rendered":"https:\/\/www.shalom.it\/?p=79178"},"modified":"2024-01-24T09:49:54","modified_gmt":"2024-01-24T08:49:54","slug":"la-via-del-racconto-gli-ebrei-lungo-la-via-emilia","status":"publish","type":"post","link":"https:\/\/www.shalom.it\/cultura\/la-via-del-racconto-gli-ebrei-lungo-la-via-emilia\/","title":{"rendered":"La via del racconto: gli ebrei lungo la Via Emilia"},"content":{"rendered":"<p>La storia \u00e8 sempre in movimento: non \u00e8 mai una linea, ma sempre uno spazio. A tal proposito, \u201cCulture Ebraiche Lungo la Via Emilia\u201d, un docufilm di Bruna Bertani, autrice e regista, che Rai 5 mander\u00e0 in onda il 27 gennaio alle 21:45 per la Giornata della Memoria, ha lo scopo di mostrare, in 60 minuti, i territori dell\u2019Emilia Romagna legati all\u2019ebraismo. Questo racconto ripercorre i luoghi lungo la Via Emilia, luoghi di scambio di cultura, idee, arte, ma anche di discriminazioni e di persecuzioni. Il documentario mette in luce quegli spazi dell\u2019Emilia Romagna costellati dalle comunit\u00e0 ebraiche, non solo in un continuo confronto tra presente e passato, ma anche in una prospettiva di fiducia nel futuro e nella vita che i valori ebraici continuano a trasmettere giorno dopo giorno. Bisogna raccontare le storie di ebrei vivi, di ebrei immersi nelle comunit\u00e0 ebraiche ancora vitali e produttive, i quali hanno contaminato e sono stati contaminati da arte, musica, cucina, idee e personaggi.<br \/>\nLa narrazione viene ripresa da diversi luoghi: Parma, Soragna, Bologna, Modena, Carpi, Mirandola, Ferrara, Bertinoro, Cento\u2026<\/p>\n<p><img loading=\"lazy\" decoding=\"async\" class=\"size-large wp-image-79181 aligncenter\" src=\"https:\/\/www.shalom.it\/wp-content\/uploads\/2024\/01\/nicole2-1024x576.jpeg\" alt=\"\" width=\"800\" height=\"450\" srcset=\"https:\/\/www.shalom.it\/wp-content\/uploads\/2024\/01\/nicole2-1024x576.jpeg 1024w, https:\/\/www.shalom.it\/wp-content\/uploads\/2024\/01\/nicole2-300x169.jpeg 300w, https:\/\/www.shalom.it\/wp-content\/uploads\/2024\/01\/nicole2-768x432.jpeg 768w, https:\/\/www.shalom.it\/wp-content\/uploads\/2024\/01\/nicole2-1536x864.jpeg 1536w, https:\/\/www.shalom.it\/wp-content\/uploads\/2024\/01\/nicole2.jpeg 1599w\" sizes=\"auto, (max-width: 800px) 100vw, 800px\" \/><br \/>\nLa prima a prendere la parola \u00e8 Alessandra Veronese, docente all\u2019universit\u00e0 di Pisa, la quale racconta, dall\u2019arco di Augusto a Rimini, le origini e la provenienza degli ebrei che caratterizzano il territorio emiliano. Successivamente, grazie agli interventi di Giulio Busi, il Rabbino Maggiore di Bologna, Shalom Bahbout, e il Rabbino Capo di Ferrara, Luciano Capo, si rendono noti i rapporti tra umanisti e cultura ebraica rappresentati dalla figura di Pico della Mirandola e dalle traduzioni della cabbal\u00e0; seguiamo, poi, le tracce di Ovadia Sforno, importante commentatore della Torah; e Ovadia da Bertinoro, celebre commentatore della Mishn\u00e0. Ancora, Giuseppe Balzano spiega, partendo da un versetto della Torah, \u201cil senso che nella cultura ebraica ha la costante idea di movimento come trasformazione interiore che pervade tutta la storia di questo popolo e anche dei suoi rappresentanti lungo la via Emilia\u201d. Altra chiave di apertura verso il futuro \u00e8 testimoniata dal Presidente della Comunit\u00e0 di Bologna, Daniel De Paz, con il progetto &#8220;Reshet&#8221;. La partecipazione al documentario di Laura Graziani Secchieri e di Giuseppina Muzzarelli ci permette di scoprire, rispettivamente, la composizione sociale degli ebrei lungo la via Emilia e la presenza delle donne in tali comunit\u00e0. A Ferrara si viene attratti da musiche e danze tipiche della tradizione di queste comunit\u00e0, accompagnate dalla preparazione dei burricchi, dolci ebraici con un profumo di mandorle. Mauro Perani, docente all\u2019universit\u00e0 di Bologna, svela lo stretto rapporto tra le comunit\u00e0 locali e quelle ebraiche, raccontando anche della creazione e della distruzione di molti libri sacri. Mentre a Soragna, in provincia di Parma, il pubblico assiste ad un concerto di musiche sinagogali e di corte del celebre compositore ebreo Salamone Rossi, a Bologna viene presentato il rito dell\u2019Avdal\u00e0. Tuttavia, in questa fantastica storia, avvenuta lungo la via Emilia, non \u00e8 mancata la trama della Shoah, come, tra l\u2019altro, ricordano Lucio Pardo e Daniel Fishman. La trama della Shoah \u00e8 un viaggio lineare dentro la storia delle comunit\u00e0 ebraiche in Emilia Romagna: \u00e8 destinato a passare solo in alcuni punti della storia e a renderne visibile solo una parte.<\/p>\n<p><img loading=\"lazy\" decoding=\"async\" class=\"size-large wp-image-79179 aligncenter\" src=\"https:\/\/www.shalom.it\/wp-content\/uploads\/2024\/01\/nicole8-1024x576.jpeg\" alt=\"\" width=\"800\" height=\"450\" srcset=\"https:\/\/www.shalom.it\/wp-content\/uploads\/2024\/01\/nicole8-1024x576.jpeg 1024w, https:\/\/www.shalom.it\/wp-content\/uploads\/2024\/01\/nicole8-300x169.jpeg 300w, https:\/\/www.shalom.it\/wp-content\/uploads\/2024\/01\/nicole8-768x432.jpeg 768w, https:\/\/www.shalom.it\/wp-content\/uploads\/2024\/01\/nicole8-1536x864.jpeg 1536w, https:\/\/www.shalom.it\/wp-content\/uploads\/2024\/01\/nicole8.jpeg 1599w\" sizes=\"auto, (max-width: 800px) 100vw, 800px\" \/><\/p>\n","protected":false},"excerpt":{"rendered":"<p>La storia \u00e8 sempre in movimento: non \u00e8 mai una linea, ma sempre uno spazio. A tal proposito, \u201cCulture Ebraiche Lungo la Via Emilia\u201d, un docufilm di Bruna Bertani, autrice e regista, che Rai 5 mander\u00e0 in onda il 27 gennaio alle 21:45 per la Giornata della Memoria, ha lo scopo di mostrare, in 60 [&hellip;]<\/p>\n","protected":false},"author":37,"featured_media":79180,"comment_status":"closed","ping_status":"closed","sticky":false,"template":"","format":"standard","meta":{"_acf_changed":false,"_jetpack_memberships_contains_paid_content":false,"footnotes":""},"categories":[7],"tags":[67],"class_list":["post-79178","post","type-post","status-publish","format-standard","has-post-thumbnail","hentry","category-cultura","tag-giorno-della-memoria"],"acf":[],"yoast_head":"<!-- This site is optimized with the Yoast SEO plugin v26.9 - https:\/\/yoast.com\/product\/yoast-seo-wordpress\/ -->\n<title>La via del racconto: gli ebrei lungo la Via Emilia - Shalom<\/title>\n<meta name=\"robots\" content=\"index, follow, max-snippet:-1, max-image-preview:large, max-video-preview:-1\" \/>\n<link rel=\"canonical\" href=\"https:\/\/www.shalom.it\/cultura\/la-via-del-racconto-gli-ebrei-lungo-la-via-emilia\/\" \/>\n<meta property=\"og:locale\" content=\"it_IT\" \/>\n<meta property=\"og:type\" content=\"article\" \/>\n<meta property=\"og:title\" content=\"La via del racconto: gli ebrei lungo la Via Emilia - Shalom\" \/>\n<meta property=\"og:description\" content=\"La storia \u00e8 sempre in movimento: non \u00e8 mai una linea, ma sempre uno spazio. A tal proposito, \u201cCulture Ebraiche Lungo la Via Emilia\u201d, un docufilm di Bruna Bertani, autrice e regista, che Rai 5 mander\u00e0 in onda il 27 gennaio alle 21:45 per la Giornata della Memoria, ha lo scopo di mostrare, in 60 [&hellip;]\" \/>\n<meta property=\"og:url\" content=\"https:\/\/www.shalom.it\/cultura\/la-via-del-racconto-gli-ebrei-lungo-la-via-emilia\/\" \/>\n<meta property=\"og:site_name\" content=\"Shalom\" \/>\n<meta property=\"article:published_time\" content=\"2024-01-24T03:30:00+00:00\" \/>\n<meta property=\"article:modified_time\" content=\"2024-01-24T08:49:54+00:00\" \/>\n<meta property=\"og:image\" content=\"https:\/\/www.shalom.it\/wp-content\/uploads\/2024\/01\/nicole5.jpeg\" \/>\n\t<meta property=\"og:image:width\" content=\"1599\" \/>\n\t<meta property=\"og:image:height\" content=\"899\" \/>\n\t<meta property=\"og:image:type\" content=\"image\/jpeg\" \/>\n<meta name=\"author\" content=\"Donato Moscati\" \/>\n<meta name=\"twitter:card\" content=\"summary_large_image\" \/>\n<meta name=\"twitter:label1\" content=\"Scritto da\" \/>\n\t<meta name=\"twitter:data1\" content=\"Donato Moscati\" \/>\n\t<meta name=\"twitter:label2\" content=\"Tempo di lettura stimato\" \/>\n\t<meta name=\"twitter:data2\" content=\"4 minuti\" \/>\n<script type=\"application\/ld+json\" class=\"yoast-schema-graph\">{\"@context\":\"https:\/\/schema.org\",\"@graph\":[{\"@type\":\"Article\",\"@id\":\"https:\/\/www.shalom.it\/cultura\/la-via-del-racconto-gli-ebrei-lungo-la-via-emilia\/#article\",\"isPartOf\":{\"@id\":\"https:\/\/www.shalom.it\/cultura\/la-via-del-racconto-gli-ebrei-lungo-la-via-emilia\/\"},\"author\":{\"name\":\"Donato Moscati\",\"@id\":\"https:\/\/www.shalom.it\/#\/schema\/person\/13ae4cec9003e7d1f15e729be3eda88f\"},\"headline\":\"La via del racconto: gli ebrei lungo la Via Emilia\",\"datePublished\":\"2024-01-24T03:30:00+00:00\",\"dateModified\":\"2024-01-24T08:49:54+00:00\",\"mainEntityOfPage\":{\"@id\":\"https:\/\/www.shalom.it\/cultura\/la-via-del-racconto-gli-ebrei-lungo-la-via-emilia\/\"},\"wordCount\":526,\"image\":{\"@id\":\"https:\/\/www.shalom.it\/cultura\/la-via-del-racconto-gli-ebrei-lungo-la-via-emilia\/#primaryimage\"},\"thumbnailUrl\":\"https:\/\/www.shalom.it\/wp-content\/uploads\/2024\/01\/nicole5.jpeg\",\"keywords\":[\"giorno della memoria\"],\"articleSection\":[\"Cultura\"],\"inLanguage\":\"it-IT\"},{\"@type\":\"WebPage\",\"@id\":\"https:\/\/www.shalom.it\/cultura\/la-via-del-racconto-gli-ebrei-lungo-la-via-emilia\/\",\"url\":\"https:\/\/www.shalom.it\/cultura\/la-via-del-racconto-gli-ebrei-lungo-la-via-emilia\/\",\"name\":\"La via del racconto: gli ebrei lungo la Via Emilia - Shalom\",\"isPartOf\":{\"@id\":\"https:\/\/www.shalom.it\/#website\"},\"primaryImageOfPage\":{\"@id\":\"https:\/\/www.shalom.it\/cultura\/la-via-del-racconto-gli-ebrei-lungo-la-via-emilia\/#primaryimage\"},\"image\":{\"@id\":\"https:\/\/www.shalom.it\/cultura\/la-via-del-racconto-gli-ebrei-lungo-la-via-emilia\/#primaryimage\"},\"thumbnailUrl\":\"https:\/\/www.shalom.it\/wp-content\/uploads\/2024\/01\/nicole5.jpeg\",\"datePublished\":\"2024-01-24T03:30:00+00:00\",\"dateModified\":\"2024-01-24T08:49:54+00:00\",\"author\":{\"@id\":\"https:\/\/www.shalom.it\/#\/schema\/person\/13ae4cec9003e7d1f15e729be3eda88f\"},\"breadcrumb\":{\"@id\":\"https:\/\/www.shalom.it\/cultura\/la-via-del-racconto-gli-ebrei-lungo-la-via-emilia\/#breadcrumb\"},\"inLanguage\":\"it-IT\",\"potentialAction\":[{\"@type\":\"ReadAction\",\"target\":[\"https:\/\/www.shalom.it\/cultura\/la-via-del-racconto-gli-ebrei-lungo-la-via-emilia\/\"]}]},{\"@type\":\"ImageObject\",\"inLanguage\":\"it-IT\",\"@id\":\"https:\/\/www.shalom.it\/cultura\/la-via-del-racconto-gli-ebrei-lungo-la-via-emilia\/#primaryimage\",\"url\":\"https:\/\/www.shalom.it\/wp-content\/uploads\/2024\/01\/nicole5.jpeg\",\"contentUrl\":\"https:\/\/www.shalom.it\/wp-content\/uploads\/2024\/01\/nicole5.jpeg\",\"width\":1599,\"height\":899},{\"@type\":\"BreadcrumbList\",\"@id\":\"https:\/\/www.shalom.it\/cultura\/la-via-del-racconto-gli-ebrei-lungo-la-via-emilia\/#breadcrumb\",\"itemListElement\":[{\"@type\":\"ListItem\",\"position\":1,\"name\":\"Home\",\"item\":\"https:\/\/www.shalom.it\/\"},{\"@type\":\"ListItem\",\"position\":2,\"name\":\"La via del racconto: gli ebrei lungo la Via Emilia\"}]},{\"@type\":\"WebSite\",\"@id\":\"https:\/\/www.shalom.it\/#website\",\"url\":\"https:\/\/www.shalom.it\/\",\"name\":\"Shalom\",\"description\":\"Il Magazine della comunit\u00e0 ebraica di Roma\",\"potentialAction\":[{\"@type\":\"SearchAction\",\"target\":{\"@type\":\"EntryPoint\",\"urlTemplate\":\"https:\/\/www.shalom.it\/?s={search_term_string}\"},\"query-input\":{\"@type\":\"PropertyValueSpecification\",\"valueRequired\":true,\"valueName\":\"search_term_string\"}}],\"inLanguage\":\"it-IT\"},{\"@type\":\"Person\",\"@id\":\"https:\/\/www.shalom.it\/#\/schema\/person\/13ae4cec9003e7d1f15e729be3eda88f\",\"name\":\"Donato Moscati\",\"url\":\"https:\/\/www.shalom.it\/author\/mdonato\/\"}]}<\/script>\n<!-- \/ Yoast SEO plugin. -->","yoast_head_json":{"title":"La via del racconto: gli ebrei lungo la Via Emilia - Shalom","robots":{"index":"index","follow":"follow","max-snippet":"max-snippet:-1","max-image-preview":"max-image-preview:large","max-video-preview":"max-video-preview:-1"},"canonical":"https:\/\/www.shalom.it\/cultura\/la-via-del-racconto-gli-ebrei-lungo-la-via-emilia\/","og_locale":"it_IT","og_type":"article","og_title":"La via del racconto: gli ebrei lungo la Via Emilia - Shalom","og_description":"La storia \u00e8 sempre in movimento: non \u00e8 mai una linea, ma sempre uno spazio. A tal proposito, \u201cCulture Ebraiche Lungo la Via Emilia\u201d, un docufilm di Bruna Bertani, autrice e regista, che Rai 5 mander\u00e0 in onda il 27 gennaio alle 21:45 per la Giornata della Memoria, ha lo scopo di mostrare, in 60 [&hellip;]","og_url":"https:\/\/www.shalom.it\/cultura\/la-via-del-racconto-gli-ebrei-lungo-la-via-emilia\/","og_site_name":"Shalom","article_published_time":"2024-01-24T03:30:00+00:00","article_modified_time":"2024-01-24T08:49:54+00:00","og_image":[{"width":1599,"height":899,"url":"https:\/\/www.shalom.it\/wp-content\/uploads\/2024\/01\/nicole5.jpeg","type":"image\/jpeg"}],"author":"Donato Moscati","twitter_card":"summary_large_image","twitter_misc":{"Scritto da":"Donato Moscati","Tempo di lettura stimato":"4 minuti"},"schema":{"@context":"https:\/\/schema.org","@graph":[{"@type":"Article","@id":"https:\/\/www.shalom.it\/cultura\/la-via-del-racconto-gli-ebrei-lungo-la-via-emilia\/#article","isPartOf":{"@id":"https:\/\/www.shalom.it\/cultura\/la-via-del-racconto-gli-ebrei-lungo-la-via-emilia\/"},"author":{"name":"Donato Moscati","@id":"https:\/\/www.shalom.it\/#\/schema\/person\/13ae4cec9003e7d1f15e729be3eda88f"},"headline":"La via del racconto: gli ebrei lungo la Via Emilia","datePublished":"2024-01-24T03:30:00+00:00","dateModified":"2024-01-24T08:49:54+00:00","mainEntityOfPage":{"@id":"https:\/\/www.shalom.it\/cultura\/la-via-del-racconto-gli-ebrei-lungo-la-via-emilia\/"},"wordCount":526,"image":{"@id":"https:\/\/www.shalom.it\/cultura\/la-via-del-racconto-gli-ebrei-lungo-la-via-emilia\/#primaryimage"},"thumbnailUrl":"https:\/\/www.shalom.it\/wp-content\/uploads\/2024\/01\/nicole5.jpeg","keywords":["giorno della memoria"],"articleSection":["Cultura"],"inLanguage":"it-IT"},{"@type":"WebPage","@id":"https:\/\/www.shalom.it\/cultura\/la-via-del-racconto-gli-ebrei-lungo-la-via-emilia\/","url":"https:\/\/www.shalom.it\/cultura\/la-via-del-racconto-gli-ebrei-lungo-la-via-emilia\/","name":"La via del racconto: gli ebrei lungo la Via Emilia - Shalom","isPartOf":{"@id":"https:\/\/www.shalom.it\/#website"},"primaryImageOfPage":{"@id":"https:\/\/www.shalom.it\/cultura\/la-via-del-racconto-gli-ebrei-lungo-la-via-emilia\/#primaryimage"},"image":{"@id":"https:\/\/www.shalom.it\/cultura\/la-via-del-racconto-gli-ebrei-lungo-la-via-emilia\/#primaryimage"},"thumbnailUrl":"https:\/\/www.shalom.it\/wp-content\/uploads\/2024\/01\/nicole5.jpeg","datePublished":"2024-01-24T03:30:00+00:00","dateModified":"2024-01-24T08:49:54+00:00","author":{"@id":"https:\/\/www.shalom.it\/#\/schema\/person\/13ae4cec9003e7d1f15e729be3eda88f"},"breadcrumb":{"@id":"https:\/\/www.shalom.it\/cultura\/la-via-del-racconto-gli-ebrei-lungo-la-via-emilia\/#breadcrumb"},"inLanguage":"it-IT","potentialAction":[{"@type":"ReadAction","target":["https:\/\/www.shalom.it\/cultura\/la-via-del-racconto-gli-ebrei-lungo-la-via-emilia\/"]}]},{"@type":"ImageObject","inLanguage":"it-IT","@id":"https:\/\/www.shalom.it\/cultura\/la-via-del-racconto-gli-ebrei-lungo-la-via-emilia\/#primaryimage","url":"https:\/\/www.shalom.it\/wp-content\/uploads\/2024\/01\/nicole5.jpeg","contentUrl":"https:\/\/www.shalom.it\/wp-content\/uploads\/2024\/01\/nicole5.jpeg","width":1599,"height":899},{"@type":"BreadcrumbList","@id":"https:\/\/www.shalom.it\/cultura\/la-via-del-racconto-gli-ebrei-lungo-la-via-emilia\/#breadcrumb","itemListElement":[{"@type":"ListItem","position":1,"name":"Home","item":"https:\/\/www.shalom.it\/"},{"@type":"ListItem","position":2,"name":"La via del racconto: gli ebrei lungo la Via Emilia"}]},{"@type":"WebSite","@id":"https:\/\/www.shalom.it\/#website","url":"https:\/\/www.shalom.it\/","name":"Shalom","description":"Il Magazine della comunit\u00e0 ebraica di Roma","potentialAction":[{"@type":"SearchAction","target":{"@type":"EntryPoint","urlTemplate":"https:\/\/www.shalom.it\/?s={search_term_string}"},"query-input":{"@type":"PropertyValueSpecification","valueRequired":true,"valueName":"search_term_string"}}],"inLanguage":"it-IT"},{"@type":"Person","@id":"https:\/\/www.shalom.it\/#\/schema\/person\/13ae4cec9003e7d1f15e729be3eda88f","name":"Donato Moscati","url":"https:\/\/www.shalom.it\/author\/mdonato\/"}]}},"jetpack_featured_media_url":"https:\/\/www.shalom.it\/wp-content\/uploads\/2024\/01\/nicole5.jpeg","jetpack_sharing_enabled":true,"_links":{"self":[{"href":"https:\/\/www.shalom.it\/wp-json\/wp\/v2\/posts\/79178","targetHints":{"allow":["GET"]}}],"collection":[{"href":"https:\/\/www.shalom.it\/wp-json\/wp\/v2\/posts"}],"about":[{"href":"https:\/\/www.shalom.it\/wp-json\/wp\/v2\/types\/post"}],"author":[{"embeddable":true,"href":"https:\/\/www.shalom.it\/wp-json\/wp\/v2\/users\/37"}],"replies":[{"embeddable":true,"href":"https:\/\/www.shalom.it\/wp-json\/wp\/v2\/comments?post=79178"}],"version-history":[{"count":3,"href":"https:\/\/www.shalom.it\/wp-json\/wp\/v2\/posts\/79178\/revisions"}],"predecessor-version":[{"id":79199,"href":"https:\/\/www.shalom.it\/wp-json\/wp\/v2\/posts\/79178\/revisions\/79199"}],"wp:featuredmedia":[{"embeddable":true,"href":"https:\/\/www.shalom.it\/wp-json\/wp\/v2\/media\/79180"}],"wp:attachment":[{"href":"https:\/\/www.shalom.it\/wp-json\/wp\/v2\/media?parent=79178"}],"wp:term":[{"taxonomy":"category","embeddable":true,"href":"https:\/\/www.shalom.it\/wp-json\/wp\/v2\/categories?post=79178"},{"taxonomy":"post_tag","embeddable":true,"href":"https:\/\/www.shalom.it\/wp-json\/wp\/v2\/tags?post=79178"}],"curies":[{"name":"wp","href":"https:\/\/api.w.org\/{rel}","templated":true}]}}