{"id":75767,"date":"2023-10-17T00:00:00","date_gmt":"2023-10-16T22:00:00","guid":{"rendered":"https:\/\/www.shalom.it\/senza-categoria\/come-aiutare-i-figli-a-gestire-ansia-e-preoccupazione-causate-dal-conflitto-b1136751\/"},"modified":"2024-05-31T00:58:41","modified_gmt":"2024-05-30T22:58:41","slug":"come-aiutare-i-figli-a-gestire-ansia-e-preoccupazione-causate-dal-conflitto-b1136751","status":"publish","type":"post","link":"https:\/\/www.shalom.it\/news\/come-aiutare-i-figli-a-gestire-ansia-e-preoccupazione-causate-dal-conflitto-b1136751\/","title":{"rendered":"Come aiutare i figli a gestire ansia e preoccupazione causate dal conflitto"},"content":{"rendered":"<p class=\"MsoNormal\" style=\"margin: 0cm; font-size: medium; font-family: Calibri, sans-serif; caret-color: rgb(0, 0, 0); color: rgb(0, 0, 0);\">I tragici eventi del 7 ottobre scorso hanno colpito duramente tutti noi e le notizie che arrivano da Israele ci procurano uno stato d\u2019animo di preoccupazione perenne. La perdita cos\u00ec cruenta di tanti nostri fratelli, l\u2019angoscia per i nostri familiari ed amici che vivono in Israele, l\u2019incertezza per ci\u00f2 che li aspetta ancora, sono i nostri pensieri ricorrenti in questi giorni cos\u00ec difficili.<o:p><\/o:p><\/p>\n<p class=\"MsoNormal\" style=\"margin: 0cm; font-size: medium; font-family: Calibri, sans-serif; caret-color: rgb(0, 0, 0); color: rgb(0, 0, 0);\">Tutte queste ansie e preoccupazioni sono entrate anche nella vita dei nostri figli, che hanno appreso le notizie, spesso associate alle immagini che appaiono sui media. Bisogna considerare che i bambini si rendono perfettamente conto dello stato d\u2019animo degli adulti anche solo osservando il nostro sguardo, attraverso il nostro tono di voce, le nostre espressioni. Per questo motivo \u00e8 bene che gli adulti non parlino delle loro preoccupazioni davanti ai bambini, cos\u00ec come dovrebbero evitare di far vedere loro le immagini della guerra che circolano sui social, questo in particolare per gli adolescenti che sono molto abili nella gestione di questi siti.<o:p><\/o:p><\/p>\n<p class=\"MsoNormal\" style=\"margin: 0cm; font-size: medium; font-family: Calibri, sans-serif; caret-color: rgb(0, 0, 0); color: rgb(0, 0, 0);\">Che cosa possono fare i genitori per aiutare i loro figli a gestire questi stati d\u2019animo in questo periodo?<o:p><\/o:p><\/p>\n<p class=\"MsoNormal\" style=\"margin: 0cm; font-size: medium; font-family: Calibri, sans-serif; caret-color: rgb(0, 0, 0); color: rgb(0, 0, 0);\">Non c\u2019\u00e8 una ricetta ben precisa perch\u00e9 ogni bambino\/ragazzo ha delle reazioni diverse, per cui \u00e8 compito dei genitori osservare attentamente i figli e vedere se \u00e8 cambiato qualcosa nel loro comportamento. In questo periodo bisogna star loro molto vicini, ascoltarli ed anche abbracciarli pi\u00f9 del solito per non farli sentire da soli nella gestione delle loro emozioni. I giovani amano il contatto affettuoso nei momenti difficili.&nbsp;<o:p><\/o:p><\/p>\n<p class=\"MsoNormal\" style=\"margin: 0cm; font-size: medium; font-family: Calibri, sans-serif; caret-color: rgb(0, 0, 0); color: rgb(0, 0, 0);\">E\u2019 molto utile parlare con bambini e ragazzi scegliendo un momento tranquillo. Bisogna capire bene che cosa hanno recepito dei fatti, che idea si sono fatti e analizzare insieme a loro gli eventi, senza nascondere nulla ma dosando le informazioni in base all\u2019et\u00e0. Ascoltateli, permettete loro di fare domande e rispondete con serenit\u00e0. E\u2019 anche importante capire cosa sa esattamente il bambino, dire le cose reali e smentire eventuali fake news di cui sia venuto a conoscenza.&nbsp;<o:p><\/o:p><\/p>\n<p class=\"MsoNormal\" style=\"margin: 0cm; font-size: medium; font-family: Calibri, sans-serif; caret-color: rgb(0, 0, 0); color: rgb(0, 0, 0);\">Un elemento molto importante \u00e8 che tutti i bambini e i ragazzi non devono perdere la speranza nel futuro quindi, quando risponderete alle loro domande, rassicurateli, dite loro che tutto finir\u00e0, ponete l\u2019accento sulle azioni di eroismo e di difesa che ci sono state e che ci saranno.<o:p><\/o:p><\/p>\n<p class=\"MsoNormal\" style=\"margin: 0cm; font-size: medium; font-family: Calibri, sans-serif; caret-color: rgb(0, 0, 0); color: rgb(0, 0, 0);\">Coinvolgeteli, come gi\u00e0 \u00e8 stato fatto in parte, a dare il loro contributo con le raccolte mirate ad inviare aiuti alla popolazione ed ai militari impegnati nella loro difesa e nella difesa della Patria, anche attraverso messaggi scritti di sostegno. Questo dar\u00e0 loro la sensazione di aver dato anche il loro contributo.<o:p><\/o:p><\/p>\n<p class=\"MsoNormal\" style=\"margin: 0cm; font-size: medium; font-family: Calibri, sans-serif; caret-color: rgb(0, 0, 0); color: rgb(0, 0, 0);\">Uno dei consigli pi\u00f9 importanti che si possono dare ai genitori \u00e8 quello di non interrompere assolutamente la routine quotidiana dei bambini e dei ragazzi. Pur comprendendo le paure, perch\u00e9 l\u2019imprevedibile \u00e8 sempre possibile, \u00e8 bene che i bambini continuino la loro vita. La routine \u00e8 una forma di contenimento emotivo: stare nel gruppo dei pari con il supporto di un docente che li conosce e li ascolta, facilita la gestione delle proprie emozioni. Il confronto con i pari, li fa sentire uniti col gruppo con cui condividere le esperienze, spesso durante le discussioni in classe, i ragazzi si confortano a vicenda.<o:p><\/o:p><\/p>\n<p class=\"MsoNormal\" style=\"margin: 0cm; font-size: medium; font-family: Calibri, sans-serif; caret-color: rgb(0, 0, 0); color: rgb(0, 0, 0);\">&nbsp;Interrompere le loro abitudini fa scattare nella loro mente un campanello di allarme, fa pensare loro che qualcosa di brutto potr\u00e0 accadere. Il nostro compito, invece, \u00e8 quello di farli sentire sereni dicendo loro che sono state messe in atto tutte le azioni per la loro protezione.<o:p><\/o:p><\/p>\n<p class=\"MsoNormal\" style=\"margin: 0cm; font-size: medium; font-family: Calibri, sans-serif; caret-color: rgb(0, 0, 0); color: rgb(0, 0, 0);\">Va fortificato anche il loro senso identitario e di appartenenza al Nostro Popolo, ci\u00f2 li fortifica in un momento di forte preoccupazione: i rituali, le preghiere, tutte le attivit\u00e0 quotidiane, li fanno sentire sicuri e protetti.<o:p><\/o:p><\/p>\n<p class=\"MsoNormal\" style=\"margin: 0cm; font-size: medium; font-family: Calibri, sans-serif; caret-color: rgb(0, 0, 0); color: rgb(0, 0, 0);\">In questo periodo i genitori dovrebbero anche dedicare pi\u00f9 tempo nel condividere con i figli attivit\u00e0 ricreative o culturali che possano deviare un poco l\u2019attenzione dai fatti di cronaca e regalare dei periodi di spensieratezza.<o:p><\/o:p><\/p>\n<p class=\"MsoNormal\" style=\"margin: 0cm; font-size: medium; font-family: Calibri, sans-serif; caret-color: rgb(0, 0, 0); color: rgb(0, 0, 0);\">L\u2019ultimo consiglio che mi sento di poter dare \u00e8 questo: nel caso in cui un genitore si accorga che il figlio ha delle reazioni negative intense e prolungate nel tempo, nonostante tutti gli sforzi e le azioni messe in atto, non esiti a contattare i loro insegnanti per capire se il bimbo\/ragazzo abbia gli stessi comportamenti anche in altri contesti, in seguito, se necessario, si pu\u00f2 contattare con fiducia l\u2019equipe di psicologia scolastica presente nelle scuole.<o:p><\/o:p><\/p>\n","protected":false},"excerpt":{"rendered":"<p>I tragici eventi del 7 ottobre scorso hanno colpito duramente tutti noi e le notizie che arrivano da Israele ci procurano uno stato d\u2019animo di preoccupazione perenne. La perdita cos\u00ec cruenta di tanti nostri fratelli, l\u2019angoscia per i nostri familiari ed amici che vivono in Israele, l\u2019incertezza per ci\u00f2 che li aspetta ancora, sono i [&hellip;]<\/p>\n","protected":false},"author":202,"featured_media":75768,"comment_status":"closed","ping_status":"closed","sticky":false,"template":"","format":"standard","meta":{"_acf_changed":false,"_jetpack_memberships_contains_paid_content":false,"footnotes":""},"categories":[13],"tags":[],"class_list":["post-75767","post","type-post","status-publish","format-standard","has-post-thumbnail","hentry","category-news"],"acf":[],"yoast_head":"<!-- This site is optimized with the Yoast SEO plugin v26.9 - https:\/\/yoast.com\/product\/yoast-seo-wordpress\/ -->\n<title>Come aiutare i figli a gestire ansia e preoccupazione causate dal conflitto<\/title>\n<meta name=\"robots\" content=\"index, follow, max-snippet:-1, max-image-preview:large, max-video-preview:-1\" \/>\n<link rel=\"canonical\" href=\"https:\/\/www.shalom.it\/news\/come-aiutare-i-figli-a-gestire-ansia-e-preoccupazione-causate-dal-conflitto-b1136751\/\" \/>\n<meta property=\"og:locale\" content=\"it_IT\" \/>\n<meta property=\"og:type\" content=\"article\" \/>\n<meta property=\"og:title\" content=\"Come aiutare i figli a gestire ansia e preoccupazione causate dal conflitto\" \/>\n<meta property=\"og:description\" content=\"I tragici eventi del 7 ottobre scorso hanno colpito duramente tutti noi e le notizie che arrivano da Israele ci procurano uno stato d\u2019animo di preoccupazione perenne. La perdita cos\u00ec cruenta di tanti nostri fratelli, l\u2019angoscia per i nostri familiari ed amici che vivono in Israele, l\u2019incertezza per ci\u00f2 che li aspetta ancora, sono i [&hellip;]\" \/>\n<meta property=\"og:url\" content=\"https:\/\/www.shalom.it\/news\/come-aiutare-i-figli-a-gestire-ansia-e-preoccupazione-causate-dal-conflitto-b1136751\/\" \/>\n<meta property=\"og:site_name\" content=\"Shalom\" \/>\n<meta property=\"article:published_time\" content=\"2023-10-16T22:00:00+00:00\" \/>\n<meta property=\"article:modified_time\" content=\"2024-05-30T22:58:41+00:00\" \/>\n<meta property=\"og:image\" content=\"https:\/\/www.shalom.it\/wp-content\/uploads\/2023\/10\/paura.jpg\" \/>\n\t<meta property=\"og:image:width\" content=\"2000\" \/>\n\t<meta property=\"og:image:height\" content=\"952\" \/>\n\t<meta property=\"og:image:type\" content=\"image\/jpeg\" \/>\n<meta name=\"author\" content=\"Milena Pavoncello\" \/>\n<meta name=\"twitter:card\" content=\"summary_large_image\" \/>\n<meta name=\"twitter:label1\" content=\"Scritto da\" \/>\n\t<meta name=\"twitter:data1\" content=\"Milena Pavoncello\" \/>\n\t<meta name=\"twitter:label2\" content=\"Tempo di lettura stimato\" \/>\n\t<meta name=\"twitter:data2\" content=\"4 minuti\" \/>\n<script type=\"application\/ld+json\" class=\"yoast-schema-graph\">{\"@context\":\"https:\/\/schema.org\",\"@graph\":[{\"@type\":\"Article\",\"@id\":\"https:\/\/www.shalom.it\/news\/come-aiutare-i-figli-a-gestire-ansia-e-preoccupazione-causate-dal-conflitto-b1136751\/#article\",\"isPartOf\":{\"@id\":\"https:\/\/www.shalom.it\/news\/come-aiutare-i-figli-a-gestire-ansia-e-preoccupazione-causate-dal-conflitto-b1136751\/\"},\"author\":{\"name\":\"Milena Pavoncello\",\"@id\":\"https:\/\/www.shalom.it\/#\/schema\/person\/0c5894717ccd9a37dc0611583f11fbd8\"},\"headline\":\"Come aiutare i figli a gestire ansia e preoccupazione causate dal conflitto\",\"datePublished\":\"2023-10-16T22:00:00+00:00\",\"dateModified\":\"2024-05-30T22:58:41+00:00\",\"mainEntityOfPage\":{\"@id\":\"https:\/\/www.shalom.it\/news\/come-aiutare-i-figli-a-gestire-ansia-e-preoccupazione-causate-dal-conflitto-b1136751\/\"},\"wordCount\":740,\"image\":{\"@id\":\"https:\/\/www.shalom.it\/news\/come-aiutare-i-figli-a-gestire-ansia-e-preoccupazione-causate-dal-conflitto-b1136751\/#primaryimage\"},\"thumbnailUrl\":\"https:\/\/www.shalom.it\/wp-content\/uploads\/2023\/10\/paura.jpg\",\"articleSection\":[\"NEWS\"],\"inLanguage\":\"it-IT\"},{\"@type\":\"WebPage\",\"@id\":\"https:\/\/www.shalom.it\/news\/come-aiutare-i-figli-a-gestire-ansia-e-preoccupazione-causate-dal-conflitto-b1136751\/\",\"url\":\"https:\/\/www.shalom.it\/news\/come-aiutare-i-figli-a-gestire-ansia-e-preoccupazione-causate-dal-conflitto-b1136751\/\",\"name\":\"Come aiutare i figli a gestire ansia e preoccupazione causate dal conflitto\",\"isPartOf\":{\"@id\":\"https:\/\/www.shalom.it\/#website\"},\"primaryImageOfPage\":{\"@id\":\"https:\/\/www.shalom.it\/news\/come-aiutare-i-figli-a-gestire-ansia-e-preoccupazione-causate-dal-conflitto-b1136751\/#primaryimage\"},\"image\":{\"@id\":\"https:\/\/www.shalom.it\/news\/come-aiutare-i-figli-a-gestire-ansia-e-preoccupazione-causate-dal-conflitto-b1136751\/#primaryimage\"},\"thumbnailUrl\":\"https:\/\/www.shalom.it\/wp-content\/uploads\/2023\/10\/paura.jpg\",\"datePublished\":\"2023-10-16T22:00:00+00:00\",\"dateModified\":\"2024-05-30T22:58:41+00:00\",\"author\":{\"@id\":\"https:\/\/www.shalom.it\/#\/schema\/person\/0c5894717ccd9a37dc0611583f11fbd8\"},\"breadcrumb\":{\"@id\":\"https:\/\/www.shalom.it\/news\/come-aiutare-i-figli-a-gestire-ansia-e-preoccupazione-causate-dal-conflitto-b1136751\/#breadcrumb\"},\"inLanguage\":\"it-IT\",\"potentialAction\":[{\"@type\":\"ReadAction\",\"target\":[\"https:\/\/www.shalom.it\/news\/come-aiutare-i-figli-a-gestire-ansia-e-preoccupazione-causate-dal-conflitto-b1136751\/\"]}]},{\"@type\":\"ImageObject\",\"inLanguage\":\"it-IT\",\"@id\":\"https:\/\/www.shalom.it\/news\/come-aiutare-i-figli-a-gestire-ansia-e-preoccupazione-causate-dal-conflitto-b1136751\/#primaryimage\",\"url\":\"https:\/\/www.shalom.it\/wp-content\/uploads\/2023\/10\/paura.jpg\",\"contentUrl\":\"https:\/\/www.shalom.it\/wp-content\/uploads\/2023\/10\/paura.jpg\",\"width\":2000,\"height\":952},{\"@type\":\"BreadcrumbList\",\"@id\":\"https:\/\/www.shalom.it\/news\/come-aiutare-i-figli-a-gestire-ansia-e-preoccupazione-causate-dal-conflitto-b1136751\/#breadcrumb\",\"itemListElement\":[{\"@type\":\"ListItem\",\"position\":1,\"name\":\"Home\",\"item\":\"https:\/\/www.shalom.it\/\"},{\"@type\":\"ListItem\",\"position\":2,\"name\":\"Come aiutare i figli a gestire ansia e preoccupazione causate dal conflitto\"}]},{\"@type\":\"WebSite\",\"@id\":\"https:\/\/www.shalom.it\/#website\",\"url\":\"https:\/\/www.shalom.it\/\",\"name\":\"Shalom\",\"description\":\"Il Magazine della comunit\u00e0 ebraica di Roma\",\"potentialAction\":[{\"@type\":\"SearchAction\",\"target\":{\"@type\":\"EntryPoint\",\"urlTemplate\":\"https:\/\/www.shalom.it\/?s={search_term_string}\"},\"query-input\":{\"@type\":\"PropertyValueSpecification\",\"valueRequired\":true,\"valueName\":\"search_term_string\"}}],\"inLanguage\":\"it-IT\"},{\"@type\":\"Person\",\"@id\":\"https:\/\/www.shalom.it\/#\/schema\/person\/0c5894717ccd9a37dc0611583f11fbd8\",\"name\":\"Milena Pavoncello\",\"url\":\"https:\/\/www.shalom.it\/author\/milena-pavoncello\/\"}]}<\/script>\n<!-- \/ Yoast SEO plugin. -->","yoast_head_json":{"title":"Come aiutare i figli a gestire ansia e preoccupazione causate dal conflitto","robots":{"index":"index","follow":"follow","max-snippet":"max-snippet:-1","max-image-preview":"max-image-preview:large","max-video-preview":"max-video-preview:-1"},"canonical":"https:\/\/www.shalom.it\/news\/come-aiutare-i-figli-a-gestire-ansia-e-preoccupazione-causate-dal-conflitto-b1136751\/","og_locale":"it_IT","og_type":"article","og_title":"Come aiutare i figli a gestire ansia e preoccupazione causate dal conflitto","og_description":"I tragici eventi del 7 ottobre scorso hanno colpito duramente tutti noi e le notizie che arrivano da Israele ci procurano uno stato d\u2019animo di preoccupazione perenne. La perdita cos\u00ec cruenta di tanti nostri fratelli, l\u2019angoscia per i nostri familiari ed amici che vivono in Israele, l\u2019incertezza per ci\u00f2 che li aspetta ancora, sono i [&hellip;]","og_url":"https:\/\/www.shalom.it\/news\/come-aiutare-i-figli-a-gestire-ansia-e-preoccupazione-causate-dal-conflitto-b1136751\/","og_site_name":"Shalom","article_published_time":"2023-10-16T22:00:00+00:00","article_modified_time":"2024-05-30T22:58:41+00:00","og_image":[{"width":2000,"height":952,"url":"https:\/\/www.shalom.it\/wp-content\/uploads\/2023\/10\/paura.jpg","type":"image\/jpeg"}],"author":"Milena Pavoncello","twitter_card":"summary_large_image","twitter_misc":{"Scritto da":"Milena Pavoncello","Tempo di lettura stimato":"4 minuti"},"schema":{"@context":"https:\/\/schema.org","@graph":[{"@type":"Article","@id":"https:\/\/www.shalom.it\/news\/come-aiutare-i-figli-a-gestire-ansia-e-preoccupazione-causate-dal-conflitto-b1136751\/#article","isPartOf":{"@id":"https:\/\/www.shalom.it\/news\/come-aiutare-i-figli-a-gestire-ansia-e-preoccupazione-causate-dal-conflitto-b1136751\/"},"author":{"name":"Milena Pavoncello","@id":"https:\/\/www.shalom.it\/#\/schema\/person\/0c5894717ccd9a37dc0611583f11fbd8"},"headline":"Come aiutare i figli a gestire ansia e preoccupazione causate dal conflitto","datePublished":"2023-10-16T22:00:00+00:00","dateModified":"2024-05-30T22:58:41+00:00","mainEntityOfPage":{"@id":"https:\/\/www.shalom.it\/news\/come-aiutare-i-figli-a-gestire-ansia-e-preoccupazione-causate-dal-conflitto-b1136751\/"},"wordCount":740,"image":{"@id":"https:\/\/www.shalom.it\/news\/come-aiutare-i-figli-a-gestire-ansia-e-preoccupazione-causate-dal-conflitto-b1136751\/#primaryimage"},"thumbnailUrl":"https:\/\/www.shalom.it\/wp-content\/uploads\/2023\/10\/paura.jpg","articleSection":["NEWS"],"inLanguage":"it-IT"},{"@type":"WebPage","@id":"https:\/\/www.shalom.it\/news\/come-aiutare-i-figli-a-gestire-ansia-e-preoccupazione-causate-dal-conflitto-b1136751\/","url":"https:\/\/www.shalom.it\/news\/come-aiutare-i-figli-a-gestire-ansia-e-preoccupazione-causate-dal-conflitto-b1136751\/","name":"Come aiutare i figli a gestire ansia e preoccupazione causate dal conflitto","isPartOf":{"@id":"https:\/\/www.shalom.it\/#website"},"primaryImageOfPage":{"@id":"https:\/\/www.shalom.it\/news\/come-aiutare-i-figli-a-gestire-ansia-e-preoccupazione-causate-dal-conflitto-b1136751\/#primaryimage"},"image":{"@id":"https:\/\/www.shalom.it\/news\/come-aiutare-i-figli-a-gestire-ansia-e-preoccupazione-causate-dal-conflitto-b1136751\/#primaryimage"},"thumbnailUrl":"https:\/\/www.shalom.it\/wp-content\/uploads\/2023\/10\/paura.jpg","datePublished":"2023-10-16T22:00:00+00:00","dateModified":"2024-05-30T22:58:41+00:00","author":{"@id":"https:\/\/www.shalom.it\/#\/schema\/person\/0c5894717ccd9a37dc0611583f11fbd8"},"breadcrumb":{"@id":"https:\/\/www.shalom.it\/news\/come-aiutare-i-figli-a-gestire-ansia-e-preoccupazione-causate-dal-conflitto-b1136751\/#breadcrumb"},"inLanguage":"it-IT","potentialAction":[{"@type":"ReadAction","target":["https:\/\/www.shalom.it\/news\/come-aiutare-i-figli-a-gestire-ansia-e-preoccupazione-causate-dal-conflitto-b1136751\/"]}]},{"@type":"ImageObject","inLanguage":"it-IT","@id":"https:\/\/www.shalom.it\/news\/come-aiutare-i-figli-a-gestire-ansia-e-preoccupazione-causate-dal-conflitto-b1136751\/#primaryimage","url":"https:\/\/www.shalom.it\/wp-content\/uploads\/2023\/10\/paura.jpg","contentUrl":"https:\/\/www.shalom.it\/wp-content\/uploads\/2023\/10\/paura.jpg","width":2000,"height":952},{"@type":"BreadcrumbList","@id":"https:\/\/www.shalom.it\/news\/come-aiutare-i-figli-a-gestire-ansia-e-preoccupazione-causate-dal-conflitto-b1136751\/#breadcrumb","itemListElement":[{"@type":"ListItem","position":1,"name":"Home","item":"https:\/\/www.shalom.it\/"},{"@type":"ListItem","position":2,"name":"Come aiutare i figli a gestire ansia e preoccupazione causate dal conflitto"}]},{"@type":"WebSite","@id":"https:\/\/www.shalom.it\/#website","url":"https:\/\/www.shalom.it\/","name":"Shalom","description":"Il Magazine della comunit\u00e0 ebraica di Roma","potentialAction":[{"@type":"SearchAction","target":{"@type":"EntryPoint","urlTemplate":"https:\/\/www.shalom.it\/?s={search_term_string}"},"query-input":{"@type":"PropertyValueSpecification","valueRequired":true,"valueName":"search_term_string"}}],"inLanguage":"it-IT"},{"@type":"Person","@id":"https:\/\/www.shalom.it\/#\/schema\/person\/0c5894717ccd9a37dc0611583f11fbd8","name":"Milena Pavoncello","url":"https:\/\/www.shalom.it\/author\/milena-pavoncello\/"}]}},"jetpack_featured_media_url":"https:\/\/www.shalom.it\/wp-content\/uploads\/2023\/10\/paura.jpg","jetpack_sharing_enabled":true,"_links":{"self":[{"href":"https:\/\/www.shalom.it\/wp-json\/wp\/v2\/posts\/75767","targetHints":{"allow":["GET"]}}],"collection":[{"href":"https:\/\/www.shalom.it\/wp-json\/wp\/v2\/posts"}],"about":[{"href":"https:\/\/www.shalom.it\/wp-json\/wp\/v2\/types\/post"}],"author":[{"embeddable":true,"href":"https:\/\/www.shalom.it\/wp-json\/wp\/v2\/users\/202"}],"replies":[{"embeddable":true,"href":"https:\/\/www.shalom.it\/wp-json\/wp\/v2\/comments?post=75767"}],"version-history":[{"count":1,"href":"https:\/\/www.shalom.it\/wp-json\/wp\/v2\/posts\/75767\/revisions"}],"predecessor-version":[{"id":76272,"href":"https:\/\/www.shalom.it\/wp-json\/wp\/v2\/posts\/75767\/revisions\/76272"}],"wp:featuredmedia":[{"embeddable":true,"href":"https:\/\/www.shalom.it\/wp-json\/wp\/v2\/media\/75768"}],"wp:attachment":[{"href":"https:\/\/www.shalom.it\/wp-json\/wp\/v2\/media?parent=75767"}],"wp:term":[{"taxonomy":"category","embeddable":true,"href":"https:\/\/www.shalom.it\/wp-json\/wp\/v2\/categories?post=75767"},{"taxonomy":"post_tag","embeddable":true,"href":"https:\/\/www.shalom.it\/wp-json\/wp\/v2\/tags?post=75767"}],"curies":[{"name":"wp","href":"https:\/\/api.w.org\/{rel}","templated":true}]}}