{"id":75543,"date":"2023-09-29T00:00:00","date_gmt":"2023-09-28T22:00:00","guid":{"rendered":"https:\/\/www.shalom.it\/senza-categoria\/sabato-primo-giorno-di-sukka-t-puliti-dai-peccati-b1135701\/"},"modified":"2024-05-31T00:58:20","modified_gmt":"2024-05-30T22:58:20","slug":"sabato-primo-giorno-di-sukka-t-puliti-dai-peccati-b1135701","status":"publish","type":"post","link":"https:\/\/www.shalom.it\/idee-pensiero-ebraico\/sabato-primo-giorno-di-sukka-t-puliti-dai-peccati-b1135701\/","title":{"rendered":"Sabato primo giorno di Sukk\u00f2t: Puliti dai peccati"},"content":{"rendered":"<p class=\"MsoNormal\" style=\"margin: 0cm; font-size: medium; font-family: &quot;Times New Roman&quot;, serif; caret-color: rgb(0, 0, 0); color: rgb(0, 0, 0); text-align: justify;\"><span style=\"font-family: Calibri, sans-serif;\">Le&nbsp;<i>mitzv\u00f2t<\/i>&nbsp;delle feste ebraiche appaiono nella&nbsp;<i>parash\u00e0&nbsp;<\/i>di&nbsp;<i>Em\u00f2r<\/i>&nbsp;nel terzo libro della Tor\u00e0. In questa&nbsp;<i>parash\u00e0<\/i>&nbsp;&nbsp;la sezione che tratta delle feste inizia con la festa di&nbsp;<i>P\u00e8sach<\/i>, prosegue con&nbsp;<i>Shavu\u2019ot&nbsp;<\/i>e poi continua con&nbsp;<i>Rosh Ha-Shan\u00e0&nbsp;<\/i>e Kippur. La festa di&nbsp;<i>Sukk\u00f2t&nbsp;<\/i>nella Tor\u00e0 \u00e8 considerata l\u2019ultima festa dell\u2019anno poich\u00e9 gli anni del popolo d\u2019Israele venivano contati dal mese di<i>&nbsp;Niss\u00e0n<\/i>, quando uscirono dall\u2019Egitto.&nbsp;<o:p><\/o:p><\/span><\/p>\n<p class=\"MsoNormal\" style=\"margin: 0cm; font-size: medium; font-family: &quot;Times New Roman&quot;, serif; caret-color: rgb(0, 0, 0); color: rgb(0, 0, 0); text-align: justify;\"><span style=\"font-family: Calibri, sans-serif;\">&nbsp;&nbsp;&nbsp;&nbsp;&nbsp;&nbsp;&nbsp;&nbsp;&nbsp;&nbsp;&nbsp;&nbsp;Nella Tor\u00e0 \u00e8 scritto: \u201cL\u2019Eterno parl\u00f2 a Mosh\u00e8, dicendo: Parla ai figliuoli d\u2019Israele, e d\u00ec loro: Il quindicesimo giorno di questo settimo mese sar\u00e0 la festa delle Capanne, durante sette giorni, in onore dell\u2019Eterno. Il primo giorno vi sar\u00e0 una santa convocazione; non farete alcuna opera servile\u201d (<i>Vaykr\u00e0<\/i>, 23: 33-35). Qualche versetto pi\u00f9 avanti sono descritte le&nbsp;<i>mitzv\u00f2t<\/i>&nbsp;specifiche alla festa di<i>&nbsp;Sukk\u00f2t<\/i>: \u201cIl primo giorno prenderete un frutto dell\u2019albero del cedro (<i>etr\u00f2g<\/i>); rami di palma (l<i>ul\u00e0v<\/i>), rami dell\u2019albero della mortella (<i>had\u00e0s<\/i>) e rami di salice (<i>\u2018arv\u00e8 n\u00e0chal<\/i>) e vi rallegrerete dinanzi all\u2019Eterno, vostro Dio per sette giorni\u201d (ibid., 40). E anche: \u201cRisiederete nelle capanne per sette giorni; ogni cittadino d\u2019Israele risieda nelle capanne, affinch\u00e9 i vostri discendenti sappiano che io feci dimorare in capanne i figliuoli d\u2019Israele, quando li trassi fuori dal paese d\u2019Egitto. Io sono l\u2019Eterno, vostro Dio\u201d (ibid., 42-43).<o:p><\/o:p><\/span><\/p>\n<p class=\"MsoNormal\" style=\"margin: 0cm; font-size: medium; font-family: &quot;Times New Roman&quot;, serif; caret-color: rgb(0, 0, 0); color: rgb(0, 0, 0); text-align: justify;\"><span style=\"font-family: Calibri, sans-serif;\">&nbsp;&nbsp;&nbsp;&nbsp;&nbsp;&nbsp;&nbsp;&nbsp;&nbsp;&nbsp;&nbsp;&nbsp;Se il primo giorno di&nbsp;<i>Sukk\u00f2t&nbsp;<\/i>cade di sabato, non si prende il&nbsp;<i>lul\u00e0v&nbsp;<\/i>e le altre tre specie perch\u00e9, come insegnato nel Talmud babilonese (<i>Rosh Ha-Shan\u00e0<\/i>, 29b), i Maestri istituirono la proibizione per evitare che qualche ebreo poco colto, si dimenticasse che di&nbsp;<i>Shabb\u00e0t&nbsp;<\/i>\u00e8 proibito trasportare qualunque cosa nel dominio pubblico e trasgredisse una&nbsp;<i>mitzv\u00e0&nbsp;<\/i>della Tor\u00e0 trasportandolo per la strada. Meglio quindi sospendere la&nbsp;<i>mitzv\u00e0<\/i>&nbsp;per evitare che il popolo commetta trasgressioni. La&nbsp;<i>mitzv\u00e0&nbsp;<\/i>&nbsp;di risiedere nella&nbsp;<i>sukk\u00e0<\/i>&nbsp;invece non presenta questo rischio \u00e8 vale per tutti i sette giorni della festa, anche di sabato.&nbsp;<o:p><\/o:p><\/span><\/p>\n<p class=\"MsoNormal\" style=\"margin: 0cm; font-size: medium; font-family: &quot;Times New Roman&quot;, serif; caret-color: rgb(0, 0, 0); color: rgb(0, 0, 0); text-align: justify;\"><span style=\"font-family: Calibri, sans-serif;\">&nbsp;&nbsp;&nbsp;&nbsp;&nbsp;&nbsp;&nbsp;&nbsp;&nbsp;&nbsp;&nbsp;&nbsp;<b>R. Yosef Shalom Elyashiv&nbsp;<\/b>(Lituania, 1910-2012, Gerusalemme) in<i>&nbsp;Divr\u00e8 Aggad\u00e0&nbsp;<\/i>(p. 455) si sofferma sulle parole \u201cIl primo giorno prenderete\u201d e cita il&nbsp;<i>Midr\u00e0sh Tanchum\u00e0&nbsp;<\/i>(<i>Em\u00f2r<\/i>, 22) nel quale i Maestri osservano che \u00e8 strano che la Tor\u00e0 usi le parole \u201cprimo giorno\u201d, quando in effetti la festa di&nbsp;<i>Sukk\u00f2t<\/i>&nbsp;cade nel quindicesimo giorno del mese di&nbsp;<i>Tishr\u00ec.&nbsp;<\/i>Qual \u00e8 quindi il significato di questo \u201cprimo giorno\u201d? Dicono i Maestri: \u00e8 il primo giorno nel nuovo conto dei peccati. Infatti a Kippur i peccati degli israeliti sono stati espiati e cancellati. E nei quattro giorni tra Kippur e&nbsp;<i>Sukk\u00f2t&nbsp;<\/i>si \u00e8 occupati nella preparazione delle&nbsp;<i>mitzv\u00f2t&nbsp;<\/i>del&nbsp;<i>lul\u00e0v&nbsp;<\/i>e delle altre specie e nella costruzione della&nbsp;<i>sukk\u00e0<\/i>. Non c\u2019\u00e8 quindi tempo per commettere trasgressioni!&nbsp;<o:p><\/o:p><\/span><\/p>\n<p class=\"MsoNormal\" style=\"margin: 0cm; font-size: medium; font-family: &quot;Times New Roman&quot;, serif; caret-color: rgb(0, 0, 0); color: rgb(0, 0, 0); text-align: justify;\"><span style=\"font-family: Calibri, sans-serif;\">&nbsp;&nbsp;&nbsp;&nbsp;&nbsp;&nbsp;&nbsp;&nbsp;&nbsp;&nbsp;&nbsp;&nbsp;In un altro&nbsp;<i>Midr\u00e0sh<\/i>&nbsp;(<i>Yalk\u00f9t Shim\u2019on\u00ec<\/i>,&nbsp;<i>Em\u00f2r<\/i>, 653) i Maestri spiegano perch\u00e9 la&nbsp;<i>mitzv\u00e0&nbsp;<\/i>di risiedere nella&nbsp;<i>sukk\u00e0&nbsp;<\/i>avviene dopo il giorno di Kippur. Se il verdetto divino \u00e8 stato che gli israeliti devono lasciare le loro case e andare in esilio, questa punizione viene soddisfatta andando \u201cin esilio\u201d dalla propria casa e andando ad abitare nella&nbsp;<i>sukk\u00e0<\/i>.&nbsp;&nbsp;<o:p><\/o:p><\/span><\/p>\n<p class=\"MsoNormal\" style=\"margin: 0cm; font-size: medium; font-family: &quot;Times New Roman&quot;, serif; caret-color: rgb(0, 0, 0); color: rgb(0, 0, 0); text-align: justify;\"><span style=\"font-family: Calibri, sans-serif;\">&nbsp;&nbsp;&nbsp;&nbsp;&nbsp;&nbsp;&nbsp;&nbsp;&nbsp;&nbsp;&nbsp;&nbsp;Riguardo alla festa di&nbsp;<i>Sukk\u00f2t&nbsp;<\/i>\u00e8 scritto:&nbsp;&nbsp;\u201ce vi rallegrerete dinanzi all\u2019Eterno, vostro Dio per sette giorni\u201d. R. Elyashiv spiega che la principale felicit\u00e0 (<i>simch\u00e0<\/i>) della festa di<i>&nbsp;Sukk\u00f2t&nbsp;<\/i>deriva dal giorno di Kippur. I nostri antichi sapevano il significato del peccato e come i peccati sono come \u201cuna cortina di ferra\u201d tra di noi e il Creatore. Non c\u2019\u00e8 quindi maggiore \u201c<i>simch\u00e0<\/i>\u201d che quella di sentirsi \u201cpuliti\u201ddai peccati.&nbsp;<o:p><\/o:p><\/span><\/p>\n","protected":false},"excerpt":{"rendered":"<p>Le&nbsp;mitzv\u00f2t&nbsp;delle feste ebraiche appaiono nella&nbsp;parash\u00e0&nbsp;di&nbsp;Em\u00f2r&nbsp;nel terzo libro della Tor\u00e0. In questa&nbsp;parash\u00e0&nbsp;&nbsp;la sezione che tratta delle feste inizia con la festa di&nbsp;P\u00e8sach, prosegue con&nbsp;Shavu\u2019ot&nbsp;e poi continua con&nbsp;Rosh Ha-Shan\u00e0&nbsp;e Kippur. La festa di&nbsp;Sukk\u00f2t&nbsp;nella Tor\u00e0 \u00e8 considerata l\u2019ultima festa dell\u2019anno poich\u00e9 gli anni del popolo d\u2019Israele venivano contati dal mese di&nbsp;Niss\u00e0n, quando uscirono dall\u2019Egitto.&nbsp; &nbsp;&nbsp;&nbsp;&nbsp;&nbsp;&nbsp;&nbsp;&nbsp;&nbsp;&nbsp;&nbsp;&nbsp;Nella Tor\u00e0 \u00e8 scritto: [&hellip;]<\/p>\n","protected":false},"author":39,"featured_media":69737,"comment_status":"closed","ping_status":"closed","sticky":false,"template":"","format":"standard","meta":{"_acf_changed":false,"_jetpack_memberships_contains_paid_content":false,"footnotes":""},"categories":[9],"tags":[],"class_list":["post-75543","post","type-post","status-publish","format-standard","has-post-thumbnail","hentry","category-idee-pensiero-ebraico"],"acf":[],"yoast_head":"<!-- This site is optimized with the Yoast SEO plugin v26.9 - https:\/\/yoast.com\/product\/yoast-seo-wordpress\/ -->\n<title>Sabato primo giorno di Sukk\u00f2t: Puliti dai peccati<\/title>\n<meta name=\"robots\" content=\"index, follow, max-snippet:-1, max-image-preview:large, max-video-preview:-1\" \/>\n<link rel=\"canonical\" href=\"https:\/\/www.shalom.it\/idee-pensiero-ebraico\/sabato-primo-giorno-di-sukka-t-puliti-dai-peccati-b1135701\/\" \/>\n<meta property=\"og:locale\" content=\"it_IT\" \/>\n<meta property=\"og:type\" content=\"article\" \/>\n<meta property=\"og:title\" content=\"Sabato primo giorno di Sukk\u00f2t: Puliti dai peccati\" \/>\n<meta property=\"og:description\" content=\"Le&nbsp;mitzv\u00f2t&nbsp;delle feste ebraiche appaiono nella&nbsp;parash\u00e0&nbsp;di&nbsp;Em\u00f2r&nbsp;nel terzo libro della Tor\u00e0. In questa&nbsp;parash\u00e0&nbsp;&nbsp;la sezione che tratta delle feste inizia con la festa di&nbsp;P\u00e8sach, prosegue con&nbsp;Shavu\u2019ot&nbsp;e poi continua con&nbsp;Rosh Ha-Shan\u00e0&nbsp;e Kippur. La festa di&nbsp;Sukk\u00f2t&nbsp;nella Tor\u00e0 \u00e8 considerata l\u2019ultima festa dell\u2019anno poich\u00e9 gli anni del popolo d\u2019Israele venivano contati dal mese di&nbsp;Niss\u00e0n, quando uscirono dall\u2019Egitto.&nbsp; &nbsp;&nbsp;&nbsp;&nbsp;&nbsp;&nbsp;&nbsp;&nbsp;&nbsp;&nbsp;&nbsp;&nbsp;Nella Tor\u00e0 \u00e8 scritto: [&hellip;]\" \/>\n<meta property=\"og:url\" content=\"https:\/\/www.shalom.it\/idee-pensiero-ebraico\/sabato-primo-giorno-di-sukka-t-puliti-dai-peccati-b1135701\/\" \/>\n<meta property=\"og:site_name\" content=\"Shalom\" \/>\n<meta property=\"article:published_time\" content=\"2023-09-28T22:00:00+00:00\" \/>\n<meta property=\"article:modified_time\" content=\"2024-05-30T22:58:20+00:00\" \/>\n<meta property=\"og:image\" content=\"https:\/\/www.shalom.it\/wp-content\/uploads\/2022\/05\/emor.jpg\" \/>\n\t<meta property=\"og:image:width\" content=\"1181\" \/>\n\t<meta property=\"og:image:height\" content=\"563\" \/>\n\t<meta property=\"og:image:type\" content=\"image\/jpeg\" \/>\n<meta name=\"author\" content=\"donatogrosser\" \/>\n<meta name=\"twitter:card\" content=\"summary_large_image\" \/>\n<meta name=\"twitter:label1\" content=\"Scritto da\" \/>\n\t<meta name=\"twitter:data1\" content=\"donatogrosser\" \/>\n\t<meta name=\"twitter:label2\" content=\"Tempo di lettura stimato\" \/>\n\t<meta name=\"twitter:data2\" content=\"4 minuti\" \/>\n<script type=\"application\/ld+json\" class=\"yoast-schema-graph\">{\"@context\":\"https:\/\/schema.org\",\"@graph\":[{\"@type\":\"Article\",\"@id\":\"https:\/\/www.shalom.it\/idee-pensiero-ebraico\/sabato-primo-giorno-di-sukka-t-puliti-dai-peccati-b1135701\/#article\",\"isPartOf\":{\"@id\":\"https:\/\/www.shalom.it\/idee-pensiero-ebraico\/sabato-primo-giorno-di-sukka-t-puliti-dai-peccati-b1135701\/\"},\"author\":{\"name\":\"donatogrosser\",\"@id\":\"https:\/\/www.shalom.it\/#\/schema\/person\/c71ef3000eb80798cdee319b0e8126de\"},\"headline\":\"Sabato primo giorno di Sukk\u00f2t: Puliti dai peccati\",\"datePublished\":\"2023-09-28T22:00:00+00:00\",\"dateModified\":\"2024-05-30T22:58:20+00:00\",\"mainEntityOfPage\":{\"@id\":\"https:\/\/www.shalom.it\/idee-pensiero-ebraico\/sabato-primo-giorno-di-sukka-t-puliti-dai-peccati-b1135701\/\"},\"wordCount\":726,\"image\":{\"@id\":\"https:\/\/www.shalom.it\/idee-pensiero-ebraico\/sabato-primo-giorno-di-sukka-t-puliti-dai-peccati-b1135701\/#primaryimage\"},\"thumbnailUrl\":\"https:\/\/www.shalom.it\/wp-content\/uploads\/2022\/05\/emor.jpg\",\"articleSection\":[\"IDEE - PENSIERO EBRAICO\"],\"inLanguage\":\"it-IT\"},{\"@type\":\"WebPage\",\"@id\":\"https:\/\/www.shalom.it\/idee-pensiero-ebraico\/sabato-primo-giorno-di-sukka-t-puliti-dai-peccati-b1135701\/\",\"url\":\"https:\/\/www.shalom.it\/idee-pensiero-ebraico\/sabato-primo-giorno-di-sukka-t-puliti-dai-peccati-b1135701\/\",\"name\":\"Sabato primo giorno di Sukk\u00f2t: Puliti dai peccati\",\"isPartOf\":{\"@id\":\"https:\/\/www.shalom.it\/#website\"},\"primaryImageOfPage\":{\"@id\":\"https:\/\/www.shalom.it\/idee-pensiero-ebraico\/sabato-primo-giorno-di-sukka-t-puliti-dai-peccati-b1135701\/#primaryimage\"},\"image\":{\"@id\":\"https:\/\/www.shalom.it\/idee-pensiero-ebraico\/sabato-primo-giorno-di-sukka-t-puliti-dai-peccati-b1135701\/#primaryimage\"},\"thumbnailUrl\":\"https:\/\/www.shalom.it\/wp-content\/uploads\/2022\/05\/emor.jpg\",\"datePublished\":\"2023-09-28T22:00:00+00:00\",\"dateModified\":\"2024-05-30T22:58:20+00:00\",\"author\":{\"@id\":\"https:\/\/www.shalom.it\/#\/schema\/person\/c71ef3000eb80798cdee319b0e8126de\"},\"breadcrumb\":{\"@id\":\"https:\/\/www.shalom.it\/idee-pensiero-ebraico\/sabato-primo-giorno-di-sukka-t-puliti-dai-peccati-b1135701\/#breadcrumb\"},\"inLanguage\":\"it-IT\",\"potentialAction\":[{\"@type\":\"ReadAction\",\"target\":[\"https:\/\/www.shalom.it\/idee-pensiero-ebraico\/sabato-primo-giorno-di-sukka-t-puliti-dai-peccati-b1135701\/\"]}]},{\"@type\":\"ImageObject\",\"inLanguage\":\"it-IT\",\"@id\":\"https:\/\/www.shalom.it\/idee-pensiero-ebraico\/sabato-primo-giorno-di-sukka-t-puliti-dai-peccati-b1135701\/#primaryimage\",\"url\":\"https:\/\/www.shalom.it\/wp-content\/uploads\/2022\/05\/emor.jpg\",\"contentUrl\":\"https:\/\/www.shalom.it\/wp-content\/uploads\/2022\/05\/emor.jpg\",\"width\":1181,\"height\":563},{\"@type\":\"BreadcrumbList\",\"@id\":\"https:\/\/www.shalom.it\/idee-pensiero-ebraico\/sabato-primo-giorno-di-sukka-t-puliti-dai-peccati-b1135701\/#breadcrumb\",\"itemListElement\":[{\"@type\":\"ListItem\",\"position\":1,\"name\":\"Home\",\"item\":\"https:\/\/www.shalom.it\/\"},{\"@type\":\"ListItem\",\"position\":2,\"name\":\"Sabato primo giorno di Sukk\u00f2t: Puliti dai peccati\"}]},{\"@type\":\"WebSite\",\"@id\":\"https:\/\/www.shalom.it\/#website\",\"url\":\"https:\/\/www.shalom.it\/\",\"name\":\"Shalom\",\"description\":\"Il Magazine della comunit\u00e0 ebraica di Roma\",\"potentialAction\":[{\"@type\":\"SearchAction\",\"target\":{\"@type\":\"EntryPoint\",\"urlTemplate\":\"https:\/\/www.shalom.it\/?s={search_term_string}\"},\"query-input\":{\"@type\":\"PropertyValueSpecification\",\"valueRequired\":true,\"valueName\":\"search_term_string\"}}],\"inLanguage\":\"it-IT\"},{\"@type\":\"Person\",\"@id\":\"https:\/\/www.shalom.it\/#\/schema\/person\/c71ef3000eb80798cdee319b0e8126de\",\"name\":\"donatogrosser\",\"url\":\"https:\/\/www.shalom.it\/author\/donatogrosser\/\"}]}<\/script>\n<!-- \/ Yoast SEO plugin. -->","yoast_head_json":{"title":"Sabato primo giorno di Sukk\u00f2t: Puliti dai peccati","robots":{"index":"index","follow":"follow","max-snippet":"max-snippet:-1","max-image-preview":"max-image-preview:large","max-video-preview":"max-video-preview:-1"},"canonical":"https:\/\/www.shalom.it\/idee-pensiero-ebraico\/sabato-primo-giorno-di-sukka-t-puliti-dai-peccati-b1135701\/","og_locale":"it_IT","og_type":"article","og_title":"Sabato primo giorno di Sukk\u00f2t: Puliti dai peccati","og_description":"Le&nbsp;mitzv\u00f2t&nbsp;delle feste ebraiche appaiono nella&nbsp;parash\u00e0&nbsp;di&nbsp;Em\u00f2r&nbsp;nel terzo libro della Tor\u00e0. In questa&nbsp;parash\u00e0&nbsp;&nbsp;la sezione che tratta delle feste inizia con la festa di&nbsp;P\u00e8sach, prosegue con&nbsp;Shavu\u2019ot&nbsp;e poi continua con&nbsp;Rosh Ha-Shan\u00e0&nbsp;e Kippur. La festa di&nbsp;Sukk\u00f2t&nbsp;nella Tor\u00e0 \u00e8 considerata l\u2019ultima festa dell\u2019anno poich\u00e9 gli anni del popolo d\u2019Israele venivano contati dal mese di&nbsp;Niss\u00e0n, quando uscirono dall\u2019Egitto.&nbsp; &nbsp;&nbsp;&nbsp;&nbsp;&nbsp;&nbsp;&nbsp;&nbsp;&nbsp;&nbsp;&nbsp;&nbsp;Nella Tor\u00e0 \u00e8 scritto: [&hellip;]","og_url":"https:\/\/www.shalom.it\/idee-pensiero-ebraico\/sabato-primo-giorno-di-sukka-t-puliti-dai-peccati-b1135701\/","og_site_name":"Shalom","article_published_time":"2023-09-28T22:00:00+00:00","article_modified_time":"2024-05-30T22:58:20+00:00","og_image":[{"width":1181,"height":563,"url":"https:\/\/www.shalom.it\/wp-content\/uploads\/2022\/05\/emor.jpg","type":"image\/jpeg"}],"author":"donatogrosser","twitter_card":"summary_large_image","twitter_misc":{"Scritto da":"donatogrosser","Tempo di lettura stimato":"4 minuti"},"schema":{"@context":"https:\/\/schema.org","@graph":[{"@type":"Article","@id":"https:\/\/www.shalom.it\/idee-pensiero-ebraico\/sabato-primo-giorno-di-sukka-t-puliti-dai-peccati-b1135701\/#article","isPartOf":{"@id":"https:\/\/www.shalom.it\/idee-pensiero-ebraico\/sabato-primo-giorno-di-sukka-t-puliti-dai-peccati-b1135701\/"},"author":{"name":"donatogrosser","@id":"https:\/\/www.shalom.it\/#\/schema\/person\/c71ef3000eb80798cdee319b0e8126de"},"headline":"Sabato primo giorno di Sukk\u00f2t: Puliti dai peccati","datePublished":"2023-09-28T22:00:00+00:00","dateModified":"2024-05-30T22:58:20+00:00","mainEntityOfPage":{"@id":"https:\/\/www.shalom.it\/idee-pensiero-ebraico\/sabato-primo-giorno-di-sukka-t-puliti-dai-peccati-b1135701\/"},"wordCount":726,"image":{"@id":"https:\/\/www.shalom.it\/idee-pensiero-ebraico\/sabato-primo-giorno-di-sukka-t-puliti-dai-peccati-b1135701\/#primaryimage"},"thumbnailUrl":"https:\/\/www.shalom.it\/wp-content\/uploads\/2022\/05\/emor.jpg","articleSection":["IDEE - PENSIERO EBRAICO"],"inLanguage":"it-IT"},{"@type":"WebPage","@id":"https:\/\/www.shalom.it\/idee-pensiero-ebraico\/sabato-primo-giorno-di-sukka-t-puliti-dai-peccati-b1135701\/","url":"https:\/\/www.shalom.it\/idee-pensiero-ebraico\/sabato-primo-giorno-di-sukka-t-puliti-dai-peccati-b1135701\/","name":"Sabato primo giorno di Sukk\u00f2t: Puliti dai peccati","isPartOf":{"@id":"https:\/\/www.shalom.it\/#website"},"primaryImageOfPage":{"@id":"https:\/\/www.shalom.it\/idee-pensiero-ebraico\/sabato-primo-giorno-di-sukka-t-puliti-dai-peccati-b1135701\/#primaryimage"},"image":{"@id":"https:\/\/www.shalom.it\/idee-pensiero-ebraico\/sabato-primo-giorno-di-sukka-t-puliti-dai-peccati-b1135701\/#primaryimage"},"thumbnailUrl":"https:\/\/www.shalom.it\/wp-content\/uploads\/2022\/05\/emor.jpg","datePublished":"2023-09-28T22:00:00+00:00","dateModified":"2024-05-30T22:58:20+00:00","author":{"@id":"https:\/\/www.shalom.it\/#\/schema\/person\/c71ef3000eb80798cdee319b0e8126de"},"breadcrumb":{"@id":"https:\/\/www.shalom.it\/idee-pensiero-ebraico\/sabato-primo-giorno-di-sukka-t-puliti-dai-peccati-b1135701\/#breadcrumb"},"inLanguage":"it-IT","potentialAction":[{"@type":"ReadAction","target":["https:\/\/www.shalom.it\/idee-pensiero-ebraico\/sabato-primo-giorno-di-sukka-t-puliti-dai-peccati-b1135701\/"]}]},{"@type":"ImageObject","inLanguage":"it-IT","@id":"https:\/\/www.shalom.it\/idee-pensiero-ebraico\/sabato-primo-giorno-di-sukka-t-puliti-dai-peccati-b1135701\/#primaryimage","url":"https:\/\/www.shalom.it\/wp-content\/uploads\/2022\/05\/emor.jpg","contentUrl":"https:\/\/www.shalom.it\/wp-content\/uploads\/2022\/05\/emor.jpg","width":1181,"height":563},{"@type":"BreadcrumbList","@id":"https:\/\/www.shalom.it\/idee-pensiero-ebraico\/sabato-primo-giorno-di-sukka-t-puliti-dai-peccati-b1135701\/#breadcrumb","itemListElement":[{"@type":"ListItem","position":1,"name":"Home","item":"https:\/\/www.shalom.it\/"},{"@type":"ListItem","position":2,"name":"Sabato primo giorno di Sukk\u00f2t: Puliti dai peccati"}]},{"@type":"WebSite","@id":"https:\/\/www.shalom.it\/#website","url":"https:\/\/www.shalom.it\/","name":"Shalom","description":"Il Magazine della comunit\u00e0 ebraica di Roma","potentialAction":[{"@type":"SearchAction","target":{"@type":"EntryPoint","urlTemplate":"https:\/\/www.shalom.it\/?s={search_term_string}"},"query-input":{"@type":"PropertyValueSpecification","valueRequired":true,"valueName":"search_term_string"}}],"inLanguage":"it-IT"},{"@type":"Person","@id":"https:\/\/www.shalom.it\/#\/schema\/person\/c71ef3000eb80798cdee319b0e8126de","name":"donatogrosser","url":"https:\/\/www.shalom.it\/author\/donatogrosser\/"}]}},"jetpack_featured_media_url":"https:\/\/www.shalom.it\/wp-content\/uploads\/2022\/05\/emor.jpg","jetpack_sharing_enabled":true,"_links":{"self":[{"href":"https:\/\/www.shalom.it\/wp-json\/wp\/v2\/posts\/75543","targetHints":{"allow":["GET"]}}],"collection":[{"href":"https:\/\/www.shalom.it\/wp-json\/wp\/v2\/posts"}],"about":[{"href":"https:\/\/www.shalom.it\/wp-json\/wp\/v2\/types\/post"}],"author":[{"embeddable":true,"href":"https:\/\/www.shalom.it\/wp-json\/wp\/v2\/users\/39"}],"replies":[{"embeddable":true,"href":"https:\/\/www.shalom.it\/wp-json\/wp\/v2\/comments?post=75543"}],"version-history":[{"count":1,"href":"https:\/\/www.shalom.it\/wp-json\/wp\/v2\/posts\/75543\/revisions"}],"predecessor-version":[{"id":76167,"href":"https:\/\/www.shalom.it\/wp-json\/wp\/v2\/posts\/75543\/revisions\/76167"}],"wp:featuredmedia":[{"embeddable":true,"href":"https:\/\/www.shalom.it\/wp-json\/wp\/v2\/media\/69737"}],"wp:attachment":[{"href":"https:\/\/www.shalom.it\/wp-json\/wp\/v2\/media?parent=75543"}],"wp:term":[{"taxonomy":"category","embeddable":true,"href":"https:\/\/www.shalom.it\/wp-json\/wp\/v2\/categories?post=75543"},{"taxonomy":"post_tag","embeddable":true,"href":"https:\/\/www.shalom.it\/wp-json\/wp\/v2\/tags?post=75543"}],"curies":[{"name":"wp","href":"https:\/\/api.w.org\/{rel}","templated":true}]}}