{"id":74861,"date":"2023-06-23T00:00:00","date_gmt":"2023-06-22T22:00:00","guid":{"rendered":"https:\/\/www.shalom.it\/senza-categoria\/a-il-voto-ha-confermato-la-voglia-di-cambiamento-adesso-un-governo-cer-rappresentativoa-a-intervista-a-daniele-massimo-regard-candidato-presidente-di-ha-bait-b1132621\/"},"modified":"2024-05-31T00:57:17","modified_gmt":"2024-05-30T22:57:17","slug":"a-il-voto-ha-confermato-la-voglia-di-cambiamento-adesso-un-governo-cer-rappresentativoa-a-intervista-a-daniele-massimo-regard-candidato-presidente-di-ha-bait-b1132621","status":"publish","type":"post","link":"https:\/\/www.shalom.it\/roma-ebraica\/a-il-voto-ha-confermato-la-voglia-di-cambiamento-adesso-un-governo-cer-rappresentativoa-a-intervista-a-daniele-massimo-regard-candidato-presidente-di-ha-bait-b1132621\/","title":{"rendered":"\u201cIl voto ha confermato la voglia di cambiamento. Adesso un governo Cer rappresentativo\u201d \u2013 Intervista a Daniele Massimo Regard, candidato presidente di Ha Bait"},"content":{"rendered":"<p dir=\"ltr\" style=\"line-height:1.38;text-align: justify;margin-top:0pt;margin-bottom:0pt;\"><span style=\"font-size:12pt;font-family:Arial;color:#000000;background-color:transparent;font-weight:400;font-style:normal;font-variant:normal;text-decoration:none;vertical-align:baseline;white-space:pre;white-space:pre-wrap;\">Un risultato importante che riconosce la volont\u00e0 di cambiamento. Cos\u00ec Daniele Regard, candidato presidente di Ha Bait, considera il risultato elettorale della sua lista, che avr\u00e0 7 seggi nel nuovo governo della Comunit\u00e0 Ebraica di Roma.<\/span><\/p>\n<p><b style=\"font-weight:normal;\" id=\"docs-internal-guid-4cc718e7-7fff-4808-8f66-ebd6bc7cd550\"><br \/><\/b><\/p>\n<p dir=\"ltr\" style=\"line-height:1.38;text-align: justify;margin-top:0pt;margin-bottom:0pt;\"><span style=\"font-size:12pt;font-family:Arial;color:#000000;background-color:transparent;font-weight:700;font-style:normal;font-variant:normal;text-decoration:none;vertical-align:baseline;white-space:pre;white-space:pre-wrap;\">Daniele Regard, Ha Bait ha raggiunto il 25,86% dei voti. Come vede questo risultato?<\/span><\/p>\n<p><b style=\"font-weight:normal;\"><br \/><\/b><\/p>\n<p dir=\"ltr\" style=\"line-height:1.38;text-align: justify;margin-top:0pt;margin-bottom:0pt;\"><span style=\"font-size:12pt;font-family:Arial;color:#000000;background-color:transparent;font-weight:400;font-style:normal;font-variant:normal;text-decoration:none;vertical-align:baseline;white-space:pre;white-space:pre-wrap;\">Per noi, ma anche a detta delle altre liste, \u00e8 stato un ottimo risultato. Abbiamo rappresentato la voce forte di chi vuole cambiare questa Comunit\u00e0 e di chi \u00e8 tornato a sentirsi parte di un bene comune.<\/span><\/p>\n<p><b style=\"font-weight:normal;\"><br \/><\/b><\/p>\n<p dir=\"ltr\" style=\"line-height:1.38;text-align: justify;margin-top:0pt;margin-bottom:0pt;\"><span style=\"font-size:12pt;font-family:Arial;color:#000000;background-color:transparent;font-weight:700;font-style:normal;font-variant:normal;text-decoration:none;vertical-align:baseline;white-space:pre;white-space:pre-wrap;\">Dor va Dor e Per Israele hanno entrambe 10 seggi nel nuovo governo. Ha Bait 7.Quale \u00e8 il vostro ruolo in questo scenario?<\/span><\/p>\n<p><b style=\"font-weight:normal;\"><br \/><\/b><\/p>\n<p dir=\"ltr\" style=\"line-height:1.38;text-align: justify;margin-top:0pt;margin-bottom:0pt;\"><span style=\"font-size:12pt;font-family:Arial;color:#000000;background-color:transparent;font-weight:400;font-style:normal;font-variant:normal;text-decoration:none;vertical-align:baseline;white-space:pre;white-space:pre-wrap;\">La nostra campagna elettorale \u00e8 stata impostata su delle priorit\u00e0, una era quella di lavorare insieme per il bene della Comunit\u00e0. Oggi noi siamo rappresentativi e vogliamo contare all\u2019interno del Governo. Lo meritiamo noi e lo meritano i nostri elettori. Tra le tre liste ci sono differenze di pochi punti percentuali e il risultato elettorale \u00e8 stato complessivamente equilibrato.<\/span><\/p>\n<p><b style=\"font-weight:normal;\"><br \/><\/b><\/p>\n<p dir=\"ltr\" style=\"line-height:1.38;text-align: justify;margin-top:0pt;margin-bottom:0pt;\"><span style=\"font-size:12pt;font-family:Arial;color:#000000;background-color:transparent;font-weight:700;font-style:normal;font-variant:normal;text-decoration:none;vertical-align:baseline;white-space:pre;white-space:pre-wrap;\">Le tre liste hanno posizioni distanti su molti temi, c\u2019\u00e8 un terreno comune su cui lavorare secondo lei?<\/span><\/p>\n<p><b style=\"font-weight:normal;\"><br \/><\/b><\/p>\n<p dir=\"ltr\" style=\"line-height:1.38;text-align: justify;margin-top:0pt;margin-bottom:0pt;\"><span style=\"font-size:12pt;font-family:Arial;color:#000000;background-color:transparent;font-weight:400;font-style:normal;font-variant:normal;text-decoration:none;vertical-align:baseline;white-space:pre;white-space:pre-wrap;\">Il rispetto reciproco, la voglia necessaria di rappresentare tutte le anime dei nostri iscritti, aiutare chi \u00e8 pi\u00f9 in difficolt\u00e0 e tornare a governare in modo collegiale e non da singoli.<\/span><\/p>\n<p><b style=\"font-weight:normal;\"><br \/><\/b><\/p>\n<p dir=\"ltr\" style=\"line-height:1.38;text-align: justify;margin-top:0pt;margin-bottom:0pt;\"><span style=\"font-size:12pt;font-family:Arial;color:#000000;background-color:transparent;font-weight:700;font-style:normal;font-variant:normal;text-decoration:none;vertical-align:baseline;white-space:pre;white-space:pre-wrap;\">Quali sono i principi e i valori che considerate imprescindibili per la vostra lista?<\/span><\/p>\n<p><b style=\"font-weight:normal;\"><br \/><\/b><\/p>\n<p dir=\"ltr\" style=\"line-height:1.38;text-align: justify;margin-top:0pt;margin-bottom:0pt;\"><span style=\"font-size:12pt;font-family:Arial;color:#000000;background-color:transparent;font-weight:400;font-style:normal;font-variant:normal;text-decoration:none;vertical-align:baseline;white-space:pre;white-space:pre-wrap;\">Sono i nostri principi fondanti: inclusione, rispetto, unit\u00e0.<\/span><\/p>\n<p><\/p>\n","protected":false},"excerpt":{"rendered":"<p>Un risultato importante che riconosce la volont\u00e0 di cambiamento. Cos\u00ec Daniele Regard, candidato presidente di Ha Bait, considera il risultato elettorale della sua lista, che avr\u00e0 7 seggi nel nuovo governo della Comunit\u00e0 Ebraica di Roma. Daniele Regard, Ha Bait ha raggiunto il 25,86% dei voti. Come vede questo risultato? Per noi, ma anche a [&hellip;]<\/p>\n","protected":false},"author":97,"featured_media":74862,"comment_status":"open","ping_status":"open","sticky":false,"template":"","format":"standard","meta":{"_acf_changed":false,"_jetpack_memberships_contains_paid_content":false,"footnotes":""},"categories":[2],"tags":[],"class_list":["post-74861","post","type-post","status-publish","format-standard","has-post-thumbnail","hentry","category-roma-ebraica"],"acf":[],"yoast_head":"<!-- This site is optimized with the Yoast SEO plugin v26.9 - https:\/\/yoast.com\/product\/yoast-seo-wordpress\/ -->\n<title>\u201cIl voto ha confermato la voglia di cambiamento. Adesso un governo Cer rappresentativo\u201d \u2013 Intervista a Daniele Massimo Regard, candidato presidente di Ha Bait - Shalom<\/title>\n<meta name=\"robots\" content=\"index, follow, max-snippet:-1, max-image-preview:large, max-video-preview:-1\" \/>\n<link rel=\"canonical\" href=\"https:\/\/www.shalom.it\/roma-ebraica\/a-il-voto-ha-confermato-la-voglia-di-cambiamento-adesso-un-governo-cer-rappresentativoa-a-intervista-a-daniele-massimo-regard-candidato-presidente-di-ha-bait-b1132621\/\" \/>\n<meta property=\"og:locale\" content=\"it_IT\" \/>\n<meta property=\"og:type\" content=\"article\" \/>\n<meta property=\"og:title\" content=\"\u201cIl voto ha confermato la voglia di cambiamento. Adesso un governo Cer rappresentativo\u201d \u2013 Intervista a Daniele Massimo Regard, candidato presidente di Ha Bait - Shalom\" \/>\n<meta property=\"og:description\" content=\"Un risultato importante che riconosce la volont\u00e0 di cambiamento. Cos\u00ec Daniele Regard, candidato presidente di Ha Bait, considera il risultato elettorale della sua lista, che avr\u00e0 7 seggi nel nuovo governo della Comunit\u00e0 Ebraica di Roma. Daniele Regard, Ha Bait ha raggiunto il 25,86% dei voti. Come vede questo risultato? Per noi, ma anche a [&hellip;]\" \/>\n<meta property=\"og:url\" content=\"https:\/\/www.shalom.it\/roma-ebraica\/a-il-voto-ha-confermato-la-voglia-di-cambiamento-adesso-un-governo-cer-rappresentativoa-a-intervista-a-daniele-massimo-regard-candidato-presidente-di-ha-bait-b1132621\/\" \/>\n<meta property=\"og:site_name\" content=\"Shalom\" \/>\n<meta property=\"article:published_time\" content=\"2023-06-22T22:00:00+00:00\" \/>\n<meta property=\"article:modified_time\" content=\"2024-05-30T22:57:17+00:00\" \/>\n<meta property=\"og:image\" content=\"https:\/\/www.shalom.it\/wp-content\/uploads\/2023\/06\/billy-elecer2023.png\" \/>\n\t<meta property=\"og:image:width\" content=\"1920\" \/>\n\t<meta property=\"og:image:height\" content=\"1080\" \/>\n\t<meta property=\"og:image:type\" content=\"image\/png\" \/>\n<meta name=\"author\" content=\"Ariela Piattelli\" \/>\n<meta name=\"twitter:card\" content=\"summary_large_image\" \/>\n<meta name=\"twitter:label1\" content=\"Scritto da\" \/>\n\t<meta name=\"twitter:data1\" content=\"Ariela Piattelli\" \/>\n\t<meta name=\"twitter:label2\" content=\"Tempo di lettura stimato\" \/>\n\t<meta name=\"twitter:data2\" content=\"1 minuto\" \/>\n<script type=\"application\/ld+json\" class=\"yoast-schema-graph\">{\"@context\":\"https:\/\/schema.org\",\"@graph\":[{\"@type\":\"Article\",\"@id\":\"https:\/\/www.shalom.it\/roma-ebraica\/a-il-voto-ha-confermato-la-voglia-di-cambiamento-adesso-un-governo-cer-rappresentativoa-a-intervista-a-daniele-massimo-regard-candidato-presidente-di-ha-bait-b1132621\/#article\",\"isPartOf\":{\"@id\":\"https:\/\/www.shalom.it\/roma-ebraica\/a-il-voto-ha-confermato-la-voglia-di-cambiamento-adesso-un-governo-cer-rappresentativoa-a-intervista-a-daniele-massimo-regard-candidato-presidente-di-ha-bait-b1132621\/\"},\"author\":{\"name\":\"Ariela Piattelli\",\"@id\":\"https:\/\/www.shalom.it\/#\/schema\/person\/60863844fcce19d008f5cd64bb0fce26\"},\"headline\":\"\u201cIl voto ha confermato la voglia di cambiamento. Adesso un governo Cer rappresentativo\u201d \u2013 Intervista a Daniele Massimo Regard, candidato presidente di Ha Bait\",\"datePublished\":\"2023-06-22T22:00:00+00:00\",\"dateModified\":\"2024-05-30T22:57:17+00:00\",\"mainEntityOfPage\":{\"@id\":\"https:\/\/www.shalom.it\/roma-ebraica\/a-il-voto-ha-confermato-la-voglia-di-cambiamento-adesso-un-governo-cer-rappresentativoa-a-intervista-a-daniele-massimo-regard-candidato-presidente-di-ha-bait-b1132621\/\"},\"wordCount\":255,\"commentCount\":0,\"image\":{\"@id\":\"https:\/\/www.shalom.it\/roma-ebraica\/a-il-voto-ha-confermato-la-voglia-di-cambiamento-adesso-un-governo-cer-rappresentativoa-a-intervista-a-daniele-massimo-regard-candidato-presidente-di-ha-bait-b1132621\/#primaryimage\"},\"thumbnailUrl\":\"https:\/\/www.shalom.it\/wp-content\/uploads\/2023\/06\/billy-elecer2023.png\",\"articleSection\":[\"ROMA EBRAICA\"],\"inLanguage\":\"it-IT\"},{\"@type\":\"WebPage\",\"@id\":\"https:\/\/www.shalom.it\/roma-ebraica\/a-il-voto-ha-confermato-la-voglia-di-cambiamento-adesso-un-governo-cer-rappresentativoa-a-intervista-a-daniele-massimo-regard-candidato-presidente-di-ha-bait-b1132621\/\",\"url\":\"https:\/\/www.shalom.it\/roma-ebraica\/a-il-voto-ha-confermato-la-voglia-di-cambiamento-adesso-un-governo-cer-rappresentativoa-a-intervista-a-daniele-massimo-regard-candidato-presidente-di-ha-bait-b1132621\/\",\"name\":\"\u201cIl voto ha confermato la voglia di cambiamento. Adesso un governo Cer rappresentativo\u201d \u2013 Intervista a Daniele Massimo Regard, candidato presidente di Ha Bait - Shalom\",\"isPartOf\":{\"@id\":\"https:\/\/www.shalom.it\/#website\"},\"primaryImageOfPage\":{\"@id\":\"https:\/\/www.shalom.it\/roma-ebraica\/a-il-voto-ha-confermato-la-voglia-di-cambiamento-adesso-un-governo-cer-rappresentativoa-a-intervista-a-daniele-massimo-regard-candidato-presidente-di-ha-bait-b1132621\/#primaryimage\"},\"image\":{\"@id\":\"https:\/\/www.shalom.it\/roma-ebraica\/a-il-voto-ha-confermato-la-voglia-di-cambiamento-adesso-un-governo-cer-rappresentativoa-a-intervista-a-daniele-massimo-regard-candidato-presidente-di-ha-bait-b1132621\/#primaryimage\"},\"thumbnailUrl\":\"https:\/\/www.shalom.it\/wp-content\/uploads\/2023\/06\/billy-elecer2023.png\",\"datePublished\":\"2023-06-22T22:00:00+00:00\",\"dateModified\":\"2024-05-30T22:57:17+00:00\",\"author\":{\"@id\":\"https:\/\/www.shalom.it\/#\/schema\/person\/60863844fcce19d008f5cd64bb0fce26\"},\"breadcrumb\":{\"@id\":\"https:\/\/www.shalom.it\/roma-ebraica\/a-il-voto-ha-confermato-la-voglia-di-cambiamento-adesso-un-governo-cer-rappresentativoa-a-intervista-a-daniele-massimo-regard-candidato-presidente-di-ha-bait-b1132621\/#breadcrumb\"},\"inLanguage\":\"it-IT\",\"potentialAction\":[{\"@type\":\"ReadAction\",\"target\":[\"https:\/\/www.shalom.it\/roma-ebraica\/a-il-voto-ha-confermato-la-voglia-di-cambiamento-adesso-un-governo-cer-rappresentativoa-a-intervista-a-daniele-massimo-regard-candidato-presidente-di-ha-bait-b1132621\/\"]}]},{\"@type\":\"ImageObject\",\"inLanguage\":\"it-IT\",\"@id\":\"https:\/\/www.shalom.it\/roma-ebraica\/a-il-voto-ha-confermato-la-voglia-di-cambiamento-adesso-un-governo-cer-rappresentativoa-a-intervista-a-daniele-massimo-regard-candidato-presidente-di-ha-bait-b1132621\/#primaryimage\",\"url\":\"https:\/\/www.shalom.it\/wp-content\/uploads\/2023\/06\/billy-elecer2023.png\",\"contentUrl\":\"https:\/\/www.shalom.it\/wp-content\/uploads\/2023\/06\/billy-elecer2023.png\",\"width\":1920,\"height\":1080},{\"@type\":\"BreadcrumbList\",\"@id\":\"https:\/\/www.shalom.it\/roma-ebraica\/a-il-voto-ha-confermato-la-voglia-di-cambiamento-adesso-un-governo-cer-rappresentativoa-a-intervista-a-daniele-massimo-regard-candidato-presidente-di-ha-bait-b1132621\/#breadcrumb\",\"itemListElement\":[{\"@type\":\"ListItem\",\"position\":1,\"name\":\"Home\",\"item\":\"https:\/\/www.shalom.it\/\"},{\"@type\":\"ListItem\",\"position\":2,\"name\":\"\u201cIl voto ha confermato la voglia di cambiamento. Adesso un governo Cer rappresentativo\u201d \u2013 Intervista a Daniele Massimo Regard, candidato presidente di Ha Bait\"}]},{\"@type\":\"WebSite\",\"@id\":\"https:\/\/www.shalom.it\/#website\",\"url\":\"https:\/\/www.shalom.it\/\",\"name\":\"Shalom\",\"description\":\"Il Magazine della comunit\u00e0 ebraica di Roma\",\"potentialAction\":[{\"@type\":\"SearchAction\",\"target\":{\"@type\":\"EntryPoint\",\"urlTemplate\":\"https:\/\/www.shalom.it\/?s={search_term_string}\"},\"query-input\":{\"@type\":\"PropertyValueSpecification\",\"valueRequired\":true,\"valueName\":\"search_term_string\"}}],\"inLanguage\":\"it-IT\"},{\"@type\":\"Person\",\"@id\":\"https:\/\/www.shalom.it\/#\/schema\/person\/60863844fcce19d008f5cd64bb0fce26\",\"name\":\"Ariela Piattelli\",\"description\":\"Direttore di Shalom. Nata a Roma nel 1976, Ariela Piattelli ha collaborato con Shalom, con i quotidiani Il Giornale, Il Corriere della Sera e La Stampa, scrivendo principalmente di arte, storia, e cultura ebraica ed israeliana. Da oltre un decennio dirige EBRAICA \u2013 Festival Internazionale di Cultura, e il Pitigliani Kolno\u2019a Festival \u2013 Ebraismo e Israele nel Cinema, prodotto dal Centro Ebraico Italiano Il Pitigliani. Piattelli ha collaborato con varie istituzioni ebraiche italiane, come promotrice e curatrice di eventi culturali.\",\"url\":\"https:\/\/www.shalom.it\/author\/arielapiattelli\/\"}]}<\/script>\n<!-- \/ Yoast SEO plugin. -->","yoast_head_json":{"title":"\u201cIl voto ha confermato la voglia di cambiamento. Adesso un governo Cer rappresentativo\u201d \u2013 Intervista a Daniele Massimo Regard, candidato presidente di Ha Bait - Shalom","robots":{"index":"index","follow":"follow","max-snippet":"max-snippet:-1","max-image-preview":"max-image-preview:large","max-video-preview":"max-video-preview:-1"},"canonical":"https:\/\/www.shalom.it\/roma-ebraica\/a-il-voto-ha-confermato-la-voglia-di-cambiamento-adesso-un-governo-cer-rappresentativoa-a-intervista-a-daniele-massimo-regard-candidato-presidente-di-ha-bait-b1132621\/","og_locale":"it_IT","og_type":"article","og_title":"\u201cIl voto ha confermato la voglia di cambiamento. Adesso un governo Cer rappresentativo\u201d \u2013 Intervista a Daniele Massimo Regard, candidato presidente di Ha Bait - Shalom","og_description":"Un risultato importante che riconosce la volont\u00e0 di cambiamento. Cos\u00ec Daniele Regard, candidato presidente di Ha Bait, considera il risultato elettorale della sua lista, che avr\u00e0 7 seggi nel nuovo governo della Comunit\u00e0 Ebraica di Roma. Daniele Regard, Ha Bait ha raggiunto il 25,86% dei voti. Come vede questo risultato? Per noi, ma anche a [&hellip;]","og_url":"https:\/\/www.shalom.it\/roma-ebraica\/a-il-voto-ha-confermato-la-voglia-di-cambiamento-adesso-un-governo-cer-rappresentativoa-a-intervista-a-daniele-massimo-regard-candidato-presidente-di-ha-bait-b1132621\/","og_site_name":"Shalom","article_published_time":"2023-06-22T22:00:00+00:00","article_modified_time":"2024-05-30T22:57:17+00:00","og_image":[{"width":1920,"height":1080,"url":"https:\/\/www.shalom.it\/wp-content\/uploads\/2023\/06\/billy-elecer2023.png","type":"image\/png"}],"author":"Ariela Piattelli","twitter_card":"summary_large_image","twitter_misc":{"Scritto da":"Ariela Piattelli","Tempo di lettura stimato":"1 minuto"},"schema":{"@context":"https:\/\/schema.org","@graph":[{"@type":"Article","@id":"https:\/\/www.shalom.it\/roma-ebraica\/a-il-voto-ha-confermato-la-voglia-di-cambiamento-adesso-un-governo-cer-rappresentativoa-a-intervista-a-daniele-massimo-regard-candidato-presidente-di-ha-bait-b1132621\/#article","isPartOf":{"@id":"https:\/\/www.shalom.it\/roma-ebraica\/a-il-voto-ha-confermato-la-voglia-di-cambiamento-adesso-un-governo-cer-rappresentativoa-a-intervista-a-daniele-massimo-regard-candidato-presidente-di-ha-bait-b1132621\/"},"author":{"name":"Ariela Piattelli","@id":"https:\/\/www.shalom.it\/#\/schema\/person\/60863844fcce19d008f5cd64bb0fce26"},"headline":"\u201cIl voto ha confermato la voglia di cambiamento. Adesso un governo Cer rappresentativo\u201d \u2013 Intervista a Daniele Massimo Regard, candidato presidente di Ha Bait","datePublished":"2023-06-22T22:00:00+00:00","dateModified":"2024-05-30T22:57:17+00:00","mainEntityOfPage":{"@id":"https:\/\/www.shalom.it\/roma-ebraica\/a-il-voto-ha-confermato-la-voglia-di-cambiamento-adesso-un-governo-cer-rappresentativoa-a-intervista-a-daniele-massimo-regard-candidato-presidente-di-ha-bait-b1132621\/"},"wordCount":255,"commentCount":0,"image":{"@id":"https:\/\/www.shalom.it\/roma-ebraica\/a-il-voto-ha-confermato-la-voglia-di-cambiamento-adesso-un-governo-cer-rappresentativoa-a-intervista-a-daniele-massimo-regard-candidato-presidente-di-ha-bait-b1132621\/#primaryimage"},"thumbnailUrl":"https:\/\/www.shalom.it\/wp-content\/uploads\/2023\/06\/billy-elecer2023.png","articleSection":["ROMA EBRAICA"],"inLanguage":"it-IT"},{"@type":"WebPage","@id":"https:\/\/www.shalom.it\/roma-ebraica\/a-il-voto-ha-confermato-la-voglia-di-cambiamento-adesso-un-governo-cer-rappresentativoa-a-intervista-a-daniele-massimo-regard-candidato-presidente-di-ha-bait-b1132621\/","url":"https:\/\/www.shalom.it\/roma-ebraica\/a-il-voto-ha-confermato-la-voglia-di-cambiamento-adesso-un-governo-cer-rappresentativoa-a-intervista-a-daniele-massimo-regard-candidato-presidente-di-ha-bait-b1132621\/","name":"\u201cIl voto ha confermato la voglia di cambiamento. Adesso un governo Cer rappresentativo\u201d \u2013 Intervista a Daniele Massimo Regard, candidato presidente di Ha Bait - Shalom","isPartOf":{"@id":"https:\/\/www.shalom.it\/#website"},"primaryImageOfPage":{"@id":"https:\/\/www.shalom.it\/roma-ebraica\/a-il-voto-ha-confermato-la-voglia-di-cambiamento-adesso-un-governo-cer-rappresentativoa-a-intervista-a-daniele-massimo-regard-candidato-presidente-di-ha-bait-b1132621\/#primaryimage"},"image":{"@id":"https:\/\/www.shalom.it\/roma-ebraica\/a-il-voto-ha-confermato-la-voglia-di-cambiamento-adesso-un-governo-cer-rappresentativoa-a-intervista-a-daniele-massimo-regard-candidato-presidente-di-ha-bait-b1132621\/#primaryimage"},"thumbnailUrl":"https:\/\/www.shalom.it\/wp-content\/uploads\/2023\/06\/billy-elecer2023.png","datePublished":"2023-06-22T22:00:00+00:00","dateModified":"2024-05-30T22:57:17+00:00","author":{"@id":"https:\/\/www.shalom.it\/#\/schema\/person\/60863844fcce19d008f5cd64bb0fce26"},"breadcrumb":{"@id":"https:\/\/www.shalom.it\/roma-ebraica\/a-il-voto-ha-confermato-la-voglia-di-cambiamento-adesso-un-governo-cer-rappresentativoa-a-intervista-a-daniele-massimo-regard-candidato-presidente-di-ha-bait-b1132621\/#breadcrumb"},"inLanguage":"it-IT","potentialAction":[{"@type":"ReadAction","target":["https:\/\/www.shalom.it\/roma-ebraica\/a-il-voto-ha-confermato-la-voglia-di-cambiamento-adesso-un-governo-cer-rappresentativoa-a-intervista-a-daniele-massimo-regard-candidato-presidente-di-ha-bait-b1132621\/"]}]},{"@type":"ImageObject","inLanguage":"it-IT","@id":"https:\/\/www.shalom.it\/roma-ebraica\/a-il-voto-ha-confermato-la-voglia-di-cambiamento-adesso-un-governo-cer-rappresentativoa-a-intervista-a-daniele-massimo-regard-candidato-presidente-di-ha-bait-b1132621\/#primaryimage","url":"https:\/\/www.shalom.it\/wp-content\/uploads\/2023\/06\/billy-elecer2023.png","contentUrl":"https:\/\/www.shalom.it\/wp-content\/uploads\/2023\/06\/billy-elecer2023.png","width":1920,"height":1080},{"@type":"BreadcrumbList","@id":"https:\/\/www.shalom.it\/roma-ebraica\/a-il-voto-ha-confermato-la-voglia-di-cambiamento-adesso-un-governo-cer-rappresentativoa-a-intervista-a-daniele-massimo-regard-candidato-presidente-di-ha-bait-b1132621\/#breadcrumb","itemListElement":[{"@type":"ListItem","position":1,"name":"Home","item":"https:\/\/www.shalom.it\/"},{"@type":"ListItem","position":2,"name":"\u201cIl voto ha confermato la voglia di cambiamento. Adesso un governo Cer rappresentativo\u201d \u2013 Intervista a Daniele Massimo Regard, candidato presidente di Ha Bait"}]},{"@type":"WebSite","@id":"https:\/\/www.shalom.it\/#website","url":"https:\/\/www.shalom.it\/","name":"Shalom","description":"Il Magazine della comunit\u00e0 ebraica di Roma","potentialAction":[{"@type":"SearchAction","target":{"@type":"EntryPoint","urlTemplate":"https:\/\/www.shalom.it\/?s={search_term_string}"},"query-input":{"@type":"PropertyValueSpecification","valueRequired":true,"valueName":"search_term_string"}}],"inLanguage":"it-IT"},{"@type":"Person","@id":"https:\/\/www.shalom.it\/#\/schema\/person\/60863844fcce19d008f5cd64bb0fce26","name":"Ariela Piattelli","description":"Direttore di Shalom. Nata a Roma nel 1976, Ariela Piattelli ha collaborato con Shalom, con i quotidiani Il Giornale, Il Corriere della Sera e La Stampa, scrivendo principalmente di arte, storia, e cultura ebraica ed israeliana. Da oltre un decennio dirige EBRAICA \u2013 Festival Internazionale di Cultura, e il Pitigliani Kolno\u2019a Festival \u2013 Ebraismo e Israele nel Cinema, prodotto dal Centro Ebraico Italiano Il Pitigliani. Piattelli ha collaborato con varie istituzioni ebraiche italiane, come promotrice e curatrice di eventi culturali.","url":"https:\/\/www.shalom.it\/author\/arielapiattelli\/"}]}},"jetpack_featured_media_url":"https:\/\/www.shalom.it\/wp-content\/uploads\/2023\/06\/billy-elecer2023.png","jetpack_sharing_enabled":true,"_links":{"self":[{"href":"https:\/\/www.shalom.it\/wp-json\/wp\/v2\/posts\/74861","targetHints":{"allow":["GET"]}}],"collection":[{"href":"https:\/\/www.shalom.it\/wp-json\/wp\/v2\/posts"}],"about":[{"href":"https:\/\/www.shalom.it\/wp-json\/wp\/v2\/types\/post"}],"author":[{"embeddable":true,"href":"https:\/\/www.shalom.it\/wp-json\/wp\/v2\/users\/97"}],"replies":[{"embeddable":true,"href":"https:\/\/www.shalom.it\/wp-json\/wp\/v2\/comments?post=74861"}],"version-history":[{"count":1,"href":"https:\/\/www.shalom.it\/wp-json\/wp\/v2\/posts\/74861\/revisions"}],"predecessor-version":[{"id":84618,"href":"https:\/\/www.shalom.it\/wp-json\/wp\/v2\/posts\/74861\/revisions\/84618"}],"wp:featuredmedia":[{"embeddable":true,"href":"https:\/\/www.shalom.it\/wp-json\/wp\/v2\/media\/74862"}],"wp:attachment":[{"href":"https:\/\/www.shalom.it\/wp-json\/wp\/v2\/media?parent=74861"}],"wp:term":[{"taxonomy":"category","embeddable":true,"href":"https:\/\/www.shalom.it\/wp-json\/wp\/v2\/categories?post=74861"},{"taxonomy":"post_tag","embeddable":true,"href":"https:\/\/www.shalom.it\/wp-json\/wp\/v2\/tags?post=74861"}],"curies":[{"name":"wp","href":"https:\/\/api.w.org\/{rel}","templated":true}]}}