{"id":74859,"date":"2023-06-23T00:00:00","date_gmt":"2023-06-22T22:00:00","guid":{"rendered":"https:\/\/www.shalom.it\/senza-categoria\/a-un-governo-cer-che-esprima-la-volonta-degli-elettoria-a-intervista-ad-antonella-di-castro-candidata-presidente-di-per-israele-b1132611\/"},"modified":"2024-05-31T00:57:17","modified_gmt":"2024-05-30T22:57:17","slug":"a-un-governo-cer-che-esprima-la-volonta-degli-elettoria-a-intervista-ad-antonella-di-castro-candidata-presidente-di-per-israele-b1132611","status":"publish","type":"post","link":"https:\/\/www.shalom.it\/roma-ebraica\/a-un-governo-cer-che-esprima-la-volonta-degli-elettoria-a-intervista-ad-antonella-di-castro-candidata-presidente-di-per-israele-b1132611\/","title":{"rendered":"\u201cUn governo Cer che esprima la volont\u00e0 degli elettori\u201d \u2013 Intervista ad Antonella Di Castro, candidata presidente di Per Israele"},"content":{"rendered":"<p dir=\"ltr\" style=\"line-height:1.38;margin-top:0pt;margin-bottom:0pt;\"><span style=\"font-size:12pt;font-family:Arial;color:#000000;background-color:transparent;font-weight:400;font-style:normal;font-variant:normal;text-decoration:none;vertical-align:baseline;white-space:pre;white-space:pre-wrap;\">Un governo della Comunit\u00e0 Ebraica di Roma che rispecchi quanto espresso dagli elettori, anche in termini di proporzioni. Cos\u00ec Antonella Di Castro, candidata presidente di Per Israele, che con uno scarto di 51 voti rispetto alla lista Dor va Dor \u00e8 la seconda lista pi\u00f9 votata alle elezioni del 18 giugno, vede la composizione della nuova leadership della Cer.<\/span><\/p>\n<p dir=\"ltr\" style=\"line-height:1.38;margin-top:0pt;margin-bottom:0pt;\"><span style=\"font-size:12pt;font-family:Arial;color:#000000;background-color:transparent;font-weight:400;font-style:normal;font-variant:normal;text-decoration:none;vertical-align:baseline;white-space:pre;white-space:pre-wrap;\"><br \/><\/span><\/p>\n<p dir=\"ltr\" style=\"line-height:1.38;margin-top:0pt;margin-bottom:0pt;\"><span style=\"font-size:12pt;font-family:Arial;color:#000000;background-color:transparent;font-weight:400;font-style:normal;font-variant:normal;text-decoration:none;vertical-align:baseline;white-space:pre;white-space:pre-wrap;\"><br \/><\/span><span id=\"docs-internal-guid-84765e9d-7fff-e481-2b5d-78dc8a7b6e36\"><span style=\"background-color: transparent; color: rgb(0, 0, 0); font-family: Arial; font-size: 12pt; font-weight: 700; white-space-collapse: preserve;\">Antonella Di Castro, la lista Per Israele avr\u00e0 nel nuovo Consiglio Cer 10 seggi, come Dor va Dor, mentre Ha Bait ne avr\u00e0 7. Come interpreta il risultato elettorale?<\/span><\/span><\/p>\n<p dir=\"ltr\" style=\"line-height:1.38;margin-top:0pt;margin-bottom:0pt;\"><span id=\"docs-internal-guid-84765e9d-7fff-e481-2b5d-78dc8a7b6e36\"><span style=\"background-color: transparent; color: rgb(0, 0, 0); font-family: Arial; font-size: 12pt; font-weight: 700; white-space-collapse: preserve;\"><br \/><\/span><\/span><span style=\"background-color: transparent; color: rgb(0, 0, 0); font-family: Arial; font-size: 12pt; white-space-collapse: preserve;\">\u00c8 un risultato molto chiaro. La lista Per Israele ha raggiunto il 36%, dunque 10 seggi, lo stesso numero della lista Dor va Dor. Abbiamo avuto un ampio consenso determinato dalla spinta di rinnovamento proposto agli elettori, espresso sia nei contenuti sia dalle formazione dei candidati (nuove professionalit\u00e0, giovani e donne) scelte tutte premiate dal voto&nbsp; con la relativa elezione. Per Israele \u00e8 la lista che nel nuovo consiglio porter\u00e0 5 donne e 3 giovani under 35 a contribuire al futuro della nostra comunit\u00e0, questo lo consideriamo un risultato eccellente per tutti noi. Una grande fiducia alla nostra lista \u00e8 stata espressa anche alla consulta, organo fondamentale per la gestione Cer, che di fatto vede Per Israele la lista pi\u00f9 votata.<\/span><\/p>\n<p dir=\"ltr\" style=\"line-height:1.38;margin-top:0pt;margin-bottom:0pt;\"><span style=\"font-size:12pt;font-family:Arial;color:#000000;background-color:transparent;font-weight:400;font-style:normal;font-variant:normal;text-decoration:none;vertical-align:baseline;white-space:pre;white-space:pre-wrap;\"><br \/><\/span><\/p>\n<p dir=\"ltr\" style=\"line-height:1.38;margin-top:0pt;margin-bottom:0pt;\"><span style=\"font-size:12pt;font-family:Arial;color:#000000;background-color:transparent;font-weight:400;font-style:normal;font-variant:normal;text-decoration:none;vertical-align:baseline;white-space:pre;white-space:pre-wrap;\"><br \/><\/span><span style=\"background-color: transparent; color: rgb(0, 0, 0); font-family: Arial; font-size: 12pt; font-weight: 700; white-space-collapse: preserve;\">Victor Fadlun, il candidato presidente della lista Dor Va Dor, che ha ottenuto il maggior numero di voti, auspica ad un governo di larghe intese. Lei \u00e8 d\u2019accordo con questa visione?<\/span><\/p>\n<p dir=\"ltr\" style=\"line-height:1.38;margin-top:0pt;margin-bottom:0pt;\"><span style=\"font-size:12pt;font-family:Arial;color:#000000;background-color:transparent;font-weight:700;font-style:normal;font-variant:normal;text-decoration:none;vertical-align:baseline;white-space:pre;white-space:pre-wrap;\"><br \/><\/span><span style=\"background-color: transparent; color: rgb(0, 0, 0); font-family: Arial; font-size: 12pt; white-space-collapse: preserve;\">\u00c8 doveroso riconoscere a tutti i candidati eletti il diritto di avere un ruolo nel nuovo governo, rispecchiando l\u2019espressione del voto. Ognuno con la sua visione, nel rispetto dei principi di ciascuna lista. Cercheremo condivisione senza abdicare ai valori che appartengono alla nostra comunit\u00e0 perch\u00e9 crediamo che siano proprio questi ad aver garantito la continuit\u00e0 della presenza ebraica a Roma. Dunque consenso a larghe intese con rappresentativit\u00e0 su base proporzionale.<\/span><\/p>\n<p dir=\"ltr\" style=\"line-height:1.38;margin-top:0pt;margin-bottom:0pt;\"><span style=\"font-size:12pt;font-family:Arial;color:#000000;background-color:transparent;font-weight:400;font-style:normal;font-variant:normal;text-decoration:none;vertical-align:baseline;white-space:pre;white-space:pre-wrap;\"><br \/><\/span><\/p>\n<p dir=\"ltr\" style=\"line-height:1.38;margin-top:0pt;margin-bottom:0pt;\"><span style=\"font-size:12pt;font-family:Arial;color:#000000;background-color:transparent;font-weight:400;font-style:normal;font-variant:normal;text-decoration:none;vertical-align:baseline;white-space:pre;white-space:pre-wrap;\"><br \/><\/span><span style=\"background-color: transparent; color: rgb(0, 0, 0); font-family: Arial; font-size: 12pt; font-weight: 700; white-space-collapse: preserve;\">Come state affrontando la fase della formazione del nuovo governo Cer?<\/span><\/p>\n<p dir=\"ltr\" style=\"line-height:1.38;margin-top:0pt;margin-bottom:0pt;\"><span style=\"font-size:12pt;font-family:Arial;color:#000000;background-color:transparent;font-weight:700;font-style:normal;font-variant:normal;text-decoration:none;vertical-align:baseline;white-space:pre;white-space:pre-wrap;\"><br \/><\/span><span style=\"background-color: transparent; color: rgb(0, 0, 0); font-family: Arial; font-size: 12pt; white-space-collapse: preserve;\">Il criterio si basa sulla volont\u00e0 di formare un governo capace di far crescere la Comunit\u00e0 in ogni ambito, non solo di \u201cportarla avanti\u201d.&nbsp;<\/span><\/p>\n<p dir=\"ltr\" style=\"line-height:1.38;margin-top:0pt;margin-bottom:0pt;\"><span style=\"font-size:12pt;font-family:Arial;color:#000000;background-color:transparent;font-weight:400;font-style:normal;font-variant:normal;text-decoration:none;vertical-align:baseline;white-space:pre;white-space:pre-wrap;\">Credo&nbsp; che il rispetto dei valori sia fondamentale per questa crescita, assieme alla scelta delle competenze che possano affrontare le sfide di oggi. D\u2019altra parte questo ci chiede una buona parte degli elettori, che ha scelto di votare Per Israele: continuit\u00e0 in termini di valori e anche innovazione. Quindi questa \u00e8 la direzione in cui ci muoviamo, senza dimenticare il ruolo fondamentale del Rabbino Capo e avendo chiaro che la nostra comunit\u00e0 \u00e8 prima di tutto un ente morale.<\/span><\/p>\n<p dir=\"ltr\" style=\"line-height:1.38;margin-top:0pt;margin-bottom:0pt;\"><\/p>\n<p dir=\"ltr\" style=\"line-height:1.38;margin-top:0pt;margin-bottom:0pt;\"><\/p>\n<p dir=\"ltr\" style=\"line-height:1.38;margin-top:0pt;margin-bottom:0pt;\"><span style=\"font-size:12pt;font-family:Arial;color:#000000;background-color:transparent;font-weight:700;font-style:normal;font-variant:normal;text-decoration:none;vertical-align:baseline;white-space:pre;white-space:pre-wrap;\">Per Israele, Dor va Dor e Ha Bait hanno visioni differenti su molti temi. State cercando punti d\u2019incontro?<\/span><\/p>\n<p dir=\"ltr\" style=\"line-height:1.38;margin-top:0pt;margin-bottom:0pt;\"><span style=\"font-size:12pt;font-family:Arial;color:#000000;background-color:transparent;font-weight:700;font-style:normal;font-variant:normal;text-decoration:none;vertical-align:baseline;white-space:pre;white-space:pre-wrap;\"><br \/><\/span><span style=\"background-color: transparent; color: rgb(0, 0, 0); font-family: Arial; font-size: 12pt; white-space-collapse: preserve;\">Vogliamo garantire che il prossimo governo rispecchi l\u2019espressione del voto degli elettori, \u00e8 importante farlo nelle giuste proporzioni. Certamente la costruzione del nuovo governo deve partire dalla ricerca di un terreno comune su cui lavorare. In ogni caso non possiamo dimenticare che se le competenze sono importanti, queste non rappresentano l\u2019unica visione, ci sono le idee e i principi condivisi con i nostri elettori.<\/span><\/p>\n<p dir=\"ltr\" style=\"line-height:1.38;margin-top:0pt;margin-bottom:0pt;\"><span style=\"background-color: transparent; color: rgb(0, 0, 0); font-family: Arial; font-size: 12pt; white-space-collapse: preserve;\"><br \/><\/span><\/p>\n","protected":false},"excerpt":{"rendered":"<p>Un governo della Comunit\u00e0 Ebraica di Roma che rispecchi quanto espresso dagli elettori, anche in termini di proporzioni. Cos\u00ec Antonella Di Castro, candidata presidente di Per Israele, che con uno scarto di 51 voti rispetto alla lista Dor va Dor \u00e8 la seconda lista pi\u00f9 votata alle elezioni del 18 giugno, vede la composizione della [&hellip;]<\/p>\n","protected":false},"author":97,"featured_media":74860,"comment_status":"open","ping_status":"open","sticky":false,"template":"","format":"standard","meta":{"_acf_changed":false,"_jetpack_memberships_contains_paid_content":false,"footnotes":""},"categories":[2],"tags":[],"class_list":["post-74859","post","type-post","status-publish","format-standard","has-post-thumbnail","hentry","category-roma-ebraica"],"acf":[],"yoast_head":"<!-- This site is optimized with the Yoast SEO plugin v26.9 - https:\/\/yoast.com\/product\/yoast-seo-wordpress\/ -->\n<title>\u201cUn governo Cer che esprima la volont\u00e0 degli elettori\u201d \u2013 Intervista ad Antonella Di Castro, candidata presidente di Per Israele - Shalom<\/title>\n<meta name=\"robots\" content=\"index, follow, max-snippet:-1, max-image-preview:large, max-video-preview:-1\" \/>\n<link rel=\"canonical\" href=\"https:\/\/www.shalom.it\/roma-ebraica\/a-un-governo-cer-che-esprima-la-volonta-degli-elettoria-a-intervista-ad-antonella-di-castro-candidata-presidente-di-per-israele-b1132611\/\" \/>\n<meta property=\"og:locale\" content=\"it_IT\" \/>\n<meta property=\"og:type\" content=\"article\" \/>\n<meta property=\"og:title\" content=\"\u201cUn governo Cer che esprima la volont\u00e0 degli elettori\u201d \u2013 Intervista ad Antonella Di Castro, candidata presidente di Per Israele - Shalom\" \/>\n<meta property=\"og:description\" content=\"Un governo della Comunit\u00e0 Ebraica di Roma che rispecchi quanto espresso dagli elettori, anche in termini di proporzioni. Cos\u00ec Antonella Di Castro, candidata presidente di Per Israele, che con uno scarto di 51 voti rispetto alla lista Dor va Dor \u00e8 la seconda lista pi\u00f9 votata alle elezioni del 18 giugno, vede la composizione della [&hellip;]\" \/>\n<meta property=\"og:url\" content=\"https:\/\/www.shalom.it\/roma-ebraica\/a-un-governo-cer-che-esprima-la-volonta-degli-elettoria-a-intervista-ad-antonella-di-castro-candidata-presidente-di-per-israele-b1132611\/\" \/>\n<meta property=\"og:site_name\" content=\"Shalom\" \/>\n<meta property=\"article:published_time\" content=\"2023-06-22T22:00:00+00:00\" \/>\n<meta property=\"article:modified_time\" content=\"2024-05-30T22:57:17+00:00\" \/>\n<meta property=\"og:image\" content=\"https:\/\/www.shalom.it\/wp-content\/uploads\/2023\/06\/antonelladicastro-elecer2023.png\" \/>\n\t<meta property=\"og:image:width\" content=\"1920\" \/>\n\t<meta property=\"og:image:height\" content=\"1080\" \/>\n\t<meta property=\"og:image:type\" content=\"image\/png\" \/>\n<meta name=\"author\" content=\"Ariela Piattelli\" \/>\n<meta name=\"twitter:card\" content=\"summary_large_image\" \/>\n<meta name=\"twitter:label1\" content=\"Scritto da\" \/>\n\t<meta name=\"twitter:data1\" content=\"Ariela Piattelli\" \/>\n\t<meta name=\"twitter:label2\" content=\"Tempo di lettura stimato\" \/>\n\t<meta name=\"twitter:data2\" content=\"2 minuti\" \/>\n<script type=\"application\/ld+json\" class=\"yoast-schema-graph\">{\"@context\":\"https:\/\/schema.org\",\"@graph\":[{\"@type\":\"Article\",\"@id\":\"https:\/\/www.shalom.it\/roma-ebraica\/a-un-governo-cer-che-esprima-la-volonta-degli-elettoria-a-intervista-ad-antonella-di-castro-candidata-presidente-di-per-israele-b1132611\/#article\",\"isPartOf\":{\"@id\":\"https:\/\/www.shalom.it\/roma-ebraica\/a-un-governo-cer-che-esprima-la-volonta-degli-elettoria-a-intervista-ad-antonella-di-castro-candidata-presidente-di-per-israele-b1132611\/\"},\"author\":{\"name\":\"Ariela Piattelli\",\"@id\":\"https:\/\/www.shalom.it\/#\/schema\/person\/60863844fcce19d008f5cd64bb0fce26\"},\"headline\":\"\u201cUn governo Cer che esprima la volont\u00e0 degli elettori\u201d \u2013 Intervista ad Antonella Di Castro, candidata presidente di Per Israele\",\"datePublished\":\"2023-06-22T22:00:00+00:00\",\"dateModified\":\"2024-05-30T22:57:17+00:00\",\"mainEntityOfPage\":{\"@id\":\"https:\/\/www.shalom.it\/roma-ebraica\/a-un-governo-cer-che-esprima-la-volonta-degli-elettoria-a-intervista-ad-antonella-di-castro-candidata-presidente-di-per-israele-b1132611\/\"},\"wordCount\":516,\"commentCount\":0,\"image\":{\"@id\":\"https:\/\/www.shalom.it\/roma-ebraica\/a-un-governo-cer-che-esprima-la-volonta-degli-elettoria-a-intervista-ad-antonella-di-castro-candidata-presidente-di-per-israele-b1132611\/#primaryimage\"},\"thumbnailUrl\":\"https:\/\/www.shalom.it\/wp-content\/uploads\/2023\/06\/antonelladicastro-elecer2023.png\",\"articleSection\":[\"ROMA EBRAICA\"],\"inLanguage\":\"it-IT\"},{\"@type\":\"WebPage\",\"@id\":\"https:\/\/www.shalom.it\/roma-ebraica\/a-un-governo-cer-che-esprima-la-volonta-degli-elettoria-a-intervista-ad-antonella-di-castro-candidata-presidente-di-per-israele-b1132611\/\",\"url\":\"https:\/\/www.shalom.it\/roma-ebraica\/a-un-governo-cer-che-esprima-la-volonta-degli-elettoria-a-intervista-ad-antonella-di-castro-candidata-presidente-di-per-israele-b1132611\/\",\"name\":\"\u201cUn governo Cer che esprima la volont\u00e0 degli elettori\u201d \u2013 Intervista ad Antonella Di Castro, candidata presidente di Per Israele - Shalom\",\"isPartOf\":{\"@id\":\"https:\/\/www.shalom.it\/#website\"},\"primaryImageOfPage\":{\"@id\":\"https:\/\/www.shalom.it\/roma-ebraica\/a-un-governo-cer-che-esprima-la-volonta-degli-elettoria-a-intervista-ad-antonella-di-castro-candidata-presidente-di-per-israele-b1132611\/#primaryimage\"},\"image\":{\"@id\":\"https:\/\/www.shalom.it\/roma-ebraica\/a-un-governo-cer-che-esprima-la-volonta-degli-elettoria-a-intervista-ad-antonella-di-castro-candidata-presidente-di-per-israele-b1132611\/#primaryimage\"},\"thumbnailUrl\":\"https:\/\/www.shalom.it\/wp-content\/uploads\/2023\/06\/antonelladicastro-elecer2023.png\",\"datePublished\":\"2023-06-22T22:00:00+00:00\",\"dateModified\":\"2024-05-30T22:57:17+00:00\",\"author\":{\"@id\":\"https:\/\/www.shalom.it\/#\/schema\/person\/60863844fcce19d008f5cd64bb0fce26\"},\"breadcrumb\":{\"@id\":\"https:\/\/www.shalom.it\/roma-ebraica\/a-un-governo-cer-che-esprima-la-volonta-degli-elettoria-a-intervista-ad-antonella-di-castro-candidata-presidente-di-per-israele-b1132611\/#breadcrumb\"},\"inLanguage\":\"it-IT\",\"potentialAction\":[{\"@type\":\"ReadAction\",\"target\":[\"https:\/\/www.shalom.it\/roma-ebraica\/a-un-governo-cer-che-esprima-la-volonta-degli-elettoria-a-intervista-ad-antonella-di-castro-candidata-presidente-di-per-israele-b1132611\/\"]}]},{\"@type\":\"ImageObject\",\"inLanguage\":\"it-IT\",\"@id\":\"https:\/\/www.shalom.it\/roma-ebraica\/a-un-governo-cer-che-esprima-la-volonta-degli-elettoria-a-intervista-ad-antonella-di-castro-candidata-presidente-di-per-israele-b1132611\/#primaryimage\",\"url\":\"https:\/\/www.shalom.it\/wp-content\/uploads\/2023\/06\/antonelladicastro-elecer2023.png\",\"contentUrl\":\"https:\/\/www.shalom.it\/wp-content\/uploads\/2023\/06\/antonelladicastro-elecer2023.png\",\"width\":1920,\"height\":1080},{\"@type\":\"BreadcrumbList\",\"@id\":\"https:\/\/www.shalom.it\/roma-ebraica\/a-un-governo-cer-che-esprima-la-volonta-degli-elettoria-a-intervista-ad-antonella-di-castro-candidata-presidente-di-per-israele-b1132611\/#breadcrumb\",\"itemListElement\":[{\"@type\":\"ListItem\",\"position\":1,\"name\":\"Home\",\"item\":\"https:\/\/www.shalom.it\/\"},{\"@type\":\"ListItem\",\"position\":2,\"name\":\"\u201cUn governo Cer che esprima la volont\u00e0 degli elettori\u201d \u2013 Intervista ad Antonella Di Castro, candidata presidente di Per Israele\"}]},{\"@type\":\"WebSite\",\"@id\":\"https:\/\/www.shalom.it\/#website\",\"url\":\"https:\/\/www.shalom.it\/\",\"name\":\"Shalom\",\"description\":\"Il Magazine della comunit\u00e0 ebraica di Roma\",\"potentialAction\":[{\"@type\":\"SearchAction\",\"target\":{\"@type\":\"EntryPoint\",\"urlTemplate\":\"https:\/\/www.shalom.it\/?s={search_term_string}\"},\"query-input\":{\"@type\":\"PropertyValueSpecification\",\"valueRequired\":true,\"valueName\":\"search_term_string\"}}],\"inLanguage\":\"it-IT\"},{\"@type\":\"Person\",\"@id\":\"https:\/\/www.shalom.it\/#\/schema\/person\/60863844fcce19d008f5cd64bb0fce26\",\"name\":\"Ariela Piattelli\",\"description\":\"Direttore di Shalom. Nata a Roma nel 1976, Ariela Piattelli ha collaborato con Shalom, con i quotidiani Il Giornale, Il Corriere della Sera e La Stampa, scrivendo principalmente di arte, storia, e cultura ebraica ed israeliana. Da oltre un decennio dirige EBRAICA \u2013 Festival Internazionale di Cultura, e il Pitigliani Kolno\u2019a Festival \u2013 Ebraismo e Israele nel Cinema, prodotto dal Centro Ebraico Italiano Il Pitigliani. Piattelli ha collaborato con varie istituzioni ebraiche italiane, come promotrice e curatrice di eventi culturali.\",\"url\":\"https:\/\/www.shalom.it\/author\/arielapiattelli\/\"}]}<\/script>\n<!-- \/ Yoast SEO plugin. -->","yoast_head_json":{"title":"\u201cUn governo Cer che esprima la volont\u00e0 degli elettori\u201d \u2013 Intervista ad Antonella Di Castro, candidata presidente di Per Israele - Shalom","robots":{"index":"index","follow":"follow","max-snippet":"max-snippet:-1","max-image-preview":"max-image-preview:large","max-video-preview":"max-video-preview:-1"},"canonical":"https:\/\/www.shalom.it\/roma-ebraica\/a-un-governo-cer-che-esprima-la-volonta-degli-elettoria-a-intervista-ad-antonella-di-castro-candidata-presidente-di-per-israele-b1132611\/","og_locale":"it_IT","og_type":"article","og_title":"\u201cUn governo Cer che esprima la volont\u00e0 degli elettori\u201d \u2013 Intervista ad Antonella Di Castro, candidata presidente di Per Israele - Shalom","og_description":"Un governo della Comunit\u00e0 Ebraica di Roma che rispecchi quanto espresso dagli elettori, anche in termini di proporzioni. Cos\u00ec Antonella Di Castro, candidata presidente di Per Israele, che con uno scarto di 51 voti rispetto alla lista Dor va Dor \u00e8 la seconda lista pi\u00f9 votata alle elezioni del 18 giugno, vede la composizione della [&hellip;]","og_url":"https:\/\/www.shalom.it\/roma-ebraica\/a-un-governo-cer-che-esprima-la-volonta-degli-elettoria-a-intervista-ad-antonella-di-castro-candidata-presidente-di-per-israele-b1132611\/","og_site_name":"Shalom","article_published_time":"2023-06-22T22:00:00+00:00","article_modified_time":"2024-05-30T22:57:17+00:00","og_image":[{"width":1920,"height":1080,"url":"https:\/\/www.shalom.it\/wp-content\/uploads\/2023\/06\/antonelladicastro-elecer2023.png","type":"image\/png"}],"author":"Ariela Piattelli","twitter_card":"summary_large_image","twitter_misc":{"Scritto da":"Ariela Piattelli","Tempo di lettura stimato":"2 minuti"},"schema":{"@context":"https:\/\/schema.org","@graph":[{"@type":"Article","@id":"https:\/\/www.shalom.it\/roma-ebraica\/a-un-governo-cer-che-esprima-la-volonta-degli-elettoria-a-intervista-ad-antonella-di-castro-candidata-presidente-di-per-israele-b1132611\/#article","isPartOf":{"@id":"https:\/\/www.shalom.it\/roma-ebraica\/a-un-governo-cer-che-esprima-la-volonta-degli-elettoria-a-intervista-ad-antonella-di-castro-candidata-presidente-di-per-israele-b1132611\/"},"author":{"name":"Ariela Piattelli","@id":"https:\/\/www.shalom.it\/#\/schema\/person\/60863844fcce19d008f5cd64bb0fce26"},"headline":"\u201cUn governo Cer che esprima la volont\u00e0 degli elettori\u201d \u2013 Intervista ad Antonella Di Castro, candidata presidente di Per Israele","datePublished":"2023-06-22T22:00:00+00:00","dateModified":"2024-05-30T22:57:17+00:00","mainEntityOfPage":{"@id":"https:\/\/www.shalom.it\/roma-ebraica\/a-un-governo-cer-che-esprima-la-volonta-degli-elettoria-a-intervista-ad-antonella-di-castro-candidata-presidente-di-per-israele-b1132611\/"},"wordCount":516,"commentCount":0,"image":{"@id":"https:\/\/www.shalom.it\/roma-ebraica\/a-un-governo-cer-che-esprima-la-volonta-degli-elettoria-a-intervista-ad-antonella-di-castro-candidata-presidente-di-per-israele-b1132611\/#primaryimage"},"thumbnailUrl":"https:\/\/www.shalom.it\/wp-content\/uploads\/2023\/06\/antonelladicastro-elecer2023.png","articleSection":["ROMA EBRAICA"],"inLanguage":"it-IT"},{"@type":"WebPage","@id":"https:\/\/www.shalom.it\/roma-ebraica\/a-un-governo-cer-che-esprima-la-volonta-degli-elettoria-a-intervista-ad-antonella-di-castro-candidata-presidente-di-per-israele-b1132611\/","url":"https:\/\/www.shalom.it\/roma-ebraica\/a-un-governo-cer-che-esprima-la-volonta-degli-elettoria-a-intervista-ad-antonella-di-castro-candidata-presidente-di-per-israele-b1132611\/","name":"\u201cUn governo Cer che esprima la volont\u00e0 degli elettori\u201d \u2013 Intervista ad Antonella Di Castro, candidata presidente di Per Israele - Shalom","isPartOf":{"@id":"https:\/\/www.shalom.it\/#website"},"primaryImageOfPage":{"@id":"https:\/\/www.shalom.it\/roma-ebraica\/a-un-governo-cer-che-esprima-la-volonta-degli-elettoria-a-intervista-ad-antonella-di-castro-candidata-presidente-di-per-israele-b1132611\/#primaryimage"},"image":{"@id":"https:\/\/www.shalom.it\/roma-ebraica\/a-un-governo-cer-che-esprima-la-volonta-degli-elettoria-a-intervista-ad-antonella-di-castro-candidata-presidente-di-per-israele-b1132611\/#primaryimage"},"thumbnailUrl":"https:\/\/www.shalom.it\/wp-content\/uploads\/2023\/06\/antonelladicastro-elecer2023.png","datePublished":"2023-06-22T22:00:00+00:00","dateModified":"2024-05-30T22:57:17+00:00","author":{"@id":"https:\/\/www.shalom.it\/#\/schema\/person\/60863844fcce19d008f5cd64bb0fce26"},"breadcrumb":{"@id":"https:\/\/www.shalom.it\/roma-ebraica\/a-un-governo-cer-che-esprima-la-volonta-degli-elettoria-a-intervista-ad-antonella-di-castro-candidata-presidente-di-per-israele-b1132611\/#breadcrumb"},"inLanguage":"it-IT","potentialAction":[{"@type":"ReadAction","target":["https:\/\/www.shalom.it\/roma-ebraica\/a-un-governo-cer-che-esprima-la-volonta-degli-elettoria-a-intervista-ad-antonella-di-castro-candidata-presidente-di-per-israele-b1132611\/"]}]},{"@type":"ImageObject","inLanguage":"it-IT","@id":"https:\/\/www.shalom.it\/roma-ebraica\/a-un-governo-cer-che-esprima-la-volonta-degli-elettoria-a-intervista-ad-antonella-di-castro-candidata-presidente-di-per-israele-b1132611\/#primaryimage","url":"https:\/\/www.shalom.it\/wp-content\/uploads\/2023\/06\/antonelladicastro-elecer2023.png","contentUrl":"https:\/\/www.shalom.it\/wp-content\/uploads\/2023\/06\/antonelladicastro-elecer2023.png","width":1920,"height":1080},{"@type":"BreadcrumbList","@id":"https:\/\/www.shalom.it\/roma-ebraica\/a-un-governo-cer-che-esprima-la-volonta-degli-elettoria-a-intervista-ad-antonella-di-castro-candidata-presidente-di-per-israele-b1132611\/#breadcrumb","itemListElement":[{"@type":"ListItem","position":1,"name":"Home","item":"https:\/\/www.shalom.it\/"},{"@type":"ListItem","position":2,"name":"\u201cUn governo Cer che esprima la volont\u00e0 degli elettori\u201d \u2013 Intervista ad Antonella Di Castro, candidata presidente di Per Israele"}]},{"@type":"WebSite","@id":"https:\/\/www.shalom.it\/#website","url":"https:\/\/www.shalom.it\/","name":"Shalom","description":"Il Magazine della comunit\u00e0 ebraica di Roma","potentialAction":[{"@type":"SearchAction","target":{"@type":"EntryPoint","urlTemplate":"https:\/\/www.shalom.it\/?s={search_term_string}"},"query-input":{"@type":"PropertyValueSpecification","valueRequired":true,"valueName":"search_term_string"}}],"inLanguage":"it-IT"},{"@type":"Person","@id":"https:\/\/www.shalom.it\/#\/schema\/person\/60863844fcce19d008f5cd64bb0fce26","name":"Ariela Piattelli","description":"Direttore di Shalom. Nata a Roma nel 1976, Ariela Piattelli ha collaborato con Shalom, con i quotidiani Il Giornale, Il Corriere della Sera e La Stampa, scrivendo principalmente di arte, storia, e cultura ebraica ed israeliana. Da oltre un decennio dirige EBRAICA \u2013 Festival Internazionale di Cultura, e il Pitigliani Kolno\u2019a Festival \u2013 Ebraismo e Israele nel Cinema, prodotto dal Centro Ebraico Italiano Il Pitigliani. Piattelli ha collaborato con varie istituzioni ebraiche italiane, come promotrice e curatrice di eventi culturali.","url":"https:\/\/www.shalom.it\/author\/arielapiattelli\/"}]}},"jetpack_featured_media_url":"https:\/\/www.shalom.it\/wp-content\/uploads\/2023\/06\/antonelladicastro-elecer2023.png","jetpack_sharing_enabled":true,"_links":{"self":[{"href":"https:\/\/www.shalom.it\/wp-json\/wp\/v2\/posts\/74859","targetHints":{"allow":["GET"]}}],"collection":[{"href":"https:\/\/www.shalom.it\/wp-json\/wp\/v2\/posts"}],"about":[{"href":"https:\/\/www.shalom.it\/wp-json\/wp\/v2\/types\/post"}],"author":[{"embeddable":true,"href":"https:\/\/www.shalom.it\/wp-json\/wp\/v2\/users\/97"}],"replies":[{"embeddable":true,"href":"https:\/\/www.shalom.it\/wp-json\/wp\/v2\/comments?post=74859"}],"version-history":[{"count":1,"href":"https:\/\/www.shalom.it\/wp-json\/wp\/v2\/posts\/74859\/revisions"}],"predecessor-version":[{"id":84617,"href":"https:\/\/www.shalom.it\/wp-json\/wp\/v2\/posts\/74859\/revisions\/84617"}],"wp:featuredmedia":[{"embeddable":true,"href":"https:\/\/www.shalom.it\/wp-json\/wp\/v2\/media\/74860"}],"wp:attachment":[{"href":"https:\/\/www.shalom.it\/wp-json\/wp\/v2\/media?parent=74859"}],"wp:term":[{"taxonomy":"category","embeddable":true,"href":"https:\/\/www.shalom.it\/wp-json\/wp\/v2\/categories?post=74859"},{"taxonomy":"post_tag","embeddable":true,"href":"https:\/\/www.shalom.it\/wp-json\/wp\/v2\/tags?post=74859"}],"curies":[{"name":"wp","href":"https:\/\/api.w.org\/{rel}","templated":true}]}}