{"id":73280,"date":"2022-12-30T00:00:00","date_gmt":"2022-12-29T23:00:00","guid":{"rendered":"https:\/\/www.shalom.it\/senza-categoria\/msi-e-antisemitismo-peccati-di-memoria-b1125371\/"},"modified":"2024-05-31T00:54:45","modified_gmt":"2024-05-30T22:54:45","slug":"msi-e-antisemitismo-peccati-di-memoria-b1125371","status":"publish","type":"post","link":"https:\/\/www.shalom.it\/italia\/msi-e-antisemitismo-peccati-di-memoria-b1125371\/","title":{"rendered":"MSI e antisemitismo: peccati di memoria"},"content":{"rendered":"<p class=\"MsoNormal\" style=\"margin: 0cm 0cm 0.0001pt; font-size: medium; font-family: Calibri, sans-serif; caret-color: rgb(0, 0, 0); color: rgb(0, 0, 0);\">In queste ore stanno facendo molto rumore le esternazioni del presidente del Senato, Ignazio La Russa, e della presidente del Consiglio dei Ministri, Giorgia Meloni, relativamente alla storia del Movimento Sociale Italiano. Un partito che, secondo Meloni, ha avuto un ruolo \u201cimportantissimo\u201d nella storia democratica della Repubblica e che \u201c\u00e8 stato chiarissimo sulla lotta all\u2019antisemitismo\u201d.<o:p><\/o:p><\/p>\n<p class=\"MsoNormal\" style=\"margin: 0cm 0cm 0.0001pt; font-size: medium; font-family: Calibri, sans-serif; caret-color: rgb(0, 0, 0); color: rgb(0, 0, 0);\"><o:p>&nbsp;<\/o:p><\/p>\n<p class=\"MsoNormal\" style=\"margin: 0cm 0cm 0.0001pt; font-size: medium; font-family: Calibri, sans-serif; caret-color: rgb(0, 0, 0); color: rgb(0, 0, 0);\">Sul ruolo importantissimo del MSI si pu\u00f2 discutere, mentre sul lungo viaggio che ha portato i nostalgici della Repubblica sociale italiana, o almeno la loro dirigenza, a condannare il fascismo, soprattutto a causa dell\u2019antiebraismo, come il \u201cmale assoluto\u201d, non ci pu\u00f2 essere alcun dubbio. La \u201csvolta\u201d di Fiuggi e il viaggio in Israele di Gianfranco Fini non hanno lasciato ambiguit\u00e0. L\u2019ambiguit\u00e0 rimane, per\u00f2, quando si vuole dimenticare il passato e non si vogliono tagliare definitivamente le radici di un partito che nasce per rivendicare l\u2019esperienza storica del fascismo repubblicano, quel fascismo \u201csociale\u201d che ha scatenato la guerra civile nel 1943, e che ha collaborato scientemente e entusiasticamente alla Shoah. Ma soprattutto quando si vogliono dimenticare le esperienze di quegli uomini che hanno fondato e diretto il partito per decenni.<o:p><\/o:p><\/p>\n<p class=\"MsoNormal\" style=\"margin: 0cm 0cm 0.0001pt; font-size: medium; font-family: Calibri, sans-serif; caret-color: rgb(0, 0, 0); color: rgb(0, 0, 0);\"><o:p>&nbsp;<\/o:p><\/p>\n<p class=\"MsoNormal\" style=\"margin: 0cm 0cm 0.0001pt; font-size: medium; font-family: Calibri, sans-serif; caret-color: rgb(0, 0, 0); color: rgb(0, 0, 0);\">Giorgio Almirante \u00e8 il caso pi\u00f9 conosciuto. Amatissimo leader del partito per decenni, era stato redattore della \u201cDifesa della razza\u201d, e poi ebbe un ruolo di rilievo nella RSI come capo gabinetto del ministero della Cultura popolare. Ma pensiamo a Pino Romualdi, vicesegretario nazionale del Partito fascista repubblicano nel 1945 e poi fondatore del MSI. Ma poi altri personaggi di rilievo della RSI, come i giornalisti Giorgio Pini, Concetto Pettinato e Bruno Spampanato, tutti personaggi che durante l\u2019occupazione nazista pubblicavano giornali che ospitavano la propaganda antiebraica della Repubblica. Nel dopoguerra nessuno di questi ha rinnegato la propria esperienza, anzi: nelle memorie e nelle opere di rievocazione storica prodotta dagli ambienti neofascisti non vi \u00e8 una parola, non dico di pentimento, ma almeno di dubbio rispetto alla persecuzione degli ebrei. Sono queste le radici \u201cculturali\u201d del Movimento sociale italiano. Non \u00e8 un caso che il processo di rielaborazione della memoria storica dell\u2019antiebraismo sia stato cos\u00ec complicato, non \u00e8 un caso che ancora nel 1962 giovani missini abbiano tentato di \u201cassalire\u201d l\u2019ex ghetto di Roma.&nbsp;&nbsp;Non \u00e8 un caso che ci siano voluti decenni perch\u00e9 il fascismo fosse definito il male assoluto.<o:p><\/o:p><\/p>\n<p class=\"MsoNormal\" style=\"margin: 0cm 0cm 0.0001pt; font-size: medium; font-family: Calibri, sans-serif; caret-color: rgb(0, 0, 0); color: rgb(0, 0, 0);\"><o:p>&nbsp;<\/o:p><\/p>\n<p class=\"MsoNormal\" style=\"margin: 0cm 0cm 0.0001pt; font-size: medium; font-family: Calibri, sans-serif; caret-color: rgb(0, 0, 0); color: rgb(0, 0, 0);\">Se \u00e8 giusto guardare al futuro, soprattutto per una leader come Meloni investita di enormi responsabilit\u00e0, non si pu\u00f2 per\u00f2 rinnegare cos\u00ec facilmente il proprio \u201calbum di famiglia\u201d, ignorando quelle pagine e quelle immagini troppo imbarazzanti o edulcorandone la storia.<o:p><\/o:p><\/p>\n","protected":false},"excerpt":{"rendered":"<p>In queste ore stanno facendo molto rumore le esternazioni del presidente del Senato, Ignazio La Russa, e della presidente del Consiglio dei Ministri, Giorgia Meloni, relativamente alla storia del Movimento Sociale Italiano. Un partito che, secondo Meloni, ha avuto un ruolo \u201cimportantissimo\u201d nella storia democratica della Repubblica e che \u201c\u00e8 stato chiarissimo sulla lotta all\u2019antisemitismo\u201d. [&hellip;]<\/p>\n","protected":false},"author":66,"featured_media":73281,"comment_status":"open","ping_status":"open","sticky":false,"template":"","format":"standard","meta":{"_acf_changed":false,"_jetpack_memberships_contains_paid_content":false,"footnotes":""},"categories":[3],"tags":[],"class_list":["post-73280","post","type-post","status-publish","format-standard","has-post-thumbnail","hentry","category-italia"],"acf":[],"yoast_head":"<!-- This site is optimized with the Yoast SEO plugin v26.9 - https:\/\/yoast.com\/product\/yoast-seo-wordpress\/ -->\n<title>MSI e antisemitismo: peccati di memoria - Shalom<\/title>\n<meta name=\"robots\" content=\"index, follow, max-snippet:-1, max-image-preview:large, max-video-preview:-1\" \/>\n<link rel=\"canonical\" href=\"https:\/\/www.shalom.it\/italia\/msi-e-antisemitismo-peccati-di-memoria-b1125371\/\" \/>\n<meta property=\"og:locale\" content=\"it_IT\" \/>\n<meta property=\"og:type\" content=\"article\" \/>\n<meta property=\"og:title\" content=\"MSI e antisemitismo: peccati di memoria - Shalom\" \/>\n<meta property=\"og:description\" content=\"In queste ore stanno facendo molto rumore le esternazioni del presidente del Senato, Ignazio La Russa, e della presidente del Consiglio dei Ministri, Giorgia Meloni, relativamente alla storia del Movimento Sociale Italiano. Un partito che, secondo Meloni, ha avuto un ruolo \u201cimportantissimo\u201d nella storia democratica della Repubblica e che \u201c\u00e8 stato chiarissimo sulla lotta all\u2019antisemitismo\u201d. [&hellip;]\" \/>\n<meta property=\"og:url\" content=\"https:\/\/www.shalom.it\/italia\/msi-e-antisemitismo-peccati-di-memoria-b1125371\/\" \/>\n<meta property=\"og:site_name\" content=\"Shalom\" \/>\n<meta property=\"article:published_time\" content=\"2022-12-29T23:00:00+00:00\" \/>\n<meta property=\"article:modified_time\" content=\"2024-05-30T22:54:45+00:00\" \/>\n<meta property=\"og:image\" content=\"https:\/\/www.shalom.it\/wp-content\/uploads\/2022\/12\/msi.jpg\" \/>\n\t<meta property=\"og:image:width\" content=\"1181\" \/>\n\t<meta property=\"og:image:height\" content=\"563\" \/>\n\t<meta property=\"og:image:type\" content=\"image\/jpeg\" \/>\n<meta name=\"author\" content=\"amedeoostiguerrazzi\" \/>\n<meta name=\"twitter:card\" content=\"summary_large_image\" \/>\n<meta name=\"twitter:label1\" content=\"Scritto da\" \/>\n\t<meta name=\"twitter:data1\" content=\"amedeoostiguerrazzi\" \/>\n\t<meta name=\"twitter:label2\" content=\"Tempo di lettura stimato\" \/>\n\t<meta name=\"twitter:data2\" content=\"2 minuti\" \/>\n<script type=\"application\/ld+json\" class=\"yoast-schema-graph\">{\"@context\":\"https:\/\/schema.org\",\"@graph\":[{\"@type\":\"Article\",\"@id\":\"https:\/\/www.shalom.it\/italia\/msi-e-antisemitismo-peccati-di-memoria-b1125371\/#article\",\"isPartOf\":{\"@id\":\"https:\/\/www.shalom.it\/italia\/msi-e-antisemitismo-peccati-di-memoria-b1125371\/\"},\"author\":{\"name\":\"amedeoostiguerrazzi\",\"@id\":\"https:\/\/www.shalom.it\/#\/schema\/person\/4da52678644a815ab4b483321ddc2b89\"},\"headline\":\"MSI e antisemitismo: peccati di memoria\",\"datePublished\":\"2022-12-29T23:00:00+00:00\",\"dateModified\":\"2024-05-30T22:54:45+00:00\",\"mainEntityOfPage\":{\"@id\":\"https:\/\/www.shalom.it\/italia\/msi-e-antisemitismo-peccati-di-memoria-b1125371\/\"},\"wordCount\":422,\"commentCount\":0,\"image\":{\"@id\":\"https:\/\/www.shalom.it\/italia\/msi-e-antisemitismo-peccati-di-memoria-b1125371\/#primaryimage\"},\"thumbnailUrl\":\"https:\/\/www.shalom.it\/wp-content\/uploads\/2022\/12\/msi.jpg\",\"articleSection\":[\"ITALIA\"],\"inLanguage\":\"it-IT\"},{\"@type\":\"WebPage\",\"@id\":\"https:\/\/www.shalom.it\/italia\/msi-e-antisemitismo-peccati-di-memoria-b1125371\/\",\"url\":\"https:\/\/www.shalom.it\/italia\/msi-e-antisemitismo-peccati-di-memoria-b1125371\/\",\"name\":\"MSI e antisemitismo: peccati di memoria - Shalom\",\"isPartOf\":{\"@id\":\"https:\/\/www.shalom.it\/#website\"},\"primaryImageOfPage\":{\"@id\":\"https:\/\/www.shalom.it\/italia\/msi-e-antisemitismo-peccati-di-memoria-b1125371\/#primaryimage\"},\"image\":{\"@id\":\"https:\/\/www.shalom.it\/italia\/msi-e-antisemitismo-peccati-di-memoria-b1125371\/#primaryimage\"},\"thumbnailUrl\":\"https:\/\/www.shalom.it\/wp-content\/uploads\/2022\/12\/msi.jpg\",\"datePublished\":\"2022-12-29T23:00:00+00:00\",\"dateModified\":\"2024-05-30T22:54:45+00:00\",\"author\":{\"@id\":\"https:\/\/www.shalom.it\/#\/schema\/person\/4da52678644a815ab4b483321ddc2b89\"},\"breadcrumb\":{\"@id\":\"https:\/\/www.shalom.it\/italia\/msi-e-antisemitismo-peccati-di-memoria-b1125371\/#breadcrumb\"},\"inLanguage\":\"it-IT\",\"potentialAction\":[{\"@type\":\"ReadAction\",\"target\":[\"https:\/\/www.shalom.it\/italia\/msi-e-antisemitismo-peccati-di-memoria-b1125371\/\"]}]},{\"@type\":\"ImageObject\",\"inLanguage\":\"it-IT\",\"@id\":\"https:\/\/www.shalom.it\/italia\/msi-e-antisemitismo-peccati-di-memoria-b1125371\/#primaryimage\",\"url\":\"https:\/\/www.shalom.it\/wp-content\/uploads\/2022\/12\/msi.jpg\",\"contentUrl\":\"https:\/\/www.shalom.it\/wp-content\/uploads\/2022\/12\/msi.jpg\",\"width\":1181,\"height\":563},{\"@type\":\"BreadcrumbList\",\"@id\":\"https:\/\/www.shalom.it\/italia\/msi-e-antisemitismo-peccati-di-memoria-b1125371\/#breadcrumb\",\"itemListElement\":[{\"@type\":\"ListItem\",\"position\":1,\"name\":\"Home\",\"item\":\"https:\/\/www.shalom.it\/\"},{\"@type\":\"ListItem\",\"position\":2,\"name\":\"MSI e antisemitismo: peccati di memoria\"}]},{\"@type\":\"WebSite\",\"@id\":\"https:\/\/www.shalom.it\/#website\",\"url\":\"https:\/\/www.shalom.it\/\",\"name\":\"Shalom\",\"description\":\"Il Magazine della comunit\u00e0 ebraica di Roma\",\"potentialAction\":[{\"@type\":\"SearchAction\",\"target\":{\"@type\":\"EntryPoint\",\"urlTemplate\":\"https:\/\/www.shalom.it\/?s={search_term_string}\"},\"query-input\":{\"@type\":\"PropertyValueSpecification\",\"valueRequired\":true,\"valueName\":\"search_term_string\"}}],\"inLanguage\":\"it-IT\"},{\"@type\":\"Person\",\"@id\":\"https:\/\/www.shalom.it\/#\/schema\/person\/4da52678644a815ab4b483321ddc2b89\",\"name\":\"amedeoostiguerrazzi\",\"url\":\"https:\/\/www.shalom.it\/author\/amedeoostiguerrazzi\/\"}]}<\/script>\n<!-- \/ Yoast SEO plugin. -->","yoast_head_json":{"title":"MSI e antisemitismo: peccati di memoria - Shalom","robots":{"index":"index","follow":"follow","max-snippet":"max-snippet:-1","max-image-preview":"max-image-preview:large","max-video-preview":"max-video-preview:-1"},"canonical":"https:\/\/www.shalom.it\/italia\/msi-e-antisemitismo-peccati-di-memoria-b1125371\/","og_locale":"it_IT","og_type":"article","og_title":"MSI e antisemitismo: peccati di memoria - Shalom","og_description":"In queste ore stanno facendo molto rumore le esternazioni del presidente del Senato, Ignazio La Russa, e della presidente del Consiglio dei Ministri, Giorgia Meloni, relativamente alla storia del Movimento Sociale Italiano. Un partito che, secondo Meloni, ha avuto un ruolo \u201cimportantissimo\u201d nella storia democratica della Repubblica e che \u201c\u00e8 stato chiarissimo sulla lotta all\u2019antisemitismo\u201d. [&hellip;]","og_url":"https:\/\/www.shalom.it\/italia\/msi-e-antisemitismo-peccati-di-memoria-b1125371\/","og_site_name":"Shalom","article_published_time":"2022-12-29T23:00:00+00:00","article_modified_time":"2024-05-30T22:54:45+00:00","og_image":[{"width":1181,"height":563,"url":"https:\/\/www.shalom.it\/wp-content\/uploads\/2022\/12\/msi.jpg","type":"image\/jpeg"}],"author":"amedeoostiguerrazzi","twitter_card":"summary_large_image","twitter_misc":{"Scritto da":"amedeoostiguerrazzi","Tempo di lettura stimato":"2 minuti"},"schema":{"@context":"https:\/\/schema.org","@graph":[{"@type":"Article","@id":"https:\/\/www.shalom.it\/italia\/msi-e-antisemitismo-peccati-di-memoria-b1125371\/#article","isPartOf":{"@id":"https:\/\/www.shalom.it\/italia\/msi-e-antisemitismo-peccati-di-memoria-b1125371\/"},"author":{"name":"amedeoostiguerrazzi","@id":"https:\/\/www.shalom.it\/#\/schema\/person\/4da52678644a815ab4b483321ddc2b89"},"headline":"MSI e antisemitismo: peccati di memoria","datePublished":"2022-12-29T23:00:00+00:00","dateModified":"2024-05-30T22:54:45+00:00","mainEntityOfPage":{"@id":"https:\/\/www.shalom.it\/italia\/msi-e-antisemitismo-peccati-di-memoria-b1125371\/"},"wordCount":422,"commentCount":0,"image":{"@id":"https:\/\/www.shalom.it\/italia\/msi-e-antisemitismo-peccati-di-memoria-b1125371\/#primaryimage"},"thumbnailUrl":"https:\/\/www.shalom.it\/wp-content\/uploads\/2022\/12\/msi.jpg","articleSection":["ITALIA"],"inLanguage":"it-IT"},{"@type":"WebPage","@id":"https:\/\/www.shalom.it\/italia\/msi-e-antisemitismo-peccati-di-memoria-b1125371\/","url":"https:\/\/www.shalom.it\/italia\/msi-e-antisemitismo-peccati-di-memoria-b1125371\/","name":"MSI e antisemitismo: peccati di memoria - Shalom","isPartOf":{"@id":"https:\/\/www.shalom.it\/#website"},"primaryImageOfPage":{"@id":"https:\/\/www.shalom.it\/italia\/msi-e-antisemitismo-peccati-di-memoria-b1125371\/#primaryimage"},"image":{"@id":"https:\/\/www.shalom.it\/italia\/msi-e-antisemitismo-peccati-di-memoria-b1125371\/#primaryimage"},"thumbnailUrl":"https:\/\/www.shalom.it\/wp-content\/uploads\/2022\/12\/msi.jpg","datePublished":"2022-12-29T23:00:00+00:00","dateModified":"2024-05-30T22:54:45+00:00","author":{"@id":"https:\/\/www.shalom.it\/#\/schema\/person\/4da52678644a815ab4b483321ddc2b89"},"breadcrumb":{"@id":"https:\/\/www.shalom.it\/italia\/msi-e-antisemitismo-peccati-di-memoria-b1125371\/#breadcrumb"},"inLanguage":"it-IT","potentialAction":[{"@type":"ReadAction","target":["https:\/\/www.shalom.it\/italia\/msi-e-antisemitismo-peccati-di-memoria-b1125371\/"]}]},{"@type":"ImageObject","inLanguage":"it-IT","@id":"https:\/\/www.shalom.it\/italia\/msi-e-antisemitismo-peccati-di-memoria-b1125371\/#primaryimage","url":"https:\/\/www.shalom.it\/wp-content\/uploads\/2022\/12\/msi.jpg","contentUrl":"https:\/\/www.shalom.it\/wp-content\/uploads\/2022\/12\/msi.jpg","width":1181,"height":563},{"@type":"BreadcrumbList","@id":"https:\/\/www.shalom.it\/italia\/msi-e-antisemitismo-peccati-di-memoria-b1125371\/#breadcrumb","itemListElement":[{"@type":"ListItem","position":1,"name":"Home","item":"https:\/\/www.shalom.it\/"},{"@type":"ListItem","position":2,"name":"MSI e antisemitismo: peccati di memoria"}]},{"@type":"WebSite","@id":"https:\/\/www.shalom.it\/#website","url":"https:\/\/www.shalom.it\/","name":"Shalom","description":"Il Magazine della comunit\u00e0 ebraica di Roma","potentialAction":[{"@type":"SearchAction","target":{"@type":"EntryPoint","urlTemplate":"https:\/\/www.shalom.it\/?s={search_term_string}"},"query-input":{"@type":"PropertyValueSpecification","valueRequired":true,"valueName":"search_term_string"}}],"inLanguage":"it-IT"},{"@type":"Person","@id":"https:\/\/www.shalom.it\/#\/schema\/person\/4da52678644a815ab4b483321ddc2b89","name":"amedeoostiguerrazzi","url":"https:\/\/www.shalom.it\/author\/amedeoostiguerrazzi\/"}]}},"jetpack_featured_media_url":"https:\/\/www.shalom.it\/wp-content\/uploads\/2022\/12\/msi.jpg","jetpack_sharing_enabled":true,"_links":{"self":[{"href":"https:\/\/www.shalom.it\/wp-json\/wp\/v2\/posts\/73280","targetHints":{"allow":["GET"]}}],"collection":[{"href":"https:\/\/www.shalom.it\/wp-json\/wp\/v2\/posts"}],"about":[{"href":"https:\/\/www.shalom.it\/wp-json\/wp\/v2\/types\/post"}],"author":[{"embeddable":true,"href":"https:\/\/www.shalom.it\/wp-json\/wp\/v2\/users\/66"}],"replies":[{"embeddable":true,"href":"https:\/\/www.shalom.it\/wp-json\/wp\/v2\/comments?post=73280"}],"version-history":[{"count":1,"href":"https:\/\/www.shalom.it\/wp-json\/wp\/v2\/posts\/73280\/revisions"}],"predecessor-version":[{"id":84049,"href":"https:\/\/www.shalom.it\/wp-json\/wp\/v2\/posts\/73280\/revisions\/84049"}],"wp:featuredmedia":[{"embeddable":true,"href":"https:\/\/www.shalom.it\/wp-json\/wp\/v2\/media\/73281"}],"wp:attachment":[{"href":"https:\/\/www.shalom.it\/wp-json\/wp\/v2\/media?parent=73280"}],"wp:term":[{"taxonomy":"category","embeddable":true,"href":"https:\/\/www.shalom.it\/wp-json\/wp\/v2\/categories?post=73280"},{"taxonomy":"post_tag","embeddable":true,"href":"https:\/\/www.shalom.it\/wp-json\/wp\/v2\/tags?post=73280"}],"curies":[{"name":"wp","href":"https:\/\/api.w.org\/{rel}","templated":true}]}}