{"id":73176,"date":"2022-12-18T00:00:00","date_gmt":"2022-12-17T23:00:00","guid":{"rendered":"https:\/\/www.shalom.it\/senza-categoria\/centa-anni-dalla-morte-di-eliezer-ben-yehuda-che-ha-fatto-rivivere-la-lingua-ebraica-b1124851\/"},"modified":"2024-05-31T00:54:35","modified_gmt":"2024-05-30T22:54:35","slug":"centa-anni-dalla-morte-di-eliezer-ben-yehuda-che-ha-fatto-rivivere-la-lingua-ebraica-b1124851","status":"publish","type":"post","link":"https:\/\/www.shalom.it\/cultura\/centa-anni-dalla-morte-di-eliezer-ben-yehuda-che-ha-fatto-rivivere-la-lingua-ebraica-b1124851\/","title":{"rendered":"Cent\u2019anni dalla morte di Eliezer Ben Yehuda, che ha fatto rivivere la lingua ebraica"},"content":{"rendered":"<p class=\"MsoNormal\" style=\"margin: 0cm 0cm 0.0001pt; font-size: medium; font-family: Calibri, sans-serif; caret-color: rgb(0, 0, 0); color: rgb(0, 0, 0);\"><b>Una rinascita sorprendente<o:p><\/o:p><\/b><\/p>\n<p class=\"MsoNormal\" style=\"margin: 0cm 0cm 0.0001pt; font-size: medium; font-family: Calibri, sans-serif; caret-color: rgb(0, 0, 0); color: rgb(0, 0, 0);\">E\u2019 appena trascorso, senza quasi essere notato, un anniversario importante per la cultura ebraica contemporanea. Venerd\u00ec scorso cadeva infatti il centenario della morte di Eliezer Ben Yehuda, l\u2019uomo che pi\u00f9 di ogni altro \u00e8 stato determinante nella rinascita della lingua ebraica. L\u2019ebraico non era mai morto del tutto, come \u00e8 accaduto all\u2019etrusco o al sumero, ma gi\u00e0 da alcuni secoli prima dell\u2019Era Comune non era pi\u00f9 usato nella vita quotidiana, era difficilmente compreso dal popolo, che parlava invece un dialetto dell\u2019aramaico, lingua imperiale del Medio Oriente antico. E se la Scrittura \u00e8 formulata in ebraico (solo con qualche inserto aramaico qua e l\u00e0) e anche la Mishn\u00e0 lo \u00e8, invece la Ghemar\u00e0, lo strato pi\u00f9 recente del Talmud scritto fra il secondo e il settimo secolo, \u00e8 invece in aramaico. Nella diaspora gli ebrei hanno continuato a usare l\u2019ebraico come lingua sacra per il culto e (insieme all\u2019aramaico) come strumento di discussione intellettuale. Ma a casa parlavano yiddish, ladino, giudeo-arabo, i vari linguaggi misti come in Italia il giudeo-romanesco, veneziano o piemontese. Durante il XIX secolo i maskilim, esponenti dell\u2019illuminismo ebraico, incominciarono a pubblicare libri e giornali in ebraico, ma solo per argomenti politici e culturali. Herzl stesso era convinto che nel nuovo stato ebraico si sarebbe parlato una lingua europea, magari il tedesco, mentre altri pensavano allo yiddish. Se ci\u00f2, contro tutte le aspettative,&nbsp;&nbsp;non avvenne, il merito fu soprattutto delle ricerche lessicografiche e della battaglie politiche di Eliezer Ben Yehuda.<o:p><\/o:p><\/p>\n<p class=\"MsoNormal\" style=\"margin: 0cm 0cm 0.0001pt; font-size: medium; font-family: Calibri, sans-serif; caret-color: rgb(0, 0, 0); color: rgb(0, 0, 0);\"><o:p>&nbsp;<\/o:p><\/p>\n<p class=\"MsoNormal\" style=\"margin: 0cm 0cm 0.0001pt; font-size: medium; font-family: Calibri, sans-serif; caret-color: rgb(0, 0, 0); color: rgb(0, 0, 0);\"><b>Gli inizi della vocazione<o:p><\/o:p><\/b><\/p>\n<p class=\"MsoNormal\" style=\"margin: 0cm 0cm 0.0001pt; font-size: medium; font-family: Calibri, sans-serif; caret-color: rgb(0, 0, 0); color: rgb(0, 0, 0);\">Nato col nome di Eliezer Isaac Perelman Elianov il 7 gennaio 1858&nbsp;&nbsp;a Luzhky (Governatorato di Vilna, allora Impero russo, oggi in Bielorussia) da una coppia di chassidim del movimento chabad, rimasto orfano di padre a cinque anni, Eliezer segue il tradizionale corso di&nbsp;&nbsp;studi in una piccola scuola talmudica a Polatsk, sempre in Bielurussia. Qui per\u00f2 viene in contatto con i libri e le idee del modernismo ebraico e non vuole rinunciarvi: per questo viene espulso. Lo salva un uomo di affari chassidico, Samuel Naphtali Herz Giona, di cui sposer\u00e0 prima la figlia maggiore Deborah e poi, dopo la morte di lei, l\u2019altra figlia Chemda. Protetto e aiutato da Hertz, Eliezer ottiene la licenza ginnasiale russa, impara le lingue europee, inizia a scrivere degli articoli politici, vuol fare il medico. E\u2019 molto colpito dalla guerra di liberazione della Bulgaria contro i turchi, si convince che anche il popolo ebraico debba liberarsi, conquistando la sua terra e che per questo gli ebrei abbiano innanzitutto bisogno di tornare alla loro lingua. Per studiare medicina si trasferisce nel 1877 a Parigi, dove entra in contatto con gli ambienti protosionisti. Si ammala per\u00f2 gravemente di tubercolosi e decide di sposare Deborah e di trasferirsi con lei a in Terra di Israele, per guarire col clima pi\u00f9 caldo o per morire l\u00ec.<o:p><\/o:p><\/p>\n<p class=\"MsoNormal\" style=\"margin: 0cm 0cm 0.0001pt; font-size: medium; font-family: Calibri, sans-serif; caret-color: rgb(0, 0, 0); color: rgb(0, 0, 0);\"><b>&nbsp;<\/b><\/p>\n<p class=\"MsoNormal\" style=\"margin: 0cm 0cm 0.0001pt; font-size: medium; font-family: Calibri, sans-serif; caret-color: rgb(0, 0, 0); color: rgb(0, 0, 0);\"><b>Da Pereleman a Ben Yehuda<o:p><\/o:p><\/b><\/p>\n<p class=\"MsoNormal\" style=\"margin: 0cm 0cm 0.0001pt; font-size: medium; font-family: Calibri, sans-serif; caret-color: rgb(0, 0, 0); color: rgb(0, 0, 0);\">A Gerusalemme fa il giornalista e l\u2019insegnante alle scuole istituite dalla famiglia Rotschild, ma il rinnovamento dell\u2019ebraico diventa la sua missione di vita, la sua ossessione. Non \u00e8 una posizione solo teorica e filologica, \u00e8 una precisa idea politica: per Ben Yehuda la lingua \u00e8 uno dei pi\u00f9 importanti mezzi del sionismo, lo strumento della rinascita del popolo ebraico sulla sua terra.&nbsp;&nbsp;Si cambia il nome in Ben Yehuda, \u201cfiglio di Giuda\u201d che era s\u00ec il nome di suo padre, ma anche quello del regno di Giudea, da cui viene la denominazione di ebreo in molte lingue, fra cui lo stesso ebraico, E\u2019 contrastato dagli ambienti pi\u00f9 tradizionalisti della comunit\u00e0 ebraica locale, che considerano blasfemo il suo tentativo di adattare la lingua santa in strumento di uso quotidiano. Viene arrestato da turchi per il sospetto di essere un agitatore politico contro il loro dominio. E\u2019 poverissimo, malato, diffamato; ma tiene duro. Lavora indefessamente a un dizionario in cui elencare non solo le parole della tradizione e della Scrittura, ma anche inserire i vocaboli per tutti i nuovi fenomeni e gli oggetti inventati dalla modernit\u00e0 in modo da avere una lingua utile per tutte le circostanze della vita. Come dire \u201ctreno\u201d, \u201cpomodoro\u201d, \u201cuniversit\u00e0\u201d, \u201cgiornale\u201d,&nbsp;&nbsp;\u201ctransatlantico\u201d in ebraico? Ben Yehuda scheda tutti i testi della tradizione, ma attinge anche ad altre lingue semitiche come l\u2019arabo e se proprio occorre propone dei calchi ebraici delle parole occidentali Quando gli nasce il primo figlio Ben Zion, impone a se stesso e alla moglie di parlargli solo in ebraico. Dopo venti secoli e passa, il bimbo \u00e8 il primo parlante nativo in ebraico.<o:p><\/o:p><\/p>\n<p class=\"MsoNormal\" style=\"margin: 0cm 0cm 0.0001pt; font-size: medium; font-family: Calibri, sans-serif; caret-color: rgb(0, 0, 0); color: rgb(0, 0, 0);\"><o:p>&nbsp;<\/o:p><\/p>\n<p class=\"MsoNormal\" style=\"margin: 0cm 0cm 0.0001pt; font-size: medium; font-family: Calibri, sans-serif; caret-color: rgb(0, 0, 0); color: rgb(0, 0, 0);\"><b>La vittoria<o:p><\/o:p><\/b><\/p>\n<p class=\"MsoNormal\" style=\"margin: 0cm 0cm 0.0001pt; font-size: medium; font-family: Calibri, sans-serif; caret-color: rgb(0, 0, 0); color: rgb(0, 0, 0);\">Gradualmente intorno a lui si forma un gruppo di insegnanti e intellettuali che condivide le sue idee. Riesce a convincere i benefattori europei che mantengono le scuole per gli ebrei di Israele a far condurre l\u2019insegnamento in ebraico. In Israele, ma anche in Europa inizia a nascere una letteratura ebraica di alto livello, la cui prima bandiera \u00e8 il poeta Hayim Nahman Bialik. Riesce a trovare i fondi per il suo gigantesco dizionario della lingua ebraica, di cui pubblica nel corso degli anni i primi otto volumi (diventeranno diciassette negli anni Cinquanta). Vince anche la battaglia per far s\u00ec che l\u2019insegnamento nella prima universit\u00e0 ebraica funzionate, il Technion di Haifa, si svolga in ebraico e non in tedesco come volevano i finanziatori. Ci\u00f2 richiede la formazione di un lessico scientifico ebraico, per nulla scontato prima. Esausto per il grande lavoro, minato dalla tubercolosi che non aveva mai vinto del tutto, Ben Yehuda muore&nbsp;&nbsp;a Gerusalemme il 16 dicembre 1922, salutato e riconosciuto da tutti come uno dei padri della rinascita non solo della lingua ma anche del popolo ebraico. La sua memoria \u00e8 presente ogni giorno nel miracolo della vita quotidiana di una lingua che a lungo era stata data per finita e che invece prospera. Un miracolo che \u00e8 bello ricordare proprio a Hannukk\u00e0.<o:p><\/o:p><\/p>\n","protected":false},"excerpt":{"rendered":"<p>Una rinascita sorprendente E\u2019 appena trascorso, senza quasi essere notato, un anniversario importante per la cultura ebraica contemporanea. Venerd\u00ec scorso cadeva infatti il centenario della morte di Eliezer Ben Yehuda, l\u2019uomo che pi\u00f9 di ogni altro \u00e8 stato determinante nella rinascita della lingua ebraica. L\u2019ebraico non era mai morto del tutto, come \u00e8 accaduto all\u2019etrusco [&hellip;]<\/p>\n","protected":false},"author":31,"featured_media":73177,"comment_status":"open","ping_status":"open","sticky":false,"template":"","format":"standard","meta":{"_acf_changed":false,"_jetpack_memberships_contains_paid_content":false,"footnotes":""},"categories":[7],"tags":[],"class_list":["post-73176","post","type-post","status-publish","format-standard","has-post-thumbnail","hentry","category-cultura"],"acf":[],"yoast_head":"<!-- This site is optimized with the Yoast SEO plugin v26.9 - https:\/\/yoast.com\/product\/yoast-seo-wordpress\/ -->\n<title>Cent\u2019anni dalla morte di Eliezer Ben Yehuda, che ha fatto rivivere la lingua ebraica - Shalom<\/title>\n<meta name=\"robots\" content=\"index, follow, max-snippet:-1, max-image-preview:large, max-video-preview:-1\" \/>\n<link rel=\"canonical\" href=\"https:\/\/www.shalom.it\/cultura\/centa-anni-dalla-morte-di-eliezer-ben-yehuda-che-ha-fatto-rivivere-la-lingua-ebraica-b1124851\/\" \/>\n<meta property=\"og:locale\" content=\"it_IT\" \/>\n<meta property=\"og:type\" content=\"article\" \/>\n<meta property=\"og:title\" content=\"Cent\u2019anni dalla morte di Eliezer Ben Yehuda, che ha fatto rivivere la lingua ebraica - Shalom\" \/>\n<meta property=\"og:description\" content=\"Una rinascita sorprendente E\u2019 appena trascorso, senza quasi essere notato, un anniversario importante per la cultura ebraica contemporanea. Venerd\u00ec scorso cadeva infatti il centenario della morte di Eliezer Ben Yehuda, l\u2019uomo che pi\u00f9 di ogni altro \u00e8 stato determinante nella rinascita della lingua ebraica. L\u2019ebraico non era mai morto del tutto, come \u00e8 accaduto all\u2019etrusco [&hellip;]\" \/>\n<meta property=\"og:url\" content=\"https:\/\/www.shalom.it\/cultura\/centa-anni-dalla-morte-di-eliezer-ben-yehuda-che-ha-fatto-rivivere-la-lingua-ebraica-b1124851\/\" \/>\n<meta property=\"og:site_name\" content=\"Shalom\" \/>\n<meta property=\"article:published_time\" content=\"2022-12-17T23:00:00+00:00\" \/>\n<meta property=\"article:modified_time\" content=\"2024-05-30T22:54:35+00:00\" \/>\n<meta property=\"og:image\" content=\"https:\/\/www.shalom.it\/wp-content\/uploads\/2022\/12\/eliezer-ben-yehuda.jpg\" \/>\n\t<meta property=\"og:image:width\" content=\"1181\" \/>\n\t<meta property=\"og:image:height\" content=\"563\" \/>\n\t<meta property=\"og:image:type\" content=\"image\/jpeg\" \/>\n<meta name=\"author\" content=\"ugovolli\" \/>\n<meta name=\"twitter:card\" content=\"summary_large_image\" \/>\n<meta name=\"twitter:label1\" content=\"Scritto da\" \/>\n\t<meta name=\"twitter:data1\" content=\"ugovolli\" \/>\n\t<meta name=\"twitter:label2\" content=\"Tempo di lettura stimato\" \/>\n\t<meta name=\"twitter:data2\" content=\"5 minuti\" \/>\n<script type=\"application\/ld+json\" class=\"yoast-schema-graph\">{\"@context\":\"https:\/\/schema.org\",\"@graph\":[{\"@type\":\"Article\",\"@id\":\"https:\/\/www.shalom.it\/cultura\/centa-anni-dalla-morte-di-eliezer-ben-yehuda-che-ha-fatto-rivivere-la-lingua-ebraica-b1124851\/#article\",\"isPartOf\":{\"@id\":\"https:\/\/www.shalom.it\/cultura\/centa-anni-dalla-morte-di-eliezer-ben-yehuda-che-ha-fatto-rivivere-la-lingua-ebraica-b1124851\/\"},\"author\":{\"name\":\"ugovolli\",\"@id\":\"https:\/\/www.shalom.it\/#\/schema\/person\/0c620bc209f9ab06a9289bfa94c282af\"},\"headline\":\"Cent\u2019anni dalla morte di Eliezer Ben Yehuda, che ha fatto rivivere la lingua ebraica\",\"datePublished\":\"2022-12-17T23:00:00+00:00\",\"dateModified\":\"2024-05-30T22:54:35+00:00\",\"mainEntityOfPage\":{\"@id\":\"https:\/\/www.shalom.it\/cultura\/centa-anni-dalla-morte-di-eliezer-ben-yehuda-che-ha-fatto-rivivere-la-lingua-ebraica-b1124851\/\"},\"wordCount\":984,\"commentCount\":0,\"image\":{\"@id\":\"https:\/\/www.shalom.it\/cultura\/centa-anni-dalla-morte-di-eliezer-ben-yehuda-che-ha-fatto-rivivere-la-lingua-ebraica-b1124851\/#primaryimage\"},\"thumbnailUrl\":\"https:\/\/www.shalom.it\/wp-content\/uploads\/2022\/12\/eliezer-ben-yehuda.jpg\",\"articleSection\":[\"Cultura\"],\"inLanguage\":\"it-IT\"},{\"@type\":\"WebPage\",\"@id\":\"https:\/\/www.shalom.it\/cultura\/centa-anni-dalla-morte-di-eliezer-ben-yehuda-che-ha-fatto-rivivere-la-lingua-ebraica-b1124851\/\",\"url\":\"https:\/\/www.shalom.it\/cultura\/centa-anni-dalla-morte-di-eliezer-ben-yehuda-che-ha-fatto-rivivere-la-lingua-ebraica-b1124851\/\",\"name\":\"Cent\u2019anni dalla morte di Eliezer Ben Yehuda, che ha fatto rivivere la lingua ebraica - Shalom\",\"isPartOf\":{\"@id\":\"https:\/\/www.shalom.it\/#website\"},\"primaryImageOfPage\":{\"@id\":\"https:\/\/www.shalom.it\/cultura\/centa-anni-dalla-morte-di-eliezer-ben-yehuda-che-ha-fatto-rivivere-la-lingua-ebraica-b1124851\/#primaryimage\"},\"image\":{\"@id\":\"https:\/\/www.shalom.it\/cultura\/centa-anni-dalla-morte-di-eliezer-ben-yehuda-che-ha-fatto-rivivere-la-lingua-ebraica-b1124851\/#primaryimage\"},\"thumbnailUrl\":\"https:\/\/www.shalom.it\/wp-content\/uploads\/2022\/12\/eliezer-ben-yehuda.jpg\",\"datePublished\":\"2022-12-17T23:00:00+00:00\",\"dateModified\":\"2024-05-30T22:54:35+00:00\",\"author\":{\"@id\":\"https:\/\/www.shalom.it\/#\/schema\/person\/0c620bc209f9ab06a9289bfa94c282af\"},\"breadcrumb\":{\"@id\":\"https:\/\/www.shalom.it\/cultura\/centa-anni-dalla-morte-di-eliezer-ben-yehuda-che-ha-fatto-rivivere-la-lingua-ebraica-b1124851\/#breadcrumb\"},\"inLanguage\":\"it-IT\",\"potentialAction\":[{\"@type\":\"ReadAction\",\"target\":[\"https:\/\/www.shalom.it\/cultura\/centa-anni-dalla-morte-di-eliezer-ben-yehuda-che-ha-fatto-rivivere-la-lingua-ebraica-b1124851\/\"]}]},{\"@type\":\"ImageObject\",\"inLanguage\":\"it-IT\",\"@id\":\"https:\/\/www.shalom.it\/cultura\/centa-anni-dalla-morte-di-eliezer-ben-yehuda-che-ha-fatto-rivivere-la-lingua-ebraica-b1124851\/#primaryimage\",\"url\":\"https:\/\/www.shalom.it\/wp-content\/uploads\/2022\/12\/eliezer-ben-yehuda.jpg\",\"contentUrl\":\"https:\/\/www.shalom.it\/wp-content\/uploads\/2022\/12\/eliezer-ben-yehuda.jpg\",\"width\":1181,\"height\":563},{\"@type\":\"BreadcrumbList\",\"@id\":\"https:\/\/www.shalom.it\/cultura\/centa-anni-dalla-morte-di-eliezer-ben-yehuda-che-ha-fatto-rivivere-la-lingua-ebraica-b1124851\/#breadcrumb\",\"itemListElement\":[{\"@type\":\"ListItem\",\"position\":1,\"name\":\"Home\",\"item\":\"https:\/\/www.shalom.it\/\"},{\"@type\":\"ListItem\",\"position\":2,\"name\":\"Cent\u2019anni dalla morte di Eliezer Ben Yehuda, che ha fatto rivivere la lingua ebraica\"}]},{\"@type\":\"WebSite\",\"@id\":\"https:\/\/www.shalom.it\/#website\",\"url\":\"https:\/\/www.shalom.it\/\",\"name\":\"Shalom\",\"description\":\"Il Magazine della comunit\u00e0 ebraica di Roma\",\"potentialAction\":[{\"@type\":\"SearchAction\",\"target\":{\"@type\":\"EntryPoint\",\"urlTemplate\":\"https:\/\/www.shalom.it\/?s={search_term_string}\"},\"query-input\":{\"@type\":\"PropertyValueSpecification\",\"valueRequired\":true,\"valueName\":\"search_term_string\"}}],\"inLanguage\":\"it-IT\"},{\"@type\":\"Person\",\"@id\":\"https:\/\/www.shalom.it\/#\/schema\/person\/0c620bc209f9ab06a9289bfa94c282af\",\"name\":\"ugovolli\",\"description\":\"E\u2019 professore ordinario di &quot;Filosofia della comunicazione&quot; presso l'Universit\u00e0 di Torino, dove dirige il Centro interdipartimentale di ricerca sulla comunicazione. Ha al suo attivo oltre trecento pubblicazioni scientifiche e una ventina di libri. Collabora con giornali, radio, televisioni e blog. Ha insegnato in numerose universit\u00e0 italiane e straniere fra cui Bologna, Brown, Haifa e New York University. I suoi campi di ricerca principali riguardano l\u2019etica della comunicazione, la teoria semiotica, l'analisi semiotica dei testi canonici della cultura religiosa ebraica, la comunicazione politica, il gusto. Fra i suoi libri pi\u00f9 recenti, &quot;Domande alla Torah&quot; (L'Epos 2012), \u201cPeriferie del senso\u201d (Aracne 2016). E\u2019 impegnato politicamente nella difesa di Israele e del sionismo.\",\"url\":\"https:\/\/www.shalom.it\/author\/ugovolli\/\"}]}<\/script>\n<!-- \/ Yoast SEO plugin. -->","yoast_head_json":{"title":"Cent\u2019anni dalla morte di Eliezer Ben Yehuda, che ha fatto rivivere la lingua ebraica - Shalom","robots":{"index":"index","follow":"follow","max-snippet":"max-snippet:-1","max-image-preview":"max-image-preview:large","max-video-preview":"max-video-preview:-1"},"canonical":"https:\/\/www.shalom.it\/cultura\/centa-anni-dalla-morte-di-eliezer-ben-yehuda-che-ha-fatto-rivivere-la-lingua-ebraica-b1124851\/","og_locale":"it_IT","og_type":"article","og_title":"Cent\u2019anni dalla morte di Eliezer Ben Yehuda, che ha fatto rivivere la lingua ebraica - Shalom","og_description":"Una rinascita sorprendente E\u2019 appena trascorso, senza quasi essere notato, un anniversario importante per la cultura ebraica contemporanea. Venerd\u00ec scorso cadeva infatti il centenario della morte di Eliezer Ben Yehuda, l\u2019uomo che pi\u00f9 di ogni altro \u00e8 stato determinante nella rinascita della lingua ebraica. L\u2019ebraico non era mai morto del tutto, come \u00e8 accaduto all\u2019etrusco [&hellip;]","og_url":"https:\/\/www.shalom.it\/cultura\/centa-anni-dalla-morte-di-eliezer-ben-yehuda-che-ha-fatto-rivivere-la-lingua-ebraica-b1124851\/","og_site_name":"Shalom","article_published_time":"2022-12-17T23:00:00+00:00","article_modified_time":"2024-05-30T22:54:35+00:00","og_image":[{"width":1181,"height":563,"url":"https:\/\/www.shalom.it\/wp-content\/uploads\/2022\/12\/eliezer-ben-yehuda.jpg","type":"image\/jpeg"}],"author":"ugovolli","twitter_card":"summary_large_image","twitter_misc":{"Scritto da":"ugovolli","Tempo di lettura stimato":"5 minuti"},"schema":{"@context":"https:\/\/schema.org","@graph":[{"@type":"Article","@id":"https:\/\/www.shalom.it\/cultura\/centa-anni-dalla-morte-di-eliezer-ben-yehuda-che-ha-fatto-rivivere-la-lingua-ebraica-b1124851\/#article","isPartOf":{"@id":"https:\/\/www.shalom.it\/cultura\/centa-anni-dalla-morte-di-eliezer-ben-yehuda-che-ha-fatto-rivivere-la-lingua-ebraica-b1124851\/"},"author":{"name":"ugovolli","@id":"https:\/\/www.shalom.it\/#\/schema\/person\/0c620bc209f9ab06a9289bfa94c282af"},"headline":"Cent\u2019anni dalla morte di Eliezer Ben Yehuda, che ha fatto rivivere la lingua ebraica","datePublished":"2022-12-17T23:00:00+00:00","dateModified":"2024-05-30T22:54:35+00:00","mainEntityOfPage":{"@id":"https:\/\/www.shalom.it\/cultura\/centa-anni-dalla-morte-di-eliezer-ben-yehuda-che-ha-fatto-rivivere-la-lingua-ebraica-b1124851\/"},"wordCount":984,"commentCount":0,"image":{"@id":"https:\/\/www.shalom.it\/cultura\/centa-anni-dalla-morte-di-eliezer-ben-yehuda-che-ha-fatto-rivivere-la-lingua-ebraica-b1124851\/#primaryimage"},"thumbnailUrl":"https:\/\/www.shalom.it\/wp-content\/uploads\/2022\/12\/eliezer-ben-yehuda.jpg","articleSection":["Cultura"],"inLanguage":"it-IT"},{"@type":"WebPage","@id":"https:\/\/www.shalom.it\/cultura\/centa-anni-dalla-morte-di-eliezer-ben-yehuda-che-ha-fatto-rivivere-la-lingua-ebraica-b1124851\/","url":"https:\/\/www.shalom.it\/cultura\/centa-anni-dalla-morte-di-eliezer-ben-yehuda-che-ha-fatto-rivivere-la-lingua-ebraica-b1124851\/","name":"Cent\u2019anni dalla morte di Eliezer Ben Yehuda, che ha fatto rivivere la lingua ebraica - Shalom","isPartOf":{"@id":"https:\/\/www.shalom.it\/#website"},"primaryImageOfPage":{"@id":"https:\/\/www.shalom.it\/cultura\/centa-anni-dalla-morte-di-eliezer-ben-yehuda-che-ha-fatto-rivivere-la-lingua-ebraica-b1124851\/#primaryimage"},"image":{"@id":"https:\/\/www.shalom.it\/cultura\/centa-anni-dalla-morte-di-eliezer-ben-yehuda-che-ha-fatto-rivivere-la-lingua-ebraica-b1124851\/#primaryimage"},"thumbnailUrl":"https:\/\/www.shalom.it\/wp-content\/uploads\/2022\/12\/eliezer-ben-yehuda.jpg","datePublished":"2022-12-17T23:00:00+00:00","dateModified":"2024-05-30T22:54:35+00:00","author":{"@id":"https:\/\/www.shalom.it\/#\/schema\/person\/0c620bc209f9ab06a9289bfa94c282af"},"breadcrumb":{"@id":"https:\/\/www.shalom.it\/cultura\/centa-anni-dalla-morte-di-eliezer-ben-yehuda-che-ha-fatto-rivivere-la-lingua-ebraica-b1124851\/#breadcrumb"},"inLanguage":"it-IT","potentialAction":[{"@type":"ReadAction","target":["https:\/\/www.shalom.it\/cultura\/centa-anni-dalla-morte-di-eliezer-ben-yehuda-che-ha-fatto-rivivere-la-lingua-ebraica-b1124851\/"]}]},{"@type":"ImageObject","inLanguage":"it-IT","@id":"https:\/\/www.shalom.it\/cultura\/centa-anni-dalla-morte-di-eliezer-ben-yehuda-che-ha-fatto-rivivere-la-lingua-ebraica-b1124851\/#primaryimage","url":"https:\/\/www.shalom.it\/wp-content\/uploads\/2022\/12\/eliezer-ben-yehuda.jpg","contentUrl":"https:\/\/www.shalom.it\/wp-content\/uploads\/2022\/12\/eliezer-ben-yehuda.jpg","width":1181,"height":563},{"@type":"BreadcrumbList","@id":"https:\/\/www.shalom.it\/cultura\/centa-anni-dalla-morte-di-eliezer-ben-yehuda-che-ha-fatto-rivivere-la-lingua-ebraica-b1124851\/#breadcrumb","itemListElement":[{"@type":"ListItem","position":1,"name":"Home","item":"https:\/\/www.shalom.it\/"},{"@type":"ListItem","position":2,"name":"Cent\u2019anni dalla morte di Eliezer Ben Yehuda, che ha fatto rivivere la lingua ebraica"}]},{"@type":"WebSite","@id":"https:\/\/www.shalom.it\/#website","url":"https:\/\/www.shalom.it\/","name":"Shalom","description":"Il Magazine della comunit\u00e0 ebraica di Roma","potentialAction":[{"@type":"SearchAction","target":{"@type":"EntryPoint","urlTemplate":"https:\/\/www.shalom.it\/?s={search_term_string}"},"query-input":{"@type":"PropertyValueSpecification","valueRequired":true,"valueName":"search_term_string"}}],"inLanguage":"it-IT"},{"@type":"Person","@id":"https:\/\/www.shalom.it\/#\/schema\/person\/0c620bc209f9ab06a9289bfa94c282af","name":"ugovolli","description":"E\u2019 professore ordinario di &quot;Filosofia della comunicazione&quot; presso l'Universit\u00e0 di Torino, dove dirige il Centro interdipartimentale di ricerca sulla comunicazione. Ha al suo attivo oltre trecento pubblicazioni scientifiche e una ventina di libri. Collabora con giornali, radio, televisioni e blog. Ha insegnato in numerose universit\u00e0 italiane e straniere fra cui Bologna, Brown, Haifa e New York University. I suoi campi di ricerca principali riguardano l\u2019etica della comunicazione, la teoria semiotica, l'analisi semiotica dei testi canonici della cultura religiosa ebraica, la comunicazione politica, il gusto. Fra i suoi libri pi\u00f9 recenti, &quot;Domande alla Torah&quot; (L'Epos 2012), \u201cPeriferie del senso\u201d (Aracne 2016). E\u2019 impegnato politicamente nella difesa di Israele e del sionismo.","url":"https:\/\/www.shalom.it\/author\/ugovolli\/"}]}},"jetpack_featured_media_url":"https:\/\/www.shalom.it\/wp-content\/uploads\/2022\/12\/eliezer-ben-yehuda.jpg","jetpack_sharing_enabled":true,"_links":{"self":[{"href":"https:\/\/www.shalom.it\/wp-json\/wp\/v2\/posts\/73176","targetHints":{"allow":["GET"]}}],"collection":[{"href":"https:\/\/www.shalom.it\/wp-json\/wp\/v2\/posts"}],"about":[{"href":"https:\/\/www.shalom.it\/wp-json\/wp\/v2\/types\/post"}],"author":[{"embeddable":true,"href":"https:\/\/www.shalom.it\/wp-json\/wp\/v2\/users\/31"}],"replies":[{"embeddable":true,"href":"https:\/\/www.shalom.it\/wp-json\/wp\/v2\/comments?post=73176"}],"version-history":[{"count":1,"href":"https:\/\/www.shalom.it\/wp-json\/wp\/v2\/posts\/73176\/revisions"}],"predecessor-version":[{"id":84013,"href":"https:\/\/www.shalom.it\/wp-json\/wp\/v2\/posts\/73176\/revisions\/84013"}],"wp:featuredmedia":[{"embeddable":true,"href":"https:\/\/www.shalom.it\/wp-json\/wp\/v2\/media\/73177"}],"wp:attachment":[{"href":"https:\/\/www.shalom.it\/wp-json\/wp\/v2\/media?parent=73176"}],"wp:term":[{"taxonomy":"category","embeddable":true,"href":"https:\/\/www.shalom.it\/wp-json\/wp\/v2\/categories?post=73176"},{"taxonomy":"post_tag","embeddable":true,"href":"https:\/\/www.shalom.it\/wp-json\/wp\/v2\/tags?post=73176"}],"curies":[{"name":"wp","href":"https:\/\/api.w.org\/{rel}","templated":true}]}}