{"id":71911,"date":"2022-08-04T00:00:00","date_gmt":"2022-08-03T22:00:00","guid":{"rendered":"https:\/\/www.shalom.it\/senza-categoria\/rino-levi-e-la-anima-ebraica-del-modernismo-b1119081\/"},"modified":"2024-05-31T00:52:41","modified_gmt":"2024-05-30T22:52:41","slug":"rino-levi-e-la-anima-ebraica-del-modernismo-b1119081","status":"publish","type":"post","link":"https:\/\/www.shalom.it\/cultura\/rino-levi-e-la-anima-ebraica-del-modernismo-b1119081\/","title":{"rendered":"Rino Levi e l\u2019anima ebraica del modernismo"},"content":{"rendered":"<\/p>\n<p class=\"MsoNormal\" style=\"margin: 0cm 0cm 0.0001pt; font-size: medium; font-family: Calibri, sans-serif; caret-color: rgb(0, 0, 0); color: rgb(0, 0, 0);\">Nel 1925, con il manifesto Arquitetura e Est\u00e9tica das Cidades,&nbsp;&nbsp;Rino Levi (S\u00e3o Paulo, 1901) inseriva la questione di una nuova architettura nell&#8217;effervescente dibattito sull&#8217;estetica modernista delle arti e della cultura brasiliana. Formatosi alla Scuola Superiore di Architettura di Roma e allievo di Piacentini, Levi si rese promotore in Brasile di \u201cuno spirito nuovo, un&#8217;architettura di volumi, linee semplici e pochi elementi decorativi\u201d, il razionalismo strutturale, ma con \u201cl\u2019anima brasiliana\u201d:<o:p><\/o:p><\/p>\n<p class=\"MsoNormal\" style=\"margin: 0cm 0cm 0.0001pt; font-size: medium; font-family: Calibri, sans-serif; caret-color: rgb(0, 0, 0); color: rgb(0, 0, 0); text-align: justify;\">\u201cCredo che la nostra rigogliosa vegetazione e tutte le nostre impareggiabili bellezze naturali possano e debbano suggerire qualcosa di originale ai nostri artisti, donando alle nostre citt\u00e0 una grazia di vivacit\u00e0 e colori, unica al mondo\u201d.<\/p>\n<p class=\"MsoNormal\" style=\"text-align: center; margin: 0cm 0cm 0.0001pt; font-size: medium; font-family: Calibri, sans-serif; caret-color: rgb(0, 0, 0); color: rgb(0, 0, 0);\"><img decoding=\"async\" src=\"https:\/\/www.shalom.it\/wp-content\/uploads\/2023\/09\/Rino-Levi.jpg\" style=\"width: 533px;\"><\/p>\n<p class=\"MsoNormal\" style=\"text-align: center; margin: 0cm 0cm 0.0001pt; font-size: medium; font-family: Calibri, sans-serif; caret-color: rgb(0, 0, 0); color: rgb(0, 0, 0);\"><span style=\"font-style: italic;\">(Rino Levi)<\/span><\/p>\n<p class=\"MsoNormal\" style=\"text-align: left; margin: 0cm 0cm 0.0001pt; font-size: medium; font-family: Calibri, sans-serif; caret-color: rgb(0, 0, 0); color: rgb(0, 0, 0);\"><o:p><\/o:p><\/p>\n<p class=\"MsoNormal\" style=\"margin: 0cm 0cm 0.0001pt; font-size: medium; font-family: Calibri, sans-serif; caret-color: rgb(0, 0, 0); color: rgb(0, 0, 0);\">Nelle sue case, chiuse verso l\u2019esterno, creava sale aperte sul cortile con giardino, simulando patii interni e riproducendo, nell&#8217;ambiente domestico, la natura brasiliana.<\/p>\n<p class=\"MsoNormal\" style=\"text-align: center; margin: 0cm 0cm 0.0001pt; font-size: medium; font-family: Calibri, sans-serif; caret-color: rgb(0, 0, 0); color: rgb(0, 0, 0);\"><img decoding=\"async\" src=\"https:\/\/www.shalom.it\/wp-content\/uploads\/2023\/09\/Residenza-Castor-D-Perez.jpg\" style=\"width: 533px;\"><\/p>\n<p class=\"MsoNormal\" style=\"text-align: center; margin: 0cm 0cm 0.0001pt; font-size: medium; font-family: Calibri, sans-serif; caret-color: rgb(0, 0, 0); color: rgb(0, 0, 0);\"><span style=\"font-style: italic;\">(Residencia Castor Delgado Perez)<\/span><\/p>\n<p class=\"MsoNormal\" style=\"text-align: center; margin: 0cm 0cm 0.0001pt; font-size: medium; font-family: Calibri, sans-serif; caret-color: rgb(0, 0, 0); color: rgb(0, 0, 0);\"><span style=\"font-style: italic;\"><img decoding=\"async\" src=\"https:\/\/www.shalom.it\/wp-content\/uploads\/2023\/09\/Residenza-interno.jpg\" style=\"width: 266.5px;\">&nbsp; &nbsp; &nbsp; &nbsp; &nbsp;&nbsp;&nbsp;<img decoding=\"async\" src=\"https:\/\/www.shalom.it\/wp-content\/uploads\/2023\/09\/Residenza-esterno.jpg\" style=\"width: 266.5px;\"><\/span><\/p>\n<p class=\"MsoNormal\" style=\"text-align: left; margin: 0cm 0cm 0.0001pt; font-size: medium; font-family: Calibri, sans-serif; caret-color: rgb(0, 0, 0); color: rgb(0, 0, 0);\"><o:p><\/o:p><\/p>\n<p class=\"MsoNormal\" style=\"text-align: center; margin: 0cm 0cm 0.0001pt; font-size: medium; font-family: Calibri, sans-serif; caret-color: rgb(0, 0, 0); color: rgb(0, 0, 0);\"><span style=\"font-style: italic;\">(https:\/\/www.archdaily.com.br\/br\/766189\/classicos-da-arquitetura-residencia-castor-delgado-perez-rino-levi)<\/span><\/p>\n<p class=\"MsoNormal\" style=\"text-align: left; margin: 0cm 0cm 0.0001pt; font-size: medium; font-family: Calibri, sans-serif; caret-color: rgb(0, 0, 0); color: rgb(0, 0, 0);\"><span style=\"font-size: 12pt;\">Levi, a cui \u00e8 dedicata la mostra \u201c<i>L&#8217;immagine Moderna delle Citt\u00e0<\/i>\u201d (Ambasciata del Brasile, fino al 14\/09), raggiunse l\u2019innovazione estetica attraverso la sintesi tra arti visuali, architettura, urbanistica e paesaggismo. Si distinse anche per l\u2019attenzione al benessere e confort ambientale dei fruitori e l\u2019utilizzo di soluzioni tecniche, come frangisole e mattoni di vetro, per il controllo delle relazioni tra luce solare, calore e acustica senza uso di apparecchiature elettriche, tema, oggi, di grande attualit\u00e0.&nbsp;&nbsp;Considerato uno degli artefici della verticalizzazione di S\u00e3o Paulo, con il suo studio&nbsp;<i>Rino Levi Arquitetos Associados<\/i>, collabor\u00f2 per la realizzazione del progetto industriale di modernizzazione del paese promosso da intellettuali e grandi imprenditori, tra cui Roberto Simonsen che lo ingaggi\u00f2 per la&nbsp;<i>Companhia Construtora de Santos<\/i>.<\/span><\/p>\n<p class=\"MsoNormal\" style=\"text-align: left; margin: 0cm 0cm 0.0001pt; font-size: medium; font-family: Calibri, sans-serif; caret-color: rgb(0, 0, 0); color: rgb(0, 0, 0);\">\n<div style=\"text-align: center;\"><img decoding=\"async\" src=\"https:\/\/www.shalom.it\/wp-content\/uploads\/2023\/09\/Banco-Sulamericano-1961.jpg\" style=\"font-size: 12pt; width: 204.5px; height: 267.3052434456929px;\"><span style=\"font-size: 12pt;\">&nbsp;<\/span><img decoding=\"async\" src=\"https:\/\/www.shalom.it\/wp-content\/uploads\/2023\/09\/Banco-Itau.jpg\" style=\"font-size: 12pt; width: 266.5px;\"><span style=\"font-size: 12pt;\">&nbsp;<\/span><img decoding=\"async\" src=\"https:\/\/www.shalom.it\/wp-content\/uploads\/2023\/09\/Banco-Itau-dettagli.jpg\" style=\"font-size: 12pt; width: 266.5px;\"><\/div>\n<div style=\"text-align: center;\">\n<p class=\"MsoNormal\" style=\"text-align: center; margin: 0cm 0cm 0.0001pt; font-size: medium; font-family: Calibri, sans-serif; caret-color: rgb(0, 0, 0); color: rgb(0, 0, 0);\"><span style=\"font-style: italic;\">(Da sinistra: \u201cBanco Sulamericano\u201d nel 1961, attuale Banco Ita\u00fa e dettagli dei frangisole)<\/span><\/p>\n<p class=\"MsoNormal\" style=\"text-align: left; margin: 0cm 0cm 0.0001pt; font-size: medium; font-family: Calibri, sans-serif; caret-color: rgb(0, 0, 0); color: rgb(0, 0, 0);\"><o:p><\/o:p><\/p>\n<p class=\"MsoNormal\" style=\"margin: 0cm 0cm 0.0001pt; font-size: medium; font-family: Calibri, sans-serif; caret-color: rgb(0, 0, 0); color: rgb(0, 0, 0); text-align: start;\">Come Levi, Gregori Warchavchik (Odessa, 1896) trov\u00f2 in Brasile il \u201cterreno preparato\u201d per la realizzazione delle sue idee e dei suoi sogni: nel \u201928 costru\u00ec la prima casa modernista, o \u201cmacchina da abitare\u201d, secondo il concetto funzionalista di Le Corbusier.<\/p>\n<p class=\"MsoNormal\" style=\"margin: 0cm 0cm 0.0001pt; font-size: medium; font-family: Calibri, sans-serif; caret-color: rgb(0, 0, 0); color: rgb(0, 0, 0); text-align: start;\"><o:p><\/o:p><\/p>\n<\/div>\n<p><span style=\"font-family: -webkit-standard;\"><\/p>\n<div style=\"text-align: center;\"><img decoding=\"async\" src=\"https:\/\/www.shalom.it\/wp-content\/uploads\/2023\/09\/Gregori-Warchavchik.jpg\" style=\"font-style: italic; font-family: &quot;Open Sans&quot;, sans-serif; width: 266.5px;\"><span style=\"font-style: italic; font-family: &quot;Open Sans&quot;, sans-serif;\">&nbsp; &nbsp; &nbsp; &nbsp; &nbsp; &nbsp; &nbsp; &nbsp; &nbsp; &nbsp; &nbsp; &nbsp; &nbsp; &nbsp; &nbsp; &nbsp; &nbsp; &nbsp; &nbsp; &nbsp; &nbsp; &nbsp; &nbsp; &nbsp; &nbsp; &nbsp; &nbsp; &nbsp;&nbsp;<\/span><img decoding=\"async\" src=\"https:\/\/www.shalom.it\/wp-content\/uploads\/2023\/09\/casa-modernista.jpg\" style=\"font-style: italic; font-family: &quot;Open Sans&quot;, sans-serif; width: 266.5px;\"><\/div>\n<div style=\"text-align: left;\">\n<p class=\"MsoNormal\" style=\"margin: 0cm 0cm 0.0001pt; font-size: medium; font-family: Calibri, sans-serif; caret-color: rgb(0, 0, 0); color: rgb(0, 0, 0);\"><span style=\"font-style: italic;\">&nbsp; &nbsp; &nbsp; &nbsp; &nbsp; &nbsp; &nbsp; &nbsp; (Gregori Warchavchik) &nbsp; &nbsp; &nbsp; &nbsp; &nbsp; &nbsp; &nbsp; &nbsp; &nbsp; &nbsp; &nbsp; &nbsp; &nbsp; &nbsp; &nbsp; &nbsp; &nbsp; &nbsp; &nbsp; &nbsp; &nbsp; &nbsp; &nbsp; &nbsp; &nbsp; &nbsp; &nbsp; &nbsp; &nbsp; &nbsp; &nbsp; (<o:p><\/o:p>Prima casa modernista)<\/span><\/p>\n<p class=\"MsoNormal\" style=\"margin: 0cm 0cm 0.0001pt; font-size: medium; font-family: Calibri, sans-serif; caret-color: rgb(0, 0, 0); color: rgb(0, 0, 0);\">Anche i giardini, progettati dalla moglie Mina Klabin, presentarono una grande novit\u00e0: l&#8217;uso ornamentale di piante autoctone brasiliane, tra cui i cactus, al posto di bossi e rose europee. Il nazionalismo botanico di Mina ispir\u00f2 i giardini acquatici di Burle Marx (S\u00e3o Paulo, 1909), il cui nonno era cugino di Carl Marx, e lo influenz\u00f2 nelle ricerche di nuove specie con potenziale ornamentale e nella visionaria difesa della foresta tropicale. Nasceva cos\u00ec il paesaggismo modernista in Brasile.<\/p>\n<p class=\"MsoNormal\" style=\"margin: 0cm 0cm 0.0001pt; font-size: medium; font-family: Calibri, sans-serif; caret-color: rgb(0, 0, 0); color: rgb(0, 0, 0);\">Il movimento modernista brasiliano e la lontananza dall&#8217;Europa antisemita permisero l&#8217;espressione e la sperimentazione a molti artisti ebrei, tra cui Lasar Segall (Vilna, 1889) che port\u00f2 l&#8217;espressionismo in Brasile nel 1913, prima di dedicarsi al cubismo e al modernismo, fondando, insieme al cognato Warchavchik, la&nbsp;<i>Sociedade Pr\u00f3-Arte Moderna nel \u201832.<\/i><\/p>\n<p class=\"MsoNormal\" style=\"text-align: center; margin: 0cm 0cm 0.0001pt; font-size: medium; font-family: Calibri, sans-serif; caret-color: rgb(0, 0, 0); color: rgb(0, 0, 0);\"><i><img decoding=\"async\" src=\"https:\/\/www.shalom.it\/wp-content\/uploads\/2023\/09\/Segall-Rolo-de-Tora.jpg\">&nbsp; &nbsp; &nbsp; &nbsp; &nbsp; &nbsp; &nbsp; &nbsp; &nbsp; &nbsp; &nbsp; &nbsp; &nbsp; &nbsp; &nbsp; &nbsp; &nbsp; &nbsp; &nbsp; &nbsp;&nbsp;<img decoding=\"async\" src=\"https:\/\/www.shalom.it\/wp-content\/uploads\/2023\/09\/Lasar-Segall.jpg\" style=\"width: 358.25449810606057px; height: 265.671875px;\"><\/i><\/p>\n<p class=\"MsoNormal\" style=\"text-align: left; margin: 0cm 0cm 0.0001pt; font-size: medium; font-family: Calibri, sans-serif; caret-color: rgb(0, 0, 0); color: rgb(0, 0, 0);\"><o:p><\/o:p><\/p>\n<p class=\"MsoNormal\" style=\"margin: 0cm 0cm 0.0001pt; font-size: medium; font-family: Calibri, sans-serif; caret-color: rgb(0, 0, 0); color: rgb(0, 0, 0);\"><span style=\"font-style: italic;\"><span lang=\"PT-BR\">&nbsp; &nbsp; &nbsp; &nbsp; &nbsp; &nbsp; (Rolo de Tor\u00e1) &nbsp; &nbsp; &nbsp; &nbsp; &nbsp; &nbsp; &nbsp; &nbsp; &nbsp; &nbsp; &nbsp; &nbsp; &nbsp; &nbsp; &nbsp; &nbsp; &nbsp; &nbsp; &nbsp; &nbsp; &nbsp; &nbsp; &nbsp; &nbsp; &nbsp; &nbsp; &nbsp; &nbsp; &nbsp; &nbsp; &nbsp;<o:p><\/o:p><\/span>(Lasar Segall)&nbsp;<\/span><\/p>\n<p class=\"MsoNormal\" style=\"margin: 0cm 0cm 0.0001pt; font-size: medium; font-family: Calibri, sans-serif; caret-color: rgb(0, 0, 0); color: rgb(0, 0, 0);\">Nonostante la presenza di temi ebraici in opere come il Rolo de Tor\u00e1 del 1922, in cui rappresenta il proprio padre sofer, Segall non credeva, al contrario di Martin Buber, all\u2019idea di un\u2019arte ebraica, considerando l\u2019arte un\u2019espressione umana universale: \u201cQuando ci fermiamo davanti a un dipinto di un artista ebreo, sentiamo la specificit\u00e0 ebraica nel senso ampio e profondo della parola. Che cosa \u00e8 tipicamente ebraico? \u00c8 del tutto possibile che sia il profondo sentimento umano\u201d.<\/p>\n<p class=\"MsoNormal\" style=\"text-align: center; margin: 0cm 0cm 0.0001pt; font-size: medium; font-family: Calibri, sans-serif; caret-color: rgb(0, 0, 0); color: rgb(0, 0, 0);\"><img decoding=\"async\" src=\"https:\/\/www.shalom.it\/wp-content\/uploads\/2023\/09\/Progrom.jpg\" style=\"width: 228.95333333333332px; height: 281.5px;\"><img decoding=\"async\" src=\"https:\/\/www.shalom.it\/wp-content\/uploads\/2023\/09\/Navio-de-imigrantes.jpg\" style=\"width: 275.91725708502025px; height: 227.171875px;\"><img decoding=\"async\" src=\"https:\/\/www.shalom.it\/wp-content\/uploads\/2023\/09\/Exodo-II.jpg\" style=\"width: 208.06969696969696px; height: 288.5px;\"><\/p>\n<p class=\"MsoNormal\" style=\"text-align: center; margin: 0cm 0cm 0.0001pt; font-size: medium; font-family: Calibri, sans-serif; caret-color: rgb(0, 0, 0); color: rgb(0, 0, 0);\"><span style=\"font-style: italic;\">(Da sinistra: Progrom 1937; Navio de imigrantes 1939-41; \u00caxodo II 1949 &#8211; Museu Lasar Segall, SP)<\/span><\/p>\n<p class=\"MsoNormal\" style=\"margin: 0cm 0cm 0.0001pt; font-size: medium; font-family: Calibri, sans-serif; caret-color: rgb(0, 0, 0); color: rgb(0, 0, 0);\">Non esisterebbe, quindi, l\u2019arte ebraica, ma l\u2019anima ebraica nell\u2019arte? La rappresent\u00f2 poeticamente la scultrice Fayga Leirner: \u201cNei giardini delle mie sculture, la gente passa (&#8230;) e chiede: (&#8230;) sei tu che hai fatto tutto questo? E io, imbarazzata, rispondo a bassa voce: non sono stata la sola, eravamo in tanti\u201d.<o:p><\/o:p><\/p>\n<p class=\"MsoNormal\" style=\"text-align: left; margin: 0cm 0cm 0.0001pt; font-size: medium; font-family: Calibri, sans-serif; caret-color: rgb(0, 0, 0); color: rgb(0, 0, 0);\"><\/p>\n<p class=\"MsoNormal\" style=\"margin: 0cm 0cm 0.0001pt; font-size: medium; font-family: Calibri, sans-serif; caret-color: rgb(0, 0, 0); color: rgb(0, 0, 0);\"><o:p><\/o:p><\/p>\n<p class=\"MsoNormal\" style=\"margin: 0cm 0cm 0.0001pt; font-size: medium; font-family: Calibri, sans-serif; caret-color: rgb(0, 0, 0); color: rgb(0, 0, 0);\"><span lang=\"PT-BR\"><o:p><\/o:p><\/span><\/p>\n<p class=\"MsoNormal\" style=\"margin: 0cm 0cm 0.0001pt; font-size: medium; font-family: Calibri, sans-serif; caret-color: rgb(0, 0, 0); color: rgb(0, 0, 0);\"><o:p><\/o:p><\/p>\n<p class=\"MsoNormal\" style=\"margin: 0cm 0cm 0.0001pt; font-size: medium; font-family: Calibri, sans-serif; caret-color: rgb(0, 0, 0); color: rgb(0, 0, 0);\"><o:p><\/o:p><\/p>\n<\/div>\n<p><\/span><o:p><\/o:p><\/p>\n<p class=\"MsoNormal\" style=\"margin: 0cm 0cm 0.0001pt; font-size: medium; font-family: Calibri, sans-serif; caret-color: rgb(0, 0, 0); color: rgb(0, 0, 0);\"><o:p><\/o:p><\/p>\n<div style=\"text-align: center;\"><\/div>\n","protected":false},"excerpt":{"rendered":"<p>Nel 1925, con il manifesto Arquitetura e Est\u00e9tica das Cidades,&nbsp;&nbsp;Rino Levi (S\u00e3o Paulo, 1901) inseriva la questione di una nuova architettura nell&#8217;effervescente dibattito sull&#8217;estetica modernista delle arti e della cultura brasiliana. Formatosi alla Scuola Superiore di Architettura di Roma e allievo di Piacentini, Levi si rese promotore in Brasile di \u201cuno spirito nuovo, un&#8217;architettura di [&hellip;]<\/p>\n","protected":false},"author":175,"featured_media":71912,"comment_status":"open","ping_status":"open","sticky":false,"template":"","format":"standard","meta":{"_acf_changed":false,"_jetpack_memberships_contains_paid_content":false,"footnotes":""},"categories":[7],"tags":[],"class_list":["post-71911","post","type-post","status-publish","format-standard","has-post-thumbnail","hentry","category-cultura"],"acf":[],"yoast_head":"<!-- This site is optimized with the Yoast SEO plugin v26.9 - https:\/\/yoast.com\/product\/yoast-seo-wordpress\/ -->\n<title>Rino Levi e l\u2019anima ebraica del modernismo - Shalom<\/title>\n<meta name=\"robots\" content=\"index, follow, max-snippet:-1, max-image-preview:large, max-video-preview:-1\" \/>\n<link rel=\"canonical\" href=\"https:\/\/www.shalom.it\/cultura\/rino-levi-e-la-anima-ebraica-del-modernismo-b1119081\/\" \/>\n<meta property=\"og:locale\" content=\"it_IT\" \/>\n<meta property=\"og:type\" content=\"article\" \/>\n<meta property=\"og:title\" content=\"Rino Levi e l\u2019anima ebraica del modernismo - Shalom\" \/>\n<meta property=\"og:description\" content=\"Nel 1925, con il manifesto Arquitetura e Est\u00e9tica das Cidades,&nbsp;&nbsp;Rino Levi (S\u00e3o Paulo, 1901) inseriva la questione di una nuova architettura nell&#8217;effervescente dibattito sull&#8217;estetica modernista delle arti e della cultura brasiliana. Formatosi alla Scuola Superiore di Architettura di Roma e allievo di Piacentini, Levi si rese promotore in Brasile di \u201cuno spirito nuovo, un&#8217;architettura di [&hellip;]\" \/>\n<meta property=\"og:url\" content=\"https:\/\/www.shalom.it\/cultura\/rino-levi-e-la-anima-ebraica-del-modernismo-b1119081\/\" \/>\n<meta property=\"og:site_name\" content=\"Shalom\" \/>\n<meta property=\"article:published_time\" content=\"2022-08-03T22:00:00+00:00\" \/>\n<meta property=\"article:modified_time\" content=\"2024-05-30T22:52:41+00:00\" \/>\n<meta property=\"og:image\" content=\"https:\/\/www.shalom.it\/wp-content\/uploads\/2022\/08\/levi.jpg\" \/>\n\t<meta property=\"og:image:width\" content=\"1181\" \/>\n\t<meta property=\"og:image:height\" content=\"563\" \/>\n\t<meta property=\"og:image:type\" content=\"image\/jpeg\" \/>\n<meta name=\"author\" content=\"RoseliSartori\" \/>\n<meta name=\"twitter:card\" content=\"summary_large_image\" \/>\n<meta name=\"twitter:label1\" content=\"Scritto da\" \/>\n\t<meta name=\"twitter:data1\" content=\"RoseliSartori\" \/>\n\t<meta name=\"twitter:label2\" content=\"Tempo di lettura stimato\" \/>\n\t<meta name=\"twitter:data2\" content=\"4 minuti\" \/>\n<script type=\"application\/ld+json\" class=\"yoast-schema-graph\">{\"@context\":\"https:\/\/schema.org\",\"@graph\":[{\"@type\":\"Article\",\"@id\":\"https:\/\/www.shalom.it\/cultura\/rino-levi-e-la-anima-ebraica-del-modernismo-b1119081\/#article\",\"isPartOf\":{\"@id\":\"https:\/\/www.shalom.it\/cultura\/rino-levi-e-la-anima-ebraica-del-modernismo-b1119081\/\"},\"author\":{\"name\":\"RoseliSartori\",\"@id\":\"https:\/\/www.shalom.it\/#\/schema\/person\/510bdc061adce2c61edbd212357edf08\"},\"headline\":\"Rino Levi e l\u2019anima ebraica del modernismo\",\"datePublished\":\"2022-08-03T22:00:00+00:00\",\"dateModified\":\"2024-05-30T22:52:41+00:00\",\"mainEntityOfPage\":{\"@id\":\"https:\/\/www.shalom.it\/cultura\/rino-levi-e-la-anima-ebraica-del-modernismo-b1119081\/\"},\"wordCount\":754,\"commentCount\":0,\"image\":{\"@id\":\"https:\/\/www.shalom.it\/cultura\/rino-levi-e-la-anima-ebraica-del-modernismo-b1119081\/#primaryimage\"},\"thumbnailUrl\":\"https:\/\/www.shalom.it\/wp-content\/uploads\/2022\/08\/levi.jpg\",\"articleSection\":[\"Cultura\"],\"inLanguage\":\"it-IT\"},{\"@type\":\"WebPage\",\"@id\":\"https:\/\/www.shalom.it\/cultura\/rino-levi-e-la-anima-ebraica-del-modernismo-b1119081\/\",\"url\":\"https:\/\/www.shalom.it\/cultura\/rino-levi-e-la-anima-ebraica-del-modernismo-b1119081\/\",\"name\":\"Rino Levi e l\u2019anima ebraica del modernismo - Shalom\",\"isPartOf\":{\"@id\":\"https:\/\/www.shalom.it\/#website\"},\"primaryImageOfPage\":{\"@id\":\"https:\/\/www.shalom.it\/cultura\/rino-levi-e-la-anima-ebraica-del-modernismo-b1119081\/#primaryimage\"},\"image\":{\"@id\":\"https:\/\/www.shalom.it\/cultura\/rino-levi-e-la-anima-ebraica-del-modernismo-b1119081\/#primaryimage\"},\"thumbnailUrl\":\"https:\/\/www.shalom.it\/wp-content\/uploads\/2022\/08\/levi.jpg\",\"datePublished\":\"2022-08-03T22:00:00+00:00\",\"dateModified\":\"2024-05-30T22:52:41+00:00\",\"author\":{\"@id\":\"https:\/\/www.shalom.it\/#\/schema\/person\/510bdc061adce2c61edbd212357edf08\"},\"breadcrumb\":{\"@id\":\"https:\/\/www.shalom.it\/cultura\/rino-levi-e-la-anima-ebraica-del-modernismo-b1119081\/#breadcrumb\"},\"inLanguage\":\"it-IT\",\"potentialAction\":[{\"@type\":\"ReadAction\",\"target\":[\"https:\/\/www.shalom.it\/cultura\/rino-levi-e-la-anima-ebraica-del-modernismo-b1119081\/\"]}]},{\"@type\":\"ImageObject\",\"inLanguage\":\"it-IT\",\"@id\":\"https:\/\/www.shalom.it\/cultura\/rino-levi-e-la-anima-ebraica-del-modernismo-b1119081\/#primaryimage\",\"url\":\"https:\/\/www.shalom.it\/wp-content\/uploads\/2022\/08\/levi.jpg\",\"contentUrl\":\"https:\/\/www.shalom.it\/wp-content\/uploads\/2022\/08\/levi.jpg\",\"width\":1181,\"height\":563},{\"@type\":\"BreadcrumbList\",\"@id\":\"https:\/\/www.shalom.it\/cultura\/rino-levi-e-la-anima-ebraica-del-modernismo-b1119081\/#breadcrumb\",\"itemListElement\":[{\"@type\":\"ListItem\",\"position\":1,\"name\":\"Home\",\"item\":\"https:\/\/www.shalom.it\/\"},{\"@type\":\"ListItem\",\"position\":2,\"name\":\"Rino Levi e l\u2019anima ebraica del modernismo\"}]},{\"@type\":\"WebSite\",\"@id\":\"https:\/\/www.shalom.it\/#website\",\"url\":\"https:\/\/www.shalom.it\/\",\"name\":\"Shalom\",\"description\":\"Il Magazine della comunit\u00e0 ebraica di Roma\",\"potentialAction\":[{\"@type\":\"SearchAction\",\"target\":{\"@type\":\"EntryPoint\",\"urlTemplate\":\"https:\/\/www.shalom.it\/?s={search_term_string}\"},\"query-input\":{\"@type\":\"PropertyValueSpecification\",\"valueRequired\":true,\"valueName\":\"search_term_string\"}}],\"inLanguage\":\"it-IT\"},{\"@type\":\"Person\",\"@id\":\"https:\/\/www.shalom.it\/#\/schema\/person\/510bdc061adce2c61edbd212357edf08\",\"name\":\"RoseliSartori\",\"url\":\"https:\/\/www.shalom.it\/author\/roselisartori\/\"}]}<\/script>\n<!-- \/ Yoast SEO plugin. -->","yoast_head_json":{"title":"Rino Levi e l\u2019anima ebraica del modernismo - Shalom","robots":{"index":"index","follow":"follow","max-snippet":"max-snippet:-1","max-image-preview":"max-image-preview:large","max-video-preview":"max-video-preview:-1"},"canonical":"https:\/\/www.shalom.it\/cultura\/rino-levi-e-la-anima-ebraica-del-modernismo-b1119081\/","og_locale":"it_IT","og_type":"article","og_title":"Rino Levi e l\u2019anima ebraica del modernismo - Shalom","og_description":"Nel 1925, con il manifesto Arquitetura e Est\u00e9tica das Cidades,&nbsp;&nbsp;Rino Levi (S\u00e3o Paulo, 1901) inseriva la questione di una nuova architettura nell&#8217;effervescente dibattito sull&#8217;estetica modernista delle arti e della cultura brasiliana. Formatosi alla Scuola Superiore di Architettura di Roma e allievo di Piacentini, Levi si rese promotore in Brasile di \u201cuno spirito nuovo, un&#8217;architettura di [&hellip;]","og_url":"https:\/\/www.shalom.it\/cultura\/rino-levi-e-la-anima-ebraica-del-modernismo-b1119081\/","og_site_name":"Shalom","article_published_time":"2022-08-03T22:00:00+00:00","article_modified_time":"2024-05-30T22:52:41+00:00","og_image":[{"width":1181,"height":563,"url":"https:\/\/www.shalom.it\/wp-content\/uploads\/2022\/08\/levi.jpg","type":"image\/jpeg"}],"author":"RoseliSartori","twitter_card":"summary_large_image","twitter_misc":{"Scritto da":"RoseliSartori","Tempo di lettura stimato":"4 minuti"},"schema":{"@context":"https:\/\/schema.org","@graph":[{"@type":"Article","@id":"https:\/\/www.shalom.it\/cultura\/rino-levi-e-la-anima-ebraica-del-modernismo-b1119081\/#article","isPartOf":{"@id":"https:\/\/www.shalom.it\/cultura\/rino-levi-e-la-anima-ebraica-del-modernismo-b1119081\/"},"author":{"name":"RoseliSartori","@id":"https:\/\/www.shalom.it\/#\/schema\/person\/510bdc061adce2c61edbd212357edf08"},"headline":"Rino Levi e l\u2019anima ebraica del modernismo","datePublished":"2022-08-03T22:00:00+00:00","dateModified":"2024-05-30T22:52:41+00:00","mainEntityOfPage":{"@id":"https:\/\/www.shalom.it\/cultura\/rino-levi-e-la-anima-ebraica-del-modernismo-b1119081\/"},"wordCount":754,"commentCount":0,"image":{"@id":"https:\/\/www.shalom.it\/cultura\/rino-levi-e-la-anima-ebraica-del-modernismo-b1119081\/#primaryimage"},"thumbnailUrl":"https:\/\/www.shalom.it\/wp-content\/uploads\/2022\/08\/levi.jpg","articleSection":["Cultura"],"inLanguage":"it-IT"},{"@type":"WebPage","@id":"https:\/\/www.shalom.it\/cultura\/rino-levi-e-la-anima-ebraica-del-modernismo-b1119081\/","url":"https:\/\/www.shalom.it\/cultura\/rino-levi-e-la-anima-ebraica-del-modernismo-b1119081\/","name":"Rino Levi e l\u2019anima ebraica del modernismo - Shalom","isPartOf":{"@id":"https:\/\/www.shalom.it\/#website"},"primaryImageOfPage":{"@id":"https:\/\/www.shalom.it\/cultura\/rino-levi-e-la-anima-ebraica-del-modernismo-b1119081\/#primaryimage"},"image":{"@id":"https:\/\/www.shalom.it\/cultura\/rino-levi-e-la-anima-ebraica-del-modernismo-b1119081\/#primaryimage"},"thumbnailUrl":"https:\/\/www.shalom.it\/wp-content\/uploads\/2022\/08\/levi.jpg","datePublished":"2022-08-03T22:00:00+00:00","dateModified":"2024-05-30T22:52:41+00:00","author":{"@id":"https:\/\/www.shalom.it\/#\/schema\/person\/510bdc061adce2c61edbd212357edf08"},"breadcrumb":{"@id":"https:\/\/www.shalom.it\/cultura\/rino-levi-e-la-anima-ebraica-del-modernismo-b1119081\/#breadcrumb"},"inLanguage":"it-IT","potentialAction":[{"@type":"ReadAction","target":["https:\/\/www.shalom.it\/cultura\/rino-levi-e-la-anima-ebraica-del-modernismo-b1119081\/"]}]},{"@type":"ImageObject","inLanguage":"it-IT","@id":"https:\/\/www.shalom.it\/cultura\/rino-levi-e-la-anima-ebraica-del-modernismo-b1119081\/#primaryimage","url":"https:\/\/www.shalom.it\/wp-content\/uploads\/2022\/08\/levi.jpg","contentUrl":"https:\/\/www.shalom.it\/wp-content\/uploads\/2022\/08\/levi.jpg","width":1181,"height":563},{"@type":"BreadcrumbList","@id":"https:\/\/www.shalom.it\/cultura\/rino-levi-e-la-anima-ebraica-del-modernismo-b1119081\/#breadcrumb","itemListElement":[{"@type":"ListItem","position":1,"name":"Home","item":"https:\/\/www.shalom.it\/"},{"@type":"ListItem","position":2,"name":"Rino Levi e l\u2019anima ebraica del modernismo"}]},{"@type":"WebSite","@id":"https:\/\/www.shalom.it\/#website","url":"https:\/\/www.shalom.it\/","name":"Shalom","description":"Il Magazine della comunit\u00e0 ebraica di Roma","potentialAction":[{"@type":"SearchAction","target":{"@type":"EntryPoint","urlTemplate":"https:\/\/www.shalom.it\/?s={search_term_string}"},"query-input":{"@type":"PropertyValueSpecification","valueRequired":true,"valueName":"search_term_string"}}],"inLanguage":"it-IT"},{"@type":"Person","@id":"https:\/\/www.shalom.it\/#\/schema\/person\/510bdc061adce2c61edbd212357edf08","name":"RoseliSartori","url":"https:\/\/www.shalom.it\/author\/roselisartori\/"}]}},"jetpack_featured_media_url":"https:\/\/www.shalom.it\/wp-content\/uploads\/2022\/08\/levi.jpg","jetpack_sharing_enabled":true,"_links":{"self":[{"href":"https:\/\/www.shalom.it\/wp-json\/wp\/v2\/posts\/71911","targetHints":{"allow":["GET"]}}],"collection":[{"href":"https:\/\/www.shalom.it\/wp-json\/wp\/v2\/posts"}],"about":[{"href":"https:\/\/www.shalom.it\/wp-json\/wp\/v2\/types\/post"}],"author":[{"embeddable":true,"href":"https:\/\/www.shalom.it\/wp-json\/wp\/v2\/users\/175"}],"replies":[{"embeddable":true,"href":"https:\/\/www.shalom.it\/wp-json\/wp\/v2\/comments?post=71911"}],"version-history":[{"count":1,"href":"https:\/\/www.shalom.it\/wp-json\/wp\/v2\/posts\/71911\/revisions"}],"predecessor-version":[{"id":83568,"href":"https:\/\/www.shalom.it\/wp-json\/wp\/v2\/posts\/71911\/revisions\/83568"}],"wp:featuredmedia":[{"embeddable":true,"href":"https:\/\/www.shalom.it\/wp-json\/wp\/v2\/media\/71912"}],"wp:attachment":[{"href":"https:\/\/www.shalom.it\/wp-json\/wp\/v2\/media?parent=71911"}],"wp:term":[{"taxonomy":"category","embeddable":true,"href":"https:\/\/www.shalom.it\/wp-json\/wp\/v2\/categories?post=71911"},{"taxonomy":"post_tag","embeddable":true,"href":"https:\/\/www.shalom.it\/wp-json\/wp\/v2\/tags?post=71911"}],"curies":[{"name":"wp","href":"https:\/\/api.w.org\/{rel}","templated":true}]}}