{"id":71739,"date":"2022-07-17T00:00:00","date_gmt":"2022-07-16T22:00:00","guid":{"rendered":"https:\/\/www.shalom.it\/senza-categoria\/a-new-york-gli-oggetti-personali-raccontano-le-vite-spezzate-dalla-shoah-b1118341\/"},"modified":"2024-05-31T00:52:28","modified_gmt":"2024-05-30T22:52:28","slug":"a-new-york-gli-oggetti-personali-raccontano-le-vite-spezzate-dalla-shoah-b1118341","status":"publish","type":"post","link":"https:\/\/www.shalom.it\/news\/a-new-york-gli-oggetti-personali-raccontano-le-vite-spezzate-dalla-shoah-b1118341\/","title":{"rendered":"A New York gli oggetti personali raccontano le vite spezzate dalla Shoah"},"content":{"rendered":"<p class=\"MsoNormal\" style=\"margin: 0cm 0cm 0.0001pt; font-size: medium; font-family: Calibri, sans-serif; caret-color: rgb(0, 0, 0); color: rgb(0, 0, 0);\">Il diario di un bambino, la bambola preferita di un\u2019altra bimba, un libro di cucina che custodisce ricette di famiglia, una pagella, un rotolo della Torah contrabbandato negli Stati Uniti e un cucchiaio d&#8217;argento trovato tra le macerie di un campo di concentramento. Sono gli oggetti esposti alla mostra &#8220;The Holocaust: What Hate Can Do&#8221;, una nuova esposizione permanente al Museum of Jewish Heritage a Lower Manhattan. La mostra enfatizza le storie umane individuali, raccontandole attraverso la potenza degli oggetti.&nbsp;&nbsp;L\u2019esposizione a due piani tenta di gettare nuova luce sull&#8217;educazione alla Shoah creando una narrativa avvincente di quelle che furono le persecuzioni contro gli ebrei negli anni della guerra, dell&#8217;antisemitismo, della resistenza ebraica e della perseveranza.&nbsp;&nbsp;\u00c8 una mostra capace di parlare intrecciando le storie individuali di 750 oggetti e manufatti, oltre alle testimonianze in prima persona, le fotografie e i testi. Sono racconti di vite ebraiche che diventano reali grazie agli oggetti fisici, capaci di fermare il momento prima che la Shoah spezzasse ogni speranza.&nbsp;<o:p><\/o:p><\/p>\n<p class=\"MsoNormal\" style=\"margin: 0cm 0cm 0.0001pt; font-size: medium; font-family: Calibri, sans-serif; caret-color: rgb(0, 0, 0); color: rgb(0, 0, 0);\"><o:p>&nbsp;<\/o:p><\/p>\n<p class=\"MsoNormal\" style=\"margin: 0cm 0cm 0.0001pt; font-size: medium; font-family: Calibri, sans-serif; caret-color: rgb(0, 0, 0); color: rgb(0, 0, 0);\">Per Judy Baumel-Schwartz, curatrice della mostra e studiosa della Shoah presso la Bar-Ilan University, lavorare alla mostra \u201c\u00e8 stato uno dei momenti pi\u00f9 alti della mia carriera professionale. Come storica specializzata nella Shoah, ho sempre insegnato ai miei studenti, attraverso storie e documenti, cosa \u00e8 successo e perch\u00e9 \u00e8 successo&#8221;, ha detto in un comunicato stampa.&nbsp;&nbsp;&#8220;Qui, per la prima volta, posso mostrare alle persone come \u00e8 successo e a chi \u00e8 successo, attraverso centinaia di oggetti&#8221;. Sono oggetti che emozionano e che raccontano una storia senza parole. E non serve nulla di complicato, basta, ad esempio, una ciotola bianca smaltata appartenuta alla famiglia Burbea, che fu spedita nel campo di concentramento di Giado assieme ad altri ebrei libici.&nbsp;&nbsp;Furono autorizzati a portare con loro solo pochi oggetti quando furono poi deportati nel campo di Civitella del Tronto in Italia e, da l\u00ec, inviati a Bergen-Belsen in Germania.&nbsp;&nbsp;La ciotola rimase con loro: quando il loro figlio pi\u00f9 giovane nacque a Bergen-Belsen nel 1944, la famiglia la us\u00f2 per portare il ragazzo al mohel per la circoncisione.<o:p><\/o:p><\/p>\n<p class=\"MsoNormal\" style=\"margin: 0cm 0cm 0.0001pt; font-size: medium; font-family: Calibri, sans-serif; caret-color: rgb(0, 0, 0); color: rgb(0, 0, 0);\"><o:p>&nbsp;<\/o:p><\/p>\n<p class=\"MsoNormal\" style=\"margin: 0cm 0cm 0.0001pt; font-size: medium; font-family: Calibri, sans-serif; caret-color: rgb(0, 0, 0); color: rgb(0, 0, 0);\">L&#8217;obiettivo di mostrare questi oggetti \u00e8 quello di animare e intensificare la narrazione della Shoah con storie in prima persona, ha spiegato Michael Berenbaum, studioso della Shoah e consulente della mostra.&nbsp;&nbsp;&#8220;Crediamo in un museo narrativo&#8221;, ha detto, osservando come il nome completo della mostra descriva perfettamente la missione del museo ovvero: &#8220;Museum of Jewish Heritage &#8211; A Living Memorial to the Holocaust&#8221;.<o:p><\/o:p><\/p>\n<p class=\"MsoNormal\" style=\"text-align: center; margin: 0cm 0cm 0.0001pt; font-size: medium; font-family: Calibri, sans-serif; caret-color: rgb(0, 0, 0); color: rgb(0, 0, 0);\"><o:p>&nbsp;<img decoding=\"async\" src=\"https:\/\/www.shalom.it\/wp-content\/uploads\/2021\/08\/image0-3.jpeg\"><\/o:p><\/p>\n<p class=\"MsoNormal\" style=\"margin: 0cm 0cm 0.0001pt; font-size: medium; font-family: Calibri, sans-serif; caret-color: rgb(0, 0, 0); color: rgb(0, 0, 0);\">Per sviluppare una narrazione completa di quelli che furono gli anni terribili della Shoah, la mostra dipinge innanzitutto un quadro delle fiorenti comunit\u00e0 ebraiche europee prima dell&#8217;ascesa al potere nazista&nbsp;&nbsp;&#8220;Comunit\u00e0 vibranti, vive e vitali, che non hanno idea che il loro tempo sia in realt\u00e0 limitato. Comunit\u00e0 ignare di essere sull\u2019orlo della distruzione&#8221;, ha detto Berenbaum.<o:p><\/o:p><\/p>\n<p class=\"MsoNormal\" style=\"margin: 0cm 0cm 0.0001pt; font-size: medium; font-family: Calibri, sans-serif; caret-color: rgb(0, 0, 0); color: rgb(0, 0, 0);\">In una sezione, la mostra ospita una narrazione di quanto avvenne nell\u2019aprile 1943, mettendo in luce diversi archi narrativi. Nello stesso mese, infatti, gli ebrei nel ghetto di Varsavia resistettero ai loro oppressori, mentre Hitler e i suoi collaboratori nazisti erano impegnati ad attuare la loro \u201cSoluzione Finale\u201d costruendo forni crematori ad Auschwitz. Al contempo, le autorit\u00e0 americane e britanniche rimasero a guardare con parole vuote e azioni incerte alla Conferenza delle Bermuda.<o:p><\/o:p><\/p>\n<p class=\"MsoNormal\" style=\"margin: 0cm 0cm 0.0001pt; font-size: medium; font-family: Calibri, sans-serif; caret-color: rgb(0, 0, 0); color: rgb(0, 0, 0);\"><o:p>&nbsp;<\/o:p><\/p>\n<p class=\"MsoNormal\" style=\"margin: 0cm 0cm 0.0001pt; font-size: medium; font-family: Calibri, sans-serif; caret-color: rgb(0, 0, 0); color: rgb(0, 0, 0);\">Una mostra dal duplice impegno didattico: da una parte lavora duramente per definire l\u2019identit\u00e0 del popolo ebraico, mettendo in luce quante comunit\u00e0 siano andate perse in tutto il mondo sulla scia della Shoah: dall&#8217;Iran e dalla Libia alla Grecia e all&#8217;Europa orientale. Dall\u2019altra, una sezione collega l&#8217;antisemitismo nazista con le campagne antisemite nel corso della storia, comprese le Crociate, l&#8217;Inquisizione e i pogrom russi.&nbsp;&nbsp;C\u2019\u00e8 tuttavia un\u2019ulteriore sezione, in cui si da rilievo alla propaganda nazista e alle purtroppo note caricature antisemite per mostrare la qualit\u00e0 ossessiva e insidiosa dell&#8217;antisemitismo nazista.<o:p><\/o:p><\/p>\n<p class=\"MsoNormal\" style=\"margin: 0cm 0cm 0.0001pt; font-size: medium; font-family: Calibri, sans-serif; caret-color: rgb(0, 0, 0); color: rgb(0, 0, 0);\"><o:p>&nbsp;<\/o:p><\/p>\n<p><span style=\"caret-color: rgb(0, 0, 0); color: rgb(0, 0, 0); font-size: 12pt; font-family: Calibri, sans-serif;\">Il titolo della mostra, &#8220;What Hate Can Do&#8221;, invita lo spettatore a considerare le manifestazioni di odio nel mondo di oggi e quanto questo sentimento, possa essere devastate portando con s\u00e9 effetti e conseguenze terribili e incancellabili.&nbsp;&nbsp;\u201cIl ricordo del passato ha lo scopo di trasformare il futuro&#8221;, ha detto Berenbaum.&nbsp;&nbsp;&#8220;Tragicamente, viviamo in un mondo in cui questo ha assunto una maggiore urgenza \u201cha concluso Berenbaum.<\/span><span style=\"caret-color: rgb(0, 0, 0); color: rgb(0, 0, 0); font-family: -webkit-standard; font-size: medium;\"><\/span><\/p>\n","protected":false},"excerpt":{"rendered":"<p>Il diario di un bambino, la bambola preferita di un\u2019altra bimba, un libro di cucina che custodisce ricette di famiglia, una pagella, un rotolo della Torah contrabbandato negli Stati Uniti e un cucchiaio d&#8217;argento trovato tra le macerie di un campo di concentramento. Sono gli oggetti esposti alla mostra &#8220;The Holocaust: What Hate Can Do&#8221;, [&hellip;]<\/p>\n","protected":false},"author":89,"featured_media":71740,"comment_status":"open","ping_status":"open","sticky":false,"template":"","format":"standard","meta":{"_acf_changed":false,"_jetpack_memberships_contains_paid_content":false,"footnotes":""},"categories":[13],"tags":[],"class_list":["post-71739","post","type-post","status-publish","format-standard","has-post-thumbnail","hentry","category-news"],"acf":[],"yoast_head":"<!-- This site is optimized with the Yoast SEO plugin v26.9 - https:\/\/yoast.com\/product\/yoast-seo-wordpress\/ -->\n<title>A New York gli oggetti personali raccontano le vite spezzate dalla Shoah - Shalom<\/title>\n<meta name=\"robots\" content=\"index, follow, max-snippet:-1, max-image-preview:large, max-video-preview:-1\" \/>\n<link rel=\"canonical\" href=\"https:\/\/www.shalom.it\/news\/a-new-york-gli-oggetti-personali-raccontano-le-vite-spezzate-dalla-shoah-b1118341\/\" \/>\n<meta property=\"og:locale\" content=\"it_IT\" \/>\n<meta property=\"og:type\" content=\"article\" \/>\n<meta property=\"og:title\" content=\"A New York gli oggetti personali raccontano le vite spezzate dalla Shoah - Shalom\" \/>\n<meta property=\"og:description\" content=\"Il diario di un bambino, la bambola preferita di un\u2019altra bimba, un libro di cucina che custodisce ricette di famiglia, una pagella, un rotolo della Torah contrabbandato negli Stati Uniti e un cucchiaio d&#8217;argento trovato tra le macerie di un campo di concentramento. Sono gli oggetti esposti alla mostra &#8220;The Holocaust: What Hate Can Do&#8221;, [&hellip;]\" \/>\n<meta property=\"og:url\" content=\"https:\/\/www.shalom.it\/news\/a-new-york-gli-oggetti-personali-raccontano-le-vite-spezzate-dalla-shoah-b1118341\/\" \/>\n<meta property=\"og:site_name\" content=\"Shalom\" \/>\n<meta property=\"article:published_time\" content=\"2022-07-16T22:00:00+00:00\" \/>\n<meta property=\"article:modified_time\" content=\"2024-05-30T22:52:28+00:00\" \/>\n<meta property=\"og:image\" content=\"https:\/\/www.shalom.it\/wp-content\/uploads\/2022\/07\/7-1-2022-Kosher-cooking-pot.jpg\" \/>\n\t<meta property=\"og:image:width\" content=\"2048\" \/>\n\t<meta property=\"og:image:height\" content=\"1138\" \/>\n\t<meta property=\"og:image:type\" content=\"image\/jpeg\" \/>\n<meta name=\"author\" content=\"Michelle Zarfati\" \/>\n<meta name=\"twitter:card\" content=\"summary_large_image\" \/>\n<meta name=\"twitter:label1\" content=\"Scritto da\" \/>\n\t<meta name=\"twitter:data1\" content=\"Michelle Zarfati\" \/>\n\t<meta name=\"twitter:label2\" content=\"Tempo di lettura stimato\" \/>\n\t<meta name=\"twitter:data2\" content=\"4 minuti\" \/>\n<script type=\"application\/ld+json\" class=\"yoast-schema-graph\">{\"@context\":\"https:\/\/schema.org\",\"@graph\":[{\"@type\":\"Article\",\"@id\":\"https:\/\/www.shalom.it\/news\/a-new-york-gli-oggetti-personali-raccontano-le-vite-spezzate-dalla-shoah-b1118341\/#article\",\"isPartOf\":{\"@id\":\"https:\/\/www.shalom.it\/news\/a-new-york-gli-oggetti-personali-raccontano-le-vite-spezzate-dalla-shoah-b1118341\/\"},\"author\":{\"name\":\"Michelle Zarfati\",\"@id\":\"https:\/\/www.shalom.it\/#\/schema\/person\/d9f18de0c8e16f0e7113889b42fd88c0\"},\"headline\":\"A New York gli oggetti personali raccontano le vite spezzate dalla Shoah\",\"datePublished\":\"2022-07-16T22:00:00+00:00\",\"dateModified\":\"2024-05-30T22:52:28+00:00\",\"mainEntityOfPage\":{\"@id\":\"https:\/\/www.shalom.it\/news\/a-new-york-gli-oggetti-personali-raccontano-le-vite-spezzate-dalla-shoah-b1118341\/\"},\"wordCount\":739,\"commentCount\":0,\"image\":{\"@id\":\"https:\/\/www.shalom.it\/news\/a-new-york-gli-oggetti-personali-raccontano-le-vite-spezzate-dalla-shoah-b1118341\/#primaryimage\"},\"thumbnailUrl\":\"https:\/\/www.shalom.it\/wp-content\/uploads\/2022\/07\/7-1-2022-Kosher-cooking-pot.jpg\",\"articleSection\":[\"NEWS\"],\"inLanguage\":\"it-IT\"},{\"@type\":\"WebPage\",\"@id\":\"https:\/\/www.shalom.it\/news\/a-new-york-gli-oggetti-personali-raccontano-le-vite-spezzate-dalla-shoah-b1118341\/\",\"url\":\"https:\/\/www.shalom.it\/news\/a-new-york-gli-oggetti-personali-raccontano-le-vite-spezzate-dalla-shoah-b1118341\/\",\"name\":\"A New York gli oggetti personali raccontano le vite spezzate dalla Shoah - Shalom\",\"isPartOf\":{\"@id\":\"https:\/\/www.shalom.it\/#website\"},\"primaryImageOfPage\":{\"@id\":\"https:\/\/www.shalom.it\/news\/a-new-york-gli-oggetti-personali-raccontano-le-vite-spezzate-dalla-shoah-b1118341\/#primaryimage\"},\"image\":{\"@id\":\"https:\/\/www.shalom.it\/news\/a-new-york-gli-oggetti-personali-raccontano-le-vite-spezzate-dalla-shoah-b1118341\/#primaryimage\"},\"thumbnailUrl\":\"https:\/\/www.shalom.it\/wp-content\/uploads\/2022\/07\/7-1-2022-Kosher-cooking-pot.jpg\",\"datePublished\":\"2022-07-16T22:00:00+00:00\",\"dateModified\":\"2024-05-30T22:52:28+00:00\",\"author\":{\"@id\":\"https:\/\/www.shalom.it\/#\/schema\/person\/d9f18de0c8e16f0e7113889b42fd88c0\"},\"breadcrumb\":{\"@id\":\"https:\/\/www.shalom.it\/news\/a-new-york-gli-oggetti-personali-raccontano-le-vite-spezzate-dalla-shoah-b1118341\/#breadcrumb\"},\"inLanguage\":\"it-IT\",\"potentialAction\":[{\"@type\":\"ReadAction\",\"target\":[\"https:\/\/www.shalom.it\/news\/a-new-york-gli-oggetti-personali-raccontano-le-vite-spezzate-dalla-shoah-b1118341\/\"]}]},{\"@type\":\"ImageObject\",\"inLanguage\":\"it-IT\",\"@id\":\"https:\/\/www.shalom.it\/news\/a-new-york-gli-oggetti-personali-raccontano-le-vite-spezzate-dalla-shoah-b1118341\/#primaryimage\",\"url\":\"https:\/\/www.shalom.it\/wp-content\/uploads\/2022\/07\/7-1-2022-Kosher-cooking-pot.jpg\",\"contentUrl\":\"https:\/\/www.shalom.it\/wp-content\/uploads\/2022\/07\/7-1-2022-Kosher-cooking-pot.jpg\",\"width\":2048,\"height\":1138},{\"@type\":\"BreadcrumbList\",\"@id\":\"https:\/\/www.shalom.it\/news\/a-new-york-gli-oggetti-personali-raccontano-le-vite-spezzate-dalla-shoah-b1118341\/#breadcrumb\",\"itemListElement\":[{\"@type\":\"ListItem\",\"position\":1,\"name\":\"Home\",\"item\":\"https:\/\/www.shalom.it\/\"},{\"@type\":\"ListItem\",\"position\":2,\"name\":\"A New York gli oggetti personali raccontano le vite spezzate dalla Shoah\"}]},{\"@type\":\"WebSite\",\"@id\":\"https:\/\/www.shalom.it\/#website\",\"url\":\"https:\/\/www.shalom.it\/\",\"name\":\"Shalom\",\"description\":\"Il Magazine della comunit\u00e0 ebraica di Roma\",\"potentialAction\":[{\"@type\":\"SearchAction\",\"target\":{\"@type\":\"EntryPoint\",\"urlTemplate\":\"https:\/\/www.shalom.it\/?s={search_term_string}\"},\"query-input\":{\"@type\":\"PropertyValueSpecification\",\"valueRequired\":true,\"valueName\":\"search_term_string\"}}],\"inLanguage\":\"it-IT\"},{\"@type\":\"Person\",\"@id\":\"https:\/\/www.shalom.it\/#\/schema\/person\/d9f18de0c8e16f0e7113889b42fd88c0\",\"name\":\"Michelle Zarfati\",\"url\":\"https:\/\/www.shalom.it\/author\/michellezarfati\/\"}]}<\/script>\n<!-- \/ Yoast SEO plugin. -->","yoast_head_json":{"title":"A New York gli oggetti personali raccontano le vite spezzate dalla Shoah - Shalom","robots":{"index":"index","follow":"follow","max-snippet":"max-snippet:-1","max-image-preview":"max-image-preview:large","max-video-preview":"max-video-preview:-1"},"canonical":"https:\/\/www.shalom.it\/news\/a-new-york-gli-oggetti-personali-raccontano-le-vite-spezzate-dalla-shoah-b1118341\/","og_locale":"it_IT","og_type":"article","og_title":"A New York gli oggetti personali raccontano le vite spezzate dalla Shoah - Shalom","og_description":"Il diario di un bambino, la bambola preferita di un\u2019altra bimba, un libro di cucina che custodisce ricette di famiglia, una pagella, un rotolo della Torah contrabbandato negli Stati Uniti e un cucchiaio d&#8217;argento trovato tra le macerie di un campo di concentramento. Sono gli oggetti esposti alla mostra &#8220;The Holocaust: What Hate Can Do&#8221;, [&hellip;]","og_url":"https:\/\/www.shalom.it\/news\/a-new-york-gli-oggetti-personali-raccontano-le-vite-spezzate-dalla-shoah-b1118341\/","og_site_name":"Shalom","article_published_time":"2022-07-16T22:00:00+00:00","article_modified_time":"2024-05-30T22:52:28+00:00","og_image":[{"width":2048,"height":1138,"url":"https:\/\/www.shalom.it\/wp-content\/uploads\/2022\/07\/7-1-2022-Kosher-cooking-pot.jpg","type":"image\/jpeg"}],"author":"Michelle Zarfati","twitter_card":"summary_large_image","twitter_misc":{"Scritto da":"Michelle Zarfati","Tempo di lettura stimato":"4 minuti"},"schema":{"@context":"https:\/\/schema.org","@graph":[{"@type":"Article","@id":"https:\/\/www.shalom.it\/news\/a-new-york-gli-oggetti-personali-raccontano-le-vite-spezzate-dalla-shoah-b1118341\/#article","isPartOf":{"@id":"https:\/\/www.shalom.it\/news\/a-new-york-gli-oggetti-personali-raccontano-le-vite-spezzate-dalla-shoah-b1118341\/"},"author":{"name":"Michelle Zarfati","@id":"https:\/\/www.shalom.it\/#\/schema\/person\/d9f18de0c8e16f0e7113889b42fd88c0"},"headline":"A New York gli oggetti personali raccontano le vite spezzate dalla Shoah","datePublished":"2022-07-16T22:00:00+00:00","dateModified":"2024-05-30T22:52:28+00:00","mainEntityOfPage":{"@id":"https:\/\/www.shalom.it\/news\/a-new-york-gli-oggetti-personali-raccontano-le-vite-spezzate-dalla-shoah-b1118341\/"},"wordCount":739,"commentCount":0,"image":{"@id":"https:\/\/www.shalom.it\/news\/a-new-york-gli-oggetti-personali-raccontano-le-vite-spezzate-dalla-shoah-b1118341\/#primaryimage"},"thumbnailUrl":"https:\/\/www.shalom.it\/wp-content\/uploads\/2022\/07\/7-1-2022-Kosher-cooking-pot.jpg","articleSection":["NEWS"],"inLanguage":"it-IT"},{"@type":"WebPage","@id":"https:\/\/www.shalom.it\/news\/a-new-york-gli-oggetti-personali-raccontano-le-vite-spezzate-dalla-shoah-b1118341\/","url":"https:\/\/www.shalom.it\/news\/a-new-york-gli-oggetti-personali-raccontano-le-vite-spezzate-dalla-shoah-b1118341\/","name":"A New York gli oggetti personali raccontano le vite spezzate dalla Shoah - Shalom","isPartOf":{"@id":"https:\/\/www.shalom.it\/#website"},"primaryImageOfPage":{"@id":"https:\/\/www.shalom.it\/news\/a-new-york-gli-oggetti-personali-raccontano-le-vite-spezzate-dalla-shoah-b1118341\/#primaryimage"},"image":{"@id":"https:\/\/www.shalom.it\/news\/a-new-york-gli-oggetti-personali-raccontano-le-vite-spezzate-dalla-shoah-b1118341\/#primaryimage"},"thumbnailUrl":"https:\/\/www.shalom.it\/wp-content\/uploads\/2022\/07\/7-1-2022-Kosher-cooking-pot.jpg","datePublished":"2022-07-16T22:00:00+00:00","dateModified":"2024-05-30T22:52:28+00:00","author":{"@id":"https:\/\/www.shalom.it\/#\/schema\/person\/d9f18de0c8e16f0e7113889b42fd88c0"},"breadcrumb":{"@id":"https:\/\/www.shalom.it\/news\/a-new-york-gli-oggetti-personali-raccontano-le-vite-spezzate-dalla-shoah-b1118341\/#breadcrumb"},"inLanguage":"it-IT","potentialAction":[{"@type":"ReadAction","target":["https:\/\/www.shalom.it\/news\/a-new-york-gli-oggetti-personali-raccontano-le-vite-spezzate-dalla-shoah-b1118341\/"]}]},{"@type":"ImageObject","inLanguage":"it-IT","@id":"https:\/\/www.shalom.it\/news\/a-new-york-gli-oggetti-personali-raccontano-le-vite-spezzate-dalla-shoah-b1118341\/#primaryimage","url":"https:\/\/www.shalom.it\/wp-content\/uploads\/2022\/07\/7-1-2022-Kosher-cooking-pot.jpg","contentUrl":"https:\/\/www.shalom.it\/wp-content\/uploads\/2022\/07\/7-1-2022-Kosher-cooking-pot.jpg","width":2048,"height":1138},{"@type":"BreadcrumbList","@id":"https:\/\/www.shalom.it\/news\/a-new-york-gli-oggetti-personali-raccontano-le-vite-spezzate-dalla-shoah-b1118341\/#breadcrumb","itemListElement":[{"@type":"ListItem","position":1,"name":"Home","item":"https:\/\/www.shalom.it\/"},{"@type":"ListItem","position":2,"name":"A New York gli oggetti personali raccontano le vite spezzate dalla Shoah"}]},{"@type":"WebSite","@id":"https:\/\/www.shalom.it\/#website","url":"https:\/\/www.shalom.it\/","name":"Shalom","description":"Il Magazine della comunit\u00e0 ebraica di Roma","potentialAction":[{"@type":"SearchAction","target":{"@type":"EntryPoint","urlTemplate":"https:\/\/www.shalom.it\/?s={search_term_string}"},"query-input":{"@type":"PropertyValueSpecification","valueRequired":true,"valueName":"search_term_string"}}],"inLanguage":"it-IT"},{"@type":"Person","@id":"https:\/\/www.shalom.it\/#\/schema\/person\/d9f18de0c8e16f0e7113889b42fd88c0","name":"Michelle Zarfati","url":"https:\/\/www.shalom.it\/author\/michellezarfati\/"}]}},"jetpack_featured_media_url":"https:\/\/www.shalom.it\/wp-content\/uploads\/2022\/07\/7-1-2022-Kosher-cooking-pot.jpg","jetpack_sharing_enabled":true,"_links":{"self":[{"href":"https:\/\/www.shalom.it\/wp-json\/wp\/v2\/posts\/71739","targetHints":{"allow":["GET"]}}],"collection":[{"href":"https:\/\/www.shalom.it\/wp-json\/wp\/v2\/posts"}],"about":[{"href":"https:\/\/www.shalom.it\/wp-json\/wp\/v2\/types\/post"}],"author":[{"embeddable":true,"href":"https:\/\/www.shalom.it\/wp-json\/wp\/v2\/users\/89"}],"replies":[{"embeddable":true,"href":"https:\/\/www.shalom.it\/wp-json\/wp\/v2\/comments?post=71739"}],"version-history":[{"count":1,"href":"https:\/\/www.shalom.it\/wp-json\/wp\/v2\/posts\/71739\/revisions"}],"predecessor-version":[{"id":81954,"href":"https:\/\/www.shalom.it\/wp-json\/wp\/v2\/posts\/71739\/revisions\/81954"}],"wp:featuredmedia":[{"embeddable":true,"href":"https:\/\/www.shalom.it\/wp-json\/wp\/v2\/media\/71740"}],"wp:attachment":[{"href":"https:\/\/www.shalom.it\/wp-json\/wp\/v2\/media?parent=71739"}],"wp:term":[{"taxonomy":"category","embeddable":true,"href":"https:\/\/www.shalom.it\/wp-json\/wp\/v2\/categories?post=71739"},{"taxonomy":"post_tag","embeddable":true,"href":"https:\/\/www.shalom.it\/wp-json\/wp\/v2\/tags?post=71739"}],"curies":[{"name":"wp","href":"https:\/\/api.w.org\/{rel}","templated":true}]}}