{"id":71400,"date":"2022-06-13T00:00:00","date_gmt":"2022-06-12T22:00:00","guid":{"rendered":"https:\/\/www.shalom.it\/senza-categoria\/inizia-oggi-la-visita-di-draghi-in-israele-sul-tavolo-antisemitismo-energia-e-ucraina-b1116771\/"},"modified":"2024-05-31T00:51:57","modified_gmt":"2024-05-30T22:51:57","slug":"inizia-oggi-la-visita-di-draghi-in-israele-sul-tavolo-antisemitismo-energia-e-ucraina-b1116771","status":"publish","type":"post","link":"https:\/\/www.shalom.it\/italia\/inizia-oggi-la-visita-di-draghi-in-israele-sul-tavolo-antisemitismo-energia-e-ucraina-b1116771\/","title":{"rendered":"Inizia oggi la visita di Draghi in Israele. Sul tavolo, antisemitismo, energia e Ucraina"},"content":{"rendered":"<p class=\"MsoNormal\" style=\"margin: 0cm 0cm 0.0001pt; font-size: medium; font-family: Calibri, sans-serif; caret-color: rgb(0, 0, 0); color: rgb(0, 0, 0);\">Sar\u00e0 l\u2019ambasciatore israeliano Dror Eydar ad accompagnare il premier Mario Draghi nella sua prima visita in Israele che inizia oggi. \u201cAll\u2019arrivo incontrer\u00e0 il Presidente Isaac Herzog e il ministro degli esteri Yair Lapid. Il giorno successivo, l\u2019atteso bilaterale con il Primo ministro Naftali Bennett\u201d, racconta a Shalom l\u2019ambasciatore. \u201cCi sar\u00e0 una visita a Yad Vashem e alcuni tavoli di lavoro. Vogliamo promuovere la questione energetica che adesso \u00e8 molto urgente e l\u2019importanza dell\u2019innovazione, ma anche temi di sviluppo di business\u201d, spiega Eydar. \u201cLe relazioni tra i due paesi sono ottime \u2013 spiega sempre a Shalom il ministro dell\u2019Istruzione Patrizio Bianchi- siamo entrambi presenti nel Mediterraneo e abbiamo la responsabilit\u00e0 di trovare un percorso di pace. Il presidente del consiglio va in Israele avendo il senso anche del ruolo che Israele ha in questo momento\u201d. Draghi \u00e8 atteso anche a Yad Vashem, marted\u00ec, come ci spiega il presidente del museo dell\u2019Olocausto, Dani Dayan. \u201cAspettiamo la visita del presidente, tutto \u00e8 pronto. Avr\u00e0 la guida in italiano della dottoressa Iael Nidam Orvieto che \u00e8 la direttrice dell\u2019istituto di ricerca sull\u2019Olocausto. Render\u00e0 omaggio alla Sala del ricordo dove ci sono le ceneri di ebrei uccisi in sei differenti campi di sterminio e poi rilascer\u00e0 una dichiarazione\u201d. Draghi poi non tralascer\u00e0 la comunit\u00e0 italiana e si recher\u00e0 al Tempio italiano di Gerusalemme, dove visiter\u00e0 la sinagoga e il Museo d\u2019Arte ebraica italiana Umberto Nahon.<o:p><\/o:p><\/p>\n<p class=\"MsoNormal\" style=\"margin: 0cm 0cm 0.0001pt; font-size: medium; font-family: Calibri, sans-serif; caret-color: rgb(0, 0, 0); color: rgb(0, 0, 0);\">I dossier sono tanti, i pi\u00f9 importanti energia, Ucraina e antisemitismo, spiega una nota di Palazzo Chigi.&nbsp;&nbsp;Al centro degli incontri con le massime Istituzioni israeliane ci saranno il rafforzamento delle relazioni bilaterali, la situazione in Ucraina e la sicurezza alimentare con la necessit\u00e0 di scongiurare la crisi in atto, i temi energetici, il processo di pace israelo-palestinese e l&#8217;antisemitismo. Sul piano della cooperazione economica, Italia e Israele hanno un solido partenariato commerciale &#8211; si spiega -, in particolare nel comparto dell&#8217;innovazione e dell&#8217;Ict. Nel 2021 si \u00e8 registrata una positiva e sostenuta ripresa dell&#8217;interscambio, ben oltre i livelli pre-Covid, che si \u00e8 attestato a 4 miliardi di euro (+25,6% rispetto al 2020), con esportazioni italiane pari a 3,1 miliardi (+25,9%) e importazioni pari a 910 milioni (+24,6%). Oltre ai tradizionali settori di presenza delle imprese italiane nel Paese (innovazione e start-up, energia, infrastrutture e telecomunicazioni), ulteriori opportunit\u00e0 per il rafforzamento delle relazioni economico-commerciali sono offerte dai comparti dei trasporti, della mobilit\u00e0 sostenibile, della biomedicina, dell&#8217;aerospazio e della sicurezza cibernetica. Nell&#8217;ambito della cooperazione e ricerca in campo sanitario, \u00e8 forte l&#8217;interesse da entrambe le parti a collaborare nell&#8217;ambito della salute digitale, del molecular health, della medicina di precisione, del Med Tech e della farmaceutica. Per quanto riguarda i temi energetici, per il Governo italiano &#8211; come ha sottolineato pi\u00f9 volte in questi mesi il presidente Draghi &#8211; \u00e8 prioritario il tema della sicurezza energetica. In particolare, la diversificazione delle fonti di approvvigionamento, con attenzione al gas naturale &#8211; di cui Israele dispone ingenti risorse. In un recente incontro con la stampa, il Presidente Draghi ha ricordato gli studi di fattibilit\u00e0 finanziati dall&#8217;Unione europea per il progetto del gasdotto Eastmed, che sono in via di conclusione. Nei prossimi giorni la stessa Presidente della Commissione UE von der Leyen sar\u00e0 in Israele.&nbsp;<o:p><\/o:p><\/p>\n<p class=\"MsoNormal\" style=\"margin: 0cm 0cm 0.0001pt; font-size: medium; font-family: Calibri, sans-serif; caret-color: rgb(0, 0, 0); color: rgb(0, 0, 0);\">Si ricorda, inoltre, che Italia e Israele sono membri fondatori dell&#8217;East Mediterranean Gas Forum, nel quale continuano a collaborare per l&#8217;utilizzo comune delle risorse di gas del Mediterraneo orientale, nonch\u00e9 per lo sviluppo di energie rinnovabili, come l&#8217;idrogeno, e la loro commercializzazione. &#8220;L&#8217;Italia condivide anche con Israele la volont\u00e0 di accelerare la trasformazione dei sistemi energetici, di fare leva sull&#8217;innovazione tecnologica e di rilanciare continuamente la cooperazione su &#8220;ricerca e sviluppo&#8221; e le sue ricadute industriali. In quest&#8217;ottica si sono tenute, nel novembre 2021, consultazioni tematiche a livello ministeriale su temi prioritari tra cui: energie rinnovabili; idrogeno; reti digitali intelligenti; veicoli elettrici. Lotta all&#8217;Antisemitismo. Costituisce un tradizionale tema di dialogo con le Autorit\u00e0 israeliane. L&#8217;Italia \u00e8 impegnata sul piano nazionale e internazionale: per la conservazione della memoria dell&#8217;Olocausto; con la partecipazione all&#8217;International Holocaust Remembrance Alliance (IHRA) e l&#8217;adozione della definizione di lavoro di antisemitismo dell&#8217;IHRA; con la nomina di una Coordinatrice nazionale e la presentazione della Strategia Nazionale per la lotta all&#8217;antisemitismo. Da parte dell&#8217;Italia \u00e8 stato forte il sostegno all&#8217;iniziativa israeliana per una Risoluzione dell&#8217;Assemblea Generale ONU sulla negazione dell&#8217;Olocausto. L&#8217;Italia \u00e8 stata tra i primi a co-sponsorizzare il testo (approvato lo scorso 20 gennaio)&#8221;, conclude la nota di background del viaggio del premier.<o:p><\/o:p><\/p>\n","protected":false},"excerpt":{"rendered":"<p>Sar\u00e0 l\u2019ambasciatore israeliano Dror Eydar ad accompagnare il premier Mario Draghi nella sua prima visita in Israele che inizia oggi. \u201cAll\u2019arrivo incontrer\u00e0 il Presidente Isaac Herzog e il ministro degli esteri Yair Lapid. Il giorno successivo, l\u2019atteso bilaterale con il Primo ministro Naftali Bennett\u201d, racconta a Shalom l\u2019ambasciatore. \u201cCi sar\u00e0 una visita a Yad Vashem [&hellip;]<\/p>\n","protected":false},"author":83,"featured_media":71401,"comment_status":"open","ping_status":"open","sticky":false,"template":"","format":"standard","meta":{"_acf_changed":false,"_jetpack_memberships_contains_paid_content":false,"footnotes":""},"categories":[4,3],"tags":[],"class_list":["post-71400","post","type-post","status-publish","format-standard","has-post-thumbnail","hentry","category-israele","category-italia"],"acf":[],"yoast_head":"<!-- This site is optimized with the Yoast SEO plugin v26.9 - https:\/\/yoast.com\/product\/yoast-seo-wordpress\/ -->\n<title>Inizia oggi la visita di Draghi in Israele. Sul tavolo, antisemitismo, energia e Ucraina - Shalom<\/title>\n<meta name=\"robots\" content=\"index, follow, max-snippet:-1, max-image-preview:large, max-video-preview:-1\" \/>\n<link rel=\"canonical\" href=\"https:\/\/www.shalom.it\/italia\/inizia-oggi-la-visita-di-draghi-in-israele-sul-tavolo-antisemitismo-energia-e-ucraina-b1116771\/\" \/>\n<meta property=\"og:locale\" content=\"it_IT\" \/>\n<meta property=\"og:type\" content=\"article\" \/>\n<meta property=\"og:title\" content=\"Inizia oggi la visita di Draghi in Israele. Sul tavolo, antisemitismo, energia e Ucraina - Shalom\" \/>\n<meta property=\"og:description\" content=\"Sar\u00e0 l\u2019ambasciatore israeliano Dror Eydar ad accompagnare il premier Mario Draghi nella sua prima visita in Israele che inizia oggi. \u201cAll\u2019arrivo incontrer\u00e0 il Presidente Isaac Herzog e il ministro degli esteri Yair Lapid. Il giorno successivo, l\u2019atteso bilaterale con il Primo ministro Naftali Bennett\u201d, racconta a Shalom l\u2019ambasciatore. \u201cCi sar\u00e0 una visita a Yad Vashem [&hellip;]\" \/>\n<meta property=\"og:url\" content=\"https:\/\/www.shalom.it\/italia\/inizia-oggi-la-visita-di-draghi-in-israele-sul-tavolo-antisemitismo-energia-e-ucraina-b1116771\/\" \/>\n<meta property=\"og:site_name\" content=\"Shalom\" \/>\n<meta property=\"article:published_time\" content=\"2022-06-12T22:00:00+00:00\" \/>\n<meta property=\"article:modified_time\" content=\"2024-05-30T22:51:57+00:00\" \/>\n<meta property=\"og:image\" content=\"https:\/\/www.shalom.it\/wp-content\/uploads\/2022\/06\/mariodraghi_serio_afp.jpg\" \/>\n\t<meta property=\"og:image:width\" content=\"1990\" \/>\n\t<meta property=\"og:image:height\" content=\"1326\" \/>\n\t<meta property=\"og:image:type\" content=\"image\/jpeg\" \/>\n<meta name=\"author\" content=\"ElisabettaFiorito\" \/>\n<meta name=\"twitter:card\" content=\"summary_large_image\" \/>\n<meta name=\"twitter:label1\" content=\"Scritto da\" \/>\n\t<meta name=\"twitter:data1\" content=\"ElisabettaFiorito\" \/>\n\t<meta name=\"twitter:label2\" content=\"Tempo di lettura stimato\" \/>\n\t<meta name=\"twitter:data2\" content=\"4 minuti\" \/>\n<script type=\"application\/ld+json\" class=\"yoast-schema-graph\">{\"@context\":\"https:\/\/schema.org\",\"@graph\":[{\"@type\":\"Article\",\"@id\":\"https:\/\/www.shalom.it\/italia\/inizia-oggi-la-visita-di-draghi-in-israele-sul-tavolo-antisemitismo-energia-e-ucraina-b1116771\/#article\",\"isPartOf\":{\"@id\":\"https:\/\/www.shalom.it\/italia\/inizia-oggi-la-visita-di-draghi-in-israele-sul-tavolo-antisemitismo-energia-e-ucraina-b1116771\/\"},\"author\":{\"name\":\"ElisabettaFiorito\",\"@id\":\"https:\/\/www.shalom.it\/#\/schema\/person\/392ad2fc59f186142190e8e30884aa17\"},\"headline\":\"Inizia oggi la visita di Draghi in Israele. Sul tavolo, antisemitismo, energia e Ucraina\",\"datePublished\":\"2022-06-12T22:00:00+00:00\",\"dateModified\":\"2024-05-30T22:51:57+00:00\",\"mainEntityOfPage\":{\"@id\":\"https:\/\/www.shalom.it\/italia\/inizia-oggi-la-visita-di-draghi-in-israele-sul-tavolo-antisemitismo-energia-e-ucraina-b1116771\/\"},\"wordCount\":768,\"commentCount\":0,\"image\":{\"@id\":\"https:\/\/www.shalom.it\/italia\/inizia-oggi-la-visita-di-draghi-in-israele-sul-tavolo-antisemitismo-energia-e-ucraina-b1116771\/#primaryimage\"},\"thumbnailUrl\":\"https:\/\/www.shalom.it\/wp-content\/uploads\/2022\/06\/mariodraghi_serio_afp.jpg\",\"articleSection\":[\"ISRAELE\",\"ITALIA\"],\"inLanguage\":\"it-IT\"},{\"@type\":\"WebPage\",\"@id\":\"https:\/\/www.shalom.it\/italia\/inizia-oggi-la-visita-di-draghi-in-israele-sul-tavolo-antisemitismo-energia-e-ucraina-b1116771\/\",\"url\":\"https:\/\/www.shalom.it\/italia\/inizia-oggi-la-visita-di-draghi-in-israele-sul-tavolo-antisemitismo-energia-e-ucraina-b1116771\/\",\"name\":\"Inizia oggi la visita di Draghi in Israele. Sul tavolo, antisemitismo, energia e Ucraina - Shalom\",\"isPartOf\":{\"@id\":\"https:\/\/www.shalom.it\/#website\"},\"primaryImageOfPage\":{\"@id\":\"https:\/\/www.shalom.it\/italia\/inizia-oggi-la-visita-di-draghi-in-israele-sul-tavolo-antisemitismo-energia-e-ucraina-b1116771\/#primaryimage\"},\"image\":{\"@id\":\"https:\/\/www.shalom.it\/italia\/inizia-oggi-la-visita-di-draghi-in-israele-sul-tavolo-antisemitismo-energia-e-ucraina-b1116771\/#primaryimage\"},\"thumbnailUrl\":\"https:\/\/www.shalom.it\/wp-content\/uploads\/2022\/06\/mariodraghi_serio_afp.jpg\",\"datePublished\":\"2022-06-12T22:00:00+00:00\",\"dateModified\":\"2024-05-30T22:51:57+00:00\",\"author\":{\"@id\":\"https:\/\/www.shalom.it\/#\/schema\/person\/392ad2fc59f186142190e8e30884aa17\"},\"breadcrumb\":{\"@id\":\"https:\/\/www.shalom.it\/italia\/inizia-oggi-la-visita-di-draghi-in-israele-sul-tavolo-antisemitismo-energia-e-ucraina-b1116771\/#breadcrumb\"},\"inLanguage\":\"it-IT\",\"potentialAction\":[{\"@type\":\"ReadAction\",\"target\":[\"https:\/\/www.shalom.it\/italia\/inizia-oggi-la-visita-di-draghi-in-israele-sul-tavolo-antisemitismo-energia-e-ucraina-b1116771\/\"]}]},{\"@type\":\"ImageObject\",\"inLanguage\":\"it-IT\",\"@id\":\"https:\/\/www.shalom.it\/italia\/inizia-oggi-la-visita-di-draghi-in-israele-sul-tavolo-antisemitismo-energia-e-ucraina-b1116771\/#primaryimage\",\"url\":\"https:\/\/www.shalom.it\/wp-content\/uploads\/2022\/06\/mariodraghi_serio_afp.jpg\",\"contentUrl\":\"https:\/\/www.shalom.it\/wp-content\/uploads\/2022\/06\/mariodraghi_serio_afp.jpg\",\"width\":1990,\"height\":1326},{\"@type\":\"BreadcrumbList\",\"@id\":\"https:\/\/www.shalom.it\/italia\/inizia-oggi-la-visita-di-draghi-in-israele-sul-tavolo-antisemitismo-energia-e-ucraina-b1116771\/#breadcrumb\",\"itemListElement\":[{\"@type\":\"ListItem\",\"position\":1,\"name\":\"Home\",\"item\":\"https:\/\/www.shalom.it\/\"},{\"@type\":\"ListItem\",\"position\":2,\"name\":\"Inizia oggi la visita di Draghi in Israele. Sul tavolo, antisemitismo, energia e Ucraina\"}]},{\"@type\":\"WebSite\",\"@id\":\"https:\/\/www.shalom.it\/#website\",\"url\":\"https:\/\/www.shalom.it\/\",\"name\":\"Shalom\",\"description\":\"Il Magazine della comunit\u00e0 ebraica di Roma\",\"potentialAction\":[{\"@type\":\"SearchAction\",\"target\":{\"@type\":\"EntryPoint\",\"urlTemplate\":\"https:\/\/www.shalom.it\/?s={search_term_string}\"},\"query-input\":{\"@type\":\"PropertyValueSpecification\",\"valueRequired\":true,\"valueName\":\"search_term_string\"}}],\"inLanguage\":\"it-IT\"},{\"@type\":\"Person\",\"@id\":\"https:\/\/www.shalom.it\/#\/schema\/person\/392ad2fc59f186142190e8e30884aa17\",\"name\":\"ElisabettaFiorito\",\"url\":\"https:\/\/www.shalom.it\/author\/elisabettafiorito\/\"}]}<\/script>\n<!-- \/ Yoast SEO plugin. -->","yoast_head_json":{"title":"Inizia oggi la visita di Draghi in Israele. Sul tavolo, antisemitismo, energia e Ucraina - Shalom","robots":{"index":"index","follow":"follow","max-snippet":"max-snippet:-1","max-image-preview":"max-image-preview:large","max-video-preview":"max-video-preview:-1"},"canonical":"https:\/\/www.shalom.it\/italia\/inizia-oggi-la-visita-di-draghi-in-israele-sul-tavolo-antisemitismo-energia-e-ucraina-b1116771\/","og_locale":"it_IT","og_type":"article","og_title":"Inizia oggi la visita di Draghi in Israele. Sul tavolo, antisemitismo, energia e Ucraina - Shalom","og_description":"Sar\u00e0 l\u2019ambasciatore israeliano Dror Eydar ad accompagnare il premier Mario Draghi nella sua prima visita in Israele che inizia oggi. \u201cAll\u2019arrivo incontrer\u00e0 il Presidente Isaac Herzog e il ministro degli esteri Yair Lapid. Il giorno successivo, l\u2019atteso bilaterale con il Primo ministro Naftali Bennett\u201d, racconta a Shalom l\u2019ambasciatore. \u201cCi sar\u00e0 una visita a Yad Vashem [&hellip;]","og_url":"https:\/\/www.shalom.it\/italia\/inizia-oggi-la-visita-di-draghi-in-israele-sul-tavolo-antisemitismo-energia-e-ucraina-b1116771\/","og_site_name":"Shalom","article_published_time":"2022-06-12T22:00:00+00:00","article_modified_time":"2024-05-30T22:51:57+00:00","og_image":[{"width":1990,"height":1326,"url":"https:\/\/www.shalom.it\/wp-content\/uploads\/2022\/06\/mariodraghi_serio_afp.jpg","type":"image\/jpeg"}],"author":"ElisabettaFiorito","twitter_card":"summary_large_image","twitter_misc":{"Scritto da":"ElisabettaFiorito","Tempo di lettura stimato":"4 minuti"},"schema":{"@context":"https:\/\/schema.org","@graph":[{"@type":"Article","@id":"https:\/\/www.shalom.it\/italia\/inizia-oggi-la-visita-di-draghi-in-israele-sul-tavolo-antisemitismo-energia-e-ucraina-b1116771\/#article","isPartOf":{"@id":"https:\/\/www.shalom.it\/italia\/inizia-oggi-la-visita-di-draghi-in-israele-sul-tavolo-antisemitismo-energia-e-ucraina-b1116771\/"},"author":{"name":"ElisabettaFiorito","@id":"https:\/\/www.shalom.it\/#\/schema\/person\/392ad2fc59f186142190e8e30884aa17"},"headline":"Inizia oggi la visita di Draghi in Israele. Sul tavolo, antisemitismo, energia e Ucraina","datePublished":"2022-06-12T22:00:00+00:00","dateModified":"2024-05-30T22:51:57+00:00","mainEntityOfPage":{"@id":"https:\/\/www.shalom.it\/italia\/inizia-oggi-la-visita-di-draghi-in-israele-sul-tavolo-antisemitismo-energia-e-ucraina-b1116771\/"},"wordCount":768,"commentCount":0,"image":{"@id":"https:\/\/www.shalom.it\/italia\/inizia-oggi-la-visita-di-draghi-in-israele-sul-tavolo-antisemitismo-energia-e-ucraina-b1116771\/#primaryimage"},"thumbnailUrl":"https:\/\/www.shalom.it\/wp-content\/uploads\/2022\/06\/mariodraghi_serio_afp.jpg","articleSection":["ISRAELE","ITALIA"],"inLanguage":"it-IT"},{"@type":"WebPage","@id":"https:\/\/www.shalom.it\/italia\/inizia-oggi-la-visita-di-draghi-in-israele-sul-tavolo-antisemitismo-energia-e-ucraina-b1116771\/","url":"https:\/\/www.shalom.it\/italia\/inizia-oggi-la-visita-di-draghi-in-israele-sul-tavolo-antisemitismo-energia-e-ucraina-b1116771\/","name":"Inizia oggi la visita di Draghi in Israele. Sul tavolo, antisemitismo, energia e Ucraina - Shalom","isPartOf":{"@id":"https:\/\/www.shalom.it\/#website"},"primaryImageOfPage":{"@id":"https:\/\/www.shalom.it\/italia\/inizia-oggi-la-visita-di-draghi-in-israele-sul-tavolo-antisemitismo-energia-e-ucraina-b1116771\/#primaryimage"},"image":{"@id":"https:\/\/www.shalom.it\/italia\/inizia-oggi-la-visita-di-draghi-in-israele-sul-tavolo-antisemitismo-energia-e-ucraina-b1116771\/#primaryimage"},"thumbnailUrl":"https:\/\/www.shalom.it\/wp-content\/uploads\/2022\/06\/mariodraghi_serio_afp.jpg","datePublished":"2022-06-12T22:00:00+00:00","dateModified":"2024-05-30T22:51:57+00:00","author":{"@id":"https:\/\/www.shalom.it\/#\/schema\/person\/392ad2fc59f186142190e8e30884aa17"},"breadcrumb":{"@id":"https:\/\/www.shalom.it\/italia\/inizia-oggi-la-visita-di-draghi-in-israele-sul-tavolo-antisemitismo-energia-e-ucraina-b1116771\/#breadcrumb"},"inLanguage":"it-IT","potentialAction":[{"@type":"ReadAction","target":["https:\/\/www.shalom.it\/italia\/inizia-oggi-la-visita-di-draghi-in-israele-sul-tavolo-antisemitismo-energia-e-ucraina-b1116771\/"]}]},{"@type":"ImageObject","inLanguage":"it-IT","@id":"https:\/\/www.shalom.it\/italia\/inizia-oggi-la-visita-di-draghi-in-israele-sul-tavolo-antisemitismo-energia-e-ucraina-b1116771\/#primaryimage","url":"https:\/\/www.shalom.it\/wp-content\/uploads\/2022\/06\/mariodraghi_serio_afp.jpg","contentUrl":"https:\/\/www.shalom.it\/wp-content\/uploads\/2022\/06\/mariodraghi_serio_afp.jpg","width":1990,"height":1326},{"@type":"BreadcrumbList","@id":"https:\/\/www.shalom.it\/italia\/inizia-oggi-la-visita-di-draghi-in-israele-sul-tavolo-antisemitismo-energia-e-ucraina-b1116771\/#breadcrumb","itemListElement":[{"@type":"ListItem","position":1,"name":"Home","item":"https:\/\/www.shalom.it\/"},{"@type":"ListItem","position":2,"name":"Inizia oggi la visita di Draghi in Israele. Sul tavolo, antisemitismo, energia e Ucraina"}]},{"@type":"WebSite","@id":"https:\/\/www.shalom.it\/#website","url":"https:\/\/www.shalom.it\/","name":"Shalom","description":"Il Magazine della comunit\u00e0 ebraica di Roma","potentialAction":[{"@type":"SearchAction","target":{"@type":"EntryPoint","urlTemplate":"https:\/\/www.shalom.it\/?s={search_term_string}"},"query-input":{"@type":"PropertyValueSpecification","valueRequired":true,"valueName":"search_term_string"}}],"inLanguage":"it-IT"},{"@type":"Person","@id":"https:\/\/www.shalom.it\/#\/schema\/person\/392ad2fc59f186142190e8e30884aa17","name":"ElisabettaFiorito","url":"https:\/\/www.shalom.it\/author\/elisabettafiorito\/"}]}},"jetpack_featured_media_url":"https:\/\/www.shalom.it\/wp-content\/uploads\/2022\/06\/mariodraghi_serio_afp.jpg","jetpack_sharing_enabled":true,"_links":{"self":[{"href":"https:\/\/www.shalom.it\/wp-json\/wp\/v2\/posts\/71400","targetHints":{"allow":["GET"]}}],"collection":[{"href":"https:\/\/www.shalom.it\/wp-json\/wp\/v2\/posts"}],"about":[{"href":"https:\/\/www.shalom.it\/wp-json\/wp\/v2\/types\/post"}],"author":[{"embeddable":true,"href":"https:\/\/www.shalom.it\/wp-json\/wp\/v2\/users\/83"}],"replies":[{"embeddable":true,"href":"https:\/\/www.shalom.it\/wp-json\/wp\/v2\/comments?post=71400"}],"version-history":[{"count":1,"href":"https:\/\/www.shalom.it\/wp-json\/wp\/v2\/posts\/71400\/revisions"}],"predecessor-version":[{"id":83378,"href":"https:\/\/www.shalom.it\/wp-json\/wp\/v2\/posts\/71400\/revisions\/83378"}],"wp:featuredmedia":[{"embeddable":true,"href":"https:\/\/www.shalom.it\/wp-json\/wp\/v2\/media\/71401"}],"wp:attachment":[{"href":"https:\/\/www.shalom.it\/wp-json\/wp\/v2\/media?parent=71400"}],"wp:term":[{"taxonomy":"category","embeddable":true,"href":"https:\/\/www.shalom.it\/wp-json\/wp\/v2\/categories?post=71400"},{"taxonomy":"post_tag","embeddable":true,"href":"https:\/\/www.shalom.it\/wp-json\/wp\/v2\/tags?post=71400"}],"curies":[{"name":"wp","href":"https:\/\/api.w.org\/{rel}","templated":true}]}}