{"id":71388,"date":"2022-06-12T00:00:00","date_gmt":"2022-06-11T22:00:00","guid":{"rendered":"https:\/\/www.shalom.it\/senza-categoria\/rav-alberto-sermoneta-un-rabbino-romano-al-servizio-dell-italia-ebraica-b1116711\/"},"modified":"2024-05-31T00:51:57","modified_gmt":"2024-05-30T22:51:57","slug":"rav-alberto-sermoneta-un-rabbino-romano-al-servizio-dell-italia-ebraica-b1116711","status":"publish","type":"post","link":"https:\/\/www.shalom.it\/italia\/rav-alberto-sermoneta-un-rabbino-romano-al-servizio-dell-italia-ebraica-b1116711\/","title":{"rendered":"Rav Alberto Sermoneta un rabbino romano al servizio dell&#8217;Italia ebraica"},"content":{"rendered":"<p class=\"MsoNormal\" style=\"margin: 0cm 0cm 0.0001pt; font-size: medium; font-family: Calibri, sans-serif; caret-color: rgb(0, 0, 0); color: rgb(0, 0, 0);\">Rav Avraham Alberto Sermoneta da Rosh haShan\u00e0 sar\u00e0 il Rabbino Capo della Comunit\u00e0 di Venezia. Shalom lo ha incontrato.<\/p>\n<p class=\"MsoNormal\" style=\"margin: 0cm 0cm 0.0001pt; font-size: medium; font-family: Calibri, sans-serif; caret-color: rgb(0, 0, 0); color: rgb(0, 0, 0);\"><o:p><\/o:p><\/p>\n<p class=\"MsoNormal\" style=\"margin: 0cm 0cm 0.0001pt; font-size: medium; font-family: Calibri, sans-serif; caret-color: rgb(0, 0, 0); color: rgb(0, 0, 0);\"><o:p>&nbsp;<\/o:p><\/p>\n<p class=\"MsoNormal\" style=\"margin: 0cm 0cm 0.0001pt; font-size: medium; font-family: Calibri, sans-serif; caret-color: rgb(0, 0, 0); color: rgb(0, 0, 0);\"><b>Un rabbino romano al servizio dell\u2019Italia Ebraica da quasi mezzo secolo. Ci parli di lei rav Sermoneta.<o:p><\/o:p><\/b><\/p>\n<p class=\"MsoNormal\" style=\"margin: 0cm 0cm 0.0001pt; font-size: medium; font-family: Calibri, sans-serif; caret-color: rgb(0, 0, 0); color: rgb(0, 0, 0);\">Avevo cinque o sei anni, ero legatissimo a mio zio Isacco Sermoneta, uno dei 16 ebrei romani tornati da Auschwitz, dove aveva perso gran parte della famiglia. Con lui andavo tutti i Sabati mattina al Tempio, ha saputo trasmettermi la sua incrollabile fede nel Signore. Era ritornato a Roma e donava tutto il suo cuore amore al Tempio e alla chazanut,, dopo aver supportato con generosit\u00e0 le comunit\u00e0 svizzere di Lugano e Ginevra. \u00c8 lui che mi ha fatto innamorare di un mondo che \u00e8 poi diventato il mio, che mi ha fatto sognare la rabbanut. Al Tempio di Sabato eravamo spesso solo due bambini: rav Roberto Della Rocca e io, la sensazione che provavo era di essere tenuto in considerazione dai rabbini e quando passava il Sefer, e loro lo seguivano, mi accorgevo che mi dedicavano uno sguardo e questo era importante per me.<o:p><\/o:p><\/p>\n<p class=\"MsoNormal\" style=\"margin: 0cm 0cm 0.0001pt; font-size: medium; font-family: Calibri, sans-serif; caret-color: rgb(0, 0, 0); color: rgb(0, 0, 0);\"><o:p>&nbsp;<\/o:p><\/p>\n<p class=\"MsoNormal\" style=\"margin: 0cm 0cm 0.0001pt; font-size: medium; font-family: Calibri, sans-serif; caret-color: rgb(0, 0, 0); color: rgb(0, 0, 0);\">Il Mor\u00e8 Cesare Eliseo \u00e8 stata una figura significativa per la sua formazione?<o:p><\/o:p><\/p>\n<p class=\"MsoNormal\" style=\"margin: 0cm 0cm 0.0001pt; font-size: medium; font-family: Calibri, sans-serif; caret-color: rgb(0, 0, 0); color: rgb(0, 0, 0);\">S\u00ec, era il Direttore delle scuole ebraiche, quando veniva nella mia classe ad interrogare, tremavano anche i banchi. Con me c\u2019era rav Umberto Piperno, ci faceva domande difficili, noi rispondevamo anche in ebraico; andava poi a riferire i risultati delle mie interrogazioni allo zio Isacco. Dovevo fare bella figura, sentivo la responsabilit\u00e0 di non deludere due grandi uomini.<o:p><\/o:p><\/p>\n<p class=\"MsoNormal\" style=\"margin: 0cm 0cm 0.0001pt; font-size: medium; font-family: Calibri, sans-serif; caret-color: rgb(0, 0, 0); color: rgb(0, 0, 0);\"><o:p>&nbsp;<\/o:p><\/p>\n<p class=\"MsoNormal\" style=\"margin: 0cm 0cm 0.0001pt; font-size: medium; font-family: Calibri, sans-serif; caret-color: rgb(0, 0, 0); color: rgb(0, 0, 0);\"><b>Con il Rabbino Elio Toaff ebbe un legame molto profondo?<o:p><\/o:p><\/b><\/p>\n<p class=\"MsoNormal\" style=\"margin: 0cm 0cm 0.0001pt; font-size: medium; font-family: Calibri, sans-serif; caret-color: rgb(0, 0, 0); color: rgb(0, 0, 0);\">Quando ho fatto il bar mizv\u00e0 nel 1974 recitai Arvit al Tempio Spagnolo e l\u2019intera Parash\u00e0 al Tempio Maggiore grazie alle lezioni e alla pazienza del rav Alberto Funaro, cos\u00ec riuscii poi a guadagnarmi per la prima volta il cappello da chazan come era uso all\u2019epoca. \u2018Hai letto una bella parash\u00e0 &#8211; mi disse in quel momento rav Toaff &#8211; voglio vederti domani mattina al Tempio cos\u00ec metterai nuovamente il talled e i tefillin, voglio sentirti cantare altre volte\u2019. Fu cos\u00ec che la domenica tornai e il luned\u00ec mattina tornai nuovamente e mi mand\u00f2 a Sefer. Mi regal\u00f2 la \u201cBibbia Ebraica\u201d curata da Rav Dario Disegni con una dedica che aument\u00f2 il mio entusiasmo e il mio orgoglio.&nbsp;<o:p><\/o:p><\/p>\n<p class=\"MsoNormal\" style=\"margin: 0cm 0cm 0.0001pt; font-size: medium; font-family: Calibri, sans-serif; caret-color: rgb(0, 0, 0); color: rgb(0, 0, 0);\"><o:p>&nbsp;<\/o:p><\/p>\n<p class=\"MsoNormal\" style=\"margin: 0cm 0cm 0.0001pt; font-size: medium; font-family: Calibri, sans-serif; caret-color: rgb(0, 0, 0); color: rgb(0, 0, 0);\"><b>Come si sono svolti i suoi studi rabbinici?<o:p><\/o:p><\/b><\/p>\n<p class=\"MsoNormal\" style=\"margin: 0cm 0cm 0.0001pt; font-size: medium; font-family: Calibri, sans-serif; caret-color: rgb(0, 0, 0); color: rgb(0, 0, 0);\">Mi iscrissi al Collegio Rabbinico e al liceo Scientifico Statale: fu una scelta impegnativa. Occorre essere determinati per trovare l\u2019armonia tra scuola e studi rabbinici ma sono sempre stato convinto di potercela fare. Sono diventato volontario in Comunit\u00e0 molto giovane e non ho mai smesso di avere il desiderio di migliorarmi, di fare chazanut e diventare un giorno rabbino. Ho superato l\u2019esame da Maskil con i mei due cari amici rav Roberto Della Rocca e rav Benedetto Carucci. Sono stato il primo rabbino ad aver insegnato materie ebraiche in una scuola media statale: alla scuola Ugo Foscolo erano iscritti moltissimi ebrei, \u00e8 stato un progetto significativo per la Comunit\u00e0.<o:p><\/o:p><\/p>\n<p class=\"MsoNormal\" style=\"margin: 0cm 0cm 0.0001pt; font-size: medium; font-family: Calibri, sans-serif; caret-color: rgb(0, 0, 0); color: rgb(0, 0, 0);\"><o:p>&nbsp;<\/o:p><\/p>\n<p class=\"MsoNormal\" style=\"margin: 0cm 0cm 0.0001pt; font-size: medium; font-family: Calibri, sans-serif; caret-color: rgb(0, 0, 0); color: rgb(0, 0, 0);\"><b>Bianca Finzi era la Presidente della Comunit\u00e0 di Bologna quando nel 1996 la chiam\u00f2 e le chiese di diventare Rabbino capo di Bologna, cosa le rimarr\u00e0 di 25 anni di rabbinato?&nbsp;<o:p><\/o:p><\/b><\/p>\n<p class=\"MsoNormal\" style=\"margin: 0cm 0cm 0.0001pt; font-size: medium; font-family: Calibri, sans-serif; caret-color: rgb(0, 0, 0); color: rgb(0, 0, 0);\">Con mia moglie Clelia e i miei figli fummo invitati per trascorrere un fine settimana, l\u2019accoglienza fu di un calore incredibile. Il primo incontro fu con le signore dell\u2019ADEI, quel Sabato al tempio c\u2019era tutta la comunit\u00e0. Ricordo che Clelia, all\u2019angolo di via Ugo Bassi, si ferm\u00f2 e mi disse: \u201cSe puoi accetta la proposta, \u00e8 una grande mitzv\u00e0\u201d. Accettai. Al mio insediamento partecip\u00f2 come ospite l\u2019allora Presidente del Consiglio Romano Prodi, c\u2019erano moltissimi politici, un gran numero di membri della diocesi di Bologna e dintorni, tutti i rabbini italiani e romani. La Comunit\u00e0 di Bologna \u00e8 una presenza tangibile nella citt\u00e0, non manca occasione in cui non porti la solidariet\u00e0 a tutte le istituzioni, una solidariet\u00e0 che \u00e8 stata ugualmente portata alla Comunit\u00e0 nei momenti difficili.&nbsp;<o:p><\/o:p><\/p>\n<p class=\"MsoNormal\" style=\"margin: 0cm 0cm 0.0001pt; font-size: medium; font-family: Calibri, sans-serif; caret-color: rgb(0, 0, 0); color: rgb(0, 0, 0);\">In quegli anni era dominante l\u2019idea che il rabbino doveva occuparsi dei solo affari religiosi mentre ho sempre pensato e interpretato il mio ruolo come leader sotto tutti gli aspetti ebraici.&nbsp;<o:p><\/o:p><\/p>\n<p class=\"MsoNormal\" style=\"margin: 0cm 0cm 0.0001pt; font-size: medium; font-family: Calibri, sans-serif; caret-color: rgb(0, 0, 0); color: rgb(0, 0, 0);\">Il rabbino Toaff, quando gli comunicai la mia decisione, all\u2019inizio era diffidente perch\u00e9 conosceva il legame con Roma, ma il mio legame con Roma \u00e8 rimasto inalterato malgrado la distanza. Nell\u2019ultimo incontro che ebbi con lui, mi diede la berach\u00e0 e mi raccomand\u00f2 di continuare ad impegnarmi con la stessa determinazione e lo stesso amore.&nbsp;<o:p><\/o:p><\/p>\n<p class=\"MsoNormal\" style=\"margin: 0cm 0cm 0.0001pt; font-size: medium; font-family: Calibri, sans-serif; caret-color: rgb(0, 0, 0); color: rgb(0, 0, 0);\">In questi 25 anni si sono succeduti 4 presidenti, la Comunit\u00e0 \u00e8 cresciuta nei numeri e nella partecipazione soprattutto dei giovani grazie l\u2019apertura di un gan e ad una forte tendenza all\u2019accoglienza degli studenti israeliani.<o:p><\/o:p><\/p>\n<p class=\"MsoNormal\" style=\"margin: 0cm 0cm 0.0001pt; font-size: medium; font-family: Calibri, sans-serif; caret-color: rgb(0, 0, 0); color: rgb(0, 0, 0);\">Lascio una Comunit\u00e0 coesa di 160 iscritti con molti giovani che sono andati a vivere all\u2019estero solo in ambienti ebraici, \u00e8 per me una grande soddisfazione.&nbsp;<o:p><\/o:p><\/p>\n<p class=\"MsoNormal\" style=\"margin: 0cm 0cm 0.0001pt; font-size: medium; font-family: Calibri, sans-serif; caret-color: rgb(0, 0, 0); color: rgb(0, 0, 0);\"><o:p>&nbsp;<\/o:p><\/p>\n<p class=\"MsoNormal\" style=\"margin: 0cm 0cm 0.0001pt; font-size: medium; font-family: Calibri, sans-serif; caret-color: rgb(0, 0, 0); color: rgb(0, 0, 0);\"><b>La sfida \u00e8 ora a Venezia.<o:p><\/o:p><\/b><\/p>\n<p class=\"MsoNormal\" style=\"margin: 0cm 0cm 0.0001pt; font-size: medium; font-family: Calibri, sans-serif; caret-color: rgb(0, 0, 0); color: rgb(0, 0, 0);\">Avrei potuto aspettare la pensione ma il nostro Maestro Rav Toaff ci ha sempre insegnato che i rabbini non vanno in pensione. Venezia era l\u2019ultima comunit\u00e0 cui pensavo. Per me e per mia moglie sar\u00e0 nuova vita: \u201cChi cambia posto, cambia destino\u201d dicono i chachamim. Vorrei riavvicinare gli ebrei veneziani ai loro Templi e al sentimento comunitario. Ogni Bet Hakeneset ha la sua kedush\u00e0, vorrei riportare la vita tra i banchi di ogni Tempio, con le loro antiche melodie. Ai turisti far capire il senso del patrimonio culturale, dell\u2019identit\u00e0 della tradizione italiana di cui siamo fieri. Manterr\u00f2 anche i legami costruiti in questi anni, come ho sempre fatto dar\u00f2 il giusto ruolo a moglie. Clelia ha sempre voluto tenere alta la sua immagine e certamente a Venezia sapr\u00e0 essere un riferimento per le signore e non solo per loro.<o:p><\/o:p><\/p>\n<p class=\"MsoNormal\" style=\"margin: 0cm 0cm 0.0001pt; font-size: medium; font-family: Calibri, sans-serif; caret-color: rgb(0, 0, 0); color: rgb(0, 0, 0);\"><o:p>&nbsp;<\/o:p><\/p>\n<p class=\"MsoNormal\" style=\"margin: 0cm 0cm 0.0001pt; font-size: medium; font-family: Calibri, sans-serif; caret-color: rgb(0, 0, 0); color: rgb(0, 0, 0);\"><b>Qual \u00e8 stato il suo primo pensiero per il futuro?<o:p><\/o:p><\/b><\/p>\n<p><span style=\"caret-color: rgb(0, 0, 0); color: rgb(0, 0, 0); font-size: 12pt; font-family: Calibri, sans-serif;\">Ringrazio Kadosh Baruch Hu per avermi dato questa opportunit\u00e0 e i miei genitori che mi hanno sempre trasmesso l\u2019amore per la Tor\u00e0 e per l\u2019ebraismo: rispetto per il prossimo, onest\u00e0 e dignit\u00e0. Prego il Signore di farci essere ben voluti e graditi dalla maggior parte della Comunit\u00e0.<\/span><span style=\"caret-color: rgb(0, 0, 0); color: rgb(0, 0, 0); font-family: -webkit-standard; font-size: medium;\"><\/span><\/p>\n","protected":false},"excerpt":{"rendered":"<p>Rav Avraham Alberto Sermoneta da Rosh haShan\u00e0 sar\u00e0 il Rabbino Capo della Comunit\u00e0 di Venezia. Shalom lo ha incontrato. &nbsp; Un rabbino romano al servizio dell\u2019Italia Ebraica da quasi mezzo secolo. Ci parli di lei rav Sermoneta. Avevo cinque o sei anni, ero legatissimo a mio zio Isacco Sermoneta, uno dei 16 ebrei romani tornati [&hellip;]<\/p>\n","protected":false},"author":52,"featured_media":71389,"comment_status":"open","ping_status":"open","sticky":false,"template":"","format":"standard","meta":{"_acf_changed":false,"_jetpack_memberships_contains_paid_content":false,"footnotes":""},"categories":[3],"tags":[],"class_list":["post-71388","post","type-post","status-publish","format-standard","has-post-thumbnail","hentry","category-italia"],"acf":[],"yoast_head":"<!-- This site is optimized with the Yoast SEO plugin v26.9 - https:\/\/yoast.com\/product\/yoast-seo-wordpress\/ -->\n<title>Rav Alberto Sermoneta un rabbino romano al servizio dell&#039;Italia ebraica - Shalom<\/title>\n<meta name=\"robots\" content=\"index, follow, max-snippet:-1, max-image-preview:large, max-video-preview:-1\" \/>\n<link rel=\"canonical\" href=\"https:\/\/www.shalom.it\/italia\/rav-alberto-sermoneta-un-rabbino-romano-al-servizio-dell-italia-ebraica-b1116711\/\" \/>\n<meta property=\"og:locale\" content=\"it_IT\" \/>\n<meta property=\"og:type\" content=\"article\" \/>\n<meta property=\"og:title\" content=\"Rav Alberto Sermoneta un rabbino romano al servizio dell&#039;Italia ebraica - Shalom\" \/>\n<meta property=\"og:description\" content=\"Rav Avraham Alberto Sermoneta da Rosh haShan\u00e0 sar\u00e0 il Rabbino Capo della Comunit\u00e0 di Venezia. Shalom lo ha incontrato. &nbsp; Un rabbino romano al servizio dell\u2019Italia Ebraica da quasi mezzo secolo. Ci parli di lei rav Sermoneta. Avevo cinque o sei anni, ero legatissimo a mio zio Isacco Sermoneta, uno dei 16 ebrei romani tornati [&hellip;]\" \/>\n<meta property=\"og:url\" content=\"https:\/\/www.shalom.it\/italia\/rav-alberto-sermoneta-un-rabbino-romano-al-servizio-dell-italia-ebraica-b1116711\/\" \/>\n<meta property=\"og:site_name\" content=\"Shalom\" \/>\n<meta property=\"article:published_time\" content=\"2022-06-11T22:00:00+00:00\" \/>\n<meta property=\"article:modified_time\" content=\"2024-05-30T22:51:57+00:00\" \/>\n<meta property=\"og:image\" content=\"https:\/\/www.shalom.it\/wp-content\/uploads\/2022\/06\/177386_423450067721104_1795998629_o.jpeg\" \/>\n\t<meta property=\"og:image:width\" content=\"2048\" \/>\n\t<meta property=\"og:image:height\" content=\"1362\" \/>\n\t<meta property=\"og:image:type\" content=\"image\/jpeg\" \/>\n<meta name=\"author\" content=\"Claudia De Benedetti\" \/>\n<meta name=\"twitter:card\" content=\"summary_large_image\" \/>\n<meta name=\"twitter:label1\" content=\"Scritto da\" \/>\n\t<meta name=\"twitter:data1\" content=\"Claudia De Benedetti\" \/>\n\t<meta name=\"twitter:label2\" content=\"Tempo di lettura stimato\" \/>\n\t<meta name=\"twitter:data2\" content=\"5 minuti\" \/>\n<script type=\"application\/ld+json\" class=\"yoast-schema-graph\">{\"@context\":\"https:\/\/schema.org\",\"@graph\":[{\"@type\":\"Article\",\"@id\":\"https:\/\/www.shalom.it\/italia\/rav-alberto-sermoneta-un-rabbino-romano-al-servizio-dell-italia-ebraica-b1116711\/#article\",\"isPartOf\":{\"@id\":\"https:\/\/www.shalom.it\/italia\/rav-alberto-sermoneta-un-rabbino-romano-al-servizio-dell-italia-ebraica-b1116711\/\"},\"author\":{\"name\":\"Claudia De Benedetti\",\"@id\":\"https:\/\/www.shalom.it\/#\/schema\/person\/c81302a32bb43b08926bca1e1ce2f8e1\"},\"headline\":\"Rav Alberto Sermoneta un rabbino romano al servizio dell&#8217;Italia ebraica\",\"datePublished\":\"2022-06-11T22:00:00+00:00\",\"dateModified\":\"2024-05-30T22:51:57+00:00\",\"mainEntityOfPage\":{\"@id\":\"https:\/\/www.shalom.it\/italia\/rav-alberto-sermoneta-un-rabbino-romano-al-servizio-dell-italia-ebraica-b1116711\/\"},\"wordCount\":1031,\"commentCount\":0,\"image\":{\"@id\":\"https:\/\/www.shalom.it\/italia\/rav-alberto-sermoneta-un-rabbino-romano-al-servizio-dell-italia-ebraica-b1116711\/#primaryimage\"},\"thumbnailUrl\":\"https:\/\/www.shalom.it\/wp-content\/uploads\/2022\/06\/177386_423450067721104_1795998629_o.jpeg\",\"articleSection\":[\"ITALIA\"],\"inLanguage\":\"it-IT\"},{\"@type\":\"WebPage\",\"@id\":\"https:\/\/www.shalom.it\/italia\/rav-alberto-sermoneta-un-rabbino-romano-al-servizio-dell-italia-ebraica-b1116711\/\",\"url\":\"https:\/\/www.shalom.it\/italia\/rav-alberto-sermoneta-un-rabbino-romano-al-servizio-dell-italia-ebraica-b1116711\/\",\"name\":\"Rav Alberto Sermoneta un rabbino romano al servizio dell'Italia ebraica - Shalom\",\"isPartOf\":{\"@id\":\"https:\/\/www.shalom.it\/#website\"},\"primaryImageOfPage\":{\"@id\":\"https:\/\/www.shalom.it\/italia\/rav-alberto-sermoneta-un-rabbino-romano-al-servizio-dell-italia-ebraica-b1116711\/#primaryimage\"},\"image\":{\"@id\":\"https:\/\/www.shalom.it\/italia\/rav-alberto-sermoneta-un-rabbino-romano-al-servizio-dell-italia-ebraica-b1116711\/#primaryimage\"},\"thumbnailUrl\":\"https:\/\/www.shalom.it\/wp-content\/uploads\/2022\/06\/177386_423450067721104_1795998629_o.jpeg\",\"datePublished\":\"2022-06-11T22:00:00+00:00\",\"dateModified\":\"2024-05-30T22:51:57+00:00\",\"author\":{\"@id\":\"https:\/\/www.shalom.it\/#\/schema\/person\/c81302a32bb43b08926bca1e1ce2f8e1\"},\"breadcrumb\":{\"@id\":\"https:\/\/www.shalom.it\/italia\/rav-alberto-sermoneta-un-rabbino-romano-al-servizio-dell-italia-ebraica-b1116711\/#breadcrumb\"},\"inLanguage\":\"it-IT\",\"potentialAction\":[{\"@type\":\"ReadAction\",\"target\":[\"https:\/\/www.shalom.it\/italia\/rav-alberto-sermoneta-un-rabbino-romano-al-servizio-dell-italia-ebraica-b1116711\/\"]}]},{\"@type\":\"ImageObject\",\"inLanguage\":\"it-IT\",\"@id\":\"https:\/\/www.shalom.it\/italia\/rav-alberto-sermoneta-un-rabbino-romano-al-servizio-dell-italia-ebraica-b1116711\/#primaryimage\",\"url\":\"https:\/\/www.shalom.it\/wp-content\/uploads\/2022\/06\/177386_423450067721104_1795998629_o.jpeg\",\"contentUrl\":\"https:\/\/www.shalom.it\/wp-content\/uploads\/2022\/06\/177386_423450067721104_1795998629_o.jpeg\",\"width\":2048,\"height\":1362},{\"@type\":\"BreadcrumbList\",\"@id\":\"https:\/\/www.shalom.it\/italia\/rav-alberto-sermoneta-un-rabbino-romano-al-servizio-dell-italia-ebraica-b1116711\/#breadcrumb\",\"itemListElement\":[{\"@type\":\"ListItem\",\"position\":1,\"name\":\"Home\",\"item\":\"https:\/\/www.shalom.it\/\"},{\"@type\":\"ListItem\",\"position\":2,\"name\":\"Rav Alberto Sermoneta un rabbino romano al servizio dell&#8217;Italia ebraica\"}]},{\"@type\":\"WebSite\",\"@id\":\"https:\/\/www.shalom.it\/#website\",\"url\":\"https:\/\/www.shalom.it\/\",\"name\":\"Shalom\",\"description\":\"Il Magazine della comunit\u00e0 ebraica di Roma\",\"potentialAction\":[{\"@type\":\"SearchAction\",\"target\":{\"@type\":\"EntryPoint\",\"urlTemplate\":\"https:\/\/www.shalom.it\/?s={search_term_string}\"},\"query-input\":{\"@type\":\"PropertyValueSpecification\",\"valueRequired\":true,\"valueName\":\"search_term_string\"}}],\"inLanguage\":\"it-IT\"},{\"@type\":\"Person\",\"@id\":\"https:\/\/www.shalom.it\/#\/schema\/person\/c81302a32bb43b08926bca1e1ce2f8e1\",\"name\":\"Claudia De Benedetti\",\"url\":\"https:\/\/www.shalom.it\/author\/claudiadebenedetti\/\"}]}<\/script>\n<!-- \/ Yoast SEO plugin. -->","yoast_head_json":{"title":"Rav Alberto Sermoneta un rabbino romano al servizio dell'Italia ebraica - Shalom","robots":{"index":"index","follow":"follow","max-snippet":"max-snippet:-1","max-image-preview":"max-image-preview:large","max-video-preview":"max-video-preview:-1"},"canonical":"https:\/\/www.shalom.it\/italia\/rav-alberto-sermoneta-un-rabbino-romano-al-servizio-dell-italia-ebraica-b1116711\/","og_locale":"it_IT","og_type":"article","og_title":"Rav Alberto Sermoneta un rabbino romano al servizio dell'Italia ebraica - Shalom","og_description":"Rav Avraham Alberto Sermoneta da Rosh haShan\u00e0 sar\u00e0 il Rabbino Capo della Comunit\u00e0 di Venezia. Shalom lo ha incontrato. &nbsp; Un rabbino romano al servizio dell\u2019Italia Ebraica da quasi mezzo secolo. Ci parli di lei rav Sermoneta. Avevo cinque o sei anni, ero legatissimo a mio zio Isacco Sermoneta, uno dei 16 ebrei romani tornati [&hellip;]","og_url":"https:\/\/www.shalom.it\/italia\/rav-alberto-sermoneta-un-rabbino-romano-al-servizio-dell-italia-ebraica-b1116711\/","og_site_name":"Shalom","article_published_time":"2022-06-11T22:00:00+00:00","article_modified_time":"2024-05-30T22:51:57+00:00","og_image":[{"width":2048,"height":1362,"url":"https:\/\/www.shalom.it\/wp-content\/uploads\/2022\/06\/177386_423450067721104_1795998629_o.jpeg","type":"image\/jpeg"}],"author":"Claudia De Benedetti","twitter_card":"summary_large_image","twitter_misc":{"Scritto da":"Claudia De Benedetti","Tempo di lettura stimato":"5 minuti"},"schema":{"@context":"https:\/\/schema.org","@graph":[{"@type":"Article","@id":"https:\/\/www.shalom.it\/italia\/rav-alberto-sermoneta-un-rabbino-romano-al-servizio-dell-italia-ebraica-b1116711\/#article","isPartOf":{"@id":"https:\/\/www.shalom.it\/italia\/rav-alberto-sermoneta-un-rabbino-romano-al-servizio-dell-italia-ebraica-b1116711\/"},"author":{"name":"Claudia De Benedetti","@id":"https:\/\/www.shalom.it\/#\/schema\/person\/c81302a32bb43b08926bca1e1ce2f8e1"},"headline":"Rav Alberto Sermoneta un rabbino romano al servizio dell&#8217;Italia ebraica","datePublished":"2022-06-11T22:00:00+00:00","dateModified":"2024-05-30T22:51:57+00:00","mainEntityOfPage":{"@id":"https:\/\/www.shalom.it\/italia\/rav-alberto-sermoneta-un-rabbino-romano-al-servizio-dell-italia-ebraica-b1116711\/"},"wordCount":1031,"commentCount":0,"image":{"@id":"https:\/\/www.shalom.it\/italia\/rav-alberto-sermoneta-un-rabbino-romano-al-servizio-dell-italia-ebraica-b1116711\/#primaryimage"},"thumbnailUrl":"https:\/\/www.shalom.it\/wp-content\/uploads\/2022\/06\/177386_423450067721104_1795998629_o.jpeg","articleSection":["ITALIA"],"inLanguage":"it-IT"},{"@type":"WebPage","@id":"https:\/\/www.shalom.it\/italia\/rav-alberto-sermoneta-un-rabbino-romano-al-servizio-dell-italia-ebraica-b1116711\/","url":"https:\/\/www.shalom.it\/italia\/rav-alberto-sermoneta-un-rabbino-romano-al-servizio-dell-italia-ebraica-b1116711\/","name":"Rav Alberto Sermoneta un rabbino romano al servizio dell'Italia ebraica - Shalom","isPartOf":{"@id":"https:\/\/www.shalom.it\/#website"},"primaryImageOfPage":{"@id":"https:\/\/www.shalom.it\/italia\/rav-alberto-sermoneta-un-rabbino-romano-al-servizio-dell-italia-ebraica-b1116711\/#primaryimage"},"image":{"@id":"https:\/\/www.shalom.it\/italia\/rav-alberto-sermoneta-un-rabbino-romano-al-servizio-dell-italia-ebraica-b1116711\/#primaryimage"},"thumbnailUrl":"https:\/\/www.shalom.it\/wp-content\/uploads\/2022\/06\/177386_423450067721104_1795998629_o.jpeg","datePublished":"2022-06-11T22:00:00+00:00","dateModified":"2024-05-30T22:51:57+00:00","author":{"@id":"https:\/\/www.shalom.it\/#\/schema\/person\/c81302a32bb43b08926bca1e1ce2f8e1"},"breadcrumb":{"@id":"https:\/\/www.shalom.it\/italia\/rav-alberto-sermoneta-un-rabbino-romano-al-servizio-dell-italia-ebraica-b1116711\/#breadcrumb"},"inLanguage":"it-IT","potentialAction":[{"@type":"ReadAction","target":["https:\/\/www.shalom.it\/italia\/rav-alberto-sermoneta-un-rabbino-romano-al-servizio-dell-italia-ebraica-b1116711\/"]}]},{"@type":"ImageObject","inLanguage":"it-IT","@id":"https:\/\/www.shalom.it\/italia\/rav-alberto-sermoneta-un-rabbino-romano-al-servizio-dell-italia-ebraica-b1116711\/#primaryimage","url":"https:\/\/www.shalom.it\/wp-content\/uploads\/2022\/06\/177386_423450067721104_1795998629_o.jpeg","contentUrl":"https:\/\/www.shalom.it\/wp-content\/uploads\/2022\/06\/177386_423450067721104_1795998629_o.jpeg","width":2048,"height":1362},{"@type":"BreadcrumbList","@id":"https:\/\/www.shalom.it\/italia\/rav-alberto-sermoneta-un-rabbino-romano-al-servizio-dell-italia-ebraica-b1116711\/#breadcrumb","itemListElement":[{"@type":"ListItem","position":1,"name":"Home","item":"https:\/\/www.shalom.it\/"},{"@type":"ListItem","position":2,"name":"Rav Alberto Sermoneta un rabbino romano al servizio dell&#8217;Italia ebraica"}]},{"@type":"WebSite","@id":"https:\/\/www.shalom.it\/#website","url":"https:\/\/www.shalom.it\/","name":"Shalom","description":"Il Magazine della comunit\u00e0 ebraica di Roma","potentialAction":[{"@type":"SearchAction","target":{"@type":"EntryPoint","urlTemplate":"https:\/\/www.shalom.it\/?s={search_term_string}"},"query-input":{"@type":"PropertyValueSpecification","valueRequired":true,"valueName":"search_term_string"}}],"inLanguage":"it-IT"},{"@type":"Person","@id":"https:\/\/www.shalom.it\/#\/schema\/person\/c81302a32bb43b08926bca1e1ce2f8e1","name":"Claudia De Benedetti","url":"https:\/\/www.shalom.it\/author\/claudiadebenedetti\/"}]}},"jetpack_featured_media_url":"https:\/\/www.shalom.it\/wp-content\/uploads\/2022\/06\/177386_423450067721104_1795998629_o.jpeg","jetpack_sharing_enabled":true,"_links":{"self":[{"href":"https:\/\/www.shalom.it\/wp-json\/wp\/v2\/posts\/71388","targetHints":{"allow":["GET"]}}],"collection":[{"href":"https:\/\/www.shalom.it\/wp-json\/wp\/v2\/posts"}],"about":[{"href":"https:\/\/www.shalom.it\/wp-json\/wp\/v2\/types\/post"}],"author":[{"embeddable":true,"href":"https:\/\/www.shalom.it\/wp-json\/wp\/v2\/users\/52"}],"replies":[{"embeddable":true,"href":"https:\/\/www.shalom.it\/wp-json\/wp\/v2\/comments?post=71388"}],"version-history":[{"count":1,"href":"https:\/\/www.shalom.it\/wp-json\/wp\/v2\/posts\/71388\/revisions"}],"predecessor-version":[{"id":83375,"href":"https:\/\/www.shalom.it\/wp-json\/wp\/v2\/posts\/71388\/revisions\/83375"}],"wp:featuredmedia":[{"embeddable":true,"href":"https:\/\/www.shalom.it\/wp-json\/wp\/v2\/media\/71389"}],"wp:attachment":[{"href":"https:\/\/www.shalom.it\/wp-json\/wp\/v2\/media?parent=71388"}],"wp:term":[{"taxonomy":"category","embeddable":true,"href":"https:\/\/www.shalom.it\/wp-json\/wp\/v2\/categories?post=71388"},{"taxonomy":"post_tag","embeddable":true,"href":"https:\/\/www.shalom.it\/wp-json\/wp\/v2\/tags?post=71388"}],"curies":[{"name":"wp","href":"https:\/\/api.w.org\/{rel}","templated":true}]}}