{"id":71386,"date":"2022-06-10T00:00:00","date_gmt":"2022-06-09T22:00:00","guid":{"rendered":"https:\/\/www.shalom.it\/senza-categoria\/israele-bocelli-visita-il-muro-del-pianto-dopo-il-concerto-sold-out-b1116691\/"},"modified":"2024-05-31T00:51:57","modified_gmt":"2024-05-30T22:51:57","slug":"israele-bocelli-visita-il-muro-del-pianto-dopo-il-concerto-sold-out-b1116691","status":"publish","type":"post","link":"https:\/\/www.shalom.it\/israele\/israele-bocelli-visita-il-muro-del-pianto-dopo-il-concerto-sold-out-b1116691\/","title":{"rendered":"Israele, Bocelli visita il Muro del Pianto dopo il concerto sold out"},"content":{"rendered":"<p class=\"MsoNormal\" style=\"margin: 0cm 0cm 0.0001pt; font-size: medium; font-family: Calibri, sans-serif; caret-color: rgb(0, 0, 0); color: rgb(0, 0, 0);\">Dopo 11 anni, Andrea Bocelli \u00e8 tornato a cantare in Israele. Il celebre tenore si \u00e8 esibito, mercoled\u00ec scorso, in un concerto sold out, con ventimila spettatori presenti, accompagnato dall\u2019Israel Philarmonic Orchestra al Bloomsfield Stadium di Tel Aviv. Fra il pubblico, l\u2019ex Primo ministro Benjamin Netanyahu, il regista Quentin Tarantino e l\u2019ex Ambasciatore degli Stati Uniti in Israele, David Friedman.<o:p><\/o:p><\/p>\n<p class=\"MsoNormal\" style=\"margin: 0cm 0cm 0.0001pt; font-size: medium; font-family: Calibri, sans-serif; caret-color: rgb(0, 0, 0); color: rgb(0, 0, 0);\">Il giorno dopo l\u2019esibizione, il cantante ha visitato il Muro del Pianto, la Chiesa del Santo Sepolcro e altri siti nella Citt\u00e0 vecchia di Gerusalemme.<o:p><\/o:p><\/p>\n<p class=\"MsoNormal\" style=\"margin: 0cm 0cm 0.0001pt; font-size: medium; font-family: Calibri, sans-serif; caret-color: rgb(0, 0, 0); color: rgb(0, 0, 0);\">&nbsp;\u201cBocelli ha onorato Israele con la sua esibizione spettacolare \u2013 ha detto Friedman \u2013 e poi ha avvalorato ancor di pi\u00f9 la visita, recandosi nei luoghi sacri cristiani ed ebraici di Gerusalemme\u201d.<o:p><\/o:p><\/p>\n<p class=\"MsoNormal\" style=\"margin: 0cm 0cm 0.0001pt; font-size: medium; font-family: Calibri, sans-serif; caret-color: rgb(0, 0, 0); color: rgb(0, 0, 0);\">Andrea Bocelli \u00e8 uno dei tenori pi\u00f9 famosi del mondo. La sua carriera dura da 25 anni con 90 milioni di album venduti e numerosi premi ricevuti: un Golden Globe, sette Classical Brit e sette World Music Awards, oltre a una stella sulla Hollywood Walk of Fame.&nbsp;<o:p><\/o:p><\/p>\n<p class=\"MsoNormal\" style=\"margin: 0cm 0cm 0.0001pt; font-size: medium; font-family: Calibri, sans-serif; caret-color: rgb(0, 0, 0); color: rgb(0, 0, 0);\">Subito dopo la tappa israeliana, il cantante andr\u00e0 in tourn\u00e9e negli USA e in Europa.<o:p><\/o:p><\/p>\n","protected":false},"excerpt":{"rendered":"<p>Dopo 11 anni, Andrea Bocelli \u00e8 tornato a cantare in Israele. Il celebre tenore si \u00e8 esibito, mercoled\u00ec scorso, in un concerto sold out, con ventimila spettatori presenti, accompagnato dall\u2019Israel Philarmonic Orchestra al Bloomsfield Stadium di Tel Aviv. Fra il pubblico, l\u2019ex Primo ministro Benjamin Netanyahu, il regista Quentin Tarantino e l\u2019ex Ambasciatore degli Stati [&hellip;]<\/p>\n","protected":false},"author":12,"featured_media":71387,"comment_status":"open","ping_status":"open","sticky":false,"template":"","format":"standard","meta":{"_acf_changed":false,"_jetpack_memberships_contains_paid_content":false,"footnotes":""},"categories":[4],"tags":[],"class_list":["post-71386","post","type-post","status-publish","format-standard","has-post-thumbnail","hentry","category-israele"],"acf":[],"yoast_head":"<!-- This site is optimized with the Yoast SEO plugin v26.9 - https:\/\/yoast.com\/product\/yoast-seo-wordpress\/ -->\n<title>Israele, Bocelli visita il Muro del Pianto dopo il concerto sold out - Shalom<\/title>\n<meta name=\"robots\" content=\"index, follow, max-snippet:-1, max-image-preview:large, max-video-preview:-1\" \/>\n<link rel=\"canonical\" href=\"https:\/\/www.shalom.it\/israele\/israele-bocelli-visita-il-muro-del-pianto-dopo-il-concerto-sold-out-b1116691\/\" \/>\n<meta property=\"og:locale\" content=\"it_IT\" \/>\n<meta property=\"og:type\" content=\"article\" \/>\n<meta property=\"og:title\" content=\"Israele, Bocelli visita il Muro del Pianto dopo il concerto sold out - Shalom\" \/>\n<meta property=\"og:description\" content=\"Dopo 11 anni, Andrea Bocelli \u00e8 tornato a cantare in Israele. Il celebre tenore si \u00e8 esibito, mercoled\u00ec scorso, in un concerto sold out, con ventimila spettatori presenti, accompagnato dall\u2019Israel Philarmonic Orchestra al Bloomsfield Stadium di Tel Aviv. Fra il pubblico, l\u2019ex Primo ministro Benjamin Netanyahu, il regista Quentin Tarantino e l\u2019ex Ambasciatore degli Stati [&hellip;]\" \/>\n<meta property=\"og:url\" content=\"https:\/\/www.shalom.it\/israele\/israele-bocelli-visita-il-muro-del-pianto-dopo-il-concerto-sold-out-b1116691\/\" \/>\n<meta property=\"og:site_name\" content=\"Shalom\" \/>\n<meta property=\"article:published_time\" content=\"2022-06-09T22:00:00+00:00\" \/>\n<meta property=\"article:modified_time\" content=\"2024-05-30T22:51:57+00:00\" \/>\n<meta property=\"og:image\" content=\"https:\/\/www.shalom.it\/wp-content\/uploads\/2022\/06\/Bocelli-.jpg\" \/>\n\t<meta property=\"og:image:width\" content=\"643\" \/>\n\t<meta property=\"og:image:height\" content=\"420\" \/>\n\t<meta property=\"og:image:type\" content=\"image\/jpeg\" \/>\n<meta name=\"author\" content=\"jacqueline\" \/>\n<meta name=\"twitter:card\" content=\"summary_large_image\" \/>\n<meta name=\"twitter:label1\" content=\"Scritto da\" \/>\n\t<meta name=\"twitter:data1\" content=\"jacqueline\" \/>\n\t<meta name=\"twitter:label2\" content=\"Tempo di lettura stimato\" \/>\n\t<meta name=\"twitter:data2\" content=\"1 minuto\" \/>\n<script type=\"application\/ld+json\" class=\"yoast-schema-graph\">{\"@context\":\"https:\/\/schema.org\",\"@graph\":[{\"@type\":\"Article\",\"@id\":\"https:\/\/www.shalom.it\/israele\/israele-bocelli-visita-il-muro-del-pianto-dopo-il-concerto-sold-out-b1116691\/#article\",\"isPartOf\":{\"@id\":\"https:\/\/www.shalom.it\/israele\/israele-bocelli-visita-il-muro-del-pianto-dopo-il-concerto-sold-out-b1116691\/\"},\"author\":{\"name\":\"jacqueline\",\"@id\":\"https:\/\/www.shalom.it\/#\/schema\/person\/abb94d7dfaa0b653911f3438d99a6abe\"},\"headline\":\"Israele, Bocelli visita il Muro del Pianto dopo il concerto sold out\",\"datePublished\":\"2022-06-09T22:00:00+00:00\",\"dateModified\":\"2024-05-30T22:51:57+00:00\",\"mainEntityOfPage\":{\"@id\":\"https:\/\/www.shalom.it\/israele\/israele-bocelli-visita-il-muro-del-pianto-dopo-il-concerto-sold-out-b1116691\/\"},\"wordCount\":190,\"commentCount\":0,\"image\":{\"@id\":\"https:\/\/www.shalom.it\/israele\/israele-bocelli-visita-il-muro-del-pianto-dopo-il-concerto-sold-out-b1116691\/#primaryimage\"},\"thumbnailUrl\":\"https:\/\/www.shalom.it\/wp-content\/uploads\/2022\/06\/Bocelli-.jpg\",\"articleSection\":[\"ISRAELE\"],\"inLanguage\":\"it-IT\"},{\"@type\":\"WebPage\",\"@id\":\"https:\/\/www.shalom.it\/israele\/israele-bocelli-visita-il-muro-del-pianto-dopo-il-concerto-sold-out-b1116691\/\",\"url\":\"https:\/\/www.shalom.it\/israele\/israele-bocelli-visita-il-muro-del-pianto-dopo-il-concerto-sold-out-b1116691\/\",\"name\":\"Israele, Bocelli visita il Muro del Pianto dopo il concerto sold out - Shalom\",\"isPartOf\":{\"@id\":\"https:\/\/www.shalom.it\/#website\"},\"primaryImageOfPage\":{\"@id\":\"https:\/\/www.shalom.it\/israele\/israele-bocelli-visita-il-muro-del-pianto-dopo-il-concerto-sold-out-b1116691\/#primaryimage\"},\"image\":{\"@id\":\"https:\/\/www.shalom.it\/israele\/israele-bocelli-visita-il-muro-del-pianto-dopo-il-concerto-sold-out-b1116691\/#primaryimage\"},\"thumbnailUrl\":\"https:\/\/www.shalom.it\/wp-content\/uploads\/2022\/06\/Bocelli-.jpg\",\"datePublished\":\"2022-06-09T22:00:00+00:00\",\"dateModified\":\"2024-05-30T22:51:57+00:00\",\"author\":{\"@id\":\"https:\/\/www.shalom.it\/#\/schema\/person\/abb94d7dfaa0b653911f3438d99a6abe\"},\"breadcrumb\":{\"@id\":\"https:\/\/www.shalom.it\/israele\/israele-bocelli-visita-il-muro-del-pianto-dopo-il-concerto-sold-out-b1116691\/#breadcrumb\"},\"inLanguage\":\"it-IT\",\"potentialAction\":[{\"@type\":\"ReadAction\",\"target\":[\"https:\/\/www.shalom.it\/israele\/israele-bocelli-visita-il-muro-del-pianto-dopo-il-concerto-sold-out-b1116691\/\"]}]},{\"@type\":\"ImageObject\",\"inLanguage\":\"it-IT\",\"@id\":\"https:\/\/www.shalom.it\/israele\/israele-bocelli-visita-il-muro-del-pianto-dopo-il-concerto-sold-out-b1116691\/#primaryimage\",\"url\":\"https:\/\/www.shalom.it\/wp-content\/uploads\/2022\/06\/Bocelli-.jpg\",\"contentUrl\":\"https:\/\/www.shalom.it\/wp-content\/uploads\/2022\/06\/Bocelli-.jpg\",\"width\":643,\"height\":420},{\"@type\":\"BreadcrumbList\",\"@id\":\"https:\/\/www.shalom.it\/israele\/israele-bocelli-visita-il-muro-del-pianto-dopo-il-concerto-sold-out-b1116691\/#breadcrumb\",\"itemListElement\":[{\"@type\":\"ListItem\",\"position\":1,\"name\":\"Home\",\"item\":\"https:\/\/www.shalom.it\/\"},{\"@type\":\"ListItem\",\"position\":2,\"name\":\"Israele, Bocelli visita il Muro del Pianto dopo il concerto sold out\"}]},{\"@type\":\"WebSite\",\"@id\":\"https:\/\/www.shalom.it\/#website\",\"url\":\"https:\/\/www.shalom.it\/\",\"name\":\"Shalom\",\"description\":\"Il Magazine della comunit\u00e0 ebraica di Roma\",\"potentialAction\":[{\"@type\":\"SearchAction\",\"target\":{\"@type\":\"EntryPoint\",\"urlTemplate\":\"https:\/\/www.shalom.it\/?s={search_term_string}\"},\"query-input\":{\"@type\":\"PropertyValueSpecification\",\"valueRequired\":true,\"valueName\":\"search_term_string\"}}],\"inLanguage\":\"it-IT\"},{\"@type\":\"Person\",\"@id\":\"https:\/\/www.shalom.it\/#\/schema\/person\/abb94d7dfaa0b653911f3438d99a6abe\",\"name\":\"jacqueline\",\"description\":\"Responsabile segreteria di redazione e coordinamento\",\"url\":\"https:\/\/www.shalom.it\/author\/jacqueline\/\"}]}<\/script>\n<!-- \/ Yoast SEO plugin. -->","yoast_head_json":{"title":"Israele, Bocelli visita il Muro del Pianto dopo il concerto sold out - Shalom","robots":{"index":"index","follow":"follow","max-snippet":"max-snippet:-1","max-image-preview":"max-image-preview:large","max-video-preview":"max-video-preview:-1"},"canonical":"https:\/\/www.shalom.it\/israele\/israele-bocelli-visita-il-muro-del-pianto-dopo-il-concerto-sold-out-b1116691\/","og_locale":"it_IT","og_type":"article","og_title":"Israele, Bocelli visita il Muro del Pianto dopo il concerto sold out - Shalom","og_description":"Dopo 11 anni, Andrea Bocelli \u00e8 tornato a cantare in Israele. Il celebre tenore si \u00e8 esibito, mercoled\u00ec scorso, in un concerto sold out, con ventimila spettatori presenti, accompagnato dall\u2019Israel Philarmonic Orchestra al Bloomsfield Stadium di Tel Aviv. Fra il pubblico, l\u2019ex Primo ministro Benjamin Netanyahu, il regista Quentin Tarantino e l\u2019ex Ambasciatore degli Stati [&hellip;]","og_url":"https:\/\/www.shalom.it\/israele\/israele-bocelli-visita-il-muro-del-pianto-dopo-il-concerto-sold-out-b1116691\/","og_site_name":"Shalom","article_published_time":"2022-06-09T22:00:00+00:00","article_modified_time":"2024-05-30T22:51:57+00:00","og_image":[{"width":643,"height":420,"url":"https:\/\/www.shalom.it\/wp-content\/uploads\/2022\/06\/Bocelli-.jpg","type":"image\/jpeg"}],"author":"jacqueline","twitter_card":"summary_large_image","twitter_misc":{"Scritto da":"jacqueline","Tempo di lettura stimato":"1 minuto"},"schema":{"@context":"https:\/\/schema.org","@graph":[{"@type":"Article","@id":"https:\/\/www.shalom.it\/israele\/israele-bocelli-visita-il-muro-del-pianto-dopo-il-concerto-sold-out-b1116691\/#article","isPartOf":{"@id":"https:\/\/www.shalom.it\/israele\/israele-bocelli-visita-il-muro-del-pianto-dopo-il-concerto-sold-out-b1116691\/"},"author":{"name":"jacqueline","@id":"https:\/\/www.shalom.it\/#\/schema\/person\/abb94d7dfaa0b653911f3438d99a6abe"},"headline":"Israele, Bocelli visita il Muro del Pianto dopo il concerto sold out","datePublished":"2022-06-09T22:00:00+00:00","dateModified":"2024-05-30T22:51:57+00:00","mainEntityOfPage":{"@id":"https:\/\/www.shalom.it\/israele\/israele-bocelli-visita-il-muro-del-pianto-dopo-il-concerto-sold-out-b1116691\/"},"wordCount":190,"commentCount":0,"image":{"@id":"https:\/\/www.shalom.it\/israele\/israele-bocelli-visita-il-muro-del-pianto-dopo-il-concerto-sold-out-b1116691\/#primaryimage"},"thumbnailUrl":"https:\/\/www.shalom.it\/wp-content\/uploads\/2022\/06\/Bocelli-.jpg","articleSection":["ISRAELE"],"inLanguage":"it-IT"},{"@type":"WebPage","@id":"https:\/\/www.shalom.it\/israele\/israele-bocelli-visita-il-muro-del-pianto-dopo-il-concerto-sold-out-b1116691\/","url":"https:\/\/www.shalom.it\/israele\/israele-bocelli-visita-il-muro-del-pianto-dopo-il-concerto-sold-out-b1116691\/","name":"Israele, Bocelli visita il Muro del Pianto dopo il concerto sold out - Shalom","isPartOf":{"@id":"https:\/\/www.shalom.it\/#website"},"primaryImageOfPage":{"@id":"https:\/\/www.shalom.it\/israele\/israele-bocelli-visita-il-muro-del-pianto-dopo-il-concerto-sold-out-b1116691\/#primaryimage"},"image":{"@id":"https:\/\/www.shalom.it\/israele\/israele-bocelli-visita-il-muro-del-pianto-dopo-il-concerto-sold-out-b1116691\/#primaryimage"},"thumbnailUrl":"https:\/\/www.shalom.it\/wp-content\/uploads\/2022\/06\/Bocelli-.jpg","datePublished":"2022-06-09T22:00:00+00:00","dateModified":"2024-05-30T22:51:57+00:00","author":{"@id":"https:\/\/www.shalom.it\/#\/schema\/person\/abb94d7dfaa0b653911f3438d99a6abe"},"breadcrumb":{"@id":"https:\/\/www.shalom.it\/israele\/israele-bocelli-visita-il-muro-del-pianto-dopo-il-concerto-sold-out-b1116691\/#breadcrumb"},"inLanguage":"it-IT","potentialAction":[{"@type":"ReadAction","target":["https:\/\/www.shalom.it\/israele\/israele-bocelli-visita-il-muro-del-pianto-dopo-il-concerto-sold-out-b1116691\/"]}]},{"@type":"ImageObject","inLanguage":"it-IT","@id":"https:\/\/www.shalom.it\/israele\/israele-bocelli-visita-il-muro-del-pianto-dopo-il-concerto-sold-out-b1116691\/#primaryimage","url":"https:\/\/www.shalom.it\/wp-content\/uploads\/2022\/06\/Bocelli-.jpg","contentUrl":"https:\/\/www.shalom.it\/wp-content\/uploads\/2022\/06\/Bocelli-.jpg","width":643,"height":420},{"@type":"BreadcrumbList","@id":"https:\/\/www.shalom.it\/israele\/israele-bocelli-visita-il-muro-del-pianto-dopo-il-concerto-sold-out-b1116691\/#breadcrumb","itemListElement":[{"@type":"ListItem","position":1,"name":"Home","item":"https:\/\/www.shalom.it\/"},{"@type":"ListItem","position":2,"name":"Israele, Bocelli visita il Muro del Pianto dopo il concerto sold out"}]},{"@type":"WebSite","@id":"https:\/\/www.shalom.it\/#website","url":"https:\/\/www.shalom.it\/","name":"Shalom","description":"Il Magazine della comunit\u00e0 ebraica di Roma","potentialAction":[{"@type":"SearchAction","target":{"@type":"EntryPoint","urlTemplate":"https:\/\/www.shalom.it\/?s={search_term_string}"},"query-input":{"@type":"PropertyValueSpecification","valueRequired":true,"valueName":"search_term_string"}}],"inLanguage":"it-IT"},{"@type":"Person","@id":"https:\/\/www.shalom.it\/#\/schema\/person\/abb94d7dfaa0b653911f3438d99a6abe","name":"jacqueline","description":"Responsabile segreteria di redazione e coordinamento","url":"https:\/\/www.shalom.it\/author\/jacqueline\/"}]}},"jetpack_featured_media_url":"https:\/\/www.shalom.it\/wp-content\/uploads\/2022\/06\/Bocelli-.jpg","jetpack_sharing_enabled":true,"_links":{"self":[{"href":"https:\/\/www.shalom.it\/wp-json\/wp\/v2\/posts\/71386","targetHints":{"allow":["GET"]}}],"collection":[{"href":"https:\/\/www.shalom.it\/wp-json\/wp\/v2\/posts"}],"about":[{"href":"https:\/\/www.shalom.it\/wp-json\/wp\/v2\/types\/post"}],"author":[{"embeddable":true,"href":"https:\/\/www.shalom.it\/wp-json\/wp\/v2\/users\/12"}],"replies":[{"embeddable":true,"href":"https:\/\/www.shalom.it\/wp-json\/wp\/v2\/comments?post=71386"}],"version-history":[{"count":1,"href":"https:\/\/www.shalom.it\/wp-json\/wp\/v2\/posts\/71386\/revisions"}],"predecessor-version":[{"id":83373,"href":"https:\/\/www.shalom.it\/wp-json\/wp\/v2\/posts\/71386\/revisions\/83373"}],"wp:featuredmedia":[{"embeddable":true,"href":"https:\/\/www.shalom.it\/wp-json\/wp\/v2\/media\/71387"}],"wp:attachment":[{"href":"https:\/\/www.shalom.it\/wp-json\/wp\/v2\/media?parent=71386"}],"wp:term":[{"taxonomy":"category","embeddable":true,"href":"https:\/\/www.shalom.it\/wp-json\/wp\/v2\/categories?post=71386"},{"taxonomy":"post_tag","embeddable":true,"href":"https:\/\/www.shalom.it\/wp-json\/wp\/v2\/tags?post=71386"}],"curies":[{"name":"wp","href":"https:\/\/api.w.org\/{rel}","templated":true}]}}