{"id":69805,"date":"2022-05-19T00:00:00","date_gmt":"2022-05-18T22:00:00","guid":{"rendered":"https:\/\/www.shalom.it\/senza-categoria\/sostenibilita-al-femminile-nei-nuovi-progetti-tra-israele-e-vaticano-b1115721\/"},"modified":"2024-05-31T00:51:39","modified_gmt":"2024-05-30T22:51:39","slug":"sostenibilita-al-femminile-nei-nuovi-progetti-tra-israele-e-vaticano-b1115721","status":"publish","type":"post","link":"https:\/\/www.shalom.it\/news\/sostenibilita-al-femminile-nei-nuovi-progetti-tra-israele-e-vaticano-b1115721\/","title":{"rendered":"Sostenibilit\u00e0 al femminile nei nuovi progetti tra Israele e Vaticano"},"content":{"rendered":"<p class=\"MsoNormal\" style=\"font-family: UICTFontTextStyleBody;font-size: 17px;text-align: justify;line-height: 25.5px\"><span class=\"\">Israele e Vaticano insieme per confrontarsi sui temi della sostenibilit\u00e0 e dell\u2019inclusione femminile. Tanti gli spunti emersi nel&nbsp;<\/span>simposio<span class=\"\">&nbsp;\u201cPensare&nbsp;<i class=\"\">green<\/i>&nbsp;insieme \u2013 una prospettiva femminile sul cambiamento climatico e la sostenibilit\u00e0\u201d promosso dall\u2019Ambasciata d\u2019Israele presso la Santa Sede<\/span>&nbsp;nei giorni scorsi<span class=\"\">&nbsp;presso la Pontificia Facolt\u00e0 di Scienze dell&#8217;Educazione &#8220;Auxilium&#8221;.<\/span><\/p>\n<p class=\"MsoNormal\" style=\"font-family: UICTFontTextStyleBody;font-size: 17px;text-align: justify;line-height: 25.5px\"><span class=\"\">Un\u2019iniziativa gi\u00e0 prevista per l\u20198 Marzo, Giornata Internazionale della Donna, ma, come ha spiegato l\u2019Ambasciatore&nbsp;<\/span>\u00abin un certo senso c\u2019\u00e8 un vantaggio per come sono andate le cose, poich\u00e9 il ruolo della donna nella lotta contro le pressanti sfide universali non pu\u00f2 e non deve essere limitato ad un giorno simbolico\u00bb.<\/p>\n<p class=\"MsoNormal\" style=\"font-family: UICTFontTextStyleBody;font-size: 17px;text-align: justify;line-height: 25.5px\">\n<p class=\"MsoNormal\" style=\"font-family: UICTFontTextStyleBody;font-size: 17px;text-align: justify;line-height: 25.5px\">L\u2019Enciclica Laudato si\u2019 del 2015 di papa Francesco \u00abpresenta all\u2019intera umanit\u00e0 la nostra collettiva responsabilit\u00e0 della cura della natura\u00bb ha ricordato la giornalista dell\u2019Ansa Nina Fabrizio, moderatrice del simposio, secondo cui \u00ab\u00e8 il momento di chiederci quali sono i contributi specifici delle donne in questo campo, e quali nuove prospettive emergono dal pensiero femminile\u00bb.<\/p>\n<p class=\"MsoNormal\" style=\"font-family: UICTFontTextStyleBody;font-size: 17px;text-align: justify;line-height: 25.5px\">\n<p class=\"MsoNormal\" style=\"font-family: UICTFontTextStyleBody;font-size: 17px;text-align: justify;line-height: 25.5px\">Alessandra Smerilli, docente della Pontificia Facolt\u00e0 di Scienze dell\u2019Educazione e Segretaria del Dicastero per il Servizio dello Sviluppo Umano Integrale, ha evidenziato come le donne siano sproporzionatamente colpite dal cambiamento climatico, soprattutto in aree caratterizzate da disordini civili e dall\u2019assenza di apparato amministrativo robusto e trasparante. \u00abNelle remote aree rurali, quando la povert\u00e0 aumenta, gli uomini e i ragazzi spesso cercano di migrare e di cercare un futuro migliore, lontano, ma spesso&nbsp; le donne restano prendendosi cura di bambini, anziani, dei raccolti. Assumono doveri e ricevono poco sostegno e poca o nessuna protezione\u00bb. La docente ha ricordato le gravi conseguenze che la mancanza o scarsit\u00e0 di acqua pu\u00f2 provocare nella vita di una donna: \u00abIn molti paesi, madre e neonati muoiono a causa della mancanza di acqua sicura, servizi igienici e igiene durante il parto. Questa mancanza di fonti di acqua sicura, servizi igienici e igiene sta tenendo le ragazze lontane dalla scuola per tanti giorni alla volta durante il ciclo mestruale\u00bb.<\/p>\n<p class=\"MsoNormal\" style=\"font-family: UICTFontTextStyleBody;font-size: 17px;text-align: justify;line-height: 25.5px\">\n<p class=\"MsoNormal\" style=\"font-family: UICTFontTextStyleBody;font-size: 17px;text-align: justify;line-height: 25.5px\">Dalit Wolf, Vice Direttrice israeliana di EcoPeace Middle East, \u00e8 intervenuta parlando della crisi idrica in Medioriente. EcoPeace \u00e8 una organizzazione unica nel suo genere: coordina la collaborazione di israeliani, palestinesi e giordani nei 3 uffici di Tel Aviv, Ramallah e Amman. Nel 2020, EcoPeace ha pubblicato il Green Blue Deal per il Medioriente che comprende quattro proposte concrete, e di grande impatto. \u00abPer quanto riguarda lo scambio di energia idrica tra i nostri paesi, la Giordania vender\u00e0 energia rinnovabile ad Israele e alla West Bank in cambio di acqua desalinizzata che sar\u00e0 venduta da Israele alla Giordania. Questa proposta ha ricevuto un significativo sostegno politico con la recente firma di dichiarazione di intenti tra Israele e la Giordania\u00bb. La seconda proposta avanzata riguarda le allocazioni idriche tra israeliani e palestinesi, la terza il fiume Giordano, sacro alle tre religioni abramitiche, e oggi ridotto ad un canale fognario: \u00abEcoPeace ha sviluppato un masterplan regionale integrato, collaborando con la Banca Mondiale, con i governi ed il settore privato per implementare iniziative climatiche intelligenti a livello regionale che riabiliteranno il fiume, soddisfacendo i bisogni idrici ed economici delle popolazioni che risiedono lungo le sue sponde\u00bb.<\/p>\n<p class=\"MsoNormal\" style=\"font-family: UICTFontTextStyleBody;font-size: 17px;text-align: justify;line-height: 25.5px\">\n<p class=\"MsoNormal\" style=\"font-family: UICTFontTextStyleBody;font-size: 17px;text-align: justify;line-height: 25.5px\">L\u2019impegno dell\u2019organizzazione non si ferma qui. La quarta proposta riguarda infatti l\u2019importanza della formazione di donne e giovani. \u00abLa met\u00e0 della nostra popolazione \u00e8 femminile e quasi un terzo della popolazione del Medioriente ha meno di 30 anni\u00bb ricorda Wolf che ha spiegato come vi sia in corso un progetto ambizioso per incoraggiare donne e giovani a diventare pi\u00f9&nbsp; consapevoli delle sfide ambientali e a cercare soluzioni a problemi ambientali regionali, a ricorrere efficacemente alla diplomazia, al coinvolgimento di cittadini e alla tecnologia. Ecopeace ha infatti previsto un programma di istruzione climatica nelle scuole pubbliche, ricorrendo alla formazione di docenti donne palestinesi, giordane e israeliane. Vengono inoltre identificate giovani leader emergenti per formare gruppi di israeliani, palestinesi e giordani, giovani professionisti sulla via della diplomazia, dell\u2019attivismo comunitario, delle competenze mediatiche e dell\u2019imprenditoria sociale verde.&nbsp;<\/p>\n<p class=\"MsoNormal\" style=\"font-family: UICTFontTextStyleBody;font-size: 17px;text-align: justify;line-height: 25.5px\">\n<p class=\"MsoNormal\" style=\"font-family: UICTFontTextStyleBody;font-size: 17px;text-align: justify;line-height: 25.5px\">Di rilievo anche il contributo della Giornalista Fausta Speranza, autrice de \u201c<span class=\"\">Il senso della sete: L\u2019acqua tra geopolitica, diritti, arte e spiritualit\u00e0\u201d, secondo cui \u00e8 necessaria una prospettiva femminile per&nbsp;<\/span>\u00abun ordine mondiale con logiche diverse, per una maggiore attenzione ai diritti\u00bb.<span class=\"\"><\/span><\/p>\n<p class=\"MsoNormal\" style=\"font-family: UICTFontTextStyleBody;font-size: 17px;text-align: justify;line-height: 25.5px\">\n<p class=\"MsoNormal\" style=\"font-family: UICTFontTextStyleBody;font-size: 17px;text-align: justify;line-height: 25.5px\">Il rapporto tra le donne e l\u2019ecologia \u00e8 stato lo spunto di riflessione anche di Linda Pocher, professoressa di teologia fondamentale, mariologia e cristologia alla Facolt\u00e0 di Scienze dell\u2019Educazione \u00abAuxilium\u00bb, che ha parlato delle donne generatrici in un mondo nuovo: il ruolo delle donne nel libro dell\u2019esodo.&nbsp;<\/p>\n<p class=\"MsoNormal\" style=\"font-family: UICTFontTextStyleBody;font-size: 17px;text-align: justify;line-height: 25.5px\">\n<p class=\"MsoNormal\" style=\"font-family: UICTFontTextStyleBody;font-size: 17px;text-align: justify;line-height: 25.5px\">L\u2019impatto che il cambiamento climatico pu\u00f2 avere sulla vita delle donne, in aree gi\u00e0 colpite da emergenze, \u00e8 spesso inimmaginabile agli occhi di chi non \u00e8 del settore, e lo stesso si applica al potenziale rilevante contributo che le donne possono offrire per affrontare la crisi. Gli interventi del simposio hanno fornito validi spunti di riflessione su un tema di grande e drammatica attualit\u00e0.<\/p>\n","protected":false},"excerpt":{"rendered":"<p>Israele e Vaticano insieme per confrontarsi sui temi della sostenibilit\u00e0 e dell\u2019inclusione femminile. Tanti gli spunti emersi nel&nbsp;simposio&nbsp;\u201cPensare&nbsp;green&nbsp;insieme \u2013 una prospettiva femminile sul cambiamento climatico e la sostenibilit\u00e0\u201d promosso dall\u2019Ambasciata d\u2019Israele presso la Santa Sede&nbsp;nei giorni scorsi&nbsp;presso la Pontificia Facolt\u00e0 di Scienze dell&#8217;Educazione &#8220;Auxilium&#8221;. Un\u2019iniziativa gi\u00e0 prevista per l\u20198 Marzo, Giornata Internazionale della Donna, ma, [&hellip;]<\/p>\n","protected":false},"author":159,"featured_media":43021,"comment_status":"open","ping_status":"open","sticky":false,"template":"","format":"standard","meta":{"_acf_changed":false,"_jetpack_memberships_contains_paid_content":false,"footnotes":""},"categories":[13],"tags":[],"class_list":["post-69805","post","type-post","status-publish","format-standard","has-post-thumbnail","hentry","category-news"],"acf":[],"yoast_head":"<!-- This site is optimized with the Yoast SEO plugin v26.9 - https:\/\/yoast.com\/product\/yoast-seo-wordpress\/ -->\n<title>Sostenibilit\u00e0 al femminile nei nuovi progetti tra Israele e Vaticano - Shalom<\/title>\n<meta name=\"robots\" content=\"index, follow, max-snippet:-1, max-image-preview:large, max-video-preview:-1\" \/>\n<link rel=\"canonical\" href=\"https:\/\/www.shalom.it\/news\/sostenibilita-al-femminile-nei-nuovi-progetti-tra-israele-e-vaticano-b1115721\/\" \/>\n<meta property=\"og:locale\" content=\"it_IT\" \/>\n<meta property=\"og:type\" content=\"article\" \/>\n<meta property=\"og:title\" content=\"Sostenibilit\u00e0 al femminile nei nuovi progetti tra Israele e Vaticano - Shalom\" \/>\n<meta property=\"og:description\" content=\"Israele e Vaticano insieme per confrontarsi sui temi della sostenibilit\u00e0 e dell\u2019inclusione femminile. Tanti gli spunti emersi nel&nbsp;simposio&nbsp;\u201cPensare&nbsp;green&nbsp;insieme \u2013 una prospettiva femminile sul cambiamento climatico e la sostenibilit\u00e0\u201d promosso dall\u2019Ambasciata d\u2019Israele presso la Santa Sede&nbsp;nei giorni scorsi&nbsp;presso la Pontificia Facolt\u00e0 di Scienze dell&#8217;Educazione &#8220;Auxilium&#8221;. Un\u2019iniziativa gi\u00e0 prevista per l\u20198 Marzo, Giornata Internazionale della Donna, ma, [&hellip;]\" \/>\n<meta property=\"og:url\" content=\"https:\/\/www.shalom.it\/news\/sostenibilita-al-femminile-nei-nuovi-progetti-tra-israele-e-vaticano-b1115721\/\" \/>\n<meta property=\"og:site_name\" content=\"Shalom\" \/>\n<meta property=\"article:published_time\" content=\"2022-05-18T22:00:00+00:00\" \/>\n<meta property=\"article:modified_time\" content=\"2024-05-30T22:51:39+00:00\" \/>\n<meta property=\"og:image\" content=\"https:\/\/www.shalom.it\/wp-content\/uploads\/2021\/07\/FOTO.jpg\" \/>\n\t<meta property=\"og:image:width\" content=\"480\" \/>\n\t<meta property=\"og:image:height\" content=\"480\" \/>\n\t<meta property=\"og:image:type\" content=\"image\/jpeg\" \/>\n<meta name=\"author\" content=\"Sarah Tagliacozzo\" \/>\n<meta name=\"twitter:card\" content=\"summary_large_image\" \/>\n<meta name=\"twitter:label1\" content=\"Scritto da\" \/>\n\t<meta name=\"twitter:data1\" content=\"Sarah Tagliacozzo\" \/>\n\t<meta name=\"twitter:label2\" content=\"Tempo di lettura stimato\" \/>\n\t<meta name=\"twitter:data2\" content=\"4 minuti\" \/>\n<script type=\"application\/ld+json\" class=\"yoast-schema-graph\">{\"@context\":\"https:\/\/schema.org\",\"@graph\":[{\"@type\":\"Article\",\"@id\":\"https:\/\/www.shalom.it\/news\/sostenibilita-al-femminile-nei-nuovi-progetti-tra-israele-e-vaticano-b1115721\/#article\",\"isPartOf\":{\"@id\":\"https:\/\/www.shalom.it\/news\/sostenibilita-al-femminile-nei-nuovi-progetti-tra-israele-e-vaticano-b1115721\/\"},\"author\":{\"name\":\"Sarah Tagliacozzo\",\"@id\":\"https:\/\/www.shalom.it\/#\/schema\/person\/3822fedcabd7f9ec6575383edd5b96b1\"},\"headline\":\"Sostenibilit\u00e0 al femminile nei nuovi progetti tra Israele e Vaticano\",\"datePublished\":\"2022-05-18T22:00:00+00:00\",\"dateModified\":\"2024-05-30T22:51:39+00:00\",\"mainEntityOfPage\":{\"@id\":\"https:\/\/www.shalom.it\/news\/sostenibilita-al-femminile-nei-nuovi-progetti-tra-israele-e-vaticano-b1115721\/\"},\"wordCount\":827,\"commentCount\":0,\"image\":{\"@id\":\"https:\/\/www.shalom.it\/news\/sostenibilita-al-femminile-nei-nuovi-progetti-tra-israele-e-vaticano-b1115721\/#primaryimage\"},\"thumbnailUrl\":\"https:\/\/www.shalom.it\/wp-content\/uploads\/2021\/07\/FOTO.jpg\",\"articleSection\":[\"NEWS\"],\"inLanguage\":\"it-IT\"},{\"@type\":\"WebPage\",\"@id\":\"https:\/\/www.shalom.it\/news\/sostenibilita-al-femminile-nei-nuovi-progetti-tra-israele-e-vaticano-b1115721\/\",\"url\":\"https:\/\/www.shalom.it\/news\/sostenibilita-al-femminile-nei-nuovi-progetti-tra-israele-e-vaticano-b1115721\/\",\"name\":\"Sostenibilit\u00e0 al femminile nei nuovi progetti tra Israele e Vaticano - Shalom\",\"isPartOf\":{\"@id\":\"https:\/\/www.shalom.it\/#website\"},\"primaryImageOfPage\":{\"@id\":\"https:\/\/www.shalom.it\/news\/sostenibilita-al-femminile-nei-nuovi-progetti-tra-israele-e-vaticano-b1115721\/#primaryimage\"},\"image\":{\"@id\":\"https:\/\/www.shalom.it\/news\/sostenibilita-al-femminile-nei-nuovi-progetti-tra-israele-e-vaticano-b1115721\/#primaryimage\"},\"thumbnailUrl\":\"https:\/\/www.shalom.it\/wp-content\/uploads\/2021\/07\/FOTO.jpg\",\"datePublished\":\"2022-05-18T22:00:00+00:00\",\"dateModified\":\"2024-05-30T22:51:39+00:00\",\"author\":{\"@id\":\"https:\/\/www.shalom.it\/#\/schema\/person\/3822fedcabd7f9ec6575383edd5b96b1\"},\"breadcrumb\":{\"@id\":\"https:\/\/www.shalom.it\/news\/sostenibilita-al-femminile-nei-nuovi-progetti-tra-israele-e-vaticano-b1115721\/#breadcrumb\"},\"inLanguage\":\"it-IT\",\"potentialAction\":[{\"@type\":\"ReadAction\",\"target\":[\"https:\/\/www.shalom.it\/news\/sostenibilita-al-femminile-nei-nuovi-progetti-tra-israele-e-vaticano-b1115721\/\"]}]},{\"@type\":\"ImageObject\",\"inLanguage\":\"it-IT\",\"@id\":\"https:\/\/www.shalom.it\/news\/sostenibilita-al-femminile-nei-nuovi-progetti-tra-israele-e-vaticano-b1115721\/#primaryimage\",\"url\":\"https:\/\/www.shalom.it\/wp-content\/uploads\/2021\/07\/FOTO.jpg\",\"contentUrl\":\"https:\/\/www.shalom.it\/wp-content\/uploads\/2021\/07\/FOTO.jpg\",\"width\":480,\"height\":480},{\"@type\":\"BreadcrumbList\",\"@id\":\"https:\/\/www.shalom.it\/news\/sostenibilita-al-femminile-nei-nuovi-progetti-tra-israele-e-vaticano-b1115721\/#breadcrumb\",\"itemListElement\":[{\"@type\":\"ListItem\",\"position\":1,\"name\":\"Home\",\"item\":\"https:\/\/www.shalom.it\/\"},{\"@type\":\"ListItem\",\"position\":2,\"name\":\"Sostenibilit\u00e0 al femminile nei nuovi progetti tra Israele e Vaticano\"}]},{\"@type\":\"WebSite\",\"@id\":\"https:\/\/www.shalom.it\/#website\",\"url\":\"https:\/\/www.shalom.it\/\",\"name\":\"Shalom\",\"description\":\"Il Magazine della comunit\u00e0 ebraica di Roma\",\"potentialAction\":[{\"@type\":\"SearchAction\",\"target\":{\"@type\":\"EntryPoint\",\"urlTemplate\":\"https:\/\/www.shalom.it\/?s={search_term_string}\"},\"query-input\":{\"@type\":\"PropertyValueSpecification\",\"valueRequired\":true,\"valueName\":\"search_term_string\"}}],\"inLanguage\":\"it-IT\"},{\"@type\":\"Person\",\"@id\":\"https:\/\/www.shalom.it\/#\/schema\/person\/3822fedcabd7f9ec6575383edd5b96b1\",\"name\":\"Sarah Tagliacozzo\",\"url\":\"https:\/\/www.shalom.it\/author\/sarah-tagliacozzo\/\"}]}<\/script>\n<!-- \/ Yoast SEO plugin. -->","yoast_head_json":{"title":"Sostenibilit\u00e0 al femminile nei nuovi progetti tra Israele e Vaticano - Shalom","robots":{"index":"index","follow":"follow","max-snippet":"max-snippet:-1","max-image-preview":"max-image-preview:large","max-video-preview":"max-video-preview:-1"},"canonical":"https:\/\/www.shalom.it\/news\/sostenibilita-al-femminile-nei-nuovi-progetti-tra-israele-e-vaticano-b1115721\/","og_locale":"it_IT","og_type":"article","og_title":"Sostenibilit\u00e0 al femminile nei nuovi progetti tra Israele e Vaticano - Shalom","og_description":"Israele e Vaticano insieme per confrontarsi sui temi della sostenibilit\u00e0 e dell\u2019inclusione femminile. Tanti gli spunti emersi nel&nbsp;simposio&nbsp;\u201cPensare&nbsp;green&nbsp;insieme \u2013 una prospettiva femminile sul cambiamento climatico e la sostenibilit\u00e0\u201d promosso dall\u2019Ambasciata d\u2019Israele presso la Santa Sede&nbsp;nei giorni scorsi&nbsp;presso la Pontificia Facolt\u00e0 di Scienze dell&#8217;Educazione &#8220;Auxilium&#8221;. Un\u2019iniziativa gi\u00e0 prevista per l\u20198 Marzo, Giornata Internazionale della Donna, ma, [&hellip;]","og_url":"https:\/\/www.shalom.it\/news\/sostenibilita-al-femminile-nei-nuovi-progetti-tra-israele-e-vaticano-b1115721\/","og_site_name":"Shalom","article_published_time":"2022-05-18T22:00:00+00:00","article_modified_time":"2024-05-30T22:51:39+00:00","og_image":[{"width":480,"height":480,"url":"https:\/\/www.shalom.it\/wp-content\/uploads\/2021\/07\/FOTO.jpg","type":"image\/jpeg"}],"author":"Sarah Tagliacozzo","twitter_card":"summary_large_image","twitter_misc":{"Scritto da":"Sarah Tagliacozzo","Tempo di lettura stimato":"4 minuti"},"schema":{"@context":"https:\/\/schema.org","@graph":[{"@type":"Article","@id":"https:\/\/www.shalom.it\/news\/sostenibilita-al-femminile-nei-nuovi-progetti-tra-israele-e-vaticano-b1115721\/#article","isPartOf":{"@id":"https:\/\/www.shalom.it\/news\/sostenibilita-al-femminile-nei-nuovi-progetti-tra-israele-e-vaticano-b1115721\/"},"author":{"name":"Sarah Tagliacozzo","@id":"https:\/\/www.shalom.it\/#\/schema\/person\/3822fedcabd7f9ec6575383edd5b96b1"},"headline":"Sostenibilit\u00e0 al femminile nei nuovi progetti tra Israele e Vaticano","datePublished":"2022-05-18T22:00:00+00:00","dateModified":"2024-05-30T22:51:39+00:00","mainEntityOfPage":{"@id":"https:\/\/www.shalom.it\/news\/sostenibilita-al-femminile-nei-nuovi-progetti-tra-israele-e-vaticano-b1115721\/"},"wordCount":827,"commentCount":0,"image":{"@id":"https:\/\/www.shalom.it\/news\/sostenibilita-al-femminile-nei-nuovi-progetti-tra-israele-e-vaticano-b1115721\/#primaryimage"},"thumbnailUrl":"https:\/\/www.shalom.it\/wp-content\/uploads\/2021\/07\/FOTO.jpg","articleSection":["NEWS"],"inLanguage":"it-IT"},{"@type":"WebPage","@id":"https:\/\/www.shalom.it\/news\/sostenibilita-al-femminile-nei-nuovi-progetti-tra-israele-e-vaticano-b1115721\/","url":"https:\/\/www.shalom.it\/news\/sostenibilita-al-femminile-nei-nuovi-progetti-tra-israele-e-vaticano-b1115721\/","name":"Sostenibilit\u00e0 al femminile nei nuovi progetti tra Israele e Vaticano - Shalom","isPartOf":{"@id":"https:\/\/www.shalom.it\/#website"},"primaryImageOfPage":{"@id":"https:\/\/www.shalom.it\/news\/sostenibilita-al-femminile-nei-nuovi-progetti-tra-israele-e-vaticano-b1115721\/#primaryimage"},"image":{"@id":"https:\/\/www.shalom.it\/news\/sostenibilita-al-femminile-nei-nuovi-progetti-tra-israele-e-vaticano-b1115721\/#primaryimage"},"thumbnailUrl":"https:\/\/www.shalom.it\/wp-content\/uploads\/2021\/07\/FOTO.jpg","datePublished":"2022-05-18T22:00:00+00:00","dateModified":"2024-05-30T22:51:39+00:00","author":{"@id":"https:\/\/www.shalom.it\/#\/schema\/person\/3822fedcabd7f9ec6575383edd5b96b1"},"breadcrumb":{"@id":"https:\/\/www.shalom.it\/news\/sostenibilita-al-femminile-nei-nuovi-progetti-tra-israele-e-vaticano-b1115721\/#breadcrumb"},"inLanguage":"it-IT","potentialAction":[{"@type":"ReadAction","target":["https:\/\/www.shalom.it\/news\/sostenibilita-al-femminile-nei-nuovi-progetti-tra-israele-e-vaticano-b1115721\/"]}]},{"@type":"ImageObject","inLanguage":"it-IT","@id":"https:\/\/www.shalom.it\/news\/sostenibilita-al-femminile-nei-nuovi-progetti-tra-israele-e-vaticano-b1115721\/#primaryimage","url":"https:\/\/www.shalom.it\/wp-content\/uploads\/2021\/07\/FOTO.jpg","contentUrl":"https:\/\/www.shalom.it\/wp-content\/uploads\/2021\/07\/FOTO.jpg","width":480,"height":480},{"@type":"BreadcrumbList","@id":"https:\/\/www.shalom.it\/news\/sostenibilita-al-femminile-nei-nuovi-progetti-tra-israele-e-vaticano-b1115721\/#breadcrumb","itemListElement":[{"@type":"ListItem","position":1,"name":"Home","item":"https:\/\/www.shalom.it\/"},{"@type":"ListItem","position":2,"name":"Sostenibilit\u00e0 al femminile nei nuovi progetti tra Israele e Vaticano"}]},{"@type":"WebSite","@id":"https:\/\/www.shalom.it\/#website","url":"https:\/\/www.shalom.it\/","name":"Shalom","description":"Il Magazine della comunit\u00e0 ebraica di Roma","potentialAction":[{"@type":"SearchAction","target":{"@type":"EntryPoint","urlTemplate":"https:\/\/www.shalom.it\/?s={search_term_string}"},"query-input":{"@type":"PropertyValueSpecification","valueRequired":true,"valueName":"search_term_string"}}],"inLanguage":"it-IT"},{"@type":"Person","@id":"https:\/\/www.shalom.it\/#\/schema\/person\/3822fedcabd7f9ec6575383edd5b96b1","name":"Sarah Tagliacozzo","url":"https:\/\/www.shalom.it\/author\/sarah-tagliacozzo\/"}]}},"jetpack_featured_media_url":"https:\/\/www.shalom.it\/wp-content\/uploads\/2021\/07\/FOTO.jpg","jetpack_sharing_enabled":true,"_links":{"self":[{"href":"https:\/\/www.shalom.it\/wp-json\/wp\/v2\/posts\/69805","targetHints":{"allow":["GET"]}}],"collection":[{"href":"https:\/\/www.shalom.it\/wp-json\/wp\/v2\/posts"}],"about":[{"href":"https:\/\/www.shalom.it\/wp-json\/wp\/v2\/types\/post"}],"author":[{"embeddable":true,"href":"https:\/\/www.shalom.it\/wp-json\/wp\/v2\/users\/159"}],"replies":[{"embeddable":true,"href":"https:\/\/www.shalom.it\/wp-json\/wp\/v2\/comments?post=69805"}],"version-history":[{"count":1,"href":"https:\/\/www.shalom.it\/wp-json\/wp\/v2\/posts\/69805\/revisions"}],"predecessor-version":[{"id":69808,"href":"https:\/\/www.shalom.it\/wp-json\/wp\/v2\/posts\/69805\/revisions\/69808"}],"wp:featuredmedia":[{"embeddable":true,"href":"https:\/\/www.shalom.it\/wp-json\/wp\/v2\/media\/43021"}],"wp:attachment":[{"href":"https:\/\/www.shalom.it\/wp-json\/wp\/v2\/media?parent=69805"}],"wp:term":[{"taxonomy":"category","embeddable":true,"href":"https:\/\/www.shalom.it\/wp-json\/wp\/v2\/categories?post=69805"},{"taxonomy":"post_tag","embeddable":true,"href":"https:\/\/www.shalom.it\/wp-json\/wp\/v2\/tags?post=69805"}],"curies":[{"name":"wp","href":"https:\/\/api.w.org\/{rel}","templated":true}]}}