{"id":69664,"date":"2022-05-10T00:00:00","date_gmt":"2022-05-09T22:00:00","guid":{"rendered":"https:\/\/www.shalom.it\/senza-categoria\/dopo-800-anni-la-chiesa-d-inghilterra-si-scusa-con-gli-ebrei-b1115321\/"},"modified":"2024-05-31T00:51:32","modified_gmt":"2024-05-30T22:51:32","slug":"dopo-800-anni-la-chiesa-d-inghilterra-si-scusa-con-gli-ebrei-b1115321","status":"publish","type":"post","link":"https:\/\/www.shalom.it\/news\/dopo-800-anni-la-chiesa-d-inghilterra-si-scusa-con-gli-ebrei-b1115321\/","title":{"rendered":"Dopo 800 anni, la Chiesa d&#8217;Inghilterra si scusa con gli ebrei"},"content":{"rendered":"<p class=\"MsoNormal\" style=\"margin: 0cm 0cm 0.0001pt;font-size: medium;font-family: Calibri, sans-serif\">Una cerimonia speciale presso la Christ Church Cathedral di Oxford ha visto la partecipazione del rabbino capo della Gran Bretagna Ephraim Mirvis e dei rappresentanti dell&#8217;arcivescovo di Canterbury Justin Welby in occasione del Sinodo di Oxford, approvato nel 1222. La cerimonia aveva come obiettivo quello di ispirare i cristiani a \u201crifiutare l&#8217;antisemitismo contemporaneo\u201d, come detto dall&#8217;arcivescovo di Canterbury. Cos\u00ec la chiesa d&#8217;Inghilterra domenica si \u00e8 scusata per le leggi antiebraiche approvate 800 anni fa che portarono successivamente all&#8217;espulsione degli ebrei dal regno per centinaia di anni.<\/p>\n<p class=\"MsoNormal\" style=\"margin: 0cm 0cm 0.0001pt;font-size: medium;font-family: Calibri, sans-serif\">&nbsp;<\/p>\n<p class=\"MsoNormal\" style=\"margin: 0cm 0cm 0.0001pt;font-size: medium;font-family: Calibri, sans-serif\">Il sinodo proibiva le interazioni sociali tra ebrei e cristiani, imponeva una decima specifica agli ebrei e richiedeva loro di indossare un segno distintivo di identificazione. Furono inoltre banditi da alcune professioni e dalla costruzione di nuove sinagoghe. I decreti furono seguiti da leggi pi\u00f9 dure che portarono all&#8217;espulsione di massa di circa 3.000 ebrei dell&#8217;epoca dall&#8217;Inghilterra nel 1290. Ci sarebbero voluti altri 360 anni prima che gli ebrei potessero tornare. Gli ebrei furono riammessi in Inghilterra da Oliver Cromwell nel 1656.<\/p>\n<p class=\"MsoNormal\" style=\"margin: 0cm 0cm 0.0001pt;font-size: medium;font-family: Calibri, sans-serif\">&nbsp;<\/p>\n<p class=\"MsoNormal\" style=\"margin: 0cm 0cm 0.0001pt;font-size: medium;font-family: Calibri, sans-serif\">&#8220;Il servizio di oggi \u00e8 un&#8217;opportunit\u00e0 per ricordare, pentirsi e ricostruire&#8221;, ha twittato Welby. \u201cPreghiamo perch\u00e9 ispiri i cristiani di oggi a rifiutare le forme contemporanee di antigiudaismo e antisemitismo e ad apprezzare e ricevere il dono dei nostri vicini ebrei\u201d. &#8220;La nostra intenzione \u00e8 che questa commemorazione sia un segnale forte di un potenziale incontro interreligioso che esiste sempre pi\u00f9 a Oxford e in tutta la nostra societ\u00e0&#8221;, ha detto la diocesi di Oxford in una dichiarazione condivisa un mese fa, prima dell\u2019evento.<\/p>\n<p class=\"MsoNormal\" style=\"margin: 0cm 0cm 0.0001pt;font-size: medium;font-family: Calibri, sans-serif\">&nbsp;<\/p>\n<p class=\"MsoNormal\" style=\"margin: 0cm 0cm 0.0001pt;font-size: medium;font-family: Calibri, sans-serif\">Sebbene la Chiesa d&#8217;Inghilterra sia stata costituita nel 1500 quando Enrico VIII si stacc\u00f2 dal papa, la chiesa cattolica romana era &#8220;pienamente d&#8217;accordo&#8221; con le scuse.&nbsp;&nbsp;Ha detto Jonathan Chaffey, arcidiacono di Oxford, al quotidiano britannico Guardian in un rapporto domenicale. \u201c\u00c8 giunto il momento per i cristiani di pentirsi per le loro \u201cazioni vergognose\u201d e di \u201cristrutturare positivamente\u201d le loro relazioni con la comunit\u00e0 ebraica\u201d ha aggiunto Chaffey.<\/p>\n<p class=\"MsoNormal\" style=\"margin: 0cm 0cm 0.0001pt;font-size: medium;font-family: Calibri, sans-serif\">&nbsp;<\/p>\n<p class=\"MsoNormal\" style=\"margin: 0cm 0cm 0.0001pt;font-size: medium;font-family: Calibri, sans-serif\">Tony Kushner, professore di relazioni tra ebrei e non ebrei all&#8217;Universit\u00e0 di Southampton, ha spiegato al Guardian che, sebbene la Chiesa d&#8217;Inghilterra non fosse presente al momento del Sinodo di Oxford, \u201csi considera la voce guida del cristianesimo in Gran Bretagna oggi\u201d e, quindi, \u201cle scuse hanno qualche merito nel riconoscere le ingiustizie commesse\u201d. La chiesa ha adottato misure per coltivare i rapporti con gli ebrei britannici negli ultimi anni. Nel 2019, Kushner, ha pubblicato un documento intitolato &#8220;La parola infallibile di D-o&#8221; che ha sottolineato l&#8217;importanza del rapporto ebraico-cristiano sottolineando come secoli di antisemitismo cristiano in Europa abbiano gettato le basi per la Shoah.&nbsp;<span>La cerimonia \u00e8 stata trasmessa in streaming su Internet.<\/span><\/p>\n","protected":false},"excerpt":{"rendered":"<p>Una cerimonia speciale presso la Christ Church Cathedral di Oxford ha visto la partecipazione del rabbino capo della Gran Bretagna Ephraim Mirvis e dei rappresentanti dell&#8217;arcivescovo di Canterbury Justin Welby in occasione del Sinodo di Oxford, approvato nel 1222. La cerimonia aveva come obiettivo quello di ispirare i cristiani a \u201crifiutare l&#8217;antisemitismo contemporaneo\u201d, come detto [&hellip;]<\/p>\n","protected":false},"author":89,"featured_media":69669,"comment_status":"open","ping_status":"open","sticky":false,"template":"","format":"standard","meta":{"_acf_changed":false,"_jetpack_memberships_contains_paid_content":false,"footnotes":""},"categories":[13],"tags":[],"class_list":["post-69664","post","type-post","status-publish","format-standard","has-post-thumbnail","hentry","category-news"],"acf":[],"yoast_head":"<!-- This site is optimized with the Yoast SEO plugin v26.9 - https:\/\/yoast.com\/product\/yoast-seo-wordpress\/ -->\n<title>Dopo 800 anni, la Chiesa d&#039;Inghilterra si scusa con gli ebrei - Shalom<\/title>\n<meta name=\"robots\" content=\"index, follow, max-snippet:-1, max-image-preview:large, max-video-preview:-1\" \/>\n<link rel=\"canonical\" href=\"https:\/\/www.shalom.it\/news\/dopo-800-anni-la-chiesa-d-inghilterra-si-scusa-con-gli-ebrei-b1115321\/\" \/>\n<meta property=\"og:locale\" content=\"it_IT\" \/>\n<meta property=\"og:type\" content=\"article\" \/>\n<meta property=\"og:title\" content=\"Dopo 800 anni, la Chiesa d&#039;Inghilterra si scusa con gli ebrei - Shalom\" \/>\n<meta property=\"og:description\" content=\"Una cerimonia speciale presso la Christ Church Cathedral di Oxford ha visto la partecipazione del rabbino capo della Gran Bretagna Ephraim Mirvis e dei rappresentanti dell&#8217;arcivescovo di Canterbury Justin Welby in occasione del Sinodo di Oxford, approvato nel 1222. La cerimonia aveva come obiettivo quello di ispirare i cristiani a \u201crifiutare l&#8217;antisemitismo contemporaneo\u201d, come detto [&hellip;]\" \/>\n<meta property=\"og:url\" content=\"https:\/\/www.shalom.it\/news\/dopo-800-anni-la-chiesa-d-inghilterra-si-scusa-con-gli-ebrei-b1115321\/\" \/>\n<meta property=\"og:site_name\" content=\"Shalom\" \/>\n<meta property=\"article:published_time\" content=\"2022-05-09T22:00:00+00:00\" \/>\n<meta property=\"article:modified_time\" content=\"2024-05-30T22:51:32+00:00\" \/>\n<meta property=\"og:image\" content=\"https:\/\/www.shalom.it\/wp-content\/uploads\/2022\/05\/AP21112481317101-640x400-1.jpg\" \/>\n\t<meta property=\"og:image:width\" content=\"640\" \/>\n\t<meta property=\"og:image:height\" content=\"400\" \/>\n\t<meta property=\"og:image:type\" content=\"image\/jpeg\" \/>\n<meta name=\"author\" content=\"Michelle Zarfati\" \/>\n<meta name=\"twitter:card\" content=\"summary_large_image\" \/>\n<meta name=\"twitter:label1\" content=\"Scritto da\" \/>\n\t<meta name=\"twitter:data1\" content=\"Michelle Zarfati\" \/>\n\t<meta name=\"twitter:label2\" content=\"Tempo di lettura stimato\" \/>\n\t<meta name=\"twitter:data2\" content=\"2 minuti\" \/>\n<script type=\"application\/ld+json\" class=\"yoast-schema-graph\">{\"@context\":\"https:\/\/schema.org\",\"@graph\":[{\"@type\":\"Article\",\"@id\":\"https:\/\/www.shalom.it\/news\/dopo-800-anni-la-chiesa-d-inghilterra-si-scusa-con-gli-ebrei-b1115321\/#article\",\"isPartOf\":{\"@id\":\"https:\/\/www.shalom.it\/news\/dopo-800-anni-la-chiesa-d-inghilterra-si-scusa-con-gli-ebrei-b1115321\/\"},\"author\":{\"name\":\"Michelle Zarfati\",\"@id\":\"https:\/\/www.shalom.it\/#\/schema\/person\/d9f18de0c8e16f0e7113889b42fd88c0\"},\"headline\":\"Dopo 800 anni, la Chiesa d&#8217;Inghilterra si scusa con gli ebrei\",\"datePublished\":\"2022-05-09T22:00:00+00:00\",\"dateModified\":\"2024-05-30T22:51:32+00:00\",\"mainEntityOfPage\":{\"@id\":\"https:\/\/www.shalom.it\/news\/dopo-800-anni-la-chiesa-d-inghilterra-si-scusa-con-gli-ebrei-b1115321\/\"},\"wordCount\":455,\"commentCount\":0,\"image\":{\"@id\":\"https:\/\/www.shalom.it\/news\/dopo-800-anni-la-chiesa-d-inghilterra-si-scusa-con-gli-ebrei-b1115321\/#primaryimage\"},\"thumbnailUrl\":\"https:\/\/www.shalom.it\/wp-content\/uploads\/2022\/05\/AP21112481317101-640x400-1.jpg\",\"articleSection\":[\"NEWS\"],\"inLanguage\":\"it-IT\"},{\"@type\":\"WebPage\",\"@id\":\"https:\/\/www.shalom.it\/news\/dopo-800-anni-la-chiesa-d-inghilterra-si-scusa-con-gli-ebrei-b1115321\/\",\"url\":\"https:\/\/www.shalom.it\/news\/dopo-800-anni-la-chiesa-d-inghilterra-si-scusa-con-gli-ebrei-b1115321\/\",\"name\":\"Dopo 800 anni, la Chiesa d'Inghilterra si scusa con gli ebrei - Shalom\",\"isPartOf\":{\"@id\":\"https:\/\/www.shalom.it\/#website\"},\"primaryImageOfPage\":{\"@id\":\"https:\/\/www.shalom.it\/news\/dopo-800-anni-la-chiesa-d-inghilterra-si-scusa-con-gli-ebrei-b1115321\/#primaryimage\"},\"image\":{\"@id\":\"https:\/\/www.shalom.it\/news\/dopo-800-anni-la-chiesa-d-inghilterra-si-scusa-con-gli-ebrei-b1115321\/#primaryimage\"},\"thumbnailUrl\":\"https:\/\/www.shalom.it\/wp-content\/uploads\/2022\/05\/AP21112481317101-640x400-1.jpg\",\"datePublished\":\"2022-05-09T22:00:00+00:00\",\"dateModified\":\"2024-05-30T22:51:32+00:00\",\"author\":{\"@id\":\"https:\/\/www.shalom.it\/#\/schema\/person\/d9f18de0c8e16f0e7113889b42fd88c0\"},\"breadcrumb\":{\"@id\":\"https:\/\/www.shalom.it\/news\/dopo-800-anni-la-chiesa-d-inghilterra-si-scusa-con-gli-ebrei-b1115321\/#breadcrumb\"},\"inLanguage\":\"it-IT\",\"potentialAction\":[{\"@type\":\"ReadAction\",\"target\":[\"https:\/\/www.shalom.it\/news\/dopo-800-anni-la-chiesa-d-inghilterra-si-scusa-con-gli-ebrei-b1115321\/\"]}]},{\"@type\":\"ImageObject\",\"inLanguage\":\"it-IT\",\"@id\":\"https:\/\/www.shalom.it\/news\/dopo-800-anni-la-chiesa-d-inghilterra-si-scusa-con-gli-ebrei-b1115321\/#primaryimage\",\"url\":\"https:\/\/www.shalom.it\/wp-content\/uploads\/2022\/05\/AP21112481317101-640x400-1.jpg\",\"contentUrl\":\"https:\/\/www.shalom.it\/wp-content\/uploads\/2022\/05\/AP21112481317101-640x400-1.jpg\",\"width\":640,\"height\":400,\"caption\":\"FILE - In this Sunday Nov. 11, 2018 file photo, Archbishop of Canterbury Justin Welby makes an address during a National Service to mark the centenary of the Armistice at Westminster Abbey, London. A report published Thursday April 22, 2021 aiming to tackle racism in the Church of England has recommended dozens of proposals to end decades of inaction, including the requirement that at least one ethnic minority candidate be included in shortlists for senior clergy roles. (Paul Grover\/Pool photo via AP)\"},{\"@type\":\"BreadcrumbList\",\"@id\":\"https:\/\/www.shalom.it\/news\/dopo-800-anni-la-chiesa-d-inghilterra-si-scusa-con-gli-ebrei-b1115321\/#breadcrumb\",\"itemListElement\":[{\"@type\":\"ListItem\",\"position\":1,\"name\":\"Home\",\"item\":\"https:\/\/www.shalom.it\/\"},{\"@type\":\"ListItem\",\"position\":2,\"name\":\"Dopo 800 anni, la Chiesa d&#8217;Inghilterra si scusa con gli ebrei\"}]},{\"@type\":\"WebSite\",\"@id\":\"https:\/\/www.shalom.it\/#website\",\"url\":\"https:\/\/www.shalom.it\/\",\"name\":\"Shalom\",\"description\":\"Il Magazine della comunit\u00e0 ebraica di Roma\",\"potentialAction\":[{\"@type\":\"SearchAction\",\"target\":{\"@type\":\"EntryPoint\",\"urlTemplate\":\"https:\/\/www.shalom.it\/?s={search_term_string}\"},\"query-input\":{\"@type\":\"PropertyValueSpecification\",\"valueRequired\":true,\"valueName\":\"search_term_string\"}}],\"inLanguage\":\"it-IT\"},{\"@type\":\"Person\",\"@id\":\"https:\/\/www.shalom.it\/#\/schema\/person\/d9f18de0c8e16f0e7113889b42fd88c0\",\"name\":\"Michelle Zarfati\",\"url\":\"https:\/\/www.shalom.it\/author\/michellezarfati\/\"}]}<\/script>\n<!-- \/ Yoast SEO plugin. -->","yoast_head_json":{"title":"Dopo 800 anni, la Chiesa d'Inghilterra si scusa con gli ebrei - Shalom","robots":{"index":"index","follow":"follow","max-snippet":"max-snippet:-1","max-image-preview":"max-image-preview:large","max-video-preview":"max-video-preview:-1"},"canonical":"https:\/\/www.shalom.it\/news\/dopo-800-anni-la-chiesa-d-inghilterra-si-scusa-con-gli-ebrei-b1115321\/","og_locale":"it_IT","og_type":"article","og_title":"Dopo 800 anni, la Chiesa d'Inghilterra si scusa con gli ebrei - Shalom","og_description":"Una cerimonia speciale presso la Christ Church Cathedral di Oxford ha visto la partecipazione del rabbino capo della Gran Bretagna Ephraim Mirvis e dei rappresentanti dell&#8217;arcivescovo di Canterbury Justin Welby in occasione del Sinodo di Oxford, approvato nel 1222. La cerimonia aveva come obiettivo quello di ispirare i cristiani a \u201crifiutare l&#8217;antisemitismo contemporaneo\u201d, come detto [&hellip;]","og_url":"https:\/\/www.shalom.it\/news\/dopo-800-anni-la-chiesa-d-inghilterra-si-scusa-con-gli-ebrei-b1115321\/","og_site_name":"Shalom","article_published_time":"2022-05-09T22:00:00+00:00","article_modified_time":"2024-05-30T22:51:32+00:00","og_image":[{"width":640,"height":400,"url":"https:\/\/www.shalom.it\/wp-content\/uploads\/2022\/05\/AP21112481317101-640x400-1.jpg","type":"image\/jpeg"}],"author":"Michelle Zarfati","twitter_card":"summary_large_image","twitter_misc":{"Scritto da":"Michelle Zarfati","Tempo di lettura stimato":"2 minuti"},"schema":{"@context":"https:\/\/schema.org","@graph":[{"@type":"Article","@id":"https:\/\/www.shalom.it\/news\/dopo-800-anni-la-chiesa-d-inghilterra-si-scusa-con-gli-ebrei-b1115321\/#article","isPartOf":{"@id":"https:\/\/www.shalom.it\/news\/dopo-800-anni-la-chiesa-d-inghilterra-si-scusa-con-gli-ebrei-b1115321\/"},"author":{"name":"Michelle Zarfati","@id":"https:\/\/www.shalom.it\/#\/schema\/person\/d9f18de0c8e16f0e7113889b42fd88c0"},"headline":"Dopo 800 anni, la Chiesa d&#8217;Inghilterra si scusa con gli ebrei","datePublished":"2022-05-09T22:00:00+00:00","dateModified":"2024-05-30T22:51:32+00:00","mainEntityOfPage":{"@id":"https:\/\/www.shalom.it\/news\/dopo-800-anni-la-chiesa-d-inghilterra-si-scusa-con-gli-ebrei-b1115321\/"},"wordCount":455,"commentCount":0,"image":{"@id":"https:\/\/www.shalom.it\/news\/dopo-800-anni-la-chiesa-d-inghilterra-si-scusa-con-gli-ebrei-b1115321\/#primaryimage"},"thumbnailUrl":"https:\/\/www.shalom.it\/wp-content\/uploads\/2022\/05\/AP21112481317101-640x400-1.jpg","articleSection":["NEWS"],"inLanguage":"it-IT"},{"@type":"WebPage","@id":"https:\/\/www.shalom.it\/news\/dopo-800-anni-la-chiesa-d-inghilterra-si-scusa-con-gli-ebrei-b1115321\/","url":"https:\/\/www.shalom.it\/news\/dopo-800-anni-la-chiesa-d-inghilterra-si-scusa-con-gli-ebrei-b1115321\/","name":"Dopo 800 anni, la Chiesa d'Inghilterra si scusa con gli ebrei - Shalom","isPartOf":{"@id":"https:\/\/www.shalom.it\/#website"},"primaryImageOfPage":{"@id":"https:\/\/www.shalom.it\/news\/dopo-800-anni-la-chiesa-d-inghilterra-si-scusa-con-gli-ebrei-b1115321\/#primaryimage"},"image":{"@id":"https:\/\/www.shalom.it\/news\/dopo-800-anni-la-chiesa-d-inghilterra-si-scusa-con-gli-ebrei-b1115321\/#primaryimage"},"thumbnailUrl":"https:\/\/www.shalom.it\/wp-content\/uploads\/2022\/05\/AP21112481317101-640x400-1.jpg","datePublished":"2022-05-09T22:00:00+00:00","dateModified":"2024-05-30T22:51:32+00:00","author":{"@id":"https:\/\/www.shalom.it\/#\/schema\/person\/d9f18de0c8e16f0e7113889b42fd88c0"},"breadcrumb":{"@id":"https:\/\/www.shalom.it\/news\/dopo-800-anni-la-chiesa-d-inghilterra-si-scusa-con-gli-ebrei-b1115321\/#breadcrumb"},"inLanguage":"it-IT","potentialAction":[{"@type":"ReadAction","target":["https:\/\/www.shalom.it\/news\/dopo-800-anni-la-chiesa-d-inghilterra-si-scusa-con-gli-ebrei-b1115321\/"]}]},{"@type":"ImageObject","inLanguage":"it-IT","@id":"https:\/\/www.shalom.it\/news\/dopo-800-anni-la-chiesa-d-inghilterra-si-scusa-con-gli-ebrei-b1115321\/#primaryimage","url":"https:\/\/www.shalom.it\/wp-content\/uploads\/2022\/05\/AP21112481317101-640x400-1.jpg","contentUrl":"https:\/\/www.shalom.it\/wp-content\/uploads\/2022\/05\/AP21112481317101-640x400-1.jpg","width":640,"height":400,"caption":"FILE - In this Sunday Nov. 11, 2018 file photo, Archbishop of Canterbury Justin Welby makes an address during a National Service to mark the centenary of the Armistice at Westminster Abbey, London. A report published Thursday April 22, 2021 aiming to tackle racism in the Church of England has recommended dozens of proposals to end decades of inaction, including the requirement that at least one ethnic minority candidate be included in shortlists for senior clergy roles. (Paul Grover\/Pool photo via AP)"},{"@type":"BreadcrumbList","@id":"https:\/\/www.shalom.it\/news\/dopo-800-anni-la-chiesa-d-inghilterra-si-scusa-con-gli-ebrei-b1115321\/#breadcrumb","itemListElement":[{"@type":"ListItem","position":1,"name":"Home","item":"https:\/\/www.shalom.it\/"},{"@type":"ListItem","position":2,"name":"Dopo 800 anni, la Chiesa d&#8217;Inghilterra si scusa con gli ebrei"}]},{"@type":"WebSite","@id":"https:\/\/www.shalom.it\/#website","url":"https:\/\/www.shalom.it\/","name":"Shalom","description":"Il Magazine della comunit\u00e0 ebraica di Roma","potentialAction":[{"@type":"SearchAction","target":{"@type":"EntryPoint","urlTemplate":"https:\/\/www.shalom.it\/?s={search_term_string}"},"query-input":{"@type":"PropertyValueSpecification","valueRequired":true,"valueName":"search_term_string"}}],"inLanguage":"it-IT"},{"@type":"Person","@id":"https:\/\/www.shalom.it\/#\/schema\/person\/d9f18de0c8e16f0e7113889b42fd88c0","name":"Michelle Zarfati","url":"https:\/\/www.shalom.it\/author\/michellezarfati\/"}]}},"jetpack_featured_media_url":"https:\/\/www.shalom.it\/wp-content\/uploads\/2022\/05\/AP21112481317101-640x400-1.jpg","jetpack_sharing_enabled":true,"_links":{"self":[{"href":"https:\/\/www.shalom.it\/wp-json\/wp\/v2\/posts\/69664","targetHints":{"allow":["GET"]}}],"collection":[{"href":"https:\/\/www.shalom.it\/wp-json\/wp\/v2\/posts"}],"about":[{"href":"https:\/\/www.shalom.it\/wp-json\/wp\/v2\/types\/post"}],"author":[{"embeddable":true,"href":"https:\/\/www.shalom.it\/wp-json\/wp\/v2\/users\/89"}],"replies":[{"embeddable":true,"href":"https:\/\/www.shalom.it\/wp-json\/wp\/v2\/comments?post=69664"}],"version-history":[{"count":1,"href":"https:\/\/www.shalom.it\/wp-json\/wp\/v2\/posts\/69664\/revisions"}],"predecessor-version":[{"id":69665,"href":"https:\/\/www.shalom.it\/wp-json\/wp\/v2\/posts\/69664\/revisions\/69665"}],"wp:featuredmedia":[{"embeddable":true,"href":"https:\/\/www.shalom.it\/wp-json\/wp\/v2\/media\/69669"}],"wp:attachment":[{"href":"https:\/\/www.shalom.it\/wp-json\/wp\/v2\/media?parent=69664"}],"wp:term":[{"taxonomy":"category","embeddable":true,"href":"https:\/\/www.shalom.it\/wp-json\/wp\/v2\/categories?post=69664"},{"taxonomy":"post_tag","embeddable":true,"href":"https:\/\/www.shalom.it\/wp-json\/wp\/v2\/tags?post=69664"}],"curies":[{"name":"wp","href":"https:\/\/api.w.org\/{rel}","templated":true}]}}