{"id":68621,"date":"2022-03-20T00:00:00","date_gmt":"2022-03-19T23:00:00","guid":{"rendered":"https:\/\/www.shalom.it\/senza-categoria\/le-vie-della-eden-neri-pozza-di-eshkol-nevo-b1112701\/"},"modified":"2024-05-31T00:50:53","modified_gmt":"2024-05-30T22:50:53","slug":"le-vie-della-eden-neri-pozza-di-eshkol-nevo-b1112701","status":"publish","type":"post","link":"https:\/\/www.shalom.it\/cultura\/le-vie-della-eden-neri-pozza-di-eshkol-nevo-b1112701\/","title":{"rendered":"Le vie dell\u2019Eden (Neri Pozza) di Eshkol Nevo"},"content":{"rendered":"<p class=\"MsoNormal\" style=\"margin: 0cm 0cm 0.0001pt;font-size: medium;font-family: Calibri, sans-serif\"><\/p>\n<p class=\"MsoNormal\" style=\"margin: 0cm 0cm 0.0001pt;font-size: medium;font-family: Calibri, sans-serif\">Tre storie, tre rocambolesche situazioni, tre narrazioni che insinuano nella psiche dei personaggi. \u00c8 il nuovo atteso romanzo di Eshkol Nevo, Le vie dell\u2019Eden (Neri Pozza). Cos\u00ec Nevo torna a scavare nei sentimenti umani e lo fa servendosi di tre racconti che, pur essendo distinti tra loro, si intrecciano come i rami di un Pard\u00e8s, un frutteto, da cui prende il nome il titolo originale del libro. Nella prima storia incontriamo Omri, padre neo-divorziato e musicista che incontra Mor durante la sua luna di miele a La Paz. C\u2019\u00e8 qualcosa che lo colpisce di lei, \u201cla gatta randagia\u201d affascinante e debole allo stesso tempo. Assieme vivranno una situazione folle, in cui Omri si trova coinvolto quasi per caso. Poi c\u2019\u00e8 il dottor Caro, un uomo attempato che dopo la morte della moglie trova rifugio nei ricordi e nella solitudine, finch\u00e9 non incontra una specializzanda che desta il suo interesse, Liat. Il dottore non sa perch\u00e9 ma sente l\u2019impulso di difendere Liat da tutto.&nbsp;&nbsp;E cos\u00ec equivoco dopo equivoco il passato torna a bussare alla porta del dottore. Ed infine, c\u2019\u00e8 una coppia che cammina come ogni settimana in un frutteto. Si tengono la mano, parlano, guardano i passanti fino al giorno in cui l\u2019uomo si allontana, consegna il telefono alla moglie e sparisce. Presa dalla paura la moglie si reca alla polizia, e mentre viene diramato l\u2019allarme lei ripercorre tutto, ma proprio tutto, quello che sa della sua vita e di quello di suo marito. Proprio come in Tre Piani, l\u2019impalcatura delle tre narrazioni costruisce un romanzo ricco di colpi di scena in cui i sentimenti sono sempre i protagonisti. Colpe, confessioni, dubbi e dolori. Un romanzo che si legge tutto d\u2019un fiato e che vorremmo che non fisse mai di farci compagnia, e di farci sentire un po&#8217; meno incompresi.<\/p>\n<p class=\"MsoNormal\" style=\"margin: 0cm 0cm 0.0001pt;font-size: medium;font-family: Calibri, sans-serif\">\n","protected":false},"excerpt":{"rendered":"<p>Tre storie, tre rocambolesche situazioni, tre narrazioni che insinuano nella psiche dei personaggi. \u00c8 il nuovo atteso romanzo di Eshkol Nevo, Le vie dell\u2019Eden (Neri Pozza). Cos\u00ec Nevo torna a scavare nei sentimenti umani e lo fa servendosi di tre racconti che, pur essendo distinti tra loro, si intrecciano come i rami di un Pard\u00e8s, [&hellip;]<\/p>\n","protected":false},"author":89,"featured_media":68629,"comment_status":"open","ping_status":"open","sticky":false,"template":"","format":"standard","meta":{"_acf_changed":false,"_jetpack_memberships_contains_paid_content":false,"footnotes":""},"categories":[7],"tags":[],"class_list":["post-68621","post","type-post","status-publish","format-standard","has-post-thumbnail","hentry","category-cultura"],"acf":[],"yoast_head":"<!-- This site is optimized with the Yoast SEO plugin v26.9 - https:\/\/yoast.com\/product\/yoast-seo-wordpress\/ -->\n<title>Le vie dell\u2019Eden (Neri Pozza) di Eshkol Nevo - Shalom<\/title>\n<meta name=\"robots\" content=\"index, follow, max-snippet:-1, max-image-preview:large, max-video-preview:-1\" \/>\n<link rel=\"canonical\" href=\"https:\/\/www.shalom.it\/cultura\/le-vie-della-eden-neri-pozza-di-eshkol-nevo-b1112701\/\" \/>\n<meta property=\"og:locale\" content=\"it_IT\" \/>\n<meta property=\"og:type\" content=\"article\" \/>\n<meta property=\"og:title\" content=\"Le vie dell\u2019Eden (Neri Pozza) di Eshkol Nevo - Shalom\" \/>\n<meta property=\"og:description\" content=\"Tre storie, tre rocambolesche situazioni, tre narrazioni che insinuano nella psiche dei personaggi. \u00c8 il nuovo atteso romanzo di Eshkol Nevo, Le vie dell\u2019Eden (Neri Pozza). Cos\u00ec Nevo torna a scavare nei sentimenti umani e lo fa servendosi di tre racconti che, pur essendo distinti tra loro, si intrecciano come i rami di un Pard\u00e8s, [&hellip;]\" \/>\n<meta property=\"og:url\" content=\"https:\/\/www.shalom.it\/cultura\/le-vie-della-eden-neri-pozza-di-eshkol-nevo-b1112701\/\" \/>\n<meta property=\"og:site_name\" content=\"Shalom\" \/>\n<meta property=\"article:published_time\" content=\"2022-03-19T23:00:00+00:00\" \/>\n<meta property=\"article:modified_time\" content=\"2024-05-30T22:50:53+00:00\" \/>\n<meta property=\"og:image\" content=\"https:\/\/www.shalom.it\/wp-content\/uploads\/2022\/01\/shalomlibri-5.jpg\" \/>\n\t<meta property=\"og:image:width\" content=\"800\" \/>\n\t<meta property=\"og:image:height\" content=\"400\" \/>\n\t<meta property=\"og:image:type\" content=\"image\/jpeg\" \/>\n<meta name=\"author\" content=\"Michelle Zarfati\" \/>\n<meta name=\"twitter:card\" content=\"summary_large_image\" \/>\n<meta name=\"twitter:label1\" content=\"Scritto da\" \/>\n\t<meta name=\"twitter:data1\" content=\"Michelle Zarfati\" \/>\n\t<meta name=\"twitter:label2\" content=\"Tempo di lettura stimato\" \/>\n\t<meta name=\"twitter:data2\" content=\"2 minuti\" \/>\n<script type=\"application\/ld+json\" class=\"yoast-schema-graph\">{\"@context\":\"https:\/\/schema.org\",\"@graph\":[{\"@type\":\"Article\",\"@id\":\"https:\/\/www.shalom.it\/cultura\/le-vie-della-eden-neri-pozza-di-eshkol-nevo-b1112701\/#article\",\"isPartOf\":{\"@id\":\"https:\/\/www.shalom.it\/cultura\/le-vie-della-eden-neri-pozza-di-eshkol-nevo-b1112701\/\"},\"author\":{\"name\":\"Michelle Zarfati\",\"@id\":\"https:\/\/www.shalom.it\/#\/schema\/person\/d9f18de0c8e16f0e7113889b42fd88c0\"},\"headline\":\"Le vie dell\u2019Eden (Neri Pozza) di Eshkol Nevo\",\"datePublished\":\"2022-03-19T23:00:00+00:00\",\"dateModified\":\"2024-05-30T22:50:53+00:00\",\"mainEntityOfPage\":{\"@id\":\"https:\/\/www.shalom.it\/cultura\/le-vie-della-eden-neri-pozza-di-eshkol-nevo-b1112701\/\"},\"wordCount\":318,\"commentCount\":0,\"image\":{\"@id\":\"https:\/\/www.shalom.it\/cultura\/le-vie-della-eden-neri-pozza-di-eshkol-nevo-b1112701\/#primaryimage\"},\"thumbnailUrl\":\"https:\/\/www.shalom.it\/wp-content\/uploads\/2022\/01\/shalomlibri-5.jpg\",\"articleSection\":[\"Cultura\"],\"inLanguage\":\"it-IT\"},{\"@type\":\"WebPage\",\"@id\":\"https:\/\/www.shalom.it\/cultura\/le-vie-della-eden-neri-pozza-di-eshkol-nevo-b1112701\/\",\"url\":\"https:\/\/www.shalom.it\/cultura\/le-vie-della-eden-neri-pozza-di-eshkol-nevo-b1112701\/\",\"name\":\"Le vie dell\u2019Eden (Neri Pozza) di Eshkol Nevo - Shalom\",\"isPartOf\":{\"@id\":\"https:\/\/www.shalom.it\/#website\"},\"primaryImageOfPage\":{\"@id\":\"https:\/\/www.shalom.it\/cultura\/le-vie-della-eden-neri-pozza-di-eshkol-nevo-b1112701\/#primaryimage\"},\"image\":{\"@id\":\"https:\/\/www.shalom.it\/cultura\/le-vie-della-eden-neri-pozza-di-eshkol-nevo-b1112701\/#primaryimage\"},\"thumbnailUrl\":\"https:\/\/www.shalom.it\/wp-content\/uploads\/2022\/01\/shalomlibri-5.jpg\",\"datePublished\":\"2022-03-19T23:00:00+00:00\",\"dateModified\":\"2024-05-30T22:50:53+00:00\",\"author\":{\"@id\":\"https:\/\/www.shalom.it\/#\/schema\/person\/d9f18de0c8e16f0e7113889b42fd88c0\"},\"breadcrumb\":{\"@id\":\"https:\/\/www.shalom.it\/cultura\/le-vie-della-eden-neri-pozza-di-eshkol-nevo-b1112701\/#breadcrumb\"},\"inLanguage\":\"it-IT\",\"potentialAction\":[{\"@type\":\"ReadAction\",\"target\":[\"https:\/\/www.shalom.it\/cultura\/le-vie-della-eden-neri-pozza-di-eshkol-nevo-b1112701\/\"]}]},{\"@type\":\"ImageObject\",\"inLanguage\":\"it-IT\",\"@id\":\"https:\/\/www.shalom.it\/cultura\/le-vie-della-eden-neri-pozza-di-eshkol-nevo-b1112701\/#primaryimage\",\"url\":\"https:\/\/www.shalom.it\/wp-content\/uploads\/2022\/01\/shalomlibri-5.jpg\",\"contentUrl\":\"https:\/\/www.shalom.it\/wp-content\/uploads\/2022\/01\/shalomlibri-5.jpg\",\"width\":800,\"height\":400},{\"@type\":\"BreadcrumbList\",\"@id\":\"https:\/\/www.shalom.it\/cultura\/le-vie-della-eden-neri-pozza-di-eshkol-nevo-b1112701\/#breadcrumb\",\"itemListElement\":[{\"@type\":\"ListItem\",\"position\":1,\"name\":\"Home\",\"item\":\"https:\/\/www.shalom.it\/\"},{\"@type\":\"ListItem\",\"position\":2,\"name\":\"Le vie dell\u2019Eden (Neri Pozza) di Eshkol Nevo\"}]},{\"@type\":\"WebSite\",\"@id\":\"https:\/\/www.shalom.it\/#website\",\"url\":\"https:\/\/www.shalom.it\/\",\"name\":\"Shalom\",\"description\":\"Il Magazine della comunit\u00e0 ebraica di Roma\",\"potentialAction\":[{\"@type\":\"SearchAction\",\"target\":{\"@type\":\"EntryPoint\",\"urlTemplate\":\"https:\/\/www.shalom.it\/?s={search_term_string}\"},\"query-input\":{\"@type\":\"PropertyValueSpecification\",\"valueRequired\":true,\"valueName\":\"search_term_string\"}}],\"inLanguage\":\"it-IT\"},{\"@type\":\"Person\",\"@id\":\"https:\/\/www.shalom.it\/#\/schema\/person\/d9f18de0c8e16f0e7113889b42fd88c0\",\"name\":\"Michelle Zarfati\",\"url\":\"https:\/\/www.shalom.it\/author\/michellezarfati\/\"}]}<\/script>\n<!-- \/ Yoast SEO plugin. -->","yoast_head_json":{"title":"Le vie dell\u2019Eden (Neri Pozza) di Eshkol Nevo - Shalom","robots":{"index":"index","follow":"follow","max-snippet":"max-snippet:-1","max-image-preview":"max-image-preview:large","max-video-preview":"max-video-preview:-1"},"canonical":"https:\/\/www.shalom.it\/cultura\/le-vie-della-eden-neri-pozza-di-eshkol-nevo-b1112701\/","og_locale":"it_IT","og_type":"article","og_title":"Le vie dell\u2019Eden (Neri Pozza) di Eshkol Nevo - Shalom","og_description":"Tre storie, tre rocambolesche situazioni, tre narrazioni che insinuano nella psiche dei personaggi. \u00c8 il nuovo atteso romanzo di Eshkol Nevo, Le vie dell\u2019Eden (Neri Pozza). Cos\u00ec Nevo torna a scavare nei sentimenti umani e lo fa servendosi di tre racconti che, pur essendo distinti tra loro, si intrecciano come i rami di un Pard\u00e8s, [&hellip;]","og_url":"https:\/\/www.shalom.it\/cultura\/le-vie-della-eden-neri-pozza-di-eshkol-nevo-b1112701\/","og_site_name":"Shalom","article_published_time":"2022-03-19T23:00:00+00:00","article_modified_time":"2024-05-30T22:50:53+00:00","og_image":[{"width":800,"height":400,"url":"https:\/\/www.shalom.it\/wp-content\/uploads\/2022\/01\/shalomlibri-5.jpg","type":"image\/jpeg"}],"author":"Michelle Zarfati","twitter_card":"summary_large_image","twitter_misc":{"Scritto da":"Michelle Zarfati","Tempo di lettura stimato":"2 minuti"},"schema":{"@context":"https:\/\/schema.org","@graph":[{"@type":"Article","@id":"https:\/\/www.shalom.it\/cultura\/le-vie-della-eden-neri-pozza-di-eshkol-nevo-b1112701\/#article","isPartOf":{"@id":"https:\/\/www.shalom.it\/cultura\/le-vie-della-eden-neri-pozza-di-eshkol-nevo-b1112701\/"},"author":{"name":"Michelle Zarfati","@id":"https:\/\/www.shalom.it\/#\/schema\/person\/d9f18de0c8e16f0e7113889b42fd88c0"},"headline":"Le vie dell\u2019Eden (Neri Pozza) di Eshkol Nevo","datePublished":"2022-03-19T23:00:00+00:00","dateModified":"2024-05-30T22:50:53+00:00","mainEntityOfPage":{"@id":"https:\/\/www.shalom.it\/cultura\/le-vie-della-eden-neri-pozza-di-eshkol-nevo-b1112701\/"},"wordCount":318,"commentCount":0,"image":{"@id":"https:\/\/www.shalom.it\/cultura\/le-vie-della-eden-neri-pozza-di-eshkol-nevo-b1112701\/#primaryimage"},"thumbnailUrl":"https:\/\/www.shalom.it\/wp-content\/uploads\/2022\/01\/shalomlibri-5.jpg","articleSection":["Cultura"],"inLanguage":"it-IT"},{"@type":"WebPage","@id":"https:\/\/www.shalom.it\/cultura\/le-vie-della-eden-neri-pozza-di-eshkol-nevo-b1112701\/","url":"https:\/\/www.shalom.it\/cultura\/le-vie-della-eden-neri-pozza-di-eshkol-nevo-b1112701\/","name":"Le vie dell\u2019Eden (Neri Pozza) di Eshkol Nevo - Shalom","isPartOf":{"@id":"https:\/\/www.shalom.it\/#website"},"primaryImageOfPage":{"@id":"https:\/\/www.shalom.it\/cultura\/le-vie-della-eden-neri-pozza-di-eshkol-nevo-b1112701\/#primaryimage"},"image":{"@id":"https:\/\/www.shalom.it\/cultura\/le-vie-della-eden-neri-pozza-di-eshkol-nevo-b1112701\/#primaryimage"},"thumbnailUrl":"https:\/\/www.shalom.it\/wp-content\/uploads\/2022\/01\/shalomlibri-5.jpg","datePublished":"2022-03-19T23:00:00+00:00","dateModified":"2024-05-30T22:50:53+00:00","author":{"@id":"https:\/\/www.shalom.it\/#\/schema\/person\/d9f18de0c8e16f0e7113889b42fd88c0"},"breadcrumb":{"@id":"https:\/\/www.shalom.it\/cultura\/le-vie-della-eden-neri-pozza-di-eshkol-nevo-b1112701\/#breadcrumb"},"inLanguage":"it-IT","potentialAction":[{"@type":"ReadAction","target":["https:\/\/www.shalom.it\/cultura\/le-vie-della-eden-neri-pozza-di-eshkol-nevo-b1112701\/"]}]},{"@type":"ImageObject","inLanguage":"it-IT","@id":"https:\/\/www.shalom.it\/cultura\/le-vie-della-eden-neri-pozza-di-eshkol-nevo-b1112701\/#primaryimage","url":"https:\/\/www.shalom.it\/wp-content\/uploads\/2022\/01\/shalomlibri-5.jpg","contentUrl":"https:\/\/www.shalom.it\/wp-content\/uploads\/2022\/01\/shalomlibri-5.jpg","width":800,"height":400},{"@type":"BreadcrumbList","@id":"https:\/\/www.shalom.it\/cultura\/le-vie-della-eden-neri-pozza-di-eshkol-nevo-b1112701\/#breadcrumb","itemListElement":[{"@type":"ListItem","position":1,"name":"Home","item":"https:\/\/www.shalom.it\/"},{"@type":"ListItem","position":2,"name":"Le vie dell\u2019Eden (Neri Pozza) di Eshkol Nevo"}]},{"@type":"WebSite","@id":"https:\/\/www.shalom.it\/#website","url":"https:\/\/www.shalom.it\/","name":"Shalom","description":"Il Magazine della comunit\u00e0 ebraica di Roma","potentialAction":[{"@type":"SearchAction","target":{"@type":"EntryPoint","urlTemplate":"https:\/\/www.shalom.it\/?s={search_term_string}"},"query-input":{"@type":"PropertyValueSpecification","valueRequired":true,"valueName":"search_term_string"}}],"inLanguage":"it-IT"},{"@type":"Person","@id":"https:\/\/www.shalom.it\/#\/schema\/person\/d9f18de0c8e16f0e7113889b42fd88c0","name":"Michelle Zarfati","url":"https:\/\/www.shalom.it\/author\/michellezarfati\/"}]}},"jetpack_featured_media_url":"https:\/\/www.shalom.it\/wp-content\/uploads\/2022\/01\/shalomlibri-5.jpg","jetpack_sharing_enabled":true,"_links":{"self":[{"href":"https:\/\/www.shalom.it\/wp-json\/wp\/v2\/posts\/68621","targetHints":{"allow":["GET"]}}],"collection":[{"href":"https:\/\/www.shalom.it\/wp-json\/wp\/v2\/posts"}],"about":[{"href":"https:\/\/www.shalom.it\/wp-json\/wp\/v2\/types\/post"}],"author":[{"embeddable":true,"href":"https:\/\/www.shalom.it\/wp-json\/wp\/v2\/users\/89"}],"replies":[{"embeddable":true,"href":"https:\/\/www.shalom.it\/wp-json\/wp\/v2\/comments?post=68621"}],"version-history":[{"count":3,"href":"https:\/\/www.shalom.it\/wp-json\/wp\/v2\/posts\/68621\/revisions"}],"predecessor-version":[{"id":68632,"href":"https:\/\/www.shalom.it\/wp-json\/wp\/v2\/posts\/68621\/revisions\/68632"}],"wp:featuredmedia":[{"embeddable":true,"href":"https:\/\/www.shalom.it\/wp-json\/wp\/v2\/media\/68629"}],"wp:attachment":[{"href":"https:\/\/www.shalom.it\/wp-json\/wp\/v2\/media?parent=68621"}],"wp:term":[{"taxonomy":"category","embeddable":true,"href":"https:\/\/www.shalom.it\/wp-json\/wp\/v2\/categories?post=68621"},{"taxonomy":"post_tag","embeddable":true,"href":"https:\/\/www.shalom.it\/wp-json\/wp\/v2\/tags?post=68621"}],"curies":[{"name":"wp","href":"https:\/\/api.w.org\/{rel}","templated":true}]}}