{"id":68158,"date":"2022-02-24T00:00:00","date_gmt":"2022-02-23T23:00:00","guid":{"rendered":"https:\/\/www.shalom.it\/senza-categoria\/il-memoriale-di-auschwitz-sulla-guerra-in-ucraina-a-ea-un-atto-di-barbarie-impossibile-rimanere-in-silenzioa-b1111511\/"},"modified":"2024-05-31T00:50:29","modified_gmt":"2024-05-30T22:50:29","slug":"il-memoriale-di-auschwitz-sulla-guerra-in-ucraina-a-ea-un-atto-di-barbarie-impossibile-rimanere-in-silenzioa-b1111511","status":"publish","type":"post","link":"https:\/\/www.shalom.it\/news\/il-memoriale-di-auschwitz-sulla-guerra-in-ucraina-a-ea-un-atto-di-barbarie-impossibile-rimanere-in-silenzioa-b1111511\/","title":{"rendered":"Il Memoriale di Auschwitz sulla guerra in Ucraina: \u201cE\u2019 un atto di barbarie. Impossibile rimanere in silenzio\u201d"},"content":{"rendered":"<p class=\"MsoNormal\" style=\"margin: 0cm 0cm 0.0001pt;font-size: medium;font-family: Calibri, sans-serif\">&#8220;Questa mattina la Russia ha attaccato l&#8217;Ucraina. Questo atto di barbarie sar\u00e0 giudicato dalla storia e dai suoi autori, \u00e8 auspicabile, anche dalla Corte internazionale di giustizia&#8221;. Si apre cos\u00ec la dichiarazione fatta, attraverso il suo profilo Twitter, dall\u2019Auschwitz Memorial con il quale ha condannato l&#8217;invasione russa dell&#8217;Ucraina.<\/p>\n<p class=\"MsoNormal\" style=\"margin: 0cm 0cm 0.0001pt;font-size: medium;font-family: Calibri, sans-serif\">&nbsp;<\/p>\n<p class=\"MsoNormal\" style=\"margin: 0cm 0cm 0.0001pt;font-size: medium;font-family: Calibri, sans-serif\">&#8220;\u00c8 impossibile rimanere in silenzio mentre, ancora una volta, persone innocenti vengono uccise semplicemente a causa di una folle megalomania pseudo-imperiale\u201d prosegue il memoriale polacco paragonando implicitamente Mosca alla Germania nazista e invitando il &#8220;mondo libero e democratico&#8221; a dimostrare di aver imparato la lezione degli anni &#8217;30, perch\u00e9 \u201coggi \u00e8 chiaro che qualsiasi sintomo di indifferenza \u00e8 segno di complicit\u00e0&#8221;.<\/p>\n<p class=\"MsoNormal\" style=\"margin: 0cm 0cm 0.0001pt;font-size: medium;font-family: Calibri, sans-serif\">&nbsp;<\/p>\n<p class=\"MsoNormal\" style=\"margin: 0cm 0cm 0.0001pt;font-size: medium;font-family: Calibri, sans-serif\">Questa \u00e8 solamente una delle tante dichiarazioni che sostengono il popolo ucraino che in questo momento sta vivendo una delle sue ore pi\u00f9 buie. Anche il mondo ebraico si \u00e8 espresso a riguardo, offrendo aiuto alle comunit\u00e0 ebraiche e agli israeliani che attualmente vivono in Ucraina. Secondo le stime infatti, nel Paese vivono circa 43mila persone di religione ebraica e oltre 15 mila sono i cittadini israeliani. &#8220;Siamo pronti ad accogliere migliaia di immigrati ebrei dall&#8217;Ucraina&#8221; ha dichiarato la ministra israeliana per l&#8217;immigrazione, Pnina Tamano-Shata, immediatamente dopo l&#8217;inizio dell&#8217;attacco russo, che \u00e8 stato condannato dal ministro degli Esteri Yair Lapid, che ha rilasciato una dichiarazione nel pomeriggio.<\/p>\n<p class=\"MsoNormal\" style=\"margin: 0cm 0cm 0.0001pt;font-size: medium;font-family: Calibri, sans-serif\">&nbsp;<\/p>\n<p class=\"MsoNormal\" style=\"margin: 0cm 0cm 0.0001pt;font-size: medium;font-family: Calibri, sans-serif\">\u201cL&#8217;attacco russo all&#8217;Ucraina \u00e8 una grave violazione dell&#8217;ordine internazionale, Israele condanna l&#8217;attacco, \u00e8 pronto e preparato a fornire aiuti umanitari ai cittadini ucraini. Israele \u00e8 un paese che ha vissuto guerre, e la guerra non \u00e8 il modo per risolvere i conflitti \u201d ha dichiarato il ministro.<\/p>\n<p class=\"MsoNormal\" style=\"margin: 0cm 0cm 0.0001pt;font-size: medium;font-family: Calibri, sans-serif\">&nbsp;<\/p>\n<p class=\"MsoNormal\" style=\"margin: 0cm 0cm 0.0001pt;font-size: medium;font-family: Calibri, sans-serif\">Lapid ha inoltre invitato i due paesi a fermare le ostilit\u00e0, finch\u00e9 \u00e8 ancora possibile, questo perch\u00e9 \u201cle prime ore e i primi giorni di ogni guerra, sono anche l&#8217;ultima volta che puoi ancora fermarti\u201d.<\/p>\n<p class=\"MsoNormal\" style=\"margin: 0cm 0cm 0.0001pt;font-size: medium;font-family: Calibri, sans-serif\">&nbsp;<\/p>\n<p class=\"MsoNormal\" style=\"margin: 0cm 0cm 0.0001pt;font-size: medium;font-family: Calibri, sans-serif\">Ha inoltre sottolineato il fatto che ci sono migliaia di israeliani ed ebrei in Ucraina e Russia, la cui sicurezza \u201c\u00e8 in cima alle nostre considerazioni\u201d.<\/p>\n","protected":false},"excerpt":{"rendered":"<p>&#8220;Questa mattina la Russia ha attaccato l&#8217;Ucraina. Questo atto di barbarie sar\u00e0 giudicato dalla storia e dai suoi autori, \u00e8 auspicabile, anche dalla Corte internazionale di giustizia&#8221;. Si apre cos\u00ec la dichiarazione fatta, attraverso il suo profilo Twitter, dall\u2019Auschwitz Memorial con il quale ha condannato l&#8217;invasione russa dell&#8217;Ucraina. &nbsp; &#8220;\u00c8 impossibile rimanere in silenzio mentre, [&hellip;]<\/p>\n","protected":false},"author":27,"featured_media":68163,"comment_status":"open","ping_status":"open","sticky":false,"template":"","format":"standard","meta":{"_acf_changed":false,"_jetpack_memberships_contains_paid_content":false,"footnotes":""},"categories":[13],"tags":[],"class_list":["post-68158","post","type-post","status-publish","format-standard","has-post-thumbnail","hentry","category-news"],"acf":[],"yoast_head":"<!-- This site is optimized with the Yoast SEO plugin v26.9 - https:\/\/yoast.com\/product\/yoast-seo-wordpress\/ -->\n<title>Il Memoriale di Auschwitz sulla guerra in Ucraina: \u201cE\u2019 un atto di barbarie. Impossibile rimanere in silenzio\u201d - Shalom<\/title>\n<meta name=\"robots\" content=\"index, follow, max-snippet:-1, max-image-preview:large, max-video-preview:-1\" \/>\n<link rel=\"canonical\" href=\"https:\/\/www.shalom.it\/news\/il-memoriale-di-auschwitz-sulla-guerra-in-ucraina-a-ea-un-atto-di-barbarie-impossibile-rimanere-in-silenzioa-b1111511\/\" \/>\n<meta property=\"og:locale\" content=\"it_IT\" \/>\n<meta property=\"og:type\" content=\"article\" \/>\n<meta property=\"og:title\" content=\"Il Memoriale di Auschwitz sulla guerra in Ucraina: \u201cE\u2019 un atto di barbarie. Impossibile rimanere in silenzio\u201d - Shalom\" \/>\n<meta property=\"og:description\" content=\"&#8220;Questa mattina la Russia ha attaccato l&#8217;Ucraina. Questo atto di barbarie sar\u00e0 giudicato dalla storia e dai suoi autori, \u00e8 auspicabile, anche dalla Corte internazionale di giustizia&#8221;. Si apre cos\u00ec la dichiarazione fatta, attraverso il suo profilo Twitter, dall\u2019Auschwitz Memorial con il quale ha condannato l&#8217;invasione russa dell&#8217;Ucraina. &nbsp; &#8220;\u00c8 impossibile rimanere in silenzio mentre, [&hellip;]\" \/>\n<meta property=\"og:url\" content=\"https:\/\/www.shalom.it\/news\/il-memoriale-di-auschwitz-sulla-guerra-in-ucraina-a-ea-un-atto-di-barbarie-impossibile-rimanere-in-silenzioa-b1111511\/\" \/>\n<meta property=\"og:site_name\" content=\"Shalom\" \/>\n<meta property=\"article:published_time\" content=\"2022-02-23T23:00:00+00:00\" \/>\n<meta property=\"article:modified_time\" content=\"2024-05-30T22:50:29+00:00\" \/>\n<meta property=\"og:image\" content=\"https:\/\/www.shalom.it\/wp-content\/uploads\/2022\/02\/FMXSRCJXIAQUWnD.jpeg\" \/>\n\t<meta property=\"og:image:width\" content=\"1073\" \/>\n\t<meta property=\"og:image:height\" content=\"594\" \/>\n\t<meta property=\"og:image:type\" content=\"image\/jpeg\" \/>\n<meta name=\"author\" content=\"Luca Spizzichino\" \/>\n<meta name=\"twitter:card\" content=\"summary_large_image\" \/>\n<meta name=\"twitter:label1\" content=\"Scritto da\" \/>\n\t<meta name=\"twitter:data1\" content=\"Luca Spizzichino\" \/>\n\t<meta name=\"twitter:label2\" content=\"Tempo di lettura stimato\" \/>\n\t<meta name=\"twitter:data2\" content=\"2 minuti\" \/>\n<script type=\"application\/ld+json\" class=\"yoast-schema-graph\">{\"@context\":\"https:\/\/schema.org\",\"@graph\":[{\"@type\":\"Article\",\"@id\":\"https:\/\/www.shalom.it\/news\/il-memoriale-di-auschwitz-sulla-guerra-in-ucraina-a-ea-un-atto-di-barbarie-impossibile-rimanere-in-silenzioa-b1111511\/#article\",\"isPartOf\":{\"@id\":\"https:\/\/www.shalom.it\/news\/il-memoriale-di-auschwitz-sulla-guerra-in-ucraina-a-ea-un-atto-di-barbarie-impossibile-rimanere-in-silenzioa-b1111511\/\"},\"author\":{\"name\":\"Luca Spizzichino\",\"@id\":\"https:\/\/www.shalom.it\/#\/schema\/person\/f483c6444fb990af899bfa711bf01ac8\"},\"headline\":\"Il Memoriale di Auschwitz sulla guerra in Ucraina: \u201cE\u2019 un atto di barbarie. Impossibile rimanere in silenzio\u201d\",\"datePublished\":\"2022-02-23T23:00:00+00:00\",\"dateModified\":\"2024-05-30T22:50:29+00:00\",\"mainEntityOfPage\":{\"@id\":\"https:\/\/www.shalom.it\/news\/il-memoriale-di-auschwitz-sulla-guerra-in-ucraina-a-ea-un-atto-di-barbarie-impossibile-rimanere-in-silenzioa-b1111511\/\"},\"wordCount\":343,\"commentCount\":0,\"image\":{\"@id\":\"https:\/\/www.shalom.it\/news\/il-memoriale-di-auschwitz-sulla-guerra-in-ucraina-a-ea-un-atto-di-barbarie-impossibile-rimanere-in-silenzioa-b1111511\/#primaryimage\"},\"thumbnailUrl\":\"https:\/\/www.shalom.it\/wp-content\/uploads\/2022\/02\/FMXSRCJXIAQUWnD.jpeg\",\"articleSection\":[\"NEWS\"],\"inLanguage\":\"it-IT\"},{\"@type\":\"WebPage\",\"@id\":\"https:\/\/www.shalom.it\/news\/il-memoriale-di-auschwitz-sulla-guerra-in-ucraina-a-ea-un-atto-di-barbarie-impossibile-rimanere-in-silenzioa-b1111511\/\",\"url\":\"https:\/\/www.shalom.it\/news\/il-memoriale-di-auschwitz-sulla-guerra-in-ucraina-a-ea-un-atto-di-barbarie-impossibile-rimanere-in-silenzioa-b1111511\/\",\"name\":\"Il Memoriale di Auschwitz sulla guerra in Ucraina: \u201cE\u2019 un atto di barbarie. Impossibile rimanere in silenzio\u201d - Shalom\",\"isPartOf\":{\"@id\":\"https:\/\/www.shalom.it\/#website\"},\"primaryImageOfPage\":{\"@id\":\"https:\/\/www.shalom.it\/news\/il-memoriale-di-auschwitz-sulla-guerra-in-ucraina-a-ea-un-atto-di-barbarie-impossibile-rimanere-in-silenzioa-b1111511\/#primaryimage\"},\"image\":{\"@id\":\"https:\/\/www.shalom.it\/news\/il-memoriale-di-auschwitz-sulla-guerra-in-ucraina-a-ea-un-atto-di-barbarie-impossibile-rimanere-in-silenzioa-b1111511\/#primaryimage\"},\"thumbnailUrl\":\"https:\/\/www.shalom.it\/wp-content\/uploads\/2022\/02\/FMXSRCJXIAQUWnD.jpeg\",\"datePublished\":\"2022-02-23T23:00:00+00:00\",\"dateModified\":\"2024-05-30T22:50:29+00:00\",\"author\":{\"@id\":\"https:\/\/www.shalom.it\/#\/schema\/person\/f483c6444fb990af899bfa711bf01ac8\"},\"breadcrumb\":{\"@id\":\"https:\/\/www.shalom.it\/news\/il-memoriale-di-auschwitz-sulla-guerra-in-ucraina-a-ea-un-atto-di-barbarie-impossibile-rimanere-in-silenzioa-b1111511\/#breadcrumb\"},\"inLanguage\":\"it-IT\",\"potentialAction\":[{\"@type\":\"ReadAction\",\"target\":[\"https:\/\/www.shalom.it\/news\/il-memoriale-di-auschwitz-sulla-guerra-in-ucraina-a-ea-un-atto-di-barbarie-impossibile-rimanere-in-silenzioa-b1111511\/\"]}]},{\"@type\":\"ImageObject\",\"inLanguage\":\"it-IT\",\"@id\":\"https:\/\/www.shalom.it\/news\/il-memoriale-di-auschwitz-sulla-guerra-in-ucraina-a-ea-un-atto-di-barbarie-impossibile-rimanere-in-silenzioa-b1111511\/#primaryimage\",\"url\":\"https:\/\/www.shalom.it\/wp-content\/uploads\/2022\/02\/FMXSRCJXIAQUWnD.jpeg\",\"contentUrl\":\"https:\/\/www.shalom.it\/wp-content\/uploads\/2022\/02\/FMXSRCJXIAQUWnD.jpeg\",\"width\":1073,\"height\":594},{\"@type\":\"BreadcrumbList\",\"@id\":\"https:\/\/www.shalom.it\/news\/il-memoriale-di-auschwitz-sulla-guerra-in-ucraina-a-ea-un-atto-di-barbarie-impossibile-rimanere-in-silenzioa-b1111511\/#breadcrumb\",\"itemListElement\":[{\"@type\":\"ListItem\",\"position\":1,\"name\":\"Home\",\"item\":\"https:\/\/www.shalom.it\/\"},{\"@type\":\"ListItem\",\"position\":2,\"name\":\"Il Memoriale di Auschwitz sulla guerra in Ucraina: \u201cE\u2019 un atto di barbarie. Impossibile rimanere in silenzio\u201d\"}]},{\"@type\":\"WebSite\",\"@id\":\"https:\/\/www.shalom.it\/#website\",\"url\":\"https:\/\/www.shalom.it\/\",\"name\":\"Shalom\",\"description\":\"Il Magazine della comunit\u00e0 ebraica di Roma\",\"potentialAction\":[{\"@type\":\"SearchAction\",\"target\":{\"@type\":\"EntryPoint\",\"urlTemplate\":\"https:\/\/www.shalom.it\/?s={search_term_string}\"},\"query-input\":{\"@type\":\"PropertyValueSpecification\",\"valueRequired\":true,\"valueName\":\"search_term_string\"}}],\"inLanguage\":\"it-IT\"},{\"@type\":\"Person\",\"@id\":\"https:\/\/www.shalom.it\/#\/schema\/person\/f483c6444fb990af899bfa711bf01ac8\",\"name\":\"Luca Spizzichino\",\"url\":\"https:\/\/www.shalom.it\/author\/lucaspizzichino\/\"}]}<\/script>\n<!-- \/ Yoast SEO plugin. -->","yoast_head_json":{"title":"Il Memoriale di Auschwitz sulla guerra in Ucraina: \u201cE\u2019 un atto di barbarie. Impossibile rimanere in silenzio\u201d - Shalom","robots":{"index":"index","follow":"follow","max-snippet":"max-snippet:-1","max-image-preview":"max-image-preview:large","max-video-preview":"max-video-preview:-1"},"canonical":"https:\/\/www.shalom.it\/news\/il-memoriale-di-auschwitz-sulla-guerra-in-ucraina-a-ea-un-atto-di-barbarie-impossibile-rimanere-in-silenzioa-b1111511\/","og_locale":"it_IT","og_type":"article","og_title":"Il Memoriale di Auschwitz sulla guerra in Ucraina: \u201cE\u2019 un atto di barbarie. Impossibile rimanere in silenzio\u201d - Shalom","og_description":"&#8220;Questa mattina la Russia ha attaccato l&#8217;Ucraina. Questo atto di barbarie sar\u00e0 giudicato dalla storia e dai suoi autori, \u00e8 auspicabile, anche dalla Corte internazionale di giustizia&#8221;. Si apre cos\u00ec la dichiarazione fatta, attraverso il suo profilo Twitter, dall\u2019Auschwitz Memorial con il quale ha condannato l&#8217;invasione russa dell&#8217;Ucraina. &nbsp; &#8220;\u00c8 impossibile rimanere in silenzio mentre, [&hellip;]","og_url":"https:\/\/www.shalom.it\/news\/il-memoriale-di-auschwitz-sulla-guerra-in-ucraina-a-ea-un-atto-di-barbarie-impossibile-rimanere-in-silenzioa-b1111511\/","og_site_name":"Shalom","article_published_time":"2022-02-23T23:00:00+00:00","article_modified_time":"2024-05-30T22:50:29+00:00","og_image":[{"width":1073,"height":594,"url":"https:\/\/www.shalom.it\/wp-content\/uploads\/2022\/02\/FMXSRCJXIAQUWnD.jpeg","type":"image\/jpeg"}],"author":"Luca Spizzichino","twitter_card":"summary_large_image","twitter_misc":{"Scritto da":"Luca Spizzichino","Tempo di lettura stimato":"2 minuti"},"schema":{"@context":"https:\/\/schema.org","@graph":[{"@type":"Article","@id":"https:\/\/www.shalom.it\/news\/il-memoriale-di-auschwitz-sulla-guerra-in-ucraina-a-ea-un-atto-di-barbarie-impossibile-rimanere-in-silenzioa-b1111511\/#article","isPartOf":{"@id":"https:\/\/www.shalom.it\/news\/il-memoriale-di-auschwitz-sulla-guerra-in-ucraina-a-ea-un-atto-di-barbarie-impossibile-rimanere-in-silenzioa-b1111511\/"},"author":{"name":"Luca Spizzichino","@id":"https:\/\/www.shalom.it\/#\/schema\/person\/f483c6444fb990af899bfa711bf01ac8"},"headline":"Il Memoriale di Auschwitz sulla guerra in Ucraina: \u201cE\u2019 un atto di barbarie. Impossibile rimanere in silenzio\u201d","datePublished":"2022-02-23T23:00:00+00:00","dateModified":"2024-05-30T22:50:29+00:00","mainEntityOfPage":{"@id":"https:\/\/www.shalom.it\/news\/il-memoriale-di-auschwitz-sulla-guerra-in-ucraina-a-ea-un-atto-di-barbarie-impossibile-rimanere-in-silenzioa-b1111511\/"},"wordCount":343,"commentCount":0,"image":{"@id":"https:\/\/www.shalom.it\/news\/il-memoriale-di-auschwitz-sulla-guerra-in-ucraina-a-ea-un-atto-di-barbarie-impossibile-rimanere-in-silenzioa-b1111511\/#primaryimage"},"thumbnailUrl":"https:\/\/www.shalom.it\/wp-content\/uploads\/2022\/02\/FMXSRCJXIAQUWnD.jpeg","articleSection":["NEWS"],"inLanguage":"it-IT"},{"@type":"WebPage","@id":"https:\/\/www.shalom.it\/news\/il-memoriale-di-auschwitz-sulla-guerra-in-ucraina-a-ea-un-atto-di-barbarie-impossibile-rimanere-in-silenzioa-b1111511\/","url":"https:\/\/www.shalom.it\/news\/il-memoriale-di-auschwitz-sulla-guerra-in-ucraina-a-ea-un-atto-di-barbarie-impossibile-rimanere-in-silenzioa-b1111511\/","name":"Il Memoriale di Auschwitz sulla guerra in Ucraina: \u201cE\u2019 un atto di barbarie. Impossibile rimanere in silenzio\u201d - Shalom","isPartOf":{"@id":"https:\/\/www.shalom.it\/#website"},"primaryImageOfPage":{"@id":"https:\/\/www.shalom.it\/news\/il-memoriale-di-auschwitz-sulla-guerra-in-ucraina-a-ea-un-atto-di-barbarie-impossibile-rimanere-in-silenzioa-b1111511\/#primaryimage"},"image":{"@id":"https:\/\/www.shalom.it\/news\/il-memoriale-di-auschwitz-sulla-guerra-in-ucraina-a-ea-un-atto-di-barbarie-impossibile-rimanere-in-silenzioa-b1111511\/#primaryimage"},"thumbnailUrl":"https:\/\/www.shalom.it\/wp-content\/uploads\/2022\/02\/FMXSRCJXIAQUWnD.jpeg","datePublished":"2022-02-23T23:00:00+00:00","dateModified":"2024-05-30T22:50:29+00:00","author":{"@id":"https:\/\/www.shalom.it\/#\/schema\/person\/f483c6444fb990af899bfa711bf01ac8"},"breadcrumb":{"@id":"https:\/\/www.shalom.it\/news\/il-memoriale-di-auschwitz-sulla-guerra-in-ucraina-a-ea-un-atto-di-barbarie-impossibile-rimanere-in-silenzioa-b1111511\/#breadcrumb"},"inLanguage":"it-IT","potentialAction":[{"@type":"ReadAction","target":["https:\/\/www.shalom.it\/news\/il-memoriale-di-auschwitz-sulla-guerra-in-ucraina-a-ea-un-atto-di-barbarie-impossibile-rimanere-in-silenzioa-b1111511\/"]}]},{"@type":"ImageObject","inLanguage":"it-IT","@id":"https:\/\/www.shalom.it\/news\/il-memoriale-di-auschwitz-sulla-guerra-in-ucraina-a-ea-un-atto-di-barbarie-impossibile-rimanere-in-silenzioa-b1111511\/#primaryimage","url":"https:\/\/www.shalom.it\/wp-content\/uploads\/2022\/02\/FMXSRCJXIAQUWnD.jpeg","contentUrl":"https:\/\/www.shalom.it\/wp-content\/uploads\/2022\/02\/FMXSRCJXIAQUWnD.jpeg","width":1073,"height":594},{"@type":"BreadcrumbList","@id":"https:\/\/www.shalom.it\/news\/il-memoriale-di-auschwitz-sulla-guerra-in-ucraina-a-ea-un-atto-di-barbarie-impossibile-rimanere-in-silenzioa-b1111511\/#breadcrumb","itemListElement":[{"@type":"ListItem","position":1,"name":"Home","item":"https:\/\/www.shalom.it\/"},{"@type":"ListItem","position":2,"name":"Il Memoriale di Auschwitz sulla guerra in Ucraina: \u201cE\u2019 un atto di barbarie. Impossibile rimanere in silenzio\u201d"}]},{"@type":"WebSite","@id":"https:\/\/www.shalom.it\/#website","url":"https:\/\/www.shalom.it\/","name":"Shalom","description":"Il Magazine della comunit\u00e0 ebraica di Roma","potentialAction":[{"@type":"SearchAction","target":{"@type":"EntryPoint","urlTemplate":"https:\/\/www.shalom.it\/?s={search_term_string}"},"query-input":{"@type":"PropertyValueSpecification","valueRequired":true,"valueName":"search_term_string"}}],"inLanguage":"it-IT"},{"@type":"Person","@id":"https:\/\/www.shalom.it\/#\/schema\/person\/f483c6444fb990af899bfa711bf01ac8","name":"Luca Spizzichino","url":"https:\/\/www.shalom.it\/author\/lucaspizzichino\/"}]}},"jetpack_featured_media_url":"https:\/\/www.shalom.it\/wp-content\/uploads\/2022\/02\/FMXSRCJXIAQUWnD.jpeg","jetpack_sharing_enabled":true,"_links":{"self":[{"href":"https:\/\/www.shalom.it\/wp-json\/wp\/v2\/posts\/68158","targetHints":{"allow":["GET"]}}],"collection":[{"href":"https:\/\/www.shalom.it\/wp-json\/wp\/v2\/posts"}],"about":[{"href":"https:\/\/www.shalom.it\/wp-json\/wp\/v2\/types\/post"}],"author":[{"embeddable":true,"href":"https:\/\/www.shalom.it\/wp-json\/wp\/v2\/users\/27"}],"replies":[{"embeddable":true,"href":"https:\/\/www.shalom.it\/wp-json\/wp\/v2\/comments?post=68158"}],"version-history":[{"count":1,"href":"https:\/\/www.shalom.it\/wp-json\/wp\/v2\/posts\/68158\/revisions"}],"predecessor-version":[{"id":68160,"href":"https:\/\/www.shalom.it\/wp-json\/wp\/v2\/posts\/68158\/revisions\/68160"}],"wp:featuredmedia":[{"embeddable":true,"href":"https:\/\/www.shalom.it\/wp-json\/wp\/v2\/media\/68163"}],"wp:attachment":[{"href":"https:\/\/www.shalom.it\/wp-json\/wp\/v2\/media?parent=68158"}],"wp:term":[{"taxonomy":"category","embeddable":true,"href":"https:\/\/www.shalom.it\/wp-json\/wp\/v2\/categories?post=68158"},{"taxonomy":"post_tag","embeddable":true,"href":"https:\/\/www.shalom.it\/wp-json\/wp\/v2\/tags?post=68158"}],"curies":[{"name":"wp","href":"https:\/\/api.w.org\/{rel}","templated":true}]}}