{"id":68097,"date":"2022-02-21T00:00:00","date_gmt":"2022-02-20T23:00:00","guid":{"rendered":"https:\/\/www.shalom.it\/senza-categoria\/bianca-colbi-finzi-attualita-di-un-impegno-ebraico-e-civile-b1111331\/"},"modified":"2024-05-31T00:50:26","modified_gmt":"2024-05-30T22:50:26","slug":"bianca-colbi-finzi-attualita-di-un-impegno-ebraico-e-civile-b1111331","status":"publish","type":"post","link":"https:\/\/www.shalom.it\/italia\/bianca-colbi-finzi-attualita-di-un-impegno-ebraico-e-civile-b1111331\/","title":{"rendered":"Bianca Colbi Finzi attualit\u00e0 di un impegno ebraico e civile"},"content":{"rendered":"<p class=\"MsoNormal\" style=\"margin: 0cm 0cm 0.0001pt;font-size: medium;font-family: Calibri, sans-serif;text-align: justify\">\u201c\u00c8 fondamentale per una convivenza civile prima di tutto il rispetto verso il prossimo, di qualsiasi colore sia la sua pelle, qualsiasi fede religiosa o politica egli professi. In secondo luogo, prima di dare un giudizio su di una singola persona o su di un gruppo, bisogna conoscerli bene e non limitarsi a seguire slogan molte volte fuorvianti.\u201d Cos\u00ec diceva Bianca Colbi Finzi nel 1992, sono trascorsi trent\u2019anni e queste sue parole sono di straordinaria attualit\u00e0. Shalom ripercorre la storia di Bianca per decenni tra le protagoniste della vita bolognese, alla cui memoria la sua citt\u00e0 ha dedicato recentemente un giardino.&nbsp;<\/p>\n<p class=\"MsoNormal\" style=\"margin: 0cm 0cm 0.0001pt;font-size: medium;font-family: Calibri, sans-serif;text-align: justify\">Bianca nasce il 3 ottobre 1916 a Knittelfeld, figlia di Antonio e Giusta Levi. Dopo aver conseguito la maturit\u00e0 classica, si iscrive alla Facolt\u00e0 di Lettere dell\u2019Universit\u00e0 di Padova. Nel 1937 si sposa con il ferrarese Italo Finzi; la coppia si trasferisce a Bologna dove Bianca si laurea nel 1939. Dopo l\u20198 settembre del 1943 Bianca partecipa alla lotta di liberazione aderendo a \u201cGiustizia e Libert\u00e0\u201d. L\u2019occupazione tedesca la costringe a lasciare Bologna con la famiglia per trasferirsi a Castiglione dei Pepoli dove rester\u00e0 fino al dicembre del 1943 e a Burzanella.&nbsp;&nbsp;Verso la met\u00e0 di settembre del 1944 Burzanella diventa zona di guerra e Bianca cambia ancora residenza. Tra il 1944 e il 1945 per potersi spostare ottiene dei permessi dal Governo Militare alleato. Alla fine della seconda guerra mondiale Bianca rientra a Bologna dove partecipa attivamente alla ricostruzione della Comunit\u00e0 di cui \u00e8 Presidente dal 1987 al 1999. Dalla costituzione della sezione dell\u2019ADEI, Associazione Donne Ebree d\u2019Italia di Bologna, Bianca \u00e8 presente e attiva fino a diventarne Vice Presidente prima e Presidente poi. Nel 1972 \u00e8 Vice Presidente della ADEI WIZO nazionale e dal 1976 al 1985 ne \u00e8 il Presidente Nazionale. Muore a Torino nel 2007.<\/p>\n<p><span style=\"font-size: 12pt;font-family: Calibri, sans-serif\">Bianca aveva un forte sentimento ebraico che la portava prodigarsi perch\u00e9 la Comunit\u00e0 non solo sopravvivesse, ma vivesse. \u00c8 sempre stata attiva e propositiva nei movimenti civili per i diritti delle donne e per la laicit\u00e0 dello Stato, come il Movimento Scuola e Costituzione, raccogliendo stima e affetto da chi lavorava con lei. Era una sionista, con un grande amore per Israele di cui sapeva con prontezza difenderne le ragioni. Un impegno difficile ma efficace e senza ostentazione, contro i pregiudizi delle istituzioni e della politica.<\/span><\/p>\n<p><span style=\"font-size: 12pt;font-family: Calibri, sans-serif\">[GALLERY]<\/span><\/p>\n<p><span style=\"font-family: -webkit-standard;font-size: medium\"><\/span><\/p>\n\n","protected":false},"excerpt":{"rendered":"<p>\u201c\u00c8 fondamentale per una convivenza civile prima di tutto il rispetto verso il prossimo, di qualsiasi colore sia la sua pelle, qualsiasi fede religiosa o politica egli professi. In secondo luogo, prima di dare un giudizio su di una singola persona o su di un gruppo, bisogna conoscerli bene e non limitarsi a seguire slogan [&hellip;]<\/p>\n","protected":false},"author":52,"featured_media":68102,"comment_status":"open","ping_status":"open","sticky":false,"template":"","format":"standard","meta":{"_acf_changed":false,"_jetpack_memberships_contains_paid_content":false,"footnotes":""},"categories":[3],"tags":[],"class_list":["post-68097","post","type-post","status-publish","format-standard","has-post-thumbnail","hentry","category-italia"],"acf":[],"yoast_head":"<!-- This site is optimized with the Yoast SEO plugin v26.9 - https:\/\/yoast.com\/product\/yoast-seo-wordpress\/ -->\n<title>Bianca Colbi Finzi attualit\u00e0 di un impegno ebraico e civile - Shalom<\/title>\n<meta name=\"robots\" content=\"index, follow, max-snippet:-1, max-image-preview:large, max-video-preview:-1\" \/>\n<link rel=\"canonical\" href=\"https:\/\/www.shalom.it\/italia\/bianca-colbi-finzi-attualita-di-un-impegno-ebraico-e-civile-b1111331\/\" \/>\n<meta property=\"og:locale\" content=\"it_IT\" \/>\n<meta property=\"og:type\" content=\"article\" \/>\n<meta property=\"og:title\" content=\"Bianca Colbi Finzi attualit\u00e0 di un impegno ebraico e civile - Shalom\" \/>\n<meta property=\"og:description\" content=\"\u201c\u00c8 fondamentale per una convivenza civile prima di tutto il rispetto verso il prossimo, di qualsiasi colore sia la sua pelle, qualsiasi fede religiosa o politica egli professi. In secondo luogo, prima di dare un giudizio su di una singola persona o su di un gruppo, bisogna conoscerli bene e non limitarsi a seguire slogan [&hellip;]\" \/>\n<meta property=\"og:url\" content=\"https:\/\/www.shalom.it\/italia\/bianca-colbi-finzi-attualita-di-un-impegno-ebraico-e-civile-b1111331\/\" \/>\n<meta property=\"og:site_name\" content=\"Shalom\" \/>\n<meta property=\"article:published_time\" content=\"2022-02-20T23:00:00+00:00\" \/>\n<meta property=\"article:modified_time\" content=\"2024-05-30T22:50:26+00:00\" \/>\n<meta property=\"og:image\" content=\"https:\/\/www.shalom.it\/wp-content\/uploads\/2022\/02\/la-primula-bianca.jpg\" \/>\n\t<meta property=\"og:image:width\" content=\"1181\" \/>\n\t<meta property=\"og:image:height\" content=\"563\" \/>\n\t<meta property=\"og:image:type\" content=\"image\/jpeg\" \/>\n<meta name=\"author\" content=\"Claudia De Benedetti\" \/>\n<meta name=\"twitter:card\" content=\"summary_large_image\" \/>\n<meta name=\"twitter:label1\" content=\"Scritto da\" \/>\n\t<meta name=\"twitter:data1\" content=\"Claudia De Benedetti\" \/>\n\t<meta name=\"twitter:label2\" content=\"Tempo di lettura stimato\" \/>\n\t<meta name=\"twitter:data2\" content=\"2 minuti\" \/>\n<script type=\"application\/ld+json\" class=\"yoast-schema-graph\">{\"@context\":\"https:\/\/schema.org\",\"@graph\":[{\"@type\":\"Article\",\"@id\":\"https:\/\/www.shalom.it\/italia\/bianca-colbi-finzi-attualita-di-un-impegno-ebraico-e-civile-b1111331\/#article\",\"isPartOf\":{\"@id\":\"https:\/\/www.shalom.it\/italia\/bianca-colbi-finzi-attualita-di-un-impegno-ebraico-e-civile-b1111331\/\"},\"author\":{\"name\":\"Claudia De Benedetti\",\"@id\":\"https:\/\/www.shalom.it\/#\/schema\/person\/c81302a32bb43b08926bca1e1ce2f8e1\"},\"headline\":\"Bianca Colbi Finzi attualit\u00e0 di un impegno ebraico e civile\",\"datePublished\":\"2022-02-20T23:00:00+00:00\",\"dateModified\":\"2024-05-30T22:50:26+00:00\",\"mainEntityOfPage\":{\"@id\":\"https:\/\/www.shalom.it\/italia\/bianca-colbi-finzi-attualita-di-un-impegno-ebraico-e-civile-b1111331\/\"},\"wordCount\":385,\"commentCount\":0,\"image\":{\"@id\":\"https:\/\/www.shalom.it\/italia\/bianca-colbi-finzi-attualita-di-un-impegno-ebraico-e-civile-b1111331\/#primaryimage\"},\"thumbnailUrl\":\"https:\/\/www.shalom.it\/wp-content\/uploads\/2022\/02\/la-primula-bianca.jpg\",\"articleSection\":[\"ITALIA\"],\"inLanguage\":\"it-IT\"},{\"@type\":\"WebPage\",\"@id\":\"https:\/\/www.shalom.it\/italia\/bianca-colbi-finzi-attualita-di-un-impegno-ebraico-e-civile-b1111331\/\",\"url\":\"https:\/\/www.shalom.it\/italia\/bianca-colbi-finzi-attualita-di-un-impegno-ebraico-e-civile-b1111331\/\",\"name\":\"Bianca Colbi Finzi attualit\u00e0 di un impegno ebraico e civile - Shalom\",\"isPartOf\":{\"@id\":\"https:\/\/www.shalom.it\/#website\"},\"primaryImageOfPage\":{\"@id\":\"https:\/\/www.shalom.it\/italia\/bianca-colbi-finzi-attualita-di-un-impegno-ebraico-e-civile-b1111331\/#primaryimage\"},\"image\":{\"@id\":\"https:\/\/www.shalom.it\/italia\/bianca-colbi-finzi-attualita-di-un-impegno-ebraico-e-civile-b1111331\/#primaryimage\"},\"thumbnailUrl\":\"https:\/\/www.shalom.it\/wp-content\/uploads\/2022\/02\/la-primula-bianca.jpg\",\"datePublished\":\"2022-02-20T23:00:00+00:00\",\"dateModified\":\"2024-05-30T22:50:26+00:00\",\"author\":{\"@id\":\"https:\/\/www.shalom.it\/#\/schema\/person\/c81302a32bb43b08926bca1e1ce2f8e1\"},\"breadcrumb\":{\"@id\":\"https:\/\/www.shalom.it\/italia\/bianca-colbi-finzi-attualita-di-un-impegno-ebraico-e-civile-b1111331\/#breadcrumb\"},\"inLanguage\":\"it-IT\",\"potentialAction\":[{\"@type\":\"ReadAction\",\"target\":[\"https:\/\/www.shalom.it\/italia\/bianca-colbi-finzi-attualita-di-un-impegno-ebraico-e-civile-b1111331\/\"]}]},{\"@type\":\"ImageObject\",\"inLanguage\":\"it-IT\",\"@id\":\"https:\/\/www.shalom.it\/italia\/bianca-colbi-finzi-attualita-di-un-impegno-ebraico-e-civile-b1111331\/#primaryimage\",\"url\":\"https:\/\/www.shalom.it\/wp-content\/uploads\/2022\/02\/la-primula-bianca.jpg\",\"contentUrl\":\"https:\/\/www.shalom.it\/wp-content\/uploads\/2022\/02\/la-primula-bianca.jpg\",\"width\":1181,\"height\":563},{\"@type\":\"BreadcrumbList\",\"@id\":\"https:\/\/www.shalom.it\/italia\/bianca-colbi-finzi-attualita-di-un-impegno-ebraico-e-civile-b1111331\/#breadcrumb\",\"itemListElement\":[{\"@type\":\"ListItem\",\"position\":1,\"name\":\"Home\",\"item\":\"https:\/\/www.shalom.it\/\"},{\"@type\":\"ListItem\",\"position\":2,\"name\":\"Bianca Colbi Finzi attualit\u00e0 di un impegno ebraico e civile\"}]},{\"@type\":\"WebSite\",\"@id\":\"https:\/\/www.shalom.it\/#website\",\"url\":\"https:\/\/www.shalom.it\/\",\"name\":\"Shalom\",\"description\":\"Il Magazine della comunit\u00e0 ebraica di Roma\",\"potentialAction\":[{\"@type\":\"SearchAction\",\"target\":{\"@type\":\"EntryPoint\",\"urlTemplate\":\"https:\/\/www.shalom.it\/?s={search_term_string}\"},\"query-input\":{\"@type\":\"PropertyValueSpecification\",\"valueRequired\":true,\"valueName\":\"search_term_string\"}}],\"inLanguage\":\"it-IT\"},{\"@type\":\"Person\",\"@id\":\"https:\/\/www.shalom.it\/#\/schema\/person\/c81302a32bb43b08926bca1e1ce2f8e1\",\"name\":\"Claudia De Benedetti\",\"url\":\"https:\/\/www.shalom.it\/author\/claudiadebenedetti\/\"}]}<\/script>\n<!-- \/ Yoast SEO plugin. -->","yoast_head_json":{"title":"Bianca Colbi Finzi attualit\u00e0 di un impegno ebraico e civile - Shalom","robots":{"index":"index","follow":"follow","max-snippet":"max-snippet:-1","max-image-preview":"max-image-preview:large","max-video-preview":"max-video-preview:-1"},"canonical":"https:\/\/www.shalom.it\/italia\/bianca-colbi-finzi-attualita-di-un-impegno-ebraico-e-civile-b1111331\/","og_locale":"it_IT","og_type":"article","og_title":"Bianca Colbi Finzi attualit\u00e0 di un impegno ebraico e civile - Shalom","og_description":"\u201c\u00c8 fondamentale per una convivenza civile prima di tutto il rispetto verso il prossimo, di qualsiasi colore sia la sua pelle, qualsiasi fede religiosa o politica egli professi. In secondo luogo, prima di dare un giudizio su di una singola persona o su di un gruppo, bisogna conoscerli bene e non limitarsi a seguire slogan [&hellip;]","og_url":"https:\/\/www.shalom.it\/italia\/bianca-colbi-finzi-attualita-di-un-impegno-ebraico-e-civile-b1111331\/","og_site_name":"Shalom","article_published_time":"2022-02-20T23:00:00+00:00","article_modified_time":"2024-05-30T22:50:26+00:00","og_image":[{"width":1181,"height":563,"url":"https:\/\/www.shalom.it\/wp-content\/uploads\/2022\/02\/la-primula-bianca.jpg","type":"image\/jpeg"}],"author":"Claudia De Benedetti","twitter_card":"summary_large_image","twitter_misc":{"Scritto da":"Claudia De Benedetti","Tempo di lettura stimato":"2 minuti"},"schema":{"@context":"https:\/\/schema.org","@graph":[{"@type":"Article","@id":"https:\/\/www.shalom.it\/italia\/bianca-colbi-finzi-attualita-di-un-impegno-ebraico-e-civile-b1111331\/#article","isPartOf":{"@id":"https:\/\/www.shalom.it\/italia\/bianca-colbi-finzi-attualita-di-un-impegno-ebraico-e-civile-b1111331\/"},"author":{"name":"Claudia De Benedetti","@id":"https:\/\/www.shalom.it\/#\/schema\/person\/c81302a32bb43b08926bca1e1ce2f8e1"},"headline":"Bianca Colbi Finzi attualit\u00e0 di un impegno ebraico e civile","datePublished":"2022-02-20T23:00:00+00:00","dateModified":"2024-05-30T22:50:26+00:00","mainEntityOfPage":{"@id":"https:\/\/www.shalom.it\/italia\/bianca-colbi-finzi-attualita-di-un-impegno-ebraico-e-civile-b1111331\/"},"wordCount":385,"commentCount":0,"image":{"@id":"https:\/\/www.shalom.it\/italia\/bianca-colbi-finzi-attualita-di-un-impegno-ebraico-e-civile-b1111331\/#primaryimage"},"thumbnailUrl":"https:\/\/www.shalom.it\/wp-content\/uploads\/2022\/02\/la-primula-bianca.jpg","articleSection":["ITALIA"],"inLanguage":"it-IT"},{"@type":"WebPage","@id":"https:\/\/www.shalom.it\/italia\/bianca-colbi-finzi-attualita-di-un-impegno-ebraico-e-civile-b1111331\/","url":"https:\/\/www.shalom.it\/italia\/bianca-colbi-finzi-attualita-di-un-impegno-ebraico-e-civile-b1111331\/","name":"Bianca Colbi Finzi attualit\u00e0 di un impegno ebraico e civile - Shalom","isPartOf":{"@id":"https:\/\/www.shalom.it\/#website"},"primaryImageOfPage":{"@id":"https:\/\/www.shalom.it\/italia\/bianca-colbi-finzi-attualita-di-un-impegno-ebraico-e-civile-b1111331\/#primaryimage"},"image":{"@id":"https:\/\/www.shalom.it\/italia\/bianca-colbi-finzi-attualita-di-un-impegno-ebraico-e-civile-b1111331\/#primaryimage"},"thumbnailUrl":"https:\/\/www.shalom.it\/wp-content\/uploads\/2022\/02\/la-primula-bianca.jpg","datePublished":"2022-02-20T23:00:00+00:00","dateModified":"2024-05-30T22:50:26+00:00","author":{"@id":"https:\/\/www.shalom.it\/#\/schema\/person\/c81302a32bb43b08926bca1e1ce2f8e1"},"breadcrumb":{"@id":"https:\/\/www.shalom.it\/italia\/bianca-colbi-finzi-attualita-di-un-impegno-ebraico-e-civile-b1111331\/#breadcrumb"},"inLanguage":"it-IT","potentialAction":[{"@type":"ReadAction","target":["https:\/\/www.shalom.it\/italia\/bianca-colbi-finzi-attualita-di-un-impegno-ebraico-e-civile-b1111331\/"]}]},{"@type":"ImageObject","inLanguage":"it-IT","@id":"https:\/\/www.shalom.it\/italia\/bianca-colbi-finzi-attualita-di-un-impegno-ebraico-e-civile-b1111331\/#primaryimage","url":"https:\/\/www.shalom.it\/wp-content\/uploads\/2022\/02\/la-primula-bianca.jpg","contentUrl":"https:\/\/www.shalom.it\/wp-content\/uploads\/2022\/02\/la-primula-bianca.jpg","width":1181,"height":563},{"@type":"BreadcrumbList","@id":"https:\/\/www.shalom.it\/italia\/bianca-colbi-finzi-attualita-di-un-impegno-ebraico-e-civile-b1111331\/#breadcrumb","itemListElement":[{"@type":"ListItem","position":1,"name":"Home","item":"https:\/\/www.shalom.it\/"},{"@type":"ListItem","position":2,"name":"Bianca Colbi Finzi attualit\u00e0 di un impegno ebraico e civile"}]},{"@type":"WebSite","@id":"https:\/\/www.shalom.it\/#website","url":"https:\/\/www.shalom.it\/","name":"Shalom","description":"Il Magazine della comunit\u00e0 ebraica di Roma","potentialAction":[{"@type":"SearchAction","target":{"@type":"EntryPoint","urlTemplate":"https:\/\/www.shalom.it\/?s={search_term_string}"},"query-input":{"@type":"PropertyValueSpecification","valueRequired":true,"valueName":"search_term_string"}}],"inLanguage":"it-IT"},{"@type":"Person","@id":"https:\/\/www.shalom.it\/#\/schema\/person\/c81302a32bb43b08926bca1e1ce2f8e1","name":"Claudia De Benedetti","url":"https:\/\/www.shalom.it\/author\/claudiadebenedetti\/"}]}},"jetpack_featured_media_url":"https:\/\/www.shalom.it\/wp-content\/uploads\/2022\/02\/la-primula-bianca.jpg","jetpack_sharing_enabled":true,"_links":{"self":[{"href":"https:\/\/www.shalom.it\/wp-json\/wp\/v2\/posts\/68097","targetHints":{"allow":["GET"]}}],"collection":[{"href":"https:\/\/www.shalom.it\/wp-json\/wp\/v2\/posts"}],"about":[{"href":"https:\/\/www.shalom.it\/wp-json\/wp\/v2\/types\/post"}],"author":[{"embeddable":true,"href":"https:\/\/www.shalom.it\/wp-json\/wp\/v2\/users\/52"}],"replies":[{"embeddable":true,"href":"https:\/\/www.shalom.it\/wp-json\/wp\/v2\/comments?post=68097"}],"version-history":[{"count":1,"href":"https:\/\/www.shalom.it\/wp-json\/wp\/v2\/posts\/68097\/revisions"}],"predecessor-version":[{"id":68099,"href":"https:\/\/www.shalom.it\/wp-json\/wp\/v2\/posts\/68097\/revisions\/68099"}],"wp:featuredmedia":[{"embeddable":true,"href":"https:\/\/www.shalom.it\/wp-json\/wp\/v2\/media\/68102"}],"wp:attachment":[{"href":"https:\/\/www.shalom.it\/wp-json\/wp\/v2\/media?parent=68097"}],"wp:term":[{"taxonomy":"category","embeddable":true,"href":"https:\/\/www.shalom.it\/wp-json\/wp\/v2\/categories?post=68097"},{"taxonomy":"post_tag","embeddable":true,"href":"https:\/\/www.shalom.it\/wp-json\/wp\/v2\/tags?post=68097"}],"curies":[{"name":"wp","href":"https:\/\/api.w.org\/{rel}","templated":true}]}}