{"id":67699,"date":"2022-02-01T00:00:00","date_gmt":"2022-01-31T23:00:00","guid":{"rendered":"https:\/\/www.shalom.it\/senza-categoria\/a-eccomi-manda-mea-a-rifiuto-e-accettazione-del-potere-b1110271\/"},"modified":"2024-05-31T00:50:05","modified_gmt":"2024-05-30T22:50:05","slug":"a-eccomi-manda-mea-a-rifiuto-e-accettazione-del-potere-b1110271","status":"publish","type":"post","link":"https:\/\/www.shalom.it\/idee-pensiero-ebraico\/a-eccomi-manda-mea-a-rifiuto-e-accettazione-del-potere-b1110271\/","title":{"rendered":"\u201cEccomi, manda me\u201d \u2013 Rifiuto e accettazione del potere"},"content":{"rendered":"<p class=\"MsoNormal\" style=\"margin: 0cm 0cm 0.0001pt;font-size: medium;font-family: Calibri, sans-serif\">Le ultime ore del complicato processo di elezione del Presidente della Repubblica Sergio Mattarella hanno messo in moto meccanismi virtuosi che sono culminati nella dichiarazione del presidente rieletto, che ha sottolineato il valore del dovere e della responsabilit\u00e0 pubblica. In questi giorni diversi analisti mettono in evidenza i valori morali che si sono affermati, sollevando il mondo dei giochi della politica a qualcosa di pi\u00f9 alto.<\/p>\n<p class=\"MsoNormal\" style=\"margin: 0cm 0cm 0.0001pt;font-size: medium;font-family: Calibri, sans-serif\">&nbsp;<\/p>\n<p class=\"MsoNormal\" style=\"margin: 0cm 0cm 0.0001pt;font-size: medium;font-family: Calibri, sans-serif\">I problemi sollevati in questa occasione non sono una novit\u00e0. La plurimillenaria storia ebraica ha numerosi esempi di queste dinamiche, di come la societ\u00e0, o lo stesso Dio, cerchino delle guide, e come le persone scelte reagiscano alla chiamata; o come siano i singoli a cercare il potere e quali lezioni se ne possano trarre dalle loro vicende.<\/p>\n<p class=\"MsoNormal\" style=\"margin: 0cm 0cm 0.0001pt;font-size: medium;font-family: Calibri, sans-serif\">&nbsp;<\/p>\n<p class=\"MsoNormal\" style=\"margin: 0cm 0cm 0.0001pt;font-size: medium;font-family: Calibri, sans-serif\">Il potere nell\u2019antica societ\u00e0 ebraica, che fosse politico, religioso istituzionale e profetico \u00e8 sempre stato visto come un carico di responsabilit\u00e0, di doveri, di esposizione a situazioni difficili alle quali non tutti sono pronti, capaci e disponibili. Un famoso apologo del libro dei Giudici (9:7-20), racconta degli alberi che si volevano nominare un capo e si rivolsero prima all\u2019olivo, poi al fico, poi alla vite, ciascuno dei quali rifiut\u00f2, dicendo che non era disposto a rinunciare a produrre i suoi preziosi frutti \u201cper andare ad agitarsi sulla cima degli altri alberi\u201d. Alla fine fu disponibile solo il rovo, che \u00e8 basso, non fa frutti ed \u00e8 spinoso, che accett\u00f2 minacciando gli altri alberi che li avrebbe bruciati in caso di disobbedienza. L\u2019apologo era una critica al potere e al candidato che le trib\u00f9 si erano scelte. E questo \u00e8 un esempio evidente di sfiducia e di rapporto negativo con il potere, ma esistono anche esempi opposti.<\/p>\n<p class=\"MsoNormal\" style=\"margin: 0cm 0cm 0.0001pt;font-size: medium;font-family: Calibri, sans-serif\">&nbsp;<\/p>\n<p class=\"MsoNormal\" style=\"margin: 0cm 0cm 0.0001pt;font-size: medium;font-family: Calibri, sans-serif\">Tra i capi scelti dall\u2019Alto per la loro missione si registrano reazioni differenti, almeno all\u2019inizio. Abramo riceve la chiamata e obbedisce senza protestare; quando mette in discussione l\u2019operato divino non \u00e8 per s\u00e9 ma per salvare le persone, come nel caso dell\u2019annunciata distruzione di Sodoma e Gomorra. Al contrario Mos\u00e8 fa tutto il possibile per sottrarsi alla missione, e un intero capitolo dell\u2019Esodo, il terzo, racconta la sua riluttanza: \u201cchi sono io da andare dal Faraone?\u201d; e nel corso della sua lunga missione far\u00e0 sempre delle domande e qualche volta persino disobbedir\u00e0. Tra i profeti vi sono quelli come Eliseo che, chiamati dal Maestro, lasciano tutto e lo seguono; altri come Geremia che maledicono il giorno della loro nascita per la condizione nella quale sono stati messi che li costringe a annunciare cose terribili e farsi per questo insultare e carcerare; altri come Isaia che alla domanda divina \u201cchi mander\u00f2?\u201d rispondono entusiasti \u201ceccomi, mandami\u201d. Tra i candidati al regno \u00e8 emblematica la storia di Saul. Una volta eletto scappa e si nasconde perch\u00e9 non se la sente di assumere l\u2019incarico, ma una volta al potere lo difender\u00e0 duramente e crudelmente, Una storia che nei commenti rabbinici ritorner\u00e0 spesso, con una riflessione sulla debolezza umana. Rabb\u00ec Yehoshua ben Perachya diceva: \u201cdapprima a chi mi avesse detto: Sali alla grandezza l\u2019avrei dato in pasto ai leoni, ora a chi mi dice di scendere gli tirerei addosso dell\u2019acqua bollente\u201d; \u201c\u00e8 facile salire sul palco ed \u00e8 difficile scenderne\u201d.<\/p>\n<p class=\"MsoNormal\" style=\"margin: 0cm 0cm 0.0001pt;font-size: medium;font-family: Calibri, sans-serif\">&nbsp;<\/p>\n<p class=\"MsoNormal\" style=\"margin: 0cm 0cm 0.0001pt;font-size: medium;font-family: Calibri, sans-serif\">Sono anche numerosi gli esempi di persone non degne che hanno cercato il potere, e l\u2019arresto della loro ascesa diventa simbolica, come nella storia dei figli del re David aspiranti al trono, con uno strascico di vicende sanguinose. Commentano i rabbini \u201ca chi insegue il potere, il potere gli sfugge, e a chi fugge dal potere il potere lo insegue\u201d.<\/p>\n<p class=\"MsoNormal\" style=\"margin: 0cm 0cm 0.0001pt;font-size: medium;font-family: Calibri, sans-serif\">&nbsp;<\/p>\n<p class=\"MsoNormal\" style=\"margin: 0cm 0cm 0.0001pt;font-size: medium;font-family: Calibri, sans-serif\">Al figlio di Salomone, il neo eletto re Roboamo, che chiedeva consiglio agli anziani, venne detto: \u201cse oggi sarai servo di questo popolo, li servirai e risponderai alle loro richieste, e dirai loro cose buone, loro ti serviranno tutti i giorni\u201d (1 Re 12:7). Ovviamente Roboamo non ascolt\u00f2 gli anziani e ne pag\u00f2 le conseguenze con la scissione del suo regno.<\/p>\n<p class=\"MsoNormal\" style=\"margin: 0cm 0cm 0.0001pt;font-size: medium;font-family: Calibri, sans-serif\">&nbsp;<\/p>\n<p class=\"MsoNormal\" style=\"margin: 0cm 0cm 0.0001pt;font-size: medium;font-family: Calibri, sans-serif\">Evitare il potere finch\u00e9 \u00e8 possibile, accettarlo come un servizio, essere responsabili, non montarsi la testa, sono gli antichi e essenziali messaggi che ci sono stati trasmessi. L\u2019evoluzione delle vicende di questi giorni ha riproposto queste riflessioni e dobbiamo essere confortati dall\u2019happy end.<\/p>\n","protected":false},"excerpt":{"rendered":"<p>Le ultime ore del complicato processo di elezione del Presidente della Repubblica Sergio Mattarella hanno messo in moto meccanismi virtuosi che sono culminati nella dichiarazione del presidente rieletto, che ha sottolineato il valore del dovere e della responsabilit\u00e0 pubblica. In questi giorni diversi analisti mettono in evidenza i valori morali che si sono affermati, sollevando [&hellip;]<\/p>\n","protected":false},"author":51,"featured_media":0,"comment_status":"open","ping_status":"open","sticky":false,"template":"","format":"standard","meta":{"_acf_changed":false,"_jetpack_memberships_contains_paid_content":false,"footnotes":""},"categories":[9],"tags":[],"class_list":["post-67699","post","type-post","status-publish","format-standard","hentry","category-idee-pensiero-ebraico"],"acf":[],"yoast_head":"<!-- This site is optimized with the Yoast SEO plugin v26.9 - https:\/\/yoast.com\/product\/yoast-seo-wordpress\/ -->\n<title>\u201cEccomi, manda me\u201d \u2013 Rifiuto e accettazione del potere - Shalom<\/title>\n<meta name=\"robots\" content=\"index, follow, max-snippet:-1, max-image-preview:large, max-video-preview:-1\" \/>\n<link rel=\"canonical\" href=\"https:\/\/www.shalom.it\/idee-pensiero-ebraico\/a-eccomi-manda-mea-a-rifiuto-e-accettazione-del-potere-b1110271\/\" \/>\n<meta property=\"og:locale\" content=\"it_IT\" \/>\n<meta property=\"og:type\" content=\"article\" \/>\n<meta property=\"og:title\" content=\"\u201cEccomi, manda me\u201d \u2013 Rifiuto e accettazione del potere - Shalom\" \/>\n<meta property=\"og:description\" content=\"Le ultime ore del complicato processo di elezione del Presidente della Repubblica Sergio Mattarella hanno messo in moto meccanismi virtuosi che sono culminati nella dichiarazione del presidente rieletto, che ha sottolineato il valore del dovere e della responsabilit\u00e0 pubblica. In questi giorni diversi analisti mettono in evidenza i valori morali che si sono affermati, sollevando [&hellip;]\" \/>\n<meta property=\"og:url\" content=\"https:\/\/www.shalom.it\/idee-pensiero-ebraico\/a-eccomi-manda-mea-a-rifiuto-e-accettazione-del-potere-b1110271\/\" \/>\n<meta property=\"og:site_name\" content=\"Shalom\" \/>\n<meta property=\"article:published_time\" content=\"2022-01-31T23:00:00+00:00\" \/>\n<meta property=\"article:modified_time\" content=\"2024-05-30T22:50:05+00:00\" \/>\n<meta name=\"author\" content=\"riccardodisegni\" \/>\n<meta name=\"twitter:card\" content=\"summary_large_image\" \/>\n<meta name=\"twitter:label1\" content=\"Scritto da\" \/>\n\t<meta name=\"twitter:data1\" content=\"riccardodisegni\" \/>\n\t<meta name=\"twitter:label2\" content=\"Tempo di lettura stimato\" \/>\n\t<meta name=\"twitter:data2\" content=\"3 minuti\" \/>\n<script type=\"application\/ld+json\" class=\"yoast-schema-graph\">{\"@context\":\"https:\/\/schema.org\",\"@graph\":[{\"@type\":\"Article\",\"@id\":\"https:\/\/www.shalom.it\/idee-pensiero-ebraico\/a-eccomi-manda-mea-a-rifiuto-e-accettazione-del-potere-b1110271\/#article\",\"isPartOf\":{\"@id\":\"https:\/\/www.shalom.it\/idee-pensiero-ebraico\/a-eccomi-manda-mea-a-rifiuto-e-accettazione-del-potere-b1110271\/\"},\"author\":{\"name\":\"riccardodisegni\",\"@id\":\"https:\/\/www.shalom.it\/#\/schema\/person\/610c3fa273bbf5a0c367e5a368874daa\"},\"headline\":\"\u201cEccomi, manda me\u201d \u2013 Rifiuto e accettazione del potere\",\"datePublished\":\"2022-01-31T23:00:00+00:00\",\"dateModified\":\"2024-05-30T22:50:05+00:00\",\"mainEntityOfPage\":{\"@id\":\"https:\/\/www.shalom.it\/idee-pensiero-ebraico\/a-eccomi-manda-mea-a-rifiuto-e-accettazione-del-potere-b1110271\/\"},\"wordCount\":706,\"commentCount\":0,\"articleSection\":[\"IDEE - PENSIERO EBRAICO\"],\"inLanguage\":\"it-IT\"},{\"@type\":\"WebPage\",\"@id\":\"https:\/\/www.shalom.it\/idee-pensiero-ebraico\/a-eccomi-manda-mea-a-rifiuto-e-accettazione-del-potere-b1110271\/\",\"url\":\"https:\/\/www.shalom.it\/idee-pensiero-ebraico\/a-eccomi-manda-mea-a-rifiuto-e-accettazione-del-potere-b1110271\/\",\"name\":\"\u201cEccomi, manda me\u201d \u2013 Rifiuto e accettazione del potere - Shalom\",\"isPartOf\":{\"@id\":\"https:\/\/www.shalom.it\/#website\"},\"datePublished\":\"2022-01-31T23:00:00+00:00\",\"dateModified\":\"2024-05-30T22:50:05+00:00\",\"author\":{\"@id\":\"https:\/\/www.shalom.it\/#\/schema\/person\/610c3fa273bbf5a0c367e5a368874daa\"},\"breadcrumb\":{\"@id\":\"https:\/\/www.shalom.it\/idee-pensiero-ebraico\/a-eccomi-manda-mea-a-rifiuto-e-accettazione-del-potere-b1110271\/#breadcrumb\"},\"inLanguage\":\"it-IT\",\"potentialAction\":[{\"@type\":\"ReadAction\",\"target\":[\"https:\/\/www.shalom.it\/idee-pensiero-ebraico\/a-eccomi-manda-mea-a-rifiuto-e-accettazione-del-potere-b1110271\/\"]}]},{\"@type\":\"BreadcrumbList\",\"@id\":\"https:\/\/www.shalom.it\/idee-pensiero-ebraico\/a-eccomi-manda-mea-a-rifiuto-e-accettazione-del-potere-b1110271\/#breadcrumb\",\"itemListElement\":[{\"@type\":\"ListItem\",\"position\":1,\"name\":\"Home\",\"item\":\"https:\/\/www.shalom.it\/\"},{\"@type\":\"ListItem\",\"position\":2,\"name\":\"\u201cEccomi, manda me\u201d \u2013 Rifiuto e accettazione del potere\"}]},{\"@type\":\"WebSite\",\"@id\":\"https:\/\/www.shalom.it\/#website\",\"url\":\"https:\/\/www.shalom.it\/\",\"name\":\"Shalom\",\"description\":\"Il Magazine della comunit\u00e0 ebraica di Roma\",\"potentialAction\":[{\"@type\":\"SearchAction\",\"target\":{\"@type\":\"EntryPoint\",\"urlTemplate\":\"https:\/\/www.shalom.it\/?s={search_term_string}\"},\"query-input\":{\"@type\":\"PropertyValueSpecification\",\"valueRequired\":true,\"valueName\":\"search_term_string\"}}],\"inLanguage\":\"it-IT\"},{\"@type\":\"Person\",\"@id\":\"https:\/\/www.shalom.it\/#\/schema\/person\/610c3fa273bbf5a0c367e5a368874daa\",\"name\":\"riccardodisegni\",\"url\":\"https:\/\/www.shalom.it\/author\/riccardodisegni\/\"}]}<\/script>\n<!-- \/ Yoast SEO plugin. -->","yoast_head_json":{"title":"\u201cEccomi, manda me\u201d \u2013 Rifiuto e accettazione del potere - Shalom","robots":{"index":"index","follow":"follow","max-snippet":"max-snippet:-1","max-image-preview":"max-image-preview:large","max-video-preview":"max-video-preview:-1"},"canonical":"https:\/\/www.shalom.it\/idee-pensiero-ebraico\/a-eccomi-manda-mea-a-rifiuto-e-accettazione-del-potere-b1110271\/","og_locale":"it_IT","og_type":"article","og_title":"\u201cEccomi, manda me\u201d \u2013 Rifiuto e accettazione del potere - Shalom","og_description":"Le ultime ore del complicato processo di elezione del Presidente della Repubblica Sergio Mattarella hanno messo in moto meccanismi virtuosi che sono culminati nella dichiarazione del presidente rieletto, che ha sottolineato il valore del dovere e della responsabilit\u00e0 pubblica. In questi giorni diversi analisti mettono in evidenza i valori morali che si sono affermati, sollevando [&hellip;]","og_url":"https:\/\/www.shalom.it\/idee-pensiero-ebraico\/a-eccomi-manda-mea-a-rifiuto-e-accettazione-del-potere-b1110271\/","og_site_name":"Shalom","article_published_time":"2022-01-31T23:00:00+00:00","article_modified_time":"2024-05-30T22:50:05+00:00","author":"riccardodisegni","twitter_card":"summary_large_image","twitter_misc":{"Scritto da":"riccardodisegni","Tempo di lettura stimato":"3 minuti"},"schema":{"@context":"https:\/\/schema.org","@graph":[{"@type":"Article","@id":"https:\/\/www.shalom.it\/idee-pensiero-ebraico\/a-eccomi-manda-mea-a-rifiuto-e-accettazione-del-potere-b1110271\/#article","isPartOf":{"@id":"https:\/\/www.shalom.it\/idee-pensiero-ebraico\/a-eccomi-manda-mea-a-rifiuto-e-accettazione-del-potere-b1110271\/"},"author":{"name":"riccardodisegni","@id":"https:\/\/www.shalom.it\/#\/schema\/person\/610c3fa273bbf5a0c367e5a368874daa"},"headline":"\u201cEccomi, manda me\u201d \u2013 Rifiuto e accettazione del potere","datePublished":"2022-01-31T23:00:00+00:00","dateModified":"2024-05-30T22:50:05+00:00","mainEntityOfPage":{"@id":"https:\/\/www.shalom.it\/idee-pensiero-ebraico\/a-eccomi-manda-mea-a-rifiuto-e-accettazione-del-potere-b1110271\/"},"wordCount":706,"commentCount":0,"articleSection":["IDEE - PENSIERO EBRAICO"],"inLanguage":"it-IT"},{"@type":"WebPage","@id":"https:\/\/www.shalom.it\/idee-pensiero-ebraico\/a-eccomi-manda-mea-a-rifiuto-e-accettazione-del-potere-b1110271\/","url":"https:\/\/www.shalom.it\/idee-pensiero-ebraico\/a-eccomi-manda-mea-a-rifiuto-e-accettazione-del-potere-b1110271\/","name":"\u201cEccomi, manda me\u201d \u2013 Rifiuto e accettazione del potere - Shalom","isPartOf":{"@id":"https:\/\/www.shalom.it\/#website"},"datePublished":"2022-01-31T23:00:00+00:00","dateModified":"2024-05-30T22:50:05+00:00","author":{"@id":"https:\/\/www.shalom.it\/#\/schema\/person\/610c3fa273bbf5a0c367e5a368874daa"},"breadcrumb":{"@id":"https:\/\/www.shalom.it\/idee-pensiero-ebraico\/a-eccomi-manda-mea-a-rifiuto-e-accettazione-del-potere-b1110271\/#breadcrumb"},"inLanguage":"it-IT","potentialAction":[{"@type":"ReadAction","target":["https:\/\/www.shalom.it\/idee-pensiero-ebraico\/a-eccomi-manda-mea-a-rifiuto-e-accettazione-del-potere-b1110271\/"]}]},{"@type":"BreadcrumbList","@id":"https:\/\/www.shalom.it\/idee-pensiero-ebraico\/a-eccomi-manda-mea-a-rifiuto-e-accettazione-del-potere-b1110271\/#breadcrumb","itemListElement":[{"@type":"ListItem","position":1,"name":"Home","item":"https:\/\/www.shalom.it\/"},{"@type":"ListItem","position":2,"name":"\u201cEccomi, manda me\u201d \u2013 Rifiuto e accettazione del potere"}]},{"@type":"WebSite","@id":"https:\/\/www.shalom.it\/#website","url":"https:\/\/www.shalom.it\/","name":"Shalom","description":"Il Magazine della comunit\u00e0 ebraica di Roma","potentialAction":[{"@type":"SearchAction","target":{"@type":"EntryPoint","urlTemplate":"https:\/\/www.shalom.it\/?s={search_term_string}"},"query-input":{"@type":"PropertyValueSpecification","valueRequired":true,"valueName":"search_term_string"}}],"inLanguage":"it-IT"},{"@type":"Person","@id":"https:\/\/www.shalom.it\/#\/schema\/person\/610c3fa273bbf5a0c367e5a368874daa","name":"riccardodisegni","url":"https:\/\/www.shalom.it\/author\/riccardodisegni\/"}]}},"jetpack_featured_media_url":"","jetpack_sharing_enabled":true,"_links":{"self":[{"href":"https:\/\/www.shalom.it\/wp-json\/wp\/v2\/posts\/67699","targetHints":{"allow":["GET"]}}],"collection":[{"href":"https:\/\/www.shalom.it\/wp-json\/wp\/v2\/posts"}],"about":[{"href":"https:\/\/www.shalom.it\/wp-json\/wp\/v2\/types\/post"}],"author":[{"embeddable":true,"href":"https:\/\/www.shalom.it\/wp-json\/wp\/v2\/users\/51"}],"replies":[{"embeddable":true,"href":"https:\/\/www.shalom.it\/wp-json\/wp\/v2\/comments?post=67699"}],"version-history":[{"count":2,"href":"https:\/\/www.shalom.it\/wp-json\/wp\/v2\/posts\/67699\/revisions"}],"predecessor-version":[{"id":67702,"href":"https:\/\/www.shalom.it\/wp-json\/wp\/v2\/posts\/67699\/revisions\/67702"}],"wp:attachment":[{"href":"https:\/\/www.shalom.it\/wp-json\/wp\/v2\/media?parent=67699"}],"wp:term":[{"taxonomy":"category","embeddable":true,"href":"https:\/\/www.shalom.it\/wp-json\/wp\/v2\/categories?post=67699"},{"taxonomy":"post_tag","embeddable":true,"href":"https:\/\/www.shalom.it\/wp-json\/wp\/v2\/tags?post=67699"}],"curies":[{"name":"wp","href":"https:\/\/api.w.org\/{rel}","templated":true}]}}