{"id":67693,"date":"2022-01-31T00:00:00","date_gmt":"2022-01-30T23:00:00","guid":{"rendered":"https:\/\/www.shalom.it\/senza-categoria\/alla-serie-israeliana-fauda-prova-a-rispondere-hamas-b1110251\/"},"modified":"2024-05-31T00:50:01","modified_gmt":"2024-05-30T22:50:01","slug":"alla-serie-israeliana-fauda-prova-a-rispondere-hamas-b1110251","status":"publish","type":"post","link":"https:\/\/www.shalom.it\/news\/alla-serie-israeliana-fauda-prova-a-rispondere-hamas-b1110251\/","title":{"rendered":"Alla serie israeliana Fauda prova a rispondere Hamas"},"content":{"rendered":"<p class=\"MsoNormal\" style=\"margin: 0cm 0cm 0.0001pt;font-size: medium;font-family: Calibri, sans-serif\">Una casa di produzione affiliata al gruppo terroristico di Hamas ha deciso di realizzare una serie televisiva, tentando di rispondere, a suon di propaganda antisraeliana, alla celebre&nbsp;<i>Fauda<\/i>, diventata famosa in tutto il mondo, in particolare nei Paesi arabi.<\/p>\n<p class=\"MsoNormal\" style=\"margin: 0cm 0cm 0.0001pt;font-size: medium;font-family: Calibri, sans-serif\">&nbsp;<\/p>\n<p class=\"MsoNormal\" style=\"margin: 0cm 0cm 0.0001pt;font-size: medium;font-family: Calibri, sans-serif\">La serie prodotta da Hamas e girata a Gaza, si intitola&nbsp;<i>Qabdat al Ahrar<\/i>, ossia \u201cIl pugno della libert\u00e0\u201d e verr\u00e0 trasmessa dalla emittente al-Aqsa TV a partire da aprile, in coincidenza con il digiuno del Ramadan.<\/p>\n<p class=\"MsoNormal\" style=\"margin: 0cm 0cm 0.0001pt;font-size: medium;font-family: Calibri, sans-serif\">&nbsp;<\/p>\n<p class=\"MsoNormal\" style=\"margin: 0cm 0cm 0.0001pt;font-size: medium;font-family: Calibri, sans-serif\">La storia in questione rievoca e distorce un\u2019operazione dell\u2019esercito israeliano nella Striscia di Gaza nel 2018, in cui persero la vita sette miliziani di Hamas e un soldato israeliano. La serie dovrebbe mettere in risalto il potere dei servizi di intelligence palestinesi e la loro capacit\u00e0 di combattere, ma la realt\u00e0 dei fatti in realt\u00e0 risulta essere completamente distorta dai tre sceneggiatori incaricati di trasporre la vicenda sul piccolo schermo. Insomma, il risultato, c\u2019\u00e8 da aspettarsi, sar\u00e0 una serie tv vista dalla lente distorta del gruppo terroristico e in salsa antisraeliana.<\/p>\n<p class=\"MsoNormal\" style=\"margin: 0cm 0cm 0.0001pt;font-size: medium;font-family: Calibri, sans-serif\">&nbsp;<\/p>\n<p class=\"MsoNormal\" style=\"margin: 0cm 0cm 0.0001pt;font-size: medium;font-family: Calibri, sans-serif\">E non \u00e8 tutto qui, anche l\u2019uso della lingua nella serie ha i tratti di una realt\u00e0 distorta: le parti sono interpretate da attori palestinesi locali, molti dei quali dilettanti, e le scene sono completamente girate all\u2019interno della Striscia.&nbsp;&nbsp;Le attrici arabe con il ruolo di israeliane indossano il velo. E a differenza di&nbsp;<i>Fauda<\/i>, in cui attori arabi-israeliani interpretano personaggi palestinesi e parlano arabo, in questa serie tv da 30 puntate, tutti i personaggi israeliani sono interpretati da attori arabi e parlano arabo\u2026 insomma sembra che tutto abbia il sapore dell\u2019incredibile. Il sentimento antisraeliano a Gaza \u00e8 cos\u00ec forte che gli stessi attori arabi, che interpretano gli ebrei nella serie, hanno dovuto affrontare critiche ed ostilit\u00e0 da parte del pubblico.<\/p>\n","protected":false},"excerpt":{"rendered":"<p>Una casa di produzione affiliata al gruppo terroristico di Hamas ha deciso di realizzare una serie televisiva, tentando di rispondere, a suon di propaganda antisraeliana, alla celebre&nbsp;Fauda, diventata famosa in tutto il mondo, in particolare nei Paesi arabi. &nbsp; La serie prodotta da Hamas e girata a Gaza, si intitola&nbsp;Qabdat al Ahrar, ossia \u201cIl pugno [&hellip;]<\/p>\n","protected":false},"author":27,"featured_media":67697,"comment_status":"open","ping_status":"open","sticky":false,"template":"","format":"standard","meta":{"_acf_changed":false,"_jetpack_memberships_contains_paid_content":false,"footnotes":""},"categories":[13],"tags":[],"class_list":["post-67693","post","type-post","status-publish","format-standard","has-post-thumbnail","hentry","category-news"],"acf":[],"yoast_head":"<!-- This site is optimized with the Yoast SEO plugin v26.9 - https:\/\/yoast.com\/product\/yoast-seo-wordpress\/ -->\n<title>Alla serie israeliana Fauda prova a rispondere Hamas - Shalom<\/title>\n<meta name=\"robots\" content=\"index, follow, max-snippet:-1, max-image-preview:large, max-video-preview:-1\" \/>\n<link rel=\"canonical\" href=\"https:\/\/www.shalom.it\/news\/alla-serie-israeliana-fauda-prova-a-rispondere-hamas-b1110251\/\" \/>\n<meta property=\"og:locale\" content=\"it_IT\" \/>\n<meta property=\"og:type\" content=\"article\" \/>\n<meta property=\"og:title\" content=\"Alla serie israeliana Fauda prova a rispondere Hamas - Shalom\" \/>\n<meta property=\"og:description\" content=\"Una casa di produzione affiliata al gruppo terroristico di Hamas ha deciso di realizzare una serie televisiva, tentando di rispondere, a suon di propaganda antisraeliana, alla celebre&nbsp;Fauda, diventata famosa in tutto il mondo, in particolare nei Paesi arabi. &nbsp; La serie prodotta da Hamas e girata a Gaza, si intitola&nbsp;Qabdat al Ahrar, ossia \u201cIl pugno [&hellip;]\" \/>\n<meta property=\"og:url\" content=\"https:\/\/www.shalom.it\/news\/alla-serie-israeliana-fauda-prova-a-rispondere-hamas-b1110251\/\" \/>\n<meta property=\"og:site_name\" content=\"Shalom\" \/>\n<meta property=\"article:published_time\" content=\"2022-01-30T23:00:00+00:00\" \/>\n<meta property=\"article:modified_time\" content=\"2024-05-30T22:50:01+00:00\" \/>\n<meta property=\"og:image\" content=\"https:\/\/www.shalom.it\/wp-content\/uploads\/2022\/01\/gaza_gun_aimed.jpeg\" \/>\n\t<meta property=\"og:image:width\" content=\"1200\" \/>\n\t<meta property=\"og:image:height\" content=\"780\" \/>\n\t<meta property=\"og:image:type\" content=\"image\/jpeg\" \/>\n<meta name=\"author\" content=\"Luca Spizzichino\" \/>\n<meta name=\"twitter:card\" content=\"summary_large_image\" \/>\n<meta name=\"twitter:label1\" content=\"Scritto da\" \/>\n\t<meta name=\"twitter:data1\" content=\"Luca Spizzichino\" \/>\n\t<meta name=\"twitter:label2\" content=\"Tempo di lettura stimato\" \/>\n\t<meta name=\"twitter:data2\" content=\"1 minuto\" \/>\n<script type=\"application\/ld+json\" class=\"yoast-schema-graph\">{\"@context\":\"https:\/\/schema.org\",\"@graph\":[{\"@type\":\"Article\",\"@id\":\"https:\/\/www.shalom.it\/news\/alla-serie-israeliana-fauda-prova-a-rispondere-hamas-b1110251\/#article\",\"isPartOf\":{\"@id\":\"https:\/\/www.shalom.it\/news\/alla-serie-israeliana-fauda-prova-a-rispondere-hamas-b1110251\/\"},\"author\":{\"name\":\"Luca Spizzichino\",\"@id\":\"https:\/\/www.shalom.it\/#\/schema\/person\/f483c6444fb990af899bfa711bf01ac8\"},\"headline\":\"Alla serie israeliana Fauda prova a rispondere Hamas\",\"datePublished\":\"2022-01-30T23:00:00+00:00\",\"dateModified\":\"2024-05-30T22:50:01+00:00\",\"mainEntityOfPage\":{\"@id\":\"https:\/\/www.shalom.it\/news\/alla-serie-israeliana-fauda-prova-a-rispondere-hamas-b1110251\/\"},\"wordCount\":305,\"commentCount\":0,\"image\":{\"@id\":\"https:\/\/www.shalom.it\/news\/alla-serie-israeliana-fauda-prova-a-rispondere-hamas-b1110251\/#primaryimage\"},\"thumbnailUrl\":\"https:\/\/www.shalom.it\/wp-content\/uploads\/2022\/01\/gaza_gun_aimed.jpeg\",\"articleSection\":[\"NEWS\"],\"inLanguage\":\"it-IT\"},{\"@type\":\"WebPage\",\"@id\":\"https:\/\/www.shalom.it\/news\/alla-serie-israeliana-fauda-prova-a-rispondere-hamas-b1110251\/\",\"url\":\"https:\/\/www.shalom.it\/news\/alla-serie-israeliana-fauda-prova-a-rispondere-hamas-b1110251\/\",\"name\":\"Alla serie israeliana Fauda prova a rispondere Hamas - Shalom\",\"isPartOf\":{\"@id\":\"https:\/\/www.shalom.it\/#website\"},\"primaryImageOfPage\":{\"@id\":\"https:\/\/www.shalom.it\/news\/alla-serie-israeliana-fauda-prova-a-rispondere-hamas-b1110251\/#primaryimage\"},\"image\":{\"@id\":\"https:\/\/www.shalom.it\/news\/alla-serie-israeliana-fauda-prova-a-rispondere-hamas-b1110251\/#primaryimage\"},\"thumbnailUrl\":\"https:\/\/www.shalom.it\/wp-content\/uploads\/2022\/01\/gaza_gun_aimed.jpeg\",\"datePublished\":\"2022-01-30T23:00:00+00:00\",\"dateModified\":\"2024-05-30T22:50:01+00:00\",\"author\":{\"@id\":\"https:\/\/www.shalom.it\/#\/schema\/person\/f483c6444fb990af899bfa711bf01ac8\"},\"breadcrumb\":{\"@id\":\"https:\/\/www.shalom.it\/news\/alla-serie-israeliana-fauda-prova-a-rispondere-hamas-b1110251\/#breadcrumb\"},\"inLanguage\":\"it-IT\",\"potentialAction\":[{\"@type\":\"ReadAction\",\"target\":[\"https:\/\/www.shalom.it\/news\/alla-serie-israeliana-fauda-prova-a-rispondere-hamas-b1110251\/\"]}]},{\"@type\":\"ImageObject\",\"inLanguage\":\"it-IT\",\"@id\":\"https:\/\/www.shalom.it\/news\/alla-serie-israeliana-fauda-prova-a-rispondere-hamas-b1110251\/#primaryimage\",\"url\":\"https:\/\/www.shalom.it\/wp-content\/uploads\/2022\/01\/gaza_gun_aimed.jpeg\",\"contentUrl\":\"https:\/\/www.shalom.it\/wp-content\/uploads\/2022\/01\/gaza_gun_aimed.jpeg\",\"width\":1200,\"height\":780},{\"@type\":\"BreadcrumbList\",\"@id\":\"https:\/\/www.shalom.it\/news\/alla-serie-israeliana-fauda-prova-a-rispondere-hamas-b1110251\/#breadcrumb\",\"itemListElement\":[{\"@type\":\"ListItem\",\"position\":1,\"name\":\"Home\",\"item\":\"https:\/\/www.shalom.it\/\"},{\"@type\":\"ListItem\",\"position\":2,\"name\":\"Alla serie israeliana Fauda prova a rispondere Hamas\"}]},{\"@type\":\"WebSite\",\"@id\":\"https:\/\/www.shalom.it\/#website\",\"url\":\"https:\/\/www.shalom.it\/\",\"name\":\"Shalom\",\"description\":\"Il Magazine della comunit\u00e0 ebraica di Roma\",\"potentialAction\":[{\"@type\":\"SearchAction\",\"target\":{\"@type\":\"EntryPoint\",\"urlTemplate\":\"https:\/\/www.shalom.it\/?s={search_term_string}\"},\"query-input\":{\"@type\":\"PropertyValueSpecification\",\"valueRequired\":true,\"valueName\":\"search_term_string\"}}],\"inLanguage\":\"it-IT\"},{\"@type\":\"Person\",\"@id\":\"https:\/\/www.shalom.it\/#\/schema\/person\/f483c6444fb990af899bfa711bf01ac8\",\"name\":\"Luca Spizzichino\",\"url\":\"https:\/\/www.shalom.it\/author\/lucaspizzichino\/\"}]}<\/script>\n<!-- \/ Yoast SEO plugin. -->","yoast_head_json":{"title":"Alla serie israeliana Fauda prova a rispondere Hamas - Shalom","robots":{"index":"index","follow":"follow","max-snippet":"max-snippet:-1","max-image-preview":"max-image-preview:large","max-video-preview":"max-video-preview:-1"},"canonical":"https:\/\/www.shalom.it\/news\/alla-serie-israeliana-fauda-prova-a-rispondere-hamas-b1110251\/","og_locale":"it_IT","og_type":"article","og_title":"Alla serie israeliana Fauda prova a rispondere Hamas - Shalom","og_description":"Una casa di produzione affiliata al gruppo terroristico di Hamas ha deciso di realizzare una serie televisiva, tentando di rispondere, a suon di propaganda antisraeliana, alla celebre&nbsp;Fauda, diventata famosa in tutto il mondo, in particolare nei Paesi arabi. &nbsp; La serie prodotta da Hamas e girata a Gaza, si intitola&nbsp;Qabdat al Ahrar, ossia \u201cIl pugno [&hellip;]","og_url":"https:\/\/www.shalom.it\/news\/alla-serie-israeliana-fauda-prova-a-rispondere-hamas-b1110251\/","og_site_name":"Shalom","article_published_time":"2022-01-30T23:00:00+00:00","article_modified_time":"2024-05-30T22:50:01+00:00","og_image":[{"width":1200,"height":780,"url":"https:\/\/www.shalom.it\/wp-content\/uploads\/2022\/01\/gaza_gun_aimed.jpeg","type":"image\/jpeg"}],"author":"Luca Spizzichino","twitter_card":"summary_large_image","twitter_misc":{"Scritto da":"Luca Spizzichino","Tempo di lettura stimato":"1 minuto"},"schema":{"@context":"https:\/\/schema.org","@graph":[{"@type":"Article","@id":"https:\/\/www.shalom.it\/news\/alla-serie-israeliana-fauda-prova-a-rispondere-hamas-b1110251\/#article","isPartOf":{"@id":"https:\/\/www.shalom.it\/news\/alla-serie-israeliana-fauda-prova-a-rispondere-hamas-b1110251\/"},"author":{"name":"Luca Spizzichino","@id":"https:\/\/www.shalom.it\/#\/schema\/person\/f483c6444fb990af899bfa711bf01ac8"},"headline":"Alla serie israeliana Fauda prova a rispondere Hamas","datePublished":"2022-01-30T23:00:00+00:00","dateModified":"2024-05-30T22:50:01+00:00","mainEntityOfPage":{"@id":"https:\/\/www.shalom.it\/news\/alla-serie-israeliana-fauda-prova-a-rispondere-hamas-b1110251\/"},"wordCount":305,"commentCount":0,"image":{"@id":"https:\/\/www.shalom.it\/news\/alla-serie-israeliana-fauda-prova-a-rispondere-hamas-b1110251\/#primaryimage"},"thumbnailUrl":"https:\/\/www.shalom.it\/wp-content\/uploads\/2022\/01\/gaza_gun_aimed.jpeg","articleSection":["NEWS"],"inLanguage":"it-IT"},{"@type":"WebPage","@id":"https:\/\/www.shalom.it\/news\/alla-serie-israeliana-fauda-prova-a-rispondere-hamas-b1110251\/","url":"https:\/\/www.shalom.it\/news\/alla-serie-israeliana-fauda-prova-a-rispondere-hamas-b1110251\/","name":"Alla serie israeliana Fauda prova a rispondere Hamas - Shalom","isPartOf":{"@id":"https:\/\/www.shalom.it\/#website"},"primaryImageOfPage":{"@id":"https:\/\/www.shalom.it\/news\/alla-serie-israeliana-fauda-prova-a-rispondere-hamas-b1110251\/#primaryimage"},"image":{"@id":"https:\/\/www.shalom.it\/news\/alla-serie-israeliana-fauda-prova-a-rispondere-hamas-b1110251\/#primaryimage"},"thumbnailUrl":"https:\/\/www.shalom.it\/wp-content\/uploads\/2022\/01\/gaza_gun_aimed.jpeg","datePublished":"2022-01-30T23:00:00+00:00","dateModified":"2024-05-30T22:50:01+00:00","author":{"@id":"https:\/\/www.shalom.it\/#\/schema\/person\/f483c6444fb990af899bfa711bf01ac8"},"breadcrumb":{"@id":"https:\/\/www.shalom.it\/news\/alla-serie-israeliana-fauda-prova-a-rispondere-hamas-b1110251\/#breadcrumb"},"inLanguage":"it-IT","potentialAction":[{"@type":"ReadAction","target":["https:\/\/www.shalom.it\/news\/alla-serie-israeliana-fauda-prova-a-rispondere-hamas-b1110251\/"]}]},{"@type":"ImageObject","inLanguage":"it-IT","@id":"https:\/\/www.shalom.it\/news\/alla-serie-israeliana-fauda-prova-a-rispondere-hamas-b1110251\/#primaryimage","url":"https:\/\/www.shalom.it\/wp-content\/uploads\/2022\/01\/gaza_gun_aimed.jpeg","contentUrl":"https:\/\/www.shalom.it\/wp-content\/uploads\/2022\/01\/gaza_gun_aimed.jpeg","width":1200,"height":780},{"@type":"BreadcrumbList","@id":"https:\/\/www.shalom.it\/news\/alla-serie-israeliana-fauda-prova-a-rispondere-hamas-b1110251\/#breadcrumb","itemListElement":[{"@type":"ListItem","position":1,"name":"Home","item":"https:\/\/www.shalom.it\/"},{"@type":"ListItem","position":2,"name":"Alla serie israeliana Fauda prova a rispondere Hamas"}]},{"@type":"WebSite","@id":"https:\/\/www.shalom.it\/#website","url":"https:\/\/www.shalom.it\/","name":"Shalom","description":"Il Magazine della comunit\u00e0 ebraica di Roma","potentialAction":[{"@type":"SearchAction","target":{"@type":"EntryPoint","urlTemplate":"https:\/\/www.shalom.it\/?s={search_term_string}"},"query-input":{"@type":"PropertyValueSpecification","valueRequired":true,"valueName":"search_term_string"}}],"inLanguage":"it-IT"},{"@type":"Person","@id":"https:\/\/www.shalom.it\/#\/schema\/person\/f483c6444fb990af899bfa711bf01ac8","name":"Luca Spizzichino","url":"https:\/\/www.shalom.it\/author\/lucaspizzichino\/"}]}},"jetpack_featured_media_url":"https:\/\/www.shalom.it\/wp-content\/uploads\/2022\/01\/gaza_gun_aimed.jpeg","jetpack_sharing_enabled":true,"_links":{"self":[{"href":"https:\/\/www.shalom.it\/wp-json\/wp\/v2\/posts\/67693","targetHints":{"allow":["GET"]}}],"collection":[{"href":"https:\/\/www.shalom.it\/wp-json\/wp\/v2\/posts"}],"about":[{"href":"https:\/\/www.shalom.it\/wp-json\/wp\/v2\/types\/post"}],"author":[{"embeddable":true,"href":"https:\/\/www.shalom.it\/wp-json\/wp\/v2\/users\/27"}],"replies":[{"embeddable":true,"href":"https:\/\/www.shalom.it\/wp-json\/wp\/v2\/comments?post=67693"}],"version-history":[{"count":1,"href":"https:\/\/www.shalom.it\/wp-json\/wp\/v2\/posts\/67693\/revisions"}],"predecessor-version":[{"id":67695,"href":"https:\/\/www.shalom.it\/wp-json\/wp\/v2\/posts\/67693\/revisions\/67695"}],"wp:featuredmedia":[{"embeddable":true,"href":"https:\/\/www.shalom.it\/wp-json\/wp\/v2\/media\/67697"}],"wp:attachment":[{"href":"https:\/\/www.shalom.it\/wp-json\/wp\/v2\/media?parent=67693"}],"wp:term":[{"taxonomy":"category","embeddable":true,"href":"https:\/\/www.shalom.it\/wp-json\/wp\/v2\/categories?post=67693"},{"taxonomy":"post_tag","embeddable":true,"href":"https:\/\/www.shalom.it\/wp-json\/wp\/v2\/tags?post=67693"}],"curies":[{"name":"wp","href":"https:\/\/api.w.org\/{rel}","templated":true}]}}