{"id":67631,"date":"2022-01-28T00:00:00","date_gmt":"2022-01-27T23:00:00","guid":{"rendered":"https:\/\/www.shalom.it\/senza-categoria\/costruire-una-memoria-collettiva-la-archivio-di-stato-di-roma-inaugura-una-sezione-dedicata-a-lia-levi-b1110091\/"},"modified":"2024-05-31T00:50:02","modified_gmt":"2024-05-30T22:50:02","slug":"costruire-una-memoria-collettiva-la-archivio-di-stato-di-roma-inaugura-una-sezione-dedicata-a-lia-levi-b1110091","status":"publish","type":"post","link":"https:\/\/www.shalom.it\/news\/costruire-una-memoria-collettiva-la-archivio-di-stato-di-roma-inaugura-una-sezione-dedicata-a-lia-levi-b1110091\/","title":{"rendered":"Costruire una memoria collettiva. L\u2019Archivio di Stato di Roma inaugura una sezione dedicata a Lia Levi"},"content":{"rendered":"<p class=\"MsoNormal\" style=\"margin: 0cm 0cm 0.0001pt;font-size: medium;font-family: Calibri, sans-serif\">Il ricordo personale che si trasforma in memoria collettiva, un vissuto individuale che diventa parte del nostro presente e la base per costruire il nostro futuro.<\/p>\n<p class=\"MsoNormal\" style=\"margin: 0cm 0cm 0.0001pt;font-size: medium;font-family: Calibri, sans-serif\">&nbsp;<\/p>\n<p class=\"MsoNormal\" style=\"margin: 0cm 0cm 0.0001pt;font-size: medium;font-family: Calibri, sans-serif\">Questi i contenuti del convegno \u201cDal ricordo personale alla memoria collettiva\u201d, organizzato in occasione del Giorno della Memoria, in cui l\u2019Archivio di Stato di Roma presenta una sezione speciale dedicata a Lia Levi.&nbsp;<\/p>\n<p class=\"MsoNormal\" style=\"margin: 0cm 0cm 0.0001pt;font-size: medium;font-family: Calibri, sans-serif\">&nbsp;<\/p>\n<p class=\"MsoNormal\" style=\"margin: 0cm 0cm 0.0001pt;font-size: medium;font-family: Calibri, sans-serif\">Promosso dall\u2019Archivio di Stato di Roma, l\u2019evento vede il patrocinio della Comunit\u00e0 Ebraica di Roma, con la partecipazione di Shalom, dell\u2019Istituto Centrale per i Beni Sonori ed Audiovisivi e della Demea Eventi Culturali.&nbsp;<\/p>\n<p class=\"MsoNormal\" style=\"margin: 0cm 0cm 0.0001pt;font-size: medium;font-family: Calibri, sans-serif\">&nbsp;<\/p>\n<p class=\"MsoNormal\" style=\"margin: 0cm 0cm 0.0001pt;font-size: medium;font-family: Calibri, sans-serif\">Una serie di foto, disegni e documenti che la scrittrice ha consegnato all\u2019Archivio nel 2008, ripercorrono i momenti salienti della vita di Lia Levi: l\u2019infanzia, gli appunti scritti a mano, il vecchio diario con copertina di pelle di sua madre, in cui anni dopo Lia ha ritrovato un suo vecchio manoscritto, ma anche pagelle e documenti della sua carriera come giornalista e Direttore di Shalom.<\/p>\n<p class=\"MsoNormal\" style=\"margin: 0cm 0cm 0.0001pt;font-size: medium;font-family: Calibri, sans-serif\">&nbsp;<\/p>\n<p class=\"MsoNormal\" style=\"margin: 0cm 0cm 0.0001pt;font-size: medium;font-family: Calibri, sans-serif\">Dopo i saluti istituzionali della Presidente della Comunit\u00e0 Ebraica di Roma Ruth Dureghello, del Direttore Generale Archivi Anna Maria Buzzi e del Direttore dell\u2019Archivio di Stato di Roma Maria Beatrice Benedetto,&nbsp;&nbsp;ad esporre i documenti esposti e il contributo che Lia Levi ha dato sia come giornalista che con i suoi romanzi alla formazione delle giovani generazioni, sono intervenuti l\u2019archivista Maria Antonietta Quesada, l\u2019archivista Letizia Leli, Ariela Piattelli, Direttore di Shalom e il giornalista Gabriele Di Donfrancesco.<\/p>\n<p class=\"MsoNormal\" style=\"margin: 0cm 0cm 0.0001pt;font-size: medium;font-family: Calibri, sans-serif\">&nbsp;<\/p>\n<p class=\"MsoNormal\" style=\"margin: 0cm 0cm 0.0001pt;font-size: medium;font-family: Calibri, sans-serif\">\u201cL\u2019opera di Lia ha veramente segnato un passo importante nella trasmissione della memoria alle giovani generazioni- ha detto la presidente Dureghello- I suoi libri ci hanno aiutato a far conoscere in modo semplice e senza traumi una cultura collettiva che passa attraverso l\u2019educazione ai pi\u00f9 piccoli.<\/p>\n<p class=\"MsoNormal\" style=\"margin: 0cm 0cm 0.0001pt;font-size: medium;font-family: Calibri, sans-serif\">&nbsp;<\/p>\n<p class=\"MsoNormal\" style=\"margin: 0cm 0cm 0.0001pt;font-size: medium;font-family: Calibri, sans-serif\">Grazie all\u2019archivio di stato oggi aggiungiamo la memoria personale, perch\u00e9 con i documenti che Lia ha trasmesso agli archivi di stato la memoria diventa pi\u00f9 collettiva\u201d.<\/p>\n<p class=\"MsoNormal\" style=\"margin: 0cm 0cm 0.0001pt;font-size: medium;font-family: Calibri, sans-serif\">&nbsp;<\/p>\n<p class=\"MsoNormal\" style=\"margin: 0cm 0cm 0.0001pt;font-size: medium;font-family: Calibri, sans-serif\">\u201cLia per trent\u2019anni con Shalom ha saputo creare uno spazio di dialogo e di conoscenza. Ma soprattutto di vitalit\u00e0 e di dibattito, perch\u00e9 \u00e8 questa la linfa vitale dell\u2019ebraismo- spiega il Direttore Piattelli, raccontando gli anni di Lia Levi a Shalom- In redazione i numeri di Shalom sotto la direzione di Lia Levi sono sempre consultati, ed \u00e8 impressionante quanto siano attuali, quanto ancora ci raccontino della nostra storia. I ragazzi, che da sempre animano e nutrono la redazione, hanno in quella storia un punto di riferimento. E a volte penso quanto Lia sia capace, anche con Shalom, oltre che con la letteratura, di trovare questa vicinanza naturale, con i ragazzi, a cui parla in un dialogo privato e al contempo collettivo. Con la sua lettera al giovane vittima di una terribile aggressione nel livornese, Lia ha mandato al giovane l\u2019abbraccio della bambina di allora, di quella bambina discriminata dalle leggi razziali.<\/p>\n<p class=\"MsoNormal\" style=\"margin: 0cm 0cm 0.0001pt;font-size: medium;font-family: Calibri, sans-serif\">&nbsp;<\/p>\n<p class=\"MsoNormal\" style=\"margin: 0cm 0cm 0.0001pt;font-size: medium;font-family: Calibri, sans-serif\">Dunque, le pagine di Lia Levi, sono pagine che ci invitano alla riflessione sul presente. E sono pagine di futura memoria\u201d.<\/p>\n","protected":false},"excerpt":{"rendered":"<p>Il ricordo personale che si trasforma in memoria collettiva, un vissuto individuale che diventa parte del nostro presente e la base per costruire il nostro futuro. &nbsp; Questi i contenuti del convegno \u201cDal ricordo personale alla memoria collettiva\u201d, organizzato in occasione del Giorno della Memoria, in cui l\u2019Archivio di Stato di Roma presenta una sezione [&hellip;]<\/p>\n","protected":false},"author":14,"featured_media":67634,"comment_status":"open","ping_status":"open","sticky":false,"template":"","format":"standard","meta":{"_acf_changed":false,"_jetpack_memberships_contains_paid_content":false,"footnotes":""},"categories":[13],"tags":[],"class_list":["post-67631","post","type-post","status-publish","format-standard","has-post-thumbnail","hentry","category-news"],"acf":[],"yoast_head":"<!-- This site is optimized with the Yoast SEO plugin v26.9 - https:\/\/yoast.com\/product\/yoast-seo-wordpress\/ -->\n<title>Costruire una memoria collettiva. L\u2019Archivio di Stato di Roma inaugura una sezione dedicata a Lia Levi - Shalom<\/title>\n<meta name=\"robots\" content=\"index, follow, max-snippet:-1, max-image-preview:large, max-video-preview:-1\" \/>\n<link rel=\"canonical\" href=\"https:\/\/www.shalom.it\/news\/costruire-una-memoria-collettiva-la-archivio-di-stato-di-roma-inaugura-una-sezione-dedicata-a-lia-levi-b1110091\/\" \/>\n<meta property=\"og:locale\" content=\"it_IT\" \/>\n<meta property=\"og:type\" content=\"article\" \/>\n<meta property=\"og:title\" content=\"Costruire una memoria collettiva. L\u2019Archivio di Stato di Roma inaugura una sezione dedicata a Lia Levi - Shalom\" \/>\n<meta property=\"og:description\" content=\"Il ricordo personale che si trasforma in memoria collettiva, un vissuto individuale che diventa parte del nostro presente e la base per costruire il nostro futuro. &nbsp; Questi i contenuti del convegno \u201cDal ricordo personale alla memoria collettiva\u201d, organizzato in occasione del Giorno della Memoria, in cui l\u2019Archivio di Stato di Roma presenta una sezione [&hellip;]\" \/>\n<meta property=\"og:url\" content=\"https:\/\/www.shalom.it\/news\/costruire-una-memoria-collettiva-la-archivio-di-stato-di-roma-inaugura-una-sezione-dedicata-a-lia-levi-b1110091\/\" \/>\n<meta property=\"og:site_name\" content=\"Shalom\" \/>\n<meta property=\"article:published_time\" content=\"2022-01-27T23:00:00+00:00\" \/>\n<meta property=\"article:modified_time\" content=\"2024-05-30T22:50:02+00:00\" \/>\n<meta property=\"og:image\" content=\"https:\/\/www.shalom.it\/wp-content\/uploads\/2022\/01\/lia-levi-archivio-scaled-1.jpeg\" \/>\n\t<meta property=\"og:image:width\" content=\"2560\" \/>\n\t<meta property=\"og:image:height\" content=\"1920\" \/>\n\t<meta property=\"og:image:type\" content=\"image\/jpeg\" \/>\n<meta name=\"author\" content=\"giorgiacalo\" \/>\n<meta name=\"twitter:card\" content=\"summary_large_image\" \/>\n<meta name=\"twitter:label1\" content=\"Scritto da\" \/>\n\t<meta name=\"twitter:data1\" content=\"giorgiacalo\" \/>\n\t<meta name=\"twitter:label2\" content=\"Tempo di lettura stimato\" \/>\n\t<meta name=\"twitter:data2\" content=\"3 minuti\" \/>\n<script type=\"application\/ld+json\" class=\"yoast-schema-graph\">{\"@context\":\"https:\/\/schema.org\",\"@graph\":[{\"@type\":\"Article\",\"@id\":\"https:\/\/www.shalom.it\/news\/costruire-una-memoria-collettiva-la-archivio-di-stato-di-roma-inaugura-una-sezione-dedicata-a-lia-levi-b1110091\/#article\",\"isPartOf\":{\"@id\":\"https:\/\/www.shalom.it\/news\/costruire-una-memoria-collettiva-la-archivio-di-stato-di-roma-inaugura-una-sezione-dedicata-a-lia-levi-b1110091\/\"},\"author\":{\"name\":\"giorgiacalo\",\"@id\":\"https:\/\/www.shalom.it\/#\/schema\/person\/43de854e7e8d89e2378a3b88379779e1\"},\"headline\":\"Costruire una memoria collettiva. L\u2019Archivio di Stato di Roma inaugura una sezione dedicata a Lia Levi\",\"datePublished\":\"2022-01-27T23:00:00+00:00\",\"dateModified\":\"2024-05-30T22:50:02+00:00\",\"mainEntityOfPage\":{\"@id\":\"https:\/\/www.shalom.it\/news\/costruire-una-memoria-collettiva-la-archivio-di-stato-di-roma-inaugura-una-sezione-dedicata-a-lia-levi-b1110091\/\"},\"wordCount\":520,\"commentCount\":0,\"image\":{\"@id\":\"https:\/\/www.shalom.it\/news\/costruire-una-memoria-collettiva-la-archivio-di-stato-di-roma-inaugura-una-sezione-dedicata-a-lia-levi-b1110091\/#primaryimage\"},\"thumbnailUrl\":\"https:\/\/www.shalom.it\/wp-content\/uploads\/2022\/01\/lia-levi-archivio-scaled-1.jpeg\",\"articleSection\":[\"NEWS\"],\"inLanguage\":\"it-IT\"},{\"@type\":\"WebPage\",\"@id\":\"https:\/\/www.shalom.it\/news\/costruire-una-memoria-collettiva-la-archivio-di-stato-di-roma-inaugura-una-sezione-dedicata-a-lia-levi-b1110091\/\",\"url\":\"https:\/\/www.shalom.it\/news\/costruire-una-memoria-collettiva-la-archivio-di-stato-di-roma-inaugura-una-sezione-dedicata-a-lia-levi-b1110091\/\",\"name\":\"Costruire una memoria collettiva. L\u2019Archivio di Stato di Roma inaugura una sezione dedicata a Lia Levi - Shalom\",\"isPartOf\":{\"@id\":\"https:\/\/www.shalom.it\/#website\"},\"primaryImageOfPage\":{\"@id\":\"https:\/\/www.shalom.it\/news\/costruire-una-memoria-collettiva-la-archivio-di-stato-di-roma-inaugura-una-sezione-dedicata-a-lia-levi-b1110091\/#primaryimage\"},\"image\":{\"@id\":\"https:\/\/www.shalom.it\/news\/costruire-una-memoria-collettiva-la-archivio-di-stato-di-roma-inaugura-una-sezione-dedicata-a-lia-levi-b1110091\/#primaryimage\"},\"thumbnailUrl\":\"https:\/\/www.shalom.it\/wp-content\/uploads\/2022\/01\/lia-levi-archivio-scaled-1.jpeg\",\"datePublished\":\"2022-01-27T23:00:00+00:00\",\"dateModified\":\"2024-05-30T22:50:02+00:00\",\"author\":{\"@id\":\"https:\/\/www.shalom.it\/#\/schema\/person\/43de854e7e8d89e2378a3b88379779e1\"},\"breadcrumb\":{\"@id\":\"https:\/\/www.shalom.it\/news\/costruire-una-memoria-collettiva-la-archivio-di-stato-di-roma-inaugura-una-sezione-dedicata-a-lia-levi-b1110091\/#breadcrumb\"},\"inLanguage\":\"it-IT\",\"potentialAction\":[{\"@type\":\"ReadAction\",\"target\":[\"https:\/\/www.shalom.it\/news\/costruire-una-memoria-collettiva-la-archivio-di-stato-di-roma-inaugura-una-sezione-dedicata-a-lia-levi-b1110091\/\"]}]},{\"@type\":\"ImageObject\",\"inLanguage\":\"it-IT\",\"@id\":\"https:\/\/www.shalom.it\/news\/costruire-una-memoria-collettiva-la-archivio-di-stato-di-roma-inaugura-una-sezione-dedicata-a-lia-levi-b1110091\/#primaryimage\",\"url\":\"https:\/\/www.shalom.it\/wp-content\/uploads\/2022\/01\/lia-levi-archivio-scaled-1.jpeg\",\"contentUrl\":\"https:\/\/www.shalom.it\/wp-content\/uploads\/2022\/01\/lia-levi-archivio-scaled-1.jpeg\",\"width\":2560,\"height\":1920},{\"@type\":\"BreadcrumbList\",\"@id\":\"https:\/\/www.shalom.it\/news\/costruire-una-memoria-collettiva-la-archivio-di-stato-di-roma-inaugura-una-sezione-dedicata-a-lia-levi-b1110091\/#breadcrumb\",\"itemListElement\":[{\"@type\":\"ListItem\",\"position\":1,\"name\":\"Home\",\"item\":\"https:\/\/www.shalom.it\/\"},{\"@type\":\"ListItem\",\"position\":2,\"name\":\"Costruire una memoria collettiva. L\u2019Archivio di Stato di Roma inaugura una sezione dedicata a Lia Levi\"}]},{\"@type\":\"WebSite\",\"@id\":\"https:\/\/www.shalom.it\/#website\",\"url\":\"https:\/\/www.shalom.it\/\",\"name\":\"Shalom\",\"description\":\"Il Magazine della comunit\u00e0 ebraica di Roma\",\"potentialAction\":[{\"@type\":\"SearchAction\",\"target\":{\"@type\":\"EntryPoint\",\"urlTemplate\":\"https:\/\/www.shalom.it\/?s={search_term_string}\"},\"query-input\":{\"@type\":\"PropertyValueSpecification\",\"valueRequired\":true,\"valueName\":\"search_term_string\"}}],\"inLanguage\":\"it-IT\"},{\"@type\":\"Person\",\"@id\":\"https:\/\/www.shalom.it\/#\/schema\/person\/43de854e7e8d89e2378a3b88379779e1\",\"name\":\"giorgiacalo\",\"url\":\"https:\/\/www.shalom.it\/author\/giorgiacalo\/\"}]}<\/script>\n<!-- \/ Yoast SEO plugin. -->","yoast_head_json":{"title":"Costruire una memoria collettiva. L\u2019Archivio di Stato di Roma inaugura una sezione dedicata a Lia Levi - Shalom","robots":{"index":"index","follow":"follow","max-snippet":"max-snippet:-1","max-image-preview":"max-image-preview:large","max-video-preview":"max-video-preview:-1"},"canonical":"https:\/\/www.shalom.it\/news\/costruire-una-memoria-collettiva-la-archivio-di-stato-di-roma-inaugura-una-sezione-dedicata-a-lia-levi-b1110091\/","og_locale":"it_IT","og_type":"article","og_title":"Costruire una memoria collettiva. L\u2019Archivio di Stato di Roma inaugura una sezione dedicata a Lia Levi - Shalom","og_description":"Il ricordo personale che si trasforma in memoria collettiva, un vissuto individuale che diventa parte del nostro presente e la base per costruire il nostro futuro. &nbsp; Questi i contenuti del convegno \u201cDal ricordo personale alla memoria collettiva\u201d, organizzato in occasione del Giorno della Memoria, in cui l\u2019Archivio di Stato di Roma presenta una sezione [&hellip;]","og_url":"https:\/\/www.shalom.it\/news\/costruire-una-memoria-collettiva-la-archivio-di-stato-di-roma-inaugura-una-sezione-dedicata-a-lia-levi-b1110091\/","og_site_name":"Shalom","article_published_time":"2022-01-27T23:00:00+00:00","article_modified_time":"2024-05-30T22:50:02+00:00","og_image":[{"width":2560,"height":1920,"url":"https:\/\/www.shalom.it\/wp-content\/uploads\/2022\/01\/lia-levi-archivio-scaled-1.jpeg","type":"image\/jpeg"}],"author":"giorgiacalo","twitter_card":"summary_large_image","twitter_misc":{"Scritto da":"giorgiacalo","Tempo di lettura stimato":"3 minuti"},"schema":{"@context":"https:\/\/schema.org","@graph":[{"@type":"Article","@id":"https:\/\/www.shalom.it\/news\/costruire-una-memoria-collettiva-la-archivio-di-stato-di-roma-inaugura-una-sezione-dedicata-a-lia-levi-b1110091\/#article","isPartOf":{"@id":"https:\/\/www.shalom.it\/news\/costruire-una-memoria-collettiva-la-archivio-di-stato-di-roma-inaugura-una-sezione-dedicata-a-lia-levi-b1110091\/"},"author":{"name":"giorgiacalo","@id":"https:\/\/www.shalom.it\/#\/schema\/person\/43de854e7e8d89e2378a3b88379779e1"},"headline":"Costruire una memoria collettiva. L\u2019Archivio di Stato di Roma inaugura una sezione dedicata a Lia Levi","datePublished":"2022-01-27T23:00:00+00:00","dateModified":"2024-05-30T22:50:02+00:00","mainEntityOfPage":{"@id":"https:\/\/www.shalom.it\/news\/costruire-una-memoria-collettiva-la-archivio-di-stato-di-roma-inaugura-una-sezione-dedicata-a-lia-levi-b1110091\/"},"wordCount":520,"commentCount":0,"image":{"@id":"https:\/\/www.shalom.it\/news\/costruire-una-memoria-collettiva-la-archivio-di-stato-di-roma-inaugura-una-sezione-dedicata-a-lia-levi-b1110091\/#primaryimage"},"thumbnailUrl":"https:\/\/www.shalom.it\/wp-content\/uploads\/2022\/01\/lia-levi-archivio-scaled-1.jpeg","articleSection":["NEWS"],"inLanguage":"it-IT"},{"@type":"WebPage","@id":"https:\/\/www.shalom.it\/news\/costruire-una-memoria-collettiva-la-archivio-di-stato-di-roma-inaugura-una-sezione-dedicata-a-lia-levi-b1110091\/","url":"https:\/\/www.shalom.it\/news\/costruire-una-memoria-collettiva-la-archivio-di-stato-di-roma-inaugura-una-sezione-dedicata-a-lia-levi-b1110091\/","name":"Costruire una memoria collettiva. L\u2019Archivio di Stato di Roma inaugura una sezione dedicata a Lia Levi - Shalom","isPartOf":{"@id":"https:\/\/www.shalom.it\/#website"},"primaryImageOfPage":{"@id":"https:\/\/www.shalom.it\/news\/costruire-una-memoria-collettiva-la-archivio-di-stato-di-roma-inaugura-una-sezione-dedicata-a-lia-levi-b1110091\/#primaryimage"},"image":{"@id":"https:\/\/www.shalom.it\/news\/costruire-una-memoria-collettiva-la-archivio-di-stato-di-roma-inaugura-una-sezione-dedicata-a-lia-levi-b1110091\/#primaryimage"},"thumbnailUrl":"https:\/\/www.shalom.it\/wp-content\/uploads\/2022\/01\/lia-levi-archivio-scaled-1.jpeg","datePublished":"2022-01-27T23:00:00+00:00","dateModified":"2024-05-30T22:50:02+00:00","author":{"@id":"https:\/\/www.shalom.it\/#\/schema\/person\/43de854e7e8d89e2378a3b88379779e1"},"breadcrumb":{"@id":"https:\/\/www.shalom.it\/news\/costruire-una-memoria-collettiva-la-archivio-di-stato-di-roma-inaugura-una-sezione-dedicata-a-lia-levi-b1110091\/#breadcrumb"},"inLanguage":"it-IT","potentialAction":[{"@type":"ReadAction","target":["https:\/\/www.shalom.it\/news\/costruire-una-memoria-collettiva-la-archivio-di-stato-di-roma-inaugura-una-sezione-dedicata-a-lia-levi-b1110091\/"]}]},{"@type":"ImageObject","inLanguage":"it-IT","@id":"https:\/\/www.shalom.it\/news\/costruire-una-memoria-collettiva-la-archivio-di-stato-di-roma-inaugura-una-sezione-dedicata-a-lia-levi-b1110091\/#primaryimage","url":"https:\/\/www.shalom.it\/wp-content\/uploads\/2022\/01\/lia-levi-archivio-scaled-1.jpeg","contentUrl":"https:\/\/www.shalom.it\/wp-content\/uploads\/2022\/01\/lia-levi-archivio-scaled-1.jpeg","width":2560,"height":1920},{"@type":"BreadcrumbList","@id":"https:\/\/www.shalom.it\/news\/costruire-una-memoria-collettiva-la-archivio-di-stato-di-roma-inaugura-una-sezione-dedicata-a-lia-levi-b1110091\/#breadcrumb","itemListElement":[{"@type":"ListItem","position":1,"name":"Home","item":"https:\/\/www.shalom.it\/"},{"@type":"ListItem","position":2,"name":"Costruire una memoria collettiva. L\u2019Archivio di Stato di Roma inaugura una sezione dedicata a Lia Levi"}]},{"@type":"WebSite","@id":"https:\/\/www.shalom.it\/#website","url":"https:\/\/www.shalom.it\/","name":"Shalom","description":"Il Magazine della comunit\u00e0 ebraica di Roma","potentialAction":[{"@type":"SearchAction","target":{"@type":"EntryPoint","urlTemplate":"https:\/\/www.shalom.it\/?s={search_term_string}"},"query-input":{"@type":"PropertyValueSpecification","valueRequired":true,"valueName":"search_term_string"}}],"inLanguage":"it-IT"},{"@type":"Person","@id":"https:\/\/www.shalom.it\/#\/schema\/person\/43de854e7e8d89e2378a3b88379779e1","name":"giorgiacalo","url":"https:\/\/www.shalom.it\/author\/giorgiacalo\/"}]}},"jetpack_featured_media_url":"https:\/\/www.shalom.it\/wp-content\/uploads\/2022\/01\/lia-levi-archivio-scaled-1.jpeg","jetpack_sharing_enabled":true,"_links":{"self":[{"href":"https:\/\/www.shalom.it\/wp-json\/wp\/v2\/posts\/67631","targetHints":{"allow":["GET"]}}],"collection":[{"href":"https:\/\/www.shalom.it\/wp-json\/wp\/v2\/posts"}],"about":[{"href":"https:\/\/www.shalom.it\/wp-json\/wp\/v2\/types\/post"}],"author":[{"embeddable":true,"href":"https:\/\/www.shalom.it\/wp-json\/wp\/v2\/users\/14"}],"replies":[{"embeddable":true,"href":"https:\/\/www.shalom.it\/wp-json\/wp\/v2\/comments?post=67631"}],"version-history":[{"count":1,"href":"https:\/\/www.shalom.it\/wp-json\/wp\/v2\/posts\/67631\/revisions"}],"predecessor-version":[{"id":67635,"href":"https:\/\/www.shalom.it\/wp-json\/wp\/v2\/posts\/67631\/revisions\/67635"}],"wp:featuredmedia":[{"embeddable":true,"href":"https:\/\/www.shalom.it\/wp-json\/wp\/v2\/media\/67634"}],"wp:attachment":[{"href":"https:\/\/www.shalom.it\/wp-json\/wp\/v2\/media?parent=67631"}],"wp:term":[{"taxonomy":"category","embeddable":true,"href":"https:\/\/www.shalom.it\/wp-json\/wp\/v2\/categories?post=67631"},{"taxonomy":"post_tag","embeddable":true,"href":"https:\/\/www.shalom.it\/wp-json\/wp\/v2\/tags?post=67631"}],"curies":[{"name":"wp","href":"https:\/\/api.w.org\/{rel}","templated":true}]}}