{"id":67567,"date":"2022-01-27T00:00:00","date_gmt":"2022-01-26T23:00:00","guid":{"rendered":"https:\/\/www.shalom.it\/senza-categoria\/storie-di-delazioni-in-italia-la-vicenda-della-famiglia-cavaglione-b1109931\/"},"modified":"2024-05-31T00:49:59","modified_gmt":"2024-05-30T22:49:59","slug":"storie-di-delazioni-in-italia-la-vicenda-della-famiglia-cavaglione-b1109931","status":"publish","type":"post","link":"https:\/\/www.shalom.it\/italia\/storie-di-delazioni-in-italia-la-vicenda-della-famiglia-cavaglione-b1109931\/","title":{"rendered":"Storie di delazioni in Italia: la vicenda della famiglia Cavaglione"},"content":{"rendered":"<p class=\"MsoNormal\" style=\"margin: 0cm 0cm 0.0001pt;font-size: medium;font-family: Calibri, sans-serif\">Tra le pietre d\u2019inciampo messe in questi giorni, ve ne sono due che hanno dietro una storia molto particolare. Una storia fatta di delazioni e avidit\u00e0, ma anche una scoperta quasi casuale che ha portato alla luce come si sia svolta la vicenda. Ma andiamo con ordine.<\/p>\n<p class=\"MsoNormal\" style=\"margin: 0cm 0cm 0.0001pt;font-size: medium;font-family: Calibri, sans-serif\">Lo scorso 25 gennaio, in Salita di San Francesco 7 a Genova, sono state posate le pietre in memoria di Emanuele Cavaglione (nato a Genova nel 1880) e Margherita Segre (nata a Casale Monferrato &#8211; Alessandria nel 1893), ebrei genovesi deportati nel 1944 ad Auschwitz, da dove non sono pi\u00f9 tornati. A volere fortemente questo ricordo i due nipoti, Paolo e Maurizio Cavaglione.<\/p>\n<p class=\"MsoNormal\" style=\"margin: 0cm 0cm 0.0001pt;font-size: medium;font-family: Calibri, sans-serif\">La ricostruzione di tutti i dettagli \u00e8 stata realizzata recentemente da Paolo, il quale ha ricollegato le poche nozioni di cui era a conoscenza con le ricerche dello storico Amedeo Osti Guerrazzi, il quale \u00e8 da anni impegnato con la Fondazione Museo della Shoah nello studio delle storie dei deportati, spesso vittime di delazioni.<\/p>\n<p class=\"MsoNormal\" style=\"margin: 0cm 0cm 0.0001pt;font-size: medium;font-family: Calibri, sans-serif\">\u00abLa storia dei miei nonni la conoscevo solo in forma frammentata, visto che mio padre non aveva mai voluto raccontarla interamente \u2013 racconta Paolo Cavaglione a Shalom \u2013 I tasselli mancanti sono riuscito a raccoglierli quando ho letto il libro \u201cGli specialisti dell\u2019odio\u201d di Osti Guerrazzi, di cui avevo sentito una recensione alla radio\u00bb. Da quel momento, a inizio 2021, inizia un fitto contatto tra Cavaglione e Osti Guerrazzi, che permette di capire cosa sia realmente accaduto.<\/p>\n<p class=\"MsoNormal\" style=\"margin: 0cm 0cm 0.0001pt;font-size: medium;font-family: Calibri, sans-serif\">La storia della famiglia Cavaglione durante l\u2019occupazione nazista in Italia \u00e8 simile a quella di tanti altri ebrei del Paese: dopo anni di discriminazioni e persecuzioni seguiti alle leggi razziali del \u201938, diventa necessario nascondersi per evitare le deportazioni nei campi di sterminio.&nbsp;<\/p>\n<p class=\"MsoNormal\" style=\"margin: 0cm 0cm 0.0001pt;font-size: medium;font-family: Calibri, sans-serif\">\u00abDopo l\u20198 settembre \u201943, mio padre e mio zio fuggirono a piedi sull\u2019Appennino, fino a raggiungere le linee degli Alleati. I miei nonni invece si erano nascosti a Firenze sotto falso nome e avevano affidato la biancheria di casa e i gioielli a una loro impiegata. Questa signora venne per\u00f2 messa in guardia da due vicini di casa, i fratelli Cantalupo, desiderosi di impossessarsi di questi beni: le dissero che i nazisti erano sulle tracce di questi valori, quindi era meglio che fossero loro a conservarli. Lei ingenuamente segu\u00ec il consiglio, ma quando cap\u00ec di essere stata truffata avvis\u00f2 i miei nonni. Contattarono cos\u00ec questi due fratelli, che avrebbero restituito tutto se loro avessero fatto ritorno a Genova. I miei nonni sospettavano l\u2019inganno, tanto che si recarono a casa di conoscenti (in Salita di San Francesco, appunto). Ma per realizzare la consegna rivelarono l\u2019indirizzo. Cos\u00ec all\u2019appuntamento del 7 marzo 1944 in cui si sarebbe dovuta verificare la restituzione, si present\u00f2 un collaborazionista, Bruno De Dominici, citato anche nel libro di Andrea Casazza \u201cLa beffa dei vinti\u201d. Per 5mila lire a persona, arrest\u00f2 e consegn\u00f2 alle SS i coniugi Cavaglione. Dopo un periodo nel carcere di Marassi, vennero trasferiti a Fossoli e da l\u00ec ad Auschwitz, dove furono uccisi il giorno stesso del loro arrivo, il 30 giugno 1944\u00bb.<\/p>\n<p class=\"MsoNormal\" style=\"margin: 0cm 0cm 0.0001pt;font-size: medium;font-family: Calibri, sans-serif\">Grazie ai testimoni di quell\u2019episodio, nel processo tenutosi nel dopoguerra fu possibile processare i due fratelli delatori, condannati dalla Corte d\u2019assise straordinaria di Genova a dieci anni di reclusione, ma poi liberati in seguito all\u2019amnistia Togliatti del 1946. Proprio gli atti del processo hanno rappresentato per Paolo la fonte da cui trarre le informazioni necessarie, dopo aver scoperto grazie al libro di Osti Guerrazzi il tribunale speciale di riferimento, i cui documenti erano stati solo recentemente desecretati.<\/p>\n<p class=\"MsoNormal\" style=\"margin: 0cm 0cm 0.0001pt;font-size: medium;font-family: Calibri, sans-serif\">\u00abL\u2019opportunit\u00e0 di mettere i nomi dei miei nonni sulle pietre d\u2019inciampo mi garantisce che non saranno dimenticati \u2013 aggiunge Paolo Cavaglione \u2013 \u00c8 un piccolo contributo alla Memoria, ma un grande simbolo per la nostra famiglia. La Storia \u00e8 fatta di vicende collettive e personali. Le prime sono materia degli storici e poco toccano gli individui, finch\u00e9 questi ultimi non sono coinvolti da vicende specifiche: nel mio caso, si \u00e8 realizzato proprio questo passaggio\u00bb.<\/p>\n<p class=\"MsoNormal\" style=\"margin: 0cm 0cm 0.0001pt;font-size: medium;font-family: Calibri, sans-serif\">Gli fa eco lo storico che ha contribuito a queste ricerche. \u00abLa storia dei Cavaglione costituisce un ulteriore stimolo all\u2019attivit\u00e0 della Fondazione Museo della Shoah per dare voce ai singoli \u2013 ha dichiarato Osti Guerrazzi a Shalom \u2013 Molte famiglie continuano a vivere nell\u2019incertezza di ci\u00f2 che sia realmente avvenuto ai loro parenti. Il nostro lavoro, che solitamente si svolge con un approccio distaccato, in questa fase si umanizza, acquisisce una dimensione sociale con storie di singoli individui e contribuisce a restituire un pezzo di storia personale. Rappresenta dunque una grande soddisfazione\u00bb.<\/p>\n","protected":false},"excerpt":{"rendered":"<p>Tra le pietre d\u2019inciampo messe in questi giorni, ve ne sono due che hanno dietro una storia molto particolare. Una storia fatta di delazioni e avidit\u00e0, ma anche una scoperta quasi casuale che ha portato alla luce come si sia svolta la vicenda. Ma andiamo con ordine. Lo scorso 25 gennaio, in Salita di San [&hellip;]<\/p>\n","protected":false},"author":30,"featured_media":67569,"comment_status":"open","ping_status":"open","sticky":false,"template":"","format":"standard","meta":{"_acf_changed":false,"_jetpack_memberships_contains_paid_content":false,"footnotes":""},"categories":[3],"tags":[],"class_list":["post-67567","post","type-post","status-publish","format-standard","has-post-thumbnail","hentry","category-italia"],"acf":[],"yoast_head":"<!-- This site is optimized with the Yoast SEO plugin v26.9 - https:\/\/yoast.com\/product\/yoast-seo-wordpress\/ -->\n<title>Storie di delazioni in Italia: la vicenda della famiglia Cavaglione - Shalom<\/title>\n<meta name=\"robots\" content=\"index, follow, max-snippet:-1, max-image-preview:large, max-video-preview:-1\" \/>\n<link rel=\"canonical\" href=\"https:\/\/www.shalom.it\/italia\/storie-di-delazioni-in-italia-la-vicenda-della-famiglia-cavaglione-b1109931\/\" \/>\n<meta property=\"og:locale\" content=\"it_IT\" \/>\n<meta property=\"og:type\" content=\"article\" \/>\n<meta property=\"og:title\" content=\"Storie di delazioni in Italia: la vicenda della famiglia Cavaglione - Shalom\" \/>\n<meta property=\"og:description\" content=\"Tra le pietre d\u2019inciampo messe in questi giorni, ve ne sono due che hanno dietro una storia molto particolare. Una storia fatta di delazioni e avidit\u00e0, ma anche una scoperta quasi casuale che ha portato alla luce come si sia svolta la vicenda. Ma andiamo con ordine. Lo scorso 25 gennaio, in Salita di San [&hellip;]\" \/>\n<meta property=\"og:url\" content=\"https:\/\/www.shalom.it\/italia\/storie-di-delazioni-in-italia-la-vicenda-della-famiglia-cavaglione-b1109931\/\" \/>\n<meta property=\"og:site_name\" content=\"Shalom\" \/>\n<meta property=\"article:published_time\" content=\"2022-01-26T23:00:00+00:00\" \/>\n<meta property=\"article:modified_time\" content=\"2024-05-30T22:49:59+00:00\" \/>\n<meta property=\"og:image\" content=\"https:\/\/www.shalom.it\/wp-content\/uploads\/2022\/01\/cavaglione.jpg\" \/>\n\t<meta property=\"og:image:width\" content=\"1181\" \/>\n\t<meta property=\"og:image:height\" content=\"563\" \/>\n\t<meta property=\"og:image:type\" content=\"image\/jpeg\" \/>\n<meta name=\"author\" content=\"tdaniele\" \/>\n<meta name=\"twitter:card\" content=\"summary_large_image\" \/>\n<meta name=\"twitter:label1\" content=\"Scritto da\" \/>\n\t<meta name=\"twitter:data1\" content=\"tdaniele\" \/>\n\t<meta name=\"twitter:label2\" content=\"Tempo di lettura stimato\" \/>\n\t<meta name=\"twitter:data2\" content=\"4 minuti\" \/>\n<script type=\"application\/ld+json\" class=\"yoast-schema-graph\">{\"@context\":\"https:\/\/schema.org\",\"@graph\":[{\"@type\":\"Article\",\"@id\":\"https:\/\/www.shalom.it\/italia\/storie-di-delazioni-in-italia-la-vicenda-della-famiglia-cavaglione-b1109931\/#article\",\"isPartOf\":{\"@id\":\"https:\/\/www.shalom.it\/italia\/storie-di-delazioni-in-italia-la-vicenda-della-famiglia-cavaglione-b1109931\/\"},\"author\":{\"name\":\"tdaniele\",\"@id\":\"https:\/\/www.shalom.it\/#\/schema\/person\/6d838a4b0dd5791cc17ed22f55883f3d\"},\"headline\":\"Storie di delazioni in Italia: la vicenda della famiglia Cavaglione\",\"datePublished\":\"2022-01-26T23:00:00+00:00\",\"dateModified\":\"2024-05-30T22:49:59+00:00\",\"mainEntityOfPage\":{\"@id\":\"https:\/\/www.shalom.it\/italia\/storie-di-delazioni-in-italia-la-vicenda-della-famiglia-cavaglione-b1109931\/\"},\"wordCount\":745,\"commentCount\":0,\"image\":{\"@id\":\"https:\/\/www.shalom.it\/italia\/storie-di-delazioni-in-italia-la-vicenda-della-famiglia-cavaglione-b1109931\/#primaryimage\"},\"thumbnailUrl\":\"https:\/\/www.shalom.it\/wp-content\/uploads\/2022\/01\/cavaglione.jpg\",\"articleSection\":[\"ITALIA\"],\"inLanguage\":\"it-IT\"},{\"@type\":\"WebPage\",\"@id\":\"https:\/\/www.shalom.it\/italia\/storie-di-delazioni-in-italia-la-vicenda-della-famiglia-cavaglione-b1109931\/\",\"url\":\"https:\/\/www.shalom.it\/italia\/storie-di-delazioni-in-italia-la-vicenda-della-famiglia-cavaglione-b1109931\/\",\"name\":\"Storie di delazioni in Italia: la vicenda della famiglia Cavaglione - Shalom\",\"isPartOf\":{\"@id\":\"https:\/\/www.shalom.it\/#website\"},\"primaryImageOfPage\":{\"@id\":\"https:\/\/www.shalom.it\/italia\/storie-di-delazioni-in-italia-la-vicenda-della-famiglia-cavaglione-b1109931\/#primaryimage\"},\"image\":{\"@id\":\"https:\/\/www.shalom.it\/italia\/storie-di-delazioni-in-italia-la-vicenda-della-famiglia-cavaglione-b1109931\/#primaryimage\"},\"thumbnailUrl\":\"https:\/\/www.shalom.it\/wp-content\/uploads\/2022\/01\/cavaglione.jpg\",\"datePublished\":\"2022-01-26T23:00:00+00:00\",\"dateModified\":\"2024-05-30T22:49:59+00:00\",\"author\":{\"@id\":\"https:\/\/www.shalom.it\/#\/schema\/person\/6d838a4b0dd5791cc17ed22f55883f3d\"},\"breadcrumb\":{\"@id\":\"https:\/\/www.shalom.it\/italia\/storie-di-delazioni-in-italia-la-vicenda-della-famiglia-cavaglione-b1109931\/#breadcrumb\"},\"inLanguage\":\"it-IT\",\"potentialAction\":[{\"@type\":\"ReadAction\",\"target\":[\"https:\/\/www.shalom.it\/italia\/storie-di-delazioni-in-italia-la-vicenda-della-famiglia-cavaglione-b1109931\/\"]}]},{\"@type\":\"ImageObject\",\"inLanguage\":\"it-IT\",\"@id\":\"https:\/\/www.shalom.it\/italia\/storie-di-delazioni-in-italia-la-vicenda-della-famiglia-cavaglione-b1109931\/#primaryimage\",\"url\":\"https:\/\/www.shalom.it\/wp-content\/uploads\/2022\/01\/cavaglione.jpg\",\"contentUrl\":\"https:\/\/www.shalom.it\/wp-content\/uploads\/2022\/01\/cavaglione.jpg\",\"width\":1181,\"height\":563},{\"@type\":\"BreadcrumbList\",\"@id\":\"https:\/\/www.shalom.it\/italia\/storie-di-delazioni-in-italia-la-vicenda-della-famiglia-cavaglione-b1109931\/#breadcrumb\",\"itemListElement\":[{\"@type\":\"ListItem\",\"position\":1,\"name\":\"Home\",\"item\":\"https:\/\/www.shalom.it\/\"},{\"@type\":\"ListItem\",\"position\":2,\"name\":\"Storie di delazioni in Italia: la vicenda della famiglia Cavaglione\"}]},{\"@type\":\"WebSite\",\"@id\":\"https:\/\/www.shalom.it\/#website\",\"url\":\"https:\/\/www.shalom.it\/\",\"name\":\"Shalom\",\"description\":\"Il Magazine della comunit\u00e0 ebraica di Roma\",\"potentialAction\":[{\"@type\":\"SearchAction\",\"target\":{\"@type\":\"EntryPoint\",\"urlTemplate\":\"https:\/\/www.shalom.it\/?s={search_term_string}\"},\"query-input\":{\"@type\":\"PropertyValueSpecification\",\"valueRequired\":true,\"valueName\":\"search_term_string\"}}],\"inLanguage\":\"it-IT\"},{\"@type\":\"Person\",\"@id\":\"https:\/\/www.shalom.it\/#\/schema\/person\/6d838a4b0dd5791cc17ed22f55883f3d\",\"name\":\"tdaniele\",\"description\":\"Responsabile Shalom Magazine e Shalom Channel E\u2019 giornalista pubblicista. Laureato in Relazioni Internazionali e con diploma di Master in Studi diplomatici presso la SIOI (Societ\u00e0 Italiana per l\u2019Organizzazione Internazionale). Si occupa di giornalismo e comunicazione per televisione, radio, carta stampata, ufficio stampa, trattando, tra gli altri argomenti, salute, cultura, economia, politica, affari internazionali.\",\"url\":\"https:\/\/www.shalom.it\/author\/tdaniele\/\"}]}<\/script>\n<!-- \/ Yoast SEO plugin. -->","yoast_head_json":{"title":"Storie di delazioni in Italia: la vicenda della famiglia Cavaglione - Shalom","robots":{"index":"index","follow":"follow","max-snippet":"max-snippet:-1","max-image-preview":"max-image-preview:large","max-video-preview":"max-video-preview:-1"},"canonical":"https:\/\/www.shalom.it\/italia\/storie-di-delazioni-in-italia-la-vicenda-della-famiglia-cavaglione-b1109931\/","og_locale":"it_IT","og_type":"article","og_title":"Storie di delazioni in Italia: la vicenda della famiglia Cavaglione - Shalom","og_description":"Tra le pietre d\u2019inciampo messe in questi giorni, ve ne sono due che hanno dietro una storia molto particolare. Una storia fatta di delazioni e avidit\u00e0, ma anche una scoperta quasi casuale che ha portato alla luce come si sia svolta la vicenda. Ma andiamo con ordine. Lo scorso 25 gennaio, in Salita di San [&hellip;]","og_url":"https:\/\/www.shalom.it\/italia\/storie-di-delazioni-in-italia-la-vicenda-della-famiglia-cavaglione-b1109931\/","og_site_name":"Shalom","article_published_time":"2022-01-26T23:00:00+00:00","article_modified_time":"2024-05-30T22:49:59+00:00","og_image":[{"width":1181,"height":563,"url":"https:\/\/www.shalom.it\/wp-content\/uploads\/2022\/01\/cavaglione.jpg","type":"image\/jpeg"}],"author":"tdaniele","twitter_card":"summary_large_image","twitter_misc":{"Scritto da":"tdaniele","Tempo di lettura stimato":"4 minuti"},"schema":{"@context":"https:\/\/schema.org","@graph":[{"@type":"Article","@id":"https:\/\/www.shalom.it\/italia\/storie-di-delazioni-in-italia-la-vicenda-della-famiglia-cavaglione-b1109931\/#article","isPartOf":{"@id":"https:\/\/www.shalom.it\/italia\/storie-di-delazioni-in-italia-la-vicenda-della-famiglia-cavaglione-b1109931\/"},"author":{"name":"tdaniele","@id":"https:\/\/www.shalom.it\/#\/schema\/person\/6d838a4b0dd5791cc17ed22f55883f3d"},"headline":"Storie di delazioni in Italia: la vicenda della famiglia Cavaglione","datePublished":"2022-01-26T23:00:00+00:00","dateModified":"2024-05-30T22:49:59+00:00","mainEntityOfPage":{"@id":"https:\/\/www.shalom.it\/italia\/storie-di-delazioni-in-italia-la-vicenda-della-famiglia-cavaglione-b1109931\/"},"wordCount":745,"commentCount":0,"image":{"@id":"https:\/\/www.shalom.it\/italia\/storie-di-delazioni-in-italia-la-vicenda-della-famiglia-cavaglione-b1109931\/#primaryimage"},"thumbnailUrl":"https:\/\/www.shalom.it\/wp-content\/uploads\/2022\/01\/cavaglione.jpg","articleSection":["ITALIA"],"inLanguage":"it-IT"},{"@type":"WebPage","@id":"https:\/\/www.shalom.it\/italia\/storie-di-delazioni-in-italia-la-vicenda-della-famiglia-cavaglione-b1109931\/","url":"https:\/\/www.shalom.it\/italia\/storie-di-delazioni-in-italia-la-vicenda-della-famiglia-cavaglione-b1109931\/","name":"Storie di delazioni in Italia: la vicenda della famiglia Cavaglione - Shalom","isPartOf":{"@id":"https:\/\/www.shalom.it\/#website"},"primaryImageOfPage":{"@id":"https:\/\/www.shalom.it\/italia\/storie-di-delazioni-in-italia-la-vicenda-della-famiglia-cavaglione-b1109931\/#primaryimage"},"image":{"@id":"https:\/\/www.shalom.it\/italia\/storie-di-delazioni-in-italia-la-vicenda-della-famiglia-cavaglione-b1109931\/#primaryimage"},"thumbnailUrl":"https:\/\/www.shalom.it\/wp-content\/uploads\/2022\/01\/cavaglione.jpg","datePublished":"2022-01-26T23:00:00+00:00","dateModified":"2024-05-30T22:49:59+00:00","author":{"@id":"https:\/\/www.shalom.it\/#\/schema\/person\/6d838a4b0dd5791cc17ed22f55883f3d"},"breadcrumb":{"@id":"https:\/\/www.shalom.it\/italia\/storie-di-delazioni-in-italia-la-vicenda-della-famiglia-cavaglione-b1109931\/#breadcrumb"},"inLanguage":"it-IT","potentialAction":[{"@type":"ReadAction","target":["https:\/\/www.shalom.it\/italia\/storie-di-delazioni-in-italia-la-vicenda-della-famiglia-cavaglione-b1109931\/"]}]},{"@type":"ImageObject","inLanguage":"it-IT","@id":"https:\/\/www.shalom.it\/italia\/storie-di-delazioni-in-italia-la-vicenda-della-famiglia-cavaglione-b1109931\/#primaryimage","url":"https:\/\/www.shalom.it\/wp-content\/uploads\/2022\/01\/cavaglione.jpg","contentUrl":"https:\/\/www.shalom.it\/wp-content\/uploads\/2022\/01\/cavaglione.jpg","width":1181,"height":563},{"@type":"BreadcrumbList","@id":"https:\/\/www.shalom.it\/italia\/storie-di-delazioni-in-italia-la-vicenda-della-famiglia-cavaglione-b1109931\/#breadcrumb","itemListElement":[{"@type":"ListItem","position":1,"name":"Home","item":"https:\/\/www.shalom.it\/"},{"@type":"ListItem","position":2,"name":"Storie di delazioni in Italia: la vicenda della famiglia Cavaglione"}]},{"@type":"WebSite","@id":"https:\/\/www.shalom.it\/#website","url":"https:\/\/www.shalom.it\/","name":"Shalom","description":"Il Magazine della comunit\u00e0 ebraica di Roma","potentialAction":[{"@type":"SearchAction","target":{"@type":"EntryPoint","urlTemplate":"https:\/\/www.shalom.it\/?s={search_term_string}"},"query-input":{"@type":"PropertyValueSpecification","valueRequired":true,"valueName":"search_term_string"}}],"inLanguage":"it-IT"},{"@type":"Person","@id":"https:\/\/www.shalom.it\/#\/schema\/person\/6d838a4b0dd5791cc17ed22f55883f3d","name":"tdaniele","description":"Responsabile Shalom Magazine e Shalom Channel E\u2019 giornalista pubblicista. Laureato in Relazioni Internazionali e con diploma di Master in Studi diplomatici presso la SIOI (Societ\u00e0 Italiana per l\u2019Organizzazione Internazionale). Si occupa di giornalismo e comunicazione per televisione, radio, carta stampata, ufficio stampa, trattando, tra gli altri argomenti, salute, cultura, economia, politica, affari internazionali.","url":"https:\/\/www.shalom.it\/author\/tdaniele\/"}]}},"jetpack_featured_media_url":"https:\/\/www.shalom.it\/wp-content\/uploads\/2022\/01\/cavaglione.jpg","jetpack_sharing_enabled":true,"_links":{"self":[{"href":"https:\/\/www.shalom.it\/wp-json\/wp\/v2\/posts\/67567","targetHints":{"allow":["GET"]}}],"collection":[{"href":"https:\/\/www.shalom.it\/wp-json\/wp\/v2\/posts"}],"about":[{"href":"https:\/\/www.shalom.it\/wp-json\/wp\/v2\/types\/post"}],"author":[{"embeddable":true,"href":"https:\/\/www.shalom.it\/wp-json\/wp\/v2\/users\/30"}],"replies":[{"embeddable":true,"href":"https:\/\/www.shalom.it\/wp-json\/wp\/v2\/comments?post=67567"}],"version-history":[{"count":1,"href":"https:\/\/www.shalom.it\/wp-json\/wp\/v2\/posts\/67567\/revisions"}],"predecessor-version":[{"id":67570,"href":"https:\/\/www.shalom.it\/wp-json\/wp\/v2\/posts\/67567\/revisions\/67570"}],"wp:featuredmedia":[{"embeddable":true,"href":"https:\/\/www.shalom.it\/wp-json\/wp\/v2\/media\/67569"}],"wp:attachment":[{"href":"https:\/\/www.shalom.it\/wp-json\/wp\/v2\/media?parent=67567"}],"wp:term":[{"taxonomy":"category","embeddable":true,"href":"https:\/\/www.shalom.it\/wp-json\/wp\/v2\/categories?post=67567"},{"taxonomy":"post_tag","embeddable":true,"href":"https:\/\/www.shalom.it\/wp-json\/wp\/v2\/tags?post=67567"}],"curies":[{"name":"wp","href":"https:\/\/api.w.org\/{rel}","templated":true}]}}