{"id":67414,"date":"2022-01-21T00:00:00","date_gmt":"2022-01-20T23:00:00","guid":{"rendered":"https:\/\/www.shalom.it\/senza-categoria\/la-torta-di-tu-bishvat-b1109511\/"},"modified":"2024-05-31T00:49:50","modified_gmt":"2024-05-30T22:49:50","slug":"la-torta-di-tu-bishvat-b1109511","status":"publish","type":"post","link":"https:\/\/www.shalom.it\/cultura\/la-torta-di-tu-bishvat-b1109511\/","title":{"rendered":"La torta di Tu Bishvat"},"content":{"rendered":"<p class=\"MsoNormal\" style=\"margin: 0cm 0cm 0.0001pt;font-size: medium;font-family: Calibri, sans-serif\">Lo scorso luned\u00ec abbiamo festeggiato il Capodanno degli alberi, Tu Bishvat, una data del calendario ebraico che oggi ci permette di fermarci e riflettere sulla perfezione del mondo in cui viviamo.<\/p>\n<p class=\"MsoNormal\" style=\"margin: 0cm 0cm 0.0001pt;font-size: medium;font-family: Calibri, sans-serif\">In molte case si organizza una cena durante la quale si assaporano diversi tipi di frutta accompagnandoli con del vino per celebrare il passaggio dall\u2019inverno alla primavera, periodo di fioritura e calore.<\/p>\n<p class=\"MsoNormal\" style=\"margin: 0cm 0cm 0.0001pt;font-size: medium;font-family: Calibri, sans-serif\">Il ciclo naturale delle piante potrebbe sembrarci qualcosa di miracoloso e se vogliamo quasi automatico scontato. Camminando per le strade delle nostre citt\u00e0 ammiriamo alberi spogli che lentamente si riempiono di foglie, pensando che cos\u00ec deve essere e cos\u00ec sempre sar\u00e0. Invece Tu Bishvat ci insegna che senza la cura, l\u2019impegno e la responsabilit\u00e0 reciproca il miracolo della natura non pu\u00f2 compiersi. Se ognuno di noi non si impegna per un bene collettivo, ma resta nel proprio orticello, la natura non potr\u00e0 seguire il suo corso e lo spettacolo dei mandorli in fiore sar\u00e0 solo un ricordo.<\/p>\n<p class=\"MsoNormal\" style=\"margin: 0cm 0cm 0.0001pt;font-size: medium;font-family: Calibri, sans-serif\">Il Capodanno degli alberi non \u00e8 solo un richiamo all\u2019ecologia, mai come in questo momento \u00e8 la chiara prova dell\u2019importanza della collaborazione e dell\u2019altruismo.<\/p>\n<p class=\"MsoNormal\" style=\"margin: 0cm 0cm 0.0001pt;font-size: medium;font-family: Calibri, sans-serif\">Vi propongo a tal proposito la mia ricetta \u2018svuota avanzi\u2019 di frutta secca, un modo per evitare gli sprechi di cibo ed avere un dolce speciale per il prossimo shabbat.<\/p>\n<p class=\"MsoNormal\" style=\"margin: 0cm 0cm 0.0001pt;font-size: medium;font-family: Calibri, sans-serif\">&nbsp;<\/p>\n<p class=\"MsoNormal\" style=\"margin: 0cm 0cm 0.0001pt;font-size: medium;font-family: Calibri, sans-serif\"><b><i><u>INGREDIENTI:&nbsp;<\/u><\/i><\/b><\/p>\n<p class=\"MsoNormal\" style=\"margin: 0cm 0cm 0.0001pt;font-size: medium;font-family: Calibri, sans-serif\">450 gr di frutta secca mista (noci, nocciole, datteri, albicocche secche, chi pi\u00f9 ne ha pi\u00f9 ne metta)<\/p>\n<p class=\"MsoNormal\" style=\"margin: 0cm 0cm 0.0001pt;font-size: medium;font-family: Calibri, sans-serif\">125 gr farina<\/p>\n<p class=\"MsoNormal\" style=\"margin: 0cm 0cm 0.0001pt;font-size: medium;font-family: Calibri, sans-serif\">1 cucchiaio di lievito per dolci<\/p>\n<p class=\"MsoNormal\" style=\"margin: 0cm 0cm 0.0001pt;font-size: medium;font-family: Calibri, sans-serif\">3 uova<\/p>\n<p class=\"MsoNormal\" style=\"margin: 0cm 0cm 0.0001pt;font-size: medium;font-family: Calibri, sans-serif\">Mezzo bicchiere zucchero<\/p>\n<p class=\"MsoNormal\" style=\"margin: 0cm 0cm 0.0001pt;font-size: medium;font-family: Calibri, sans-serif\">\u00bc bicchiere di olio di semi<\/p>\n<p class=\"MsoNormal\" style=\"margin: 0cm 0cm 0.0001pt;font-size: medium;font-family: Calibri, sans-serif\">1 cucchiaino di cannella<\/p>\n<p class=\"MsoNormal\" style=\"margin: 0cm 0cm 0.0001pt;font-size: medium;font-family: Calibri, sans-serif\">&nbsp;<\/p>\n<p class=\"MsoNormal\" style=\"margin: 0cm 0cm 0.0001pt;font-size: medium;font-family: Calibri, sans-serif\"><b><i><u>PREPARAZIONE:<\/u><\/i><\/b><\/p>\n<p class=\"MsoNormal\" style=\"margin: 0cm 0cm 0.0001pt;font-size: medium;font-family: Calibri, sans-serif\">La ricetta \u00e8 complicata e bisogna seguire i passaggi molto attentamente.<\/p>\n<p class=\"MsoNormal\" style=\"margin: 0cm 0cm 0.0001pt;font-size: medium;font-family: Calibri, sans-serif\">Tritare in maniera grossolana la frutta secca. Mischiare tutti gli ingredienti.<\/p>\n<p class=\"MsoNormal\" style=\"margin: 0cm 0cm 0.0001pt;font-size: medium;font-family: Calibri, sans-serif\">Riempire uno stampo da plumcake, infornare a 180 gradi per circa 40 minuti. Cospargere di zucchero a velo. Che fatica!!!!<\/p>\n","protected":false},"excerpt":{"rendered":"<p>Lo scorso luned\u00ec abbiamo festeggiato il Capodanno degli alberi, Tu Bishvat, una data del calendario ebraico che oggi ci permette di fermarci e riflettere sulla perfezione del mondo in cui viviamo. In molte case si organizza una cena durante la quale si assaporano diversi tipi di frutta accompagnandoli con del vino per celebrare il passaggio [&hellip;]<\/p>\n","protected":false},"author":91,"featured_media":67419,"comment_status":"open","ping_status":"open","sticky":false,"template":"","format":"standard","meta":{"_acf_changed":false,"_jetpack_memberships_contains_paid_content":false,"footnotes":""},"categories":[7],"tags":[],"class_list":["post-67414","post","type-post","status-publish","format-standard","has-post-thumbnail","hentry","category-cultura"],"acf":[],"yoast_head":"<!-- This site is optimized with the Yoast SEO plugin v26.9 - https:\/\/yoast.com\/product\/yoast-seo-wordpress\/ -->\n<title>La torta di Tu Bishvat - Shalom<\/title>\n<meta name=\"robots\" content=\"index, follow, max-snippet:-1, max-image-preview:large, max-video-preview:-1\" \/>\n<link rel=\"canonical\" href=\"https:\/\/www.shalom.it\/cultura\/la-torta-di-tu-bishvat-b1109511\/\" \/>\n<meta property=\"og:locale\" content=\"it_IT\" \/>\n<meta property=\"og:type\" content=\"article\" \/>\n<meta property=\"og:title\" content=\"La torta di Tu Bishvat - Shalom\" \/>\n<meta property=\"og:description\" content=\"Lo scorso luned\u00ec abbiamo festeggiato il Capodanno degli alberi, Tu Bishvat, una data del calendario ebraico che oggi ci permette di fermarci e riflettere sulla perfezione del mondo in cui viviamo. In molte case si organizza una cena durante la quale si assaporano diversi tipi di frutta accompagnandoli con del vino per celebrare il passaggio [&hellip;]\" \/>\n<meta property=\"og:url\" content=\"https:\/\/www.shalom.it\/cultura\/la-torta-di-tu-bishvat-b1109511\/\" \/>\n<meta property=\"og:site_name\" content=\"Shalom\" \/>\n<meta property=\"article:published_time\" content=\"2022-01-20T23:00:00+00:00\" \/>\n<meta property=\"article:modified_time\" content=\"2024-05-30T22:49:50+00:00\" \/>\n<meta property=\"og:image\" content=\"https:\/\/www.shalom.it\/wp-content\/uploads\/2022\/01\/torta-tu-.jpg\" \/>\n\t<meta property=\"og:image:width\" content=\"1181\" \/>\n\t<meta property=\"og:image:height\" content=\"563\" \/>\n\t<meta property=\"og:image:type\" content=\"image\/jpeg\" \/>\n<meta name=\"author\" content=\"GiuliaGallichi\" \/>\n<meta name=\"twitter:card\" content=\"summary_large_image\" \/>\n<meta name=\"twitter:label1\" content=\"Scritto da\" \/>\n\t<meta name=\"twitter:data1\" content=\"GiuliaGallichi\" \/>\n\t<meta name=\"twitter:label2\" content=\"Tempo di lettura stimato\" \/>\n\t<meta name=\"twitter:data2\" content=\"1 minuto\" \/>\n<script type=\"application\/ld+json\" class=\"yoast-schema-graph\">{\"@context\":\"https:\/\/schema.org\",\"@graph\":[{\"@type\":\"Article\",\"@id\":\"https:\/\/www.shalom.it\/cultura\/la-torta-di-tu-bishvat-b1109511\/#article\",\"isPartOf\":{\"@id\":\"https:\/\/www.shalom.it\/cultura\/la-torta-di-tu-bishvat-b1109511\/\"},\"author\":{\"name\":\"GiuliaGallichi\",\"@id\":\"https:\/\/www.shalom.it\/#\/schema\/person\/a4133d1b9e4db9610147bd1debb655d4\"},\"headline\":\"La torta di Tu Bishvat\",\"datePublished\":\"2022-01-20T23:00:00+00:00\",\"dateModified\":\"2024-05-30T22:49:50+00:00\",\"mainEntityOfPage\":{\"@id\":\"https:\/\/www.shalom.it\/cultura\/la-torta-di-tu-bishvat-b1109511\/\"},\"wordCount\":302,\"commentCount\":0,\"image\":{\"@id\":\"https:\/\/www.shalom.it\/cultura\/la-torta-di-tu-bishvat-b1109511\/#primaryimage\"},\"thumbnailUrl\":\"https:\/\/www.shalom.it\/wp-content\/uploads\/2022\/01\/torta-tu-.jpg\",\"articleSection\":[\"Cultura\"],\"inLanguage\":\"it-IT\"},{\"@type\":\"WebPage\",\"@id\":\"https:\/\/www.shalom.it\/cultura\/la-torta-di-tu-bishvat-b1109511\/\",\"url\":\"https:\/\/www.shalom.it\/cultura\/la-torta-di-tu-bishvat-b1109511\/\",\"name\":\"La torta di Tu Bishvat - Shalom\",\"isPartOf\":{\"@id\":\"https:\/\/www.shalom.it\/#website\"},\"primaryImageOfPage\":{\"@id\":\"https:\/\/www.shalom.it\/cultura\/la-torta-di-tu-bishvat-b1109511\/#primaryimage\"},\"image\":{\"@id\":\"https:\/\/www.shalom.it\/cultura\/la-torta-di-tu-bishvat-b1109511\/#primaryimage\"},\"thumbnailUrl\":\"https:\/\/www.shalom.it\/wp-content\/uploads\/2022\/01\/torta-tu-.jpg\",\"datePublished\":\"2022-01-20T23:00:00+00:00\",\"dateModified\":\"2024-05-30T22:49:50+00:00\",\"author\":{\"@id\":\"https:\/\/www.shalom.it\/#\/schema\/person\/a4133d1b9e4db9610147bd1debb655d4\"},\"breadcrumb\":{\"@id\":\"https:\/\/www.shalom.it\/cultura\/la-torta-di-tu-bishvat-b1109511\/#breadcrumb\"},\"inLanguage\":\"it-IT\",\"potentialAction\":[{\"@type\":\"ReadAction\",\"target\":[\"https:\/\/www.shalom.it\/cultura\/la-torta-di-tu-bishvat-b1109511\/\"]}]},{\"@type\":\"ImageObject\",\"inLanguage\":\"it-IT\",\"@id\":\"https:\/\/www.shalom.it\/cultura\/la-torta-di-tu-bishvat-b1109511\/#primaryimage\",\"url\":\"https:\/\/www.shalom.it\/wp-content\/uploads\/2022\/01\/torta-tu-.jpg\",\"contentUrl\":\"https:\/\/www.shalom.it\/wp-content\/uploads\/2022\/01\/torta-tu-.jpg\",\"width\":1181,\"height\":563},{\"@type\":\"BreadcrumbList\",\"@id\":\"https:\/\/www.shalom.it\/cultura\/la-torta-di-tu-bishvat-b1109511\/#breadcrumb\",\"itemListElement\":[{\"@type\":\"ListItem\",\"position\":1,\"name\":\"Home\",\"item\":\"https:\/\/www.shalom.it\/\"},{\"@type\":\"ListItem\",\"position\":2,\"name\":\"La torta di Tu Bishvat\"}]},{\"@type\":\"WebSite\",\"@id\":\"https:\/\/www.shalom.it\/#website\",\"url\":\"https:\/\/www.shalom.it\/\",\"name\":\"Shalom\",\"description\":\"Il Magazine della comunit\u00e0 ebraica di Roma\",\"potentialAction\":[{\"@type\":\"SearchAction\",\"target\":{\"@type\":\"EntryPoint\",\"urlTemplate\":\"https:\/\/www.shalom.it\/?s={search_term_string}\"},\"query-input\":{\"@type\":\"PropertyValueSpecification\",\"valueRequired\":true,\"valueName\":\"search_term_string\"}}],\"inLanguage\":\"it-IT\"},{\"@type\":\"Person\",\"@id\":\"https:\/\/www.shalom.it\/#\/schema\/person\/a4133d1b9e4db9610147bd1debb655d4\",\"name\":\"GiuliaGallichi\",\"url\":\"https:\/\/www.shalom.it\/author\/giuliagallichi\/\"}]}<\/script>\n<!-- \/ Yoast SEO plugin. -->","yoast_head_json":{"title":"La torta di Tu Bishvat - Shalom","robots":{"index":"index","follow":"follow","max-snippet":"max-snippet:-1","max-image-preview":"max-image-preview:large","max-video-preview":"max-video-preview:-1"},"canonical":"https:\/\/www.shalom.it\/cultura\/la-torta-di-tu-bishvat-b1109511\/","og_locale":"it_IT","og_type":"article","og_title":"La torta di Tu Bishvat - Shalom","og_description":"Lo scorso luned\u00ec abbiamo festeggiato il Capodanno degli alberi, Tu Bishvat, una data del calendario ebraico che oggi ci permette di fermarci e riflettere sulla perfezione del mondo in cui viviamo. In molte case si organizza una cena durante la quale si assaporano diversi tipi di frutta accompagnandoli con del vino per celebrare il passaggio [&hellip;]","og_url":"https:\/\/www.shalom.it\/cultura\/la-torta-di-tu-bishvat-b1109511\/","og_site_name":"Shalom","article_published_time":"2022-01-20T23:00:00+00:00","article_modified_time":"2024-05-30T22:49:50+00:00","og_image":[{"width":1181,"height":563,"url":"https:\/\/www.shalom.it\/wp-content\/uploads\/2022\/01\/torta-tu-.jpg","type":"image\/jpeg"}],"author":"GiuliaGallichi","twitter_card":"summary_large_image","twitter_misc":{"Scritto da":"GiuliaGallichi","Tempo di lettura stimato":"1 minuto"},"schema":{"@context":"https:\/\/schema.org","@graph":[{"@type":"Article","@id":"https:\/\/www.shalom.it\/cultura\/la-torta-di-tu-bishvat-b1109511\/#article","isPartOf":{"@id":"https:\/\/www.shalom.it\/cultura\/la-torta-di-tu-bishvat-b1109511\/"},"author":{"name":"GiuliaGallichi","@id":"https:\/\/www.shalom.it\/#\/schema\/person\/a4133d1b9e4db9610147bd1debb655d4"},"headline":"La torta di Tu Bishvat","datePublished":"2022-01-20T23:00:00+00:00","dateModified":"2024-05-30T22:49:50+00:00","mainEntityOfPage":{"@id":"https:\/\/www.shalom.it\/cultura\/la-torta-di-tu-bishvat-b1109511\/"},"wordCount":302,"commentCount":0,"image":{"@id":"https:\/\/www.shalom.it\/cultura\/la-torta-di-tu-bishvat-b1109511\/#primaryimage"},"thumbnailUrl":"https:\/\/www.shalom.it\/wp-content\/uploads\/2022\/01\/torta-tu-.jpg","articleSection":["Cultura"],"inLanguage":"it-IT"},{"@type":"WebPage","@id":"https:\/\/www.shalom.it\/cultura\/la-torta-di-tu-bishvat-b1109511\/","url":"https:\/\/www.shalom.it\/cultura\/la-torta-di-tu-bishvat-b1109511\/","name":"La torta di Tu Bishvat - Shalom","isPartOf":{"@id":"https:\/\/www.shalom.it\/#website"},"primaryImageOfPage":{"@id":"https:\/\/www.shalom.it\/cultura\/la-torta-di-tu-bishvat-b1109511\/#primaryimage"},"image":{"@id":"https:\/\/www.shalom.it\/cultura\/la-torta-di-tu-bishvat-b1109511\/#primaryimage"},"thumbnailUrl":"https:\/\/www.shalom.it\/wp-content\/uploads\/2022\/01\/torta-tu-.jpg","datePublished":"2022-01-20T23:00:00+00:00","dateModified":"2024-05-30T22:49:50+00:00","author":{"@id":"https:\/\/www.shalom.it\/#\/schema\/person\/a4133d1b9e4db9610147bd1debb655d4"},"breadcrumb":{"@id":"https:\/\/www.shalom.it\/cultura\/la-torta-di-tu-bishvat-b1109511\/#breadcrumb"},"inLanguage":"it-IT","potentialAction":[{"@type":"ReadAction","target":["https:\/\/www.shalom.it\/cultura\/la-torta-di-tu-bishvat-b1109511\/"]}]},{"@type":"ImageObject","inLanguage":"it-IT","@id":"https:\/\/www.shalom.it\/cultura\/la-torta-di-tu-bishvat-b1109511\/#primaryimage","url":"https:\/\/www.shalom.it\/wp-content\/uploads\/2022\/01\/torta-tu-.jpg","contentUrl":"https:\/\/www.shalom.it\/wp-content\/uploads\/2022\/01\/torta-tu-.jpg","width":1181,"height":563},{"@type":"BreadcrumbList","@id":"https:\/\/www.shalom.it\/cultura\/la-torta-di-tu-bishvat-b1109511\/#breadcrumb","itemListElement":[{"@type":"ListItem","position":1,"name":"Home","item":"https:\/\/www.shalom.it\/"},{"@type":"ListItem","position":2,"name":"La torta di Tu Bishvat"}]},{"@type":"WebSite","@id":"https:\/\/www.shalom.it\/#website","url":"https:\/\/www.shalom.it\/","name":"Shalom","description":"Il Magazine della comunit\u00e0 ebraica di Roma","potentialAction":[{"@type":"SearchAction","target":{"@type":"EntryPoint","urlTemplate":"https:\/\/www.shalom.it\/?s={search_term_string}"},"query-input":{"@type":"PropertyValueSpecification","valueRequired":true,"valueName":"search_term_string"}}],"inLanguage":"it-IT"},{"@type":"Person","@id":"https:\/\/www.shalom.it\/#\/schema\/person\/a4133d1b9e4db9610147bd1debb655d4","name":"GiuliaGallichi","url":"https:\/\/www.shalom.it\/author\/giuliagallichi\/"}]}},"jetpack_featured_media_url":"https:\/\/www.shalom.it\/wp-content\/uploads\/2022\/01\/torta-tu-.jpg","jetpack_sharing_enabled":true,"_links":{"self":[{"href":"https:\/\/www.shalom.it\/wp-json\/wp\/v2\/posts\/67414","targetHints":{"allow":["GET"]}}],"collection":[{"href":"https:\/\/www.shalom.it\/wp-json\/wp\/v2\/posts"}],"about":[{"href":"https:\/\/www.shalom.it\/wp-json\/wp\/v2\/types\/post"}],"author":[{"embeddable":true,"href":"https:\/\/www.shalom.it\/wp-json\/wp\/v2\/users\/91"}],"replies":[{"embeddable":true,"href":"https:\/\/www.shalom.it\/wp-json\/wp\/v2\/comments?post=67414"}],"version-history":[{"count":1,"href":"https:\/\/www.shalom.it\/wp-json\/wp\/v2\/posts\/67414\/revisions"}],"predecessor-version":[{"id":67416,"href":"https:\/\/www.shalom.it\/wp-json\/wp\/v2\/posts\/67414\/revisions\/67416"}],"wp:featuredmedia":[{"embeddable":true,"href":"https:\/\/www.shalom.it\/wp-json\/wp\/v2\/media\/67419"}],"wp:attachment":[{"href":"https:\/\/www.shalom.it\/wp-json\/wp\/v2\/media?parent=67414"}],"wp:term":[{"taxonomy":"category","embeddable":true,"href":"https:\/\/www.shalom.it\/wp-json\/wp\/v2\/categories?post=67414"},{"taxonomy":"post_tag","embeddable":true,"href":"https:\/\/www.shalom.it\/wp-json\/wp\/v2\/tags?post=67414"}],"curies":[{"name":"wp","href":"https:\/\/api.w.org\/{rel}","templated":true}]}}