{"id":66807,"date":"2021-12-24T00:00:00","date_gmt":"2021-12-23T23:00:00","guid":{"rendered":"https:\/\/www.shalom.it\/senza-categoria\/covid-ecco-le-risposte-alle-domande-pia-frequenti-b1107831\/"},"modified":"2024-05-31T00:49:19","modified_gmt":"2024-05-30T22:49:19","slug":"covid-ecco-le-risposte-alle-domande-pia-frequenti-b1107831","status":"publish","type":"post","link":"https:\/\/www.shalom.it\/italia\/covid-ecco-le-risposte-alle-domande-pia-frequenti-b1107831\/","title":{"rendered":"Covid: ecco le risposte alle domande pi\u00f9 frequenti"},"content":{"rendered":"<p class=\"MsoNormal\" style=\"margin: 0cm 0cm 0.0001pt;font-size: medium;font-family: Calibri, sans-serif\">Il famoso detto \u201ctroppi galli a cantare e non si fa mai giorno\u201d si adatta perfettamente alle notizie che si accavallano a proposito della pandemia Covid. Difficile comprendere la situazione reale anche perch\u00e9 la medicina, cos\u00ec come qualsiasi altra professione o disciplina, ha un suo linguaggio e la mancata comprensione di taluni termini pu\u00f2 indurre i \u201cnon addetti ai lavori\u201d a conclusioni errate.<\/p>\n<p class=\"MsoNormal\" style=\"margin: 0cm 0cm 0.0001pt;font-size: medium;font-family: Calibri, sans-serif\">Tenter\u00f2 di dare risposta alle domande che pi\u00f9 spesso mi sento rivolgere.<\/p>\n<p class=\"MsoNormal\" style=\"margin: 0cm 0cm 0.0001pt;font-size: medium;font-family: Calibri, sans-serif\"><span style=\"font-weight: bold;font-style: italic\">Differenza tra quarantena, isolamento e sorveglianza e loro durata:<\/span><\/p>\n<p class=\"MsoNormal\" style=\"margin: 0cm 0cm 0.0001pt;font-size: medium;font-family: Calibri, sans-serif\">Quarantena e isolamento sono due misure di salute pubblica finalizzate a limitare i confini di una malattia diffusibile, l\u2019isolamento consiste nel separare le persone affette da Covid da quelle sane, la quarantena si applica invece alle persone sane che sono state esposte al contagio (contatto stretto).<\/p>\n<p class=\"MsoNormal\" style=\"margin: 0cm 0cm 0.0001pt;font-size: medium;font-family: Calibri, sans-serif\"><span style=\"font-weight: bold;font-style: italic\">Durata della quarantena:<\/span> <\/p>\n<p class=\"MsoNormal\" style=\"margin: 0cm 0cm 0.0001pt;font-size: medium;font-family: Calibri, sans-serif\">Se il ciclo vaccinale \u00e8 stato completato con la terza dose da almeno 14 giorni la quarantena dura 7 giorni al termine dei quali si esce dopo un tampone con esito negativo. Se non si pu\u00f2 o non si vuole fare il tampone la quarantena durer\u00e0 14 giorni.<\/p>\n<p class=\"MsoNormal\" style=\"margin: 0cm 0cm 0.0001pt;font-size: medium;font-family: Calibri, sans-serif\">Per i non vaccinati o vaccinati parziali la quarantena dura 10 giorni e termina con un tampone negativo, in assenza di tampone verr\u00e0 prorogata fino al 14 giorno.<\/p>\n<p class=\"MsoNormal\" style=\"margin: 0cm 0cm 0.0001pt;font-size: medium;font-family: Calibri, sans-serif\">La sorveglianza attiva \u00e8 quella del sanitario che contatta quotidianamente il soggetto isolato per informarsi sul suo stato di salute e provvedere in proposito.<\/p>\n<p class=\"MsoNormal\" style=\"margin: 0cm 0cm 0.0001pt;font-size: medium;font-family: Calibri, sans-serif\"><span style=\"font-weight: bold;font-style: italic\">Chi \u00e8 il \u201ccontatto stretto?<\/span> <\/p>\n<p class=\"MsoNormal\" style=\"margin: 0cm 0cm 0.0001pt;font-size: medium;font-family: Calibri, sans-serif\">La persona che vive nella stessa casa o che ha avuto un contatto diretto&nbsp;&nbsp;&nbsp;&nbsp;&nbsp;&nbsp;&nbsp;(stretta di mano, abbraccio, faccia a faccia) a distanza minore di 2 metri o in ambiente chiuso (aula, ufficio, sala d\u2019attesa, treno, auto ecc). Se non ricorrono queste condizioni ma nell\u2019ambiente si \u00e8 verificato un contagio, i presenti vengono definiti \u201ccontatti a basso rischio di contagio\u201d, non debbono osservare la quarantena, specie se hanno completato il ciclo vaccinale, ma debbono osservare ancora pi\u00f9 strettamente tutte le altre norme di sicurezza (mascherina, distanziamento, igiene delle mani).<\/p>\n<p class=\"MsoNormal\" style=\"margin: 0cm 0cm 0.0001pt;font-size: medium;font-family: Calibri, sans-serif\"><span style=\"font-weight: bold;font-style: italic\">Chi sono i positivi a lungo termine?<\/span> <\/p>\n<p class=\"MsoNormal\" style=\"margin: 0cm 0cm 0.0001pt;font-size: medium;font-family: Calibri, sans-serif\">Sono coloro che continuano a risultare positivi al tampone anche dopo il periodo massimo di isolamento. In questo caso debbono essere studiate le varianti soprattutto quelle pi\u00f9 pericolose classificate VOC (variants of concern) e potranno interrompere l\u2019isolamento solo dopo l\u2019avvenuta negativizzazione del tampone.<\/p>\n<p class=\"MsoNormal\" style=\"margin: 0cm 0cm 0.0001pt;font-size: medium;font-family: Calibri, sans-serif\"><span style=\"font-style: italic;font-weight: bold\">I test salivari sono attendibili?<\/span> <\/p>\n<p class=\"MsoNormal\" style=\"margin: 0cm 0cm 0.0001pt;font-size: medium;font-family: Calibri, sans-serif\">Quelli di tipo antigenico che rilevano le proteine virali non sono raccomandati mentre sono preferibili quelli di tipo molecolare che individuano la presenza dell\u2019RNA virale ed hanno una sensibilit\u00e0 che compresa tra il 77% e il 93%.<\/p>\n<p class=\"MsoNormal\" style=\"margin: 0cm 0cm 0.0001pt;font-size: medium;font-family: Calibri, sans-serif\"><span style=\"font-weight: bold;font-style: italic\">Ha senso continuare con i vaccini ora che si profilano i farmaci antivirali e gli anticorpi monoclonali?<\/span> <\/p>\n<p class=\"MsoNormal\" style=\"margin: 0cm 0cm 0.0001pt;font-size: medium;font-family: Calibri, sans-serif\">Il vaccino previene la malattia, il farmaco cura il malato.<\/p>\n<p class=\"MsoNormal\" style=\"margin: 0cm 0cm 0.0001pt;font-size: medium;font-family: Calibri, sans-serif\"><span style=\"font-weight: bold;font-style: italic\">Funziona il nuovo vaccino Novavax?<\/span> <\/p>\n<p class=\"MsoNormal\" style=\"margin: 0cm 0cm 0.0001pt;font-size: medium;font-family: Calibri, sans-serif\">Il nuovo vaccino appena approvato utilizza la stessa tecnica gi\u00e0 sperimentata da anni per il vaccino per l\u2019epatite B e il meningococco quindi diversa dai vaccini a RNA come Moderna e Pfizer. La sua efficacia viene valutata all\u201989% ma ancora non sappiamo se \u00e8 attivo anche sulla variante Omicron.<\/p>\n<p class=\"MsoNormal\" style=\"margin: 0cm 0cm 0.0001pt;font-size: medium;font-family: Calibri, sans-serif\"><span style=\"font-weight: bold;font-style: italic\">La variante Omicron \u00e8 gi\u00e0 circolante in Italia?<\/span> <\/p>\n<p class=\"MsoNormal\" style=\"margin: 0cm 0cm 0.0001pt;font-size: medium;font-family: Calibri, sans-serif\">La pandemia ha cambiato repentinamente passo: i contagi stanno aumentando del 40% alla settimana. Questo aumento \u00e8 largamente dovuto alla variante Delta ma c\u2019\u00e8 il forte sospetto che la variante Omicron sia gi\u00e0 presente, non ne conosciamo l\u2019estensione perch\u00e9 non tutti i centri sono in grado di rilevarla e quindi i numeri sono sicuramente sottostimati. La variante Omicron preoccupa sia per la pi\u00f9 facile diffusibilit\u00e0 (i contagi raddoppiano ogni 2\/3 giorni) sia perch\u00e9 potrebbe ridurre l\u2019efficacia del vaccino.<\/p>\n<p class=\"MsoNormal\" style=\"margin: 0cm 0cm 0.0001pt;font-size: medium;font-family: Calibri, sans-serif\"><span style=\"font-weight: bold;font-style: italic\">Le strutture sanitarie riescono a tracciare tutti i contagi?<\/span> <\/p>\n<p class=\"MsoNormal\" style=\"margin: 0cm 0cm 0.0001pt;font-size: medium;font-family: Calibri, sans-serif\">Quando l\u2019incidenza dei contagi per 100mila abitanti supera la soglia di 50, il tracciamento diventa problematico, purtroppo ad oggi siamo arrivati alla soglia di 270. Salta il tracciamento e i contagi dilagano.&nbsp;<\/p>\n<p class=\"MsoNormal\" style=\"margin: 0cm 0cm 0.0001pt;font-size: medium;font-family: Calibri, sans-serif\"><span style=\"font-weight: bold;font-style: italic\">Quale la conclusione?<\/span> <\/p>\n<p class=\"MsoNormal\" style=\"margin: 0cm 0cm 0.0001pt;font-size: medium;font-family: Calibri, sans-serif\">Se vogliamo evitare di tornare alle rigide restrizioni gi\u00e0 adottate da alcune nazioni vanno messe in campo tutte le misure di contrasto al virus: vaccino dai 5 anni in poi, misure di sicurezza (mascherina, distanziamento e igiene delle mani) ed evitare tutte le occasioni di assembramento specie al chiuso. L\u2019esperienza di questi ultimi mesi registra invece larghe fasce di elusione di queste norme.<\/p>\n","protected":false},"excerpt":{"rendered":"<p>Il famoso detto \u201ctroppi galli a cantare e non si fa mai giorno\u201d si adatta perfettamente alle notizie che si accavallano a proposito della pandemia Covid. Difficile comprendere la situazione reale anche perch\u00e9 la medicina, cos\u00ec come qualsiasi altra professione o disciplina, ha un suo linguaggio e la mancata comprensione di taluni termini pu\u00f2 indurre [&hellip;]<\/p>\n","protected":false},"author":92,"featured_media":66814,"comment_status":"open","ping_status":"open","sticky":false,"template":"","format":"standard","meta":{"_acf_changed":false,"_jetpack_memberships_contains_paid_content":false,"footnotes":""},"categories":[3],"tags":[],"class_list":["post-66807","post","type-post","status-publish","format-standard","has-post-thumbnail","hentry","category-italia"],"acf":[],"yoast_head":"<!-- This site is optimized with the Yoast SEO plugin v26.9 - https:\/\/yoast.com\/product\/yoast-seo-wordpress\/ -->\n<title>Covid: ecco le risposte alle domande pi\u00f9 frequenti - Shalom<\/title>\n<meta name=\"robots\" content=\"index, follow, max-snippet:-1, max-image-preview:large, max-video-preview:-1\" \/>\n<link rel=\"canonical\" href=\"https:\/\/www.shalom.it\/italia\/covid-ecco-le-risposte-alle-domande-pia-frequenti-b1107831\/\" \/>\n<meta property=\"og:locale\" content=\"it_IT\" \/>\n<meta property=\"og:type\" content=\"article\" \/>\n<meta property=\"og:title\" content=\"Covid: ecco le risposte alle domande pi\u00f9 frequenti - Shalom\" \/>\n<meta property=\"og:description\" content=\"Il famoso detto \u201ctroppi galli a cantare e non si fa mai giorno\u201d si adatta perfettamente alle notizie che si accavallano a proposito della pandemia Covid. Difficile comprendere la situazione reale anche perch\u00e9 la medicina, cos\u00ec come qualsiasi altra professione o disciplina, ha un suo linguaggio e la mancata comprensione di taluni termini pu\u00f2 indurre [&hellip;]\" \/>\n<meta property=\"og:url\" content=\"https:\/\/www.shalom.it\/italia\/covid-ecco-le-risposte-alle-domande-pia-frequenti-b1107831\/\" \/>\n<meta property=\"og:site_name\" content=\"Shalom\" \/>\n<meta property=\"article:published_time\" content=\"2021-12-23T23:00:00+00:00\" \/>\n<meta property=\"article:modified_time\" content=\"2024-05-30T22:49:19+00:00\" \/>\n<meta property=\"og:image\" content=\"https:\/\/www.shalom.it\/wp-content\/uploads\/2021\/12\/covid19.jpg\" \/>\n\t<meta property=\"og:image:width\" content=\"820\" \/>\n\t<meta property=\"og:image:height\" content=\"461\" \/>\n\t<meta property=\"og:image:type\" content=\"image\/jpeg\" \/>\n<meta name=\"author\" content=\"MassimoFinzi\" \/>\n<meta name=\"twitter:card\" content=\"summary_large_image\" \/>\n<meta name=\"twitter:label1\" content=\"Scritto da\" \/>\n\t<meta name=\"twitter:data1\" content=\"MassimoFinzi\" \/>\n\t<meta name=\"twitter:label2\" content=\"Tempo di lettura stimato\" \/>\n\t<meta name=\"twitter:data2\" content=\"3 minuti\" \/>\n<script type=\"application\/ld+json\" class=\"yoast-schema-graph\">{\"@context\":\"https:\/\/schema.org\",\"@graph\":[{\"@type\":\"Article\",\"@id\":\"https:\/\/www.shalom.it\/italia\/covid-ecco-le-risposte-alle-domande-pia-frequenti-b1107831\/#article\",\"isPartOf\":{\"@id\":\"https:\/\/www.shalom.it\/italia\/covid-ecco-le-risposte-alle-domande-pia-frequenti-b1107831\/\"},\"author\":{\"name\":\"MassimoFinzi\",\"@id\":\"https:\/\/www.shalom.it\/#\/schema\/person\/ffadf91e77f44405dd10636eb3425322\"},\"headline\":\"Covid: ecco le risposte alle domande pi\u00f9 frequenti\",\"datePublished\":\"2021-12-23T23:00:00+00:00\",\"dateModified\":\"2024-05-30T22:49:19+00:00\",\"mainEntityOfPage\":{\"@id\":\"https:\/\/www.shalom.it\/italia\/covid-ecco-le-risposte-alle-domande-pia-frequenti-b1107831\/\"},\"wordCount\":700,\"commentCount\":0,\"image\":{\"@id\":\"https:\/\/www.shalom.it\/italia\/covid-ecco-le-risposte-alle-domande-pia-frequenti-b1107831\/#primaryimage\"},\"thumbnailUrl\":\"https:\/\/www.shalom.it\/wp-content\/uploads\/2021\/12\/covid19.jpg\",\"articleSection\":[\"ITALIA\"],\"inLanguage\":\"it-IT\"},{\"@type\":\"WebPage\",\"@id\":\"https:\/\/www.shalom.it\/italia\/covid-ecco-le-risposte-alle-domande-pia-frequenti-b1107831\/\",\"url\":\"https:\/\/www.shalom.it\/italia\/covid-ecco-le-risposte-alle-domande-pia-frequenti-b1107831\/\",\"name\":\"Covid: ecco le risposte alle domande pi\u00f9 frequenti - Shalom\",\"isPartOf\":{\"@id\":\"https:\/\/www.shalom.it\/#website\"},\"primaryImageOfPage\":{\"@id\":\"https:\/\/www.shalom.it\/italia\/covid-ecco-le-risposte-alle-domande-pia-frequenti-b1107831\/#primaryimage\"},\"image\":{\"@id\":\"https:\/\/www.shalom.it\/italia\/covid-ecco-le-risposte-alle-domande-pia-frequenti-b1107831\/#primaryimage\"},\"thumbnailUrl\":\"https:\/\/www.shalom.it\/wp-content\/uploads\/2021\/12\/covid19.jpg\",\"datePublished\":\"2021-12-23T23:00:00+00:00\",\"dateModified\":\"2024-05-30T22:49:19+00:00\",\"author\":{\"@id\":\"https:\/\/www.shalom.it\/#\/schema\/person\/ffadf91e77f44405dd10636eb3425322\"},\"breadcrumb\":{\"@id\":\"https:\/\/www.shalom.it\/italia\/covid-ecco-le-risposte-alle-domande-pia-frequenti-b1107831\/#breadcrumb\"},\"inLanguage\":\"it-IT\",\"potentialAction\":[{\"@type\":\"ReadAction\",\"target\":[\"https:\/\/www.shalom.it\/italia\/covid-ecco-le-risposte-alle-domande-pia-frequenti-b1107831\/\"]}]},{\"@type\":\"ImageObject\",\"inLanguage\":\"it-IT\",\"@id\":\"https:\/\/www.shalom.it\/italia\/covid-ecco-le-risposte-alle-domande-pia-frequenti-b1107831\/#primaryimage\",\"url\":\"https:\/\/www.shalom.it\/wp-content\/uploads\/2021\/12\/covid19.jpg\",\"contentUrl\":\"https:\/\/www.shalom.it\/wp-content\/uploads\/2021\/12\/covid19.jpg\",\"width\":820,\"height\":461},{\"@type\":\"BreadcrumbList\",\"@id\":\"https:\/\/www.shalom.it\/italia\/covid-ecco-le-risposte-alle-domande-pia-frequenti-b1107831\/#breadcrumb\",\"itemListElement\":[{\"@type\":\"ListItem\",\"position\":1,\"name\":\"Home\",\"item\":\"https:\/\/www.shalom.it\/\"},{\"@type\":\"ListItem\",\"position\":2,\"name\":\"Covid: ecco le risposte alle domande pi\u00f9 frequenti\"}]},{\"@type\":\"WebSite\",\"@id\":\"https:\/\/www.shalom.it\/#website\",\"url\":\"https:\/\/www.shalom.it\/\",\"name\":\"Shalom\",\"description\":\"Il Magazine della comunit\u00e0 ebraica di Roma\",\"potentialAction\":[{\"@type\":\"SearchAction\",\"target\":{\"@type\":\"EntryPoint\",\"urlTemplate\":\"https:\/\/www.shalom.it\/?s={search_term_string}\"},\"query-input\":{\"@type\":\"PropertyValueSpecification\",\"valueRequired\":true,\"valueName\":\"search_term_string\"}}],\"inLanguage\":\"it-IT\"},{\"@type\":\"Person\",\"@id\":\"https:\/\/www.shalom.it\/#\/schema\/person\/ffadf91e77f44405dd10636eb3425322\",\"name\":\"MassimoFinzi\",\"url\":\"https:\/\/www.shalom.it\/author\/massimofinzi\/\"}]}<\/script>\n<!-- \/ Yoast SEO plugin. -->","yoast_head_json":{"title":"Covid: ecco le risposte alle domande pi\u00f9 frequenti - Shalom","robots":{"index":"index","follow":"follow","max-snippet":"max-snippet:-1","max-image-preview":"max-image-preview:large","max-video-preview":"max-video-preview:-1"},"canonical":"https:\/\/www.shalom.it\/italia\/covid-ecco-le-risposte-alle-domande-pia-frequenti-b1107831\/","og_locale":"it_IT","og_type":"article","og_title":"Covid: ecco le risposte alle domande pi\u00f9 frequenti - Shalom","og_description":"Il famoso detto \u201ctroppi galli a cantare e non si fa mai giorno\u201d si adatta perfettamente alle notizie che si accavallano a proposito della pandemia Covid. Difficile comprendere la situazione reale anche perch\u00e9 la medicina, cos\u00ec come qualsiasi altra professione o disciplina, ha un suo linguaggio e la mancata comprensione di taluni termini pu\u00f2 indurre [&hellip;]","og_url":"https:\/\/www.shalom.it\/italia\/covid-ecco-le-risposte-alle-domande-pia-frequenti-b1107831\/","og_site_name":"Shalom","article_published_time":"2021-12-23T23:00:00+00:00","article_modified_time":"2024-05-30T22:49:19+00:00","og_image":[{"width":820,"height":461,"url":"https:\/\/www.shalom.it\/wp-content\/uploads\/2021\/12\/covid19.jpg","type":"image\/jpeg"}],"author":"MassimoFinzi","twitter_card":"summary_large_image","twitter_misc":{"Scritto da":"MassimoFinzi","Tempo di lettura stimato":"3 minuti"},"schema":{"@context":"https:\/\/schema.org","@graph":[{"@type":"Article","@id":"https:\/\/www.shalom.it\/italia\/covid-ecco-le-risposte-alle-domande-pia-frequenti-b1107831\/#article","isPartOf":{"@id":"https:\/\/www.shalom.it\/italia\/covid-ecco-le-risposte-alle-domande-pia-frequenti-b1107831\/"},"author":{"name":"MassimoFinzi","@id":"https:\/\/www.shalom.it\/#\/schema\/person\/ffadf91e77f44405dd10636eb3425322"},"headline":"Covid: ecco le risposte alle domande pi\u00f9 frequenti","datePublished":"2021-12-23T23:00:00+00:00","dateModified":"2024-05-30T22:49:19+00:00","mainEntityOfPage":{"@id":"https:\/\/www.shalom.it\/italia\/covid-ecco-le-risposte-alle-domande-pia-frequenti-b1107831\/"},"wordCount":700,"commentCount":0,"image":{"@id":"https:\/\/www.shalom.it\/italia\/covid-ecco-le-risposte-alle-domande-pia-frequenti-b1107831\/#primaryimage"},"thumbnailUrl":"https:\/\/www.shalom.it\/wp-content\/uploads\/2021\/12\/covid19.jpg","articleSection":["ITALIA"],"inLanguage":"it-IT"},{"@type":"WebPage","@id":"https:\/\/www.shalom.it\/italia\/covid-ecco-le-risposte-alle-domande-pia-frequenti-b1107831\/","url":"https:\/\/www.shalom.it\/italia\/covid-ecco-le-risposte-alle-domande-pia-frequenti-b1107831\/","name":"Covid: ecco le risposte alle domande pi\u00f9 frequenti - Shalom","isPartOf":{"@id":"https:\/\/www.shalom.it\/#website"},"primaryImageOfPage":{"@id":"https:\/\/www.shalom.it\/italia\/covid-ecco-le-risposte-alle-domande-pia-frequenti-b1107831\/#primaryimage"},"image":{"@id":"https:\/\/www.shalom.it\/italia\/covid-ecco-le-risposte-alle-domande-pia-frequenti-b1107831\/#primaryimage"},"thumbnailUrl":"https:\/\/www.shalom.it\/wp-content\/uploads\/2021\/12\/covid19.jpg","datePublished":"2021-12-23T23:00:00+00:00","dateModified":"2024-05-30T22:49:19+00:00","author":{"@id":"https:\/\/www.shalom.it\/#\/schema\/person\/ffadf91e77f44405dd10636eb3425322"},"breadcrumb":{"@id":"https:\/\/www.shalom.it\/italia\/covid-ecco-le-risposte-alle-domande-pia-frequenti-b1107831\/#breadcrumb"},"inLanguage":"it-IT","potentialAction":[{"@type":"ReadAction","target":["https:\/\/www.shalom.it\/italia\/covid-ecco-le-risposte-alle-domande-pia-frequenti-b1107831\/"]}]},{"@type":"ImageObject","inLanguage":"it-IT","@id":"https:\/\/www.shalom.it\/italia\/covid-ecco-le-risposte-alle-domande-pia-frequenti-b1107831\/#primaryimage","url":"https:\/\/www.shalom.it\/wp-content\/uploads\/2021\/12\/covid19.jpg","contentUrl":"https:\/\/www.shalom.it\/wp-content\/uploads\/2021\/12\/covid19.jpg","width":820,"height":461},{"@type":"BreadcrumbList","@id":"https:\/\/www.shalom.it\/italia\/covid-ecco-le-risposte-alle-domande-pia-frequenti-b1107831\/#breadcrumb","itemListElement":[{"@type":"ListItem","position":1,"name":"Home","item":"https:\/\/www.shalom.it\/"},{"@type":"ListItem","position":2,"name":"Covid: ecco le risposte alle domande pi\u00f9 frequenti"}]},{"@type":"WebSite","@id":"https:\/\/www.shalom.it\/#website","url":"https:\/\/www.shalom.it\/","name":"Shalom","description":"Il Magazine della comunit\u00e0 ebraica di Roma","potentialAction":[{"@type":"SearchAction","target":{"@type":"EntryPoint","urlTemplate":"https:\/\/www.shalom.it\/?s={search_term_string}"},"query-input":{"@type":"PropertyValueSpecification","valueRequired":true,"valueName":"search_term_string"}}],"inLanguage":"it-IT"},{"@type":"Person","@id":"https:\/\/www.shalom.it\/#\/schema\/person\/ffadf91e77f44405dd10636eb3425322","name":"MassimoFinzi","url":"https:\/\/www.shalom.it\/author\/massimofinzi\/"}]}},"jetpack_featured_media_url":"https:\/\/www.shalom.it\/wp-content\/uploads\/2021\/12\/covid19.jpg","jetpack_sharing_enabled":true,"_links":{"self":[{"href":"https:\/\/www.shalom.it\/wp-json\/wp\/v2\/posts\/66807","targetHints":{"allow":["GET"]}}],"collection":[{"href":"https:\/\/www.shalom.it\/wp-json\/wp\/v2\/posts"}],"about":[{"href":"https:\/\/www.shalom.it\/wp-json\/wp\/v2\/types\/post"}],"author":[{"embeddable":true,"href":"https:\/\/www.shalom.it\/wp-json\/wp\/v2\/users\/92"}],"replies":[{"embeddable":true,"href":"https:\/\/www.shalom.it\/wp-json\/wp\/v2\/comments?post=66807"}],"version-history":[{"count":1,"href":"https:\/\/www.shalom.it\/wp-json\/wp\/v2\/posts\/66807\/revisions"}],"predecessor-version":[{"id":66812,"href":"https:\/\/www.shalom.it\/wp-json\/wp\/v2\/posts\/66807\/revisions\/66812"}],"wp:featuredmedia":[{"embeddable":true,"href":"https:\/\/www.shalom.it\/wp-json\/wp\/v2\/media\/66814"}],"wp:attachment":[{"href":"https:\/\/www.shalom.it\/wp-json\/wp\/v2\/media?parent=66807"}],"wp:term":[{"taxonomy":"category","embeddable":true,"href":"https:\/\/www.shalom.it\/wp-json\/wp\/v2\/categories?post=66807"},{"taxonomy":"post_tag","embeddable":true,"href":"https:\/\/www.shalom.it\/wp-json\/wp\/v2\/tags?post=66807"}],"curies":[{"name":"wp","href":"https:\/\/api.w.org\/{rel}","templated":true}]}}