{"id":63344,"date":"2021-07-11T00:00:00","date_gmt":"2021-07-10T22:00:00","guid":{"rendered":"https:\/\/www.shalom.it\/senza-categoria\/napoli-la-comunita-ebraica-contro-la-via-titolata-ad-arafat-a-scelta-discutibile-ed-inopportunaa-b1097271\/"},"modified":"2024-05-31T00:46:33","modified_gmt":"2024-05-30T22:46:33","slug":"napoli-la-comunita-ebraica-contro-la-via-titolata-ad-arafat-a-scelta-discutibile-ed-inopportunaa-b1097271","status":"publish","type":"post","link":"https:\/\/www.shalom.it\/italia\/napoli-la-comunita-ebraica-contro-la-via-titolata-ad-arafat-a-scelta-discutibile-ed-inopportunaa-b1097271\/","title":{"rendered":"Napoli: la Comunit\u00e0 Ebraica contro la via titolata ad Arafat. \u201cScelta discutibile ed inopportuna\u201d"},"content":{"rendered":"<p class=\"MsoNormal\" style=\"margin: 0cm 0cm 0.0001pt;font-size: medium;font-family: Calibri, sans-serif\">La Comunit\u00e0 Ebraica di Napoli ha protestato contro la &#8220;discutibile&#8221; scelta di intitolare una strada a&nbsp;<\/p>\n<p class=\"MsoNormal\" style=\"margin: 0cm 0cm 0.0001pt;font-size: medium;font-family: Calibri, sans-serif\">\n<p class=\"MsoNormal\" style=\"margin: 0cm 0cm 0.0001pt;font-size: medium;font-family: Calibri, sans-serif\">Yasser Arafat. &#8220;Se \u00e8 vero che Arafat abbia ricevuto il premio Nobel per la Pace nel 1994, \u00e8 altrettanto vero che quel premio lo ebbe assieme a Shimon Peres e Itzchak Rabin&#8221; afferma la comunit\u00e0 ebraica in un comunicato stampa.&nbsp;<\/p>\n<p class=\"MsoNormal\" style=\"margin: 0cm 0cm 0.0001pt;font-size: medium;font-family: Calibri, sans-serif\">&#8220;L&#8217;Assessore Clemente avrebbe potuto fare una proposta di buonsenso e di conciliazione, intitolando una strada senza nome ai tre premi Nobel, ma ha scelto di intitolare una strada a Yasser Arafat dimostrando dove cade la sua scelta tra il ricordo dei Nobel per la Pace ed il terrorista&#8221;, continua.<\/p>\n<p class=\"MsoNormal\" style=\"margin: 0cm 0cm 0.0001pt;font-size: medium;font-family: Calibri, sans-serif\">La comunit\u00e0 &#8220;\u00e8 stata colta di sorpresa, alla fine dello Shabbat, dalla notizia che l&#8217;Amministrazione comunale di Napoli avesse deciso di intitolare la II traversa Giuseppe Garibaldi a Yasser Arafat&#8221;, spiega la nota, sottolineando che &#8221; gi\u00e0 in passato il protagonismo della giunta comunale guidata dal sindaco Luigi De Magistris su questioni di competenza di ben altre istituzioni pubbliche si \u00e8 manifestato con una visione dichiaratamente squilibrata della questione&nbsp;<\/p>\n<p class=\"MsoNormal\" style=\"margin: 0cm 0cm 0.0001pt;font-size: medium;font-family: Calibri, sans-serif\">israelo-palestinese&#8221;.<\/p>\n<p class=\"MsoNormal\" style=\"margin: 0cm 0cm 0.0001pt;font-size: medium;font-family: Calibri, sans-serif\">&#8220;Che l&#8217;Assessore Clemente, probabilmente per motivi che vanno al di l\u00e0 di quella che \u00e8 la sua attuale carica istituzionale, abbia proposto di intitolare una strada al leader dell&#8217;Olp, \u00e8 questione che si inserisce in scelte di sapore politico locale in cui la Comunit\u00e0 Ebraica di Napoli preferisce non entrare, come dimostra l&#8217;abitudine di non incontrare prima delle elezioni i candidati alla carica di Sindaco&#8221;.<\/p>\n","protected":false},"excerpt":{"rendered":"<p>La Comunit\u00e0 Ebraica di Napoli ha protestato contro la &#8220;discutibile&#8221; scelta di intitolare una strada a&nbsp; Yasser Arafat. &#8220;Se \u00e8 vero che Arafat abbia ricevuto il premio Nobel per la Pace nel 1994, \u00e8 altrettanto vero che quel premio lo ebbe assieme a Shimon Peres e Itzchak Rabin&#8221; afferma la comunit\u00e0 ebraica in un comunicato [&hellip;]<\/p>\n","protected":false},"author":3,"featured_media":63347,"comment_status":"open","ping_status":"open","sticky":false,"template":"","format":"standard","meta":{"_acf_changed":false,"_jetpack_memberships_contains_paid_content":false,"footnotes":""},"categories":[3],"tags":[],"class_list":["post-63344","post","type-post","status-publish","format-standard","has-post-thumbnail","hentry","category-italia"],"acf":[],"yoast_head":"<!-- This site is optimized with the Yoast SEO plugin v26.9 - https:\/\/yoast.com\/product\/yoast-seo-wordpress\/ -->\n<title>Napoli: la Comunit\u00e0 Ebraica contro la via titolata ad Arafat. \u201cScelta discutibile ed inopportuna\u201d - Shalom<\/title>\n<meta name=\"robots\" content=\"index, follow, max-snippet:-1, max-image-preview:large, max-video-preview:-1\" \/>\n<link rel=\"canonical\" href=\"https:\/\/www.shalom.it\/italia\/napoli-la-comunita-ebraica-contro-la-via-titolata-ad-arafat-a-scelta-discutibile-ed-inopportunaa-b1097271\/\" \/>\n<meta property=\"og:locale\" content=\"it_IT\" \/>\n<meta property=\"og:type\" content=\"article\" \/>\n<meta property=\"og:title\" content=\"Napoli: la Comunit\u00e0 Ebraica contro la via titolata ad Arafat. \u201cScelta discutibile ed inopportuna\u201d - Shalom\" \/>\n<meta property=\"og:description\" content=\"La Comunit\u00e0 Ebraica di Napoli ha protestato contro la &#8220;discutibile&#8221; scelta di intitolare una strada a&nbsp; Yasser Arafat. &#8220;Se \u00e8 vero che Arafat abbia ricevuto il premio Nobel per la Pace nel 1994, \u00e8 altrettanto vero che quel premio lo ebbe assieme a Shimon Peres e Itzchak Rabin&#8221; afferma la comunit\u00e0 ebraica in un comunicato [&hellip;]\" \/>\n<meta property=\"og:url\" content=\"https:\/\/www.shalom.it\/italia\/napoli-la-comunita-ebraica-contro-la-via-titolata-ad-arafat-a-scelta-discutibile-ed-inopportunaa-b1097271\/\" \/>\n<meta property=\"og:site_name\" content=\"Shalom\" \/>\n<meta property=\"article:published_time\" content=\"2021-07-10T22:00:00+00:00\" \/>\n<meta property=\"article:modified_time\" content=\"2024-05-30T22:46:33+00:00\" \/>\n<meta property=\"og:image\" content=\"https:\/\/www.shalom.it\/wp-content\/uploads\/2021\/08\/napoli.jpg\" \/>\n\t<meta property=\"og:image:width\" content=\"1920\" \/>\n\t<meta property=\"og:image:height\" content=\"1080\" \/>\n\t<meta property=\"og:image:type\" content=\"image\/jpeg\" \/>\n<meta name=\"author\" content=\"Redazione\" \/>\n<meta name=\"twitter:card\" content=\"summary_large_image\" \/>\n<meta name=\"twitter:label1\" content=\"Scritto da\" \/>\n\t<meta name=\"twitter:data1\" content=\"Redazione\" \/>\n\t<meta name=\"twitter:label2\" content=\"Tempo di lettura stimato\" \/>\n\t<meta name=\"twitter:data2\" content=\"1 minuto\" \/>\n<script type=\"application\/ld+json\" class=\"yoast-schema-graph\">{\"@context\":\"https:\/\/schema.org\",\"@graph\":[{\"@type\":\"Article\",\"@id\":\"https:\/\/www.shalom.it\/italia\/napoli-la-comunita-ebraica-contro-la-via-titolata-ad-arafat-a-scelta-discutibile-ed-inopportunaa-b1097271\/#article\",\"isPartOf\":{\"@id\":\"https:\/\/www.shalom.it\/italia\/napoli-la-comunita-ebraica-contro-la-via-titolata-ad-arafat-a-scelta-discutibile-ed-inopportunaa-b1097271\/\"},\"author\":{\"name\":\"Redazione\",\"@id\":\"https:\/\/www.shalom.it\/#\/schema\/person\/d6d60e821a49d2a420ffe01f7af79dd8\"},\"headline\":\"Napoli: la Comunit\u00e0 Ebraica contro la via titolata ad Arafat. \u201cScelta discutibile ed inopportuna\u201d\",\"datePublished\":\"2021-07-10T22:00:00+00:00\",\"dateModified\":\"2024-05-30T22:46:33+00:00\",\"mainEntityOfPage\":{\"@id\":\"https:\/\/www.shalom.it\/italia\/napoli-la-comunita-ebraica-contro-la-via-titolata-ad-arafat-a-scelta-discutibile-ed-inopportunaa-b1097271\/\"},\"wordCount\":254,\"commentCount\":0,\"image\":{\"@id\":\"https:\/\/www.shalom.it\/italia\/napoli-la-comunita-ebraica-contro-la-via-titolata-ad-arafat-a-scelta-discutibile-ed-inopportunaa-b1097271\/#primaryimage\"},\"thumbnailUrl\":\"https:\/\/www.shalom.it\/wp-content\/uploads\/2021\/08\/napoli.jpg\",\"articleSection\":[\"ITALIA\"],\"inLanguage\":\"it-IT\"},{\"@type\":\"WebPage\",\"@id\":\"https:\/\/www.shalom.it\/italia\/napoli-la-comunita-ebraica-contro-la-via-titolata-ad-arafat-a-scelta-discutibile-ed-inopportunaa-b1097271\/\",\"url\":\"https:\/\/www.shalom.it\/italia\/napoli-la-comunita-ebraica-contro-la-via-titolata-ad-arafat-a-scelta-discutibile-ed-inopportunaa-b1097271\/\",\"name\":\"Napoli: la Comunit\u00e0 Ebraica contro la via titolata ad Arafat. \u201cScelta discutibile ed inopportuna\u201d - Shalom\",\"isPartOf\":{\"@id\":\"https:\/\/www.shalom.it\/#website\"},\"primaryImageOfPage\":{\"@id\":\"https:\/\/www.shalom.it\/italia\/napoli-la-comunita-ebraica-contro-la-via-titolata-ad-arafat-a-scelta-discutibile-ed-inopportunaa-b1097271\/#primaryimage\"},\"image\":{\"@id\":\"https:\/\/www.shalom.it\/italia\/napoli-la-comunita-ebraica-contro-la-via-titolata-ad-arafat-a-scelta-discutibile-ed-inopportunaa-b1097271\/#primaryimage\"},\"thumbnailUrl\":\"https:\/\/www.shalom.it\/wp-content\/uploads\/2021\/08\/napoli.jpg\",\"datePublished\":\"2021-07-10T22:00:00+00:00\",\"dateModified\":\"2024-05-30T22:46:33+00:00\",\"author\":{\"@id\":\"https:\/\/www.shalom.it\/#\/schema\/person\/d6d60e821a49d2a420ffe01f7af79dd8\"},\"breadcrumb\":{\"@id\":\"https:\/\/www.shalom.it\/italia\/napoli-la-comunita-ebraica-contro-la-via-titolata-ad-arafat-a-scelta-discutibile-ed-inopportunaa-b1097271\/#breadcrumb\"},\"inLanguage\":\"it-IT\",\"potentialAction\":[{\"@type\":\"ReadAction\",\"target\":[\"https:\/\/www.shalom.it\/italia\/napoli-la-comunita-ebraica-contro-la-via-titolata-ad-arafat-a-scelta-discutibile-ed-inopportunaa-b1097271\/\"]}]},{\"@type\":\"ImageObject\",\"inLanguage\":\"it-IT\",\"@id\":\"https:\/\/www.shalom.it\/italia\/napoli-la-comunita-ebraica-contro-la-via-titolata-ad-arafat-a-scelta-discutibile-ed-inopportunaa-b1097271\/#primaryimage\",\"url\":\"https:\/\/www.shalom.it\/wp-content\/uploads\/2021\/08\/napoli.jpg\",\"contentUrl\":\"https:\/\/www.shalom.it\/wp-content\/uploads\/2021\/08\/napoli.jpg\",\"width\":1920,\"height\":1080},{\"@type\":\"BreadcrumbList\",\"@id\":\"https:\/\/www.shalom.it\/italia\/napoli-la-comunita-ebraica-contro-la-via-titolata-ad-arafat-a-scelta-discutibile-ed-inopportunaa-b1097271\/#breadcrumb\",\"itemListElement\":[{\"@type\":\"ListItem\",\"position\":1,\"name\":\"Home\",\"item\":\"https:\/\/www.shalom.it\/\"},{\"@type\":\"ListItem\",\"position\":2,\"name\":\"Napoli: la Comunit\u00e0 Ebraica contro la via titolata ad Arafat. \u201cScelta discutibile ed inopportuna\u201d\"}]},{\"@type\":\"WebSite\",\"@id\":\"https:\/\/www.shalom.it\/#website\",\"url\":\"https:\/\/www.shalom.it\/\",\"name\":\"Shalom\",\"description\":\"Il Magazine della comunit\u00e0 ebraica di Roma\",\"potentialAction\":[{\"@type\":\"SearchAction\",\"target\":{\"@type\":\"EntryPoint\",\"urlTemplate\":\"https:\/\/www.shalom.it\/?s={search_term_string}\"},\"query-input\":{\"@type\":\"PropertyValueSpecification\",\"valueRequired\":true,\"valueName\":\"search_term_string\"}}],\"inLanguage\":\"it-IT\"},{\"@type\":\"Person\",\"@id\":\"https:\/\/www.shalom.it\/#\/schema\/person\/d6d60e821a49d2a420ffe01f7af79dd8\",\"name\":\"Redazione\",\"url\":\"https:\/\/www.shalom.it\/author\/redazione\/\"}]}<\/script>\n<!-- \/ Yoast SEO plugin. -->","yoast_head_json":{"title":"Napoli: la Comunit\u00e0 Ebraica contro la via titolata ad Arafat. \u201cScelta discutibile ed inopportuna\u201d - Shalom","robots":{"index":"index","follow":"follow","max-snippet":"max-snippet:-1","max-image-preview":"max-image-preview:large","max-video-preview":"max-video-preview:-1"},"canonical":"https:\/\/www.shalom.it\/italia\/napoli-la-comunita-ebraica-contro-la-via-titolata-ad-arafat-a-scelta-discutibile-ed-inopportunaa-b1097271\/","og_locale":"it_IT","og_type":"article","og_title":"Napoli: la Comunit\u00e0 Ebraica contro la via titolata ad Arafat. \u201cScelta discutibile ed inopportuna\u201d - Shalom","og_description":"La Comunit\u00e0 Ebraica di Napoli ha protestato contro la &#8220;discutibile&#8221; scelta di intitolare una strada a&nbsp; Yasser Arafat. &#8220;Se \u00e8 vero che Arafat abbia ricevuto il premio Nobel per la Pace nel 1994, \u00e8 altrettanto vero che quel premio lo ebbe assieme a Shimon Peres e Itzchak Rabin&#8221; afferma la comunit\u00e0 ebraica in un comunicato [&hellip;]","og_url":"https:\/\/www.shalom.it\/italia\/napoli-la-comunita-ebraica-contro-la-via-titolata-ad-arafat-a-scelta-discutibile-ed-inopportunaa-b1097271\/","og_site_name":"Shalom","article_published_time":"2021-07-10T22:00:00+00:00","article_modified_time":"2024-05-30T22:46:33+00:00","og_image":[{"width":1920,"height":1080,"url":"https:\/\/www.shalom.it\/wp-content\/uploads\/2021\/08\/napoli.jpg","type":"image\/jpeg"}],"author":"Redazione","twitter_card":"summary_large_image","twitter_misc":{"Scritto da":"Redazione","Tempo di lettura stimato":"1 minuto"},"schema":{"@context":"https:\/\/schema.org","@graph":[{"@type":"Article","@id":"https:\/\/www.shalom.it\/italia\/napoli-la-comunita-ebraica-contro-la-via-titolata-ad-arafat-a-scelta-discutibile-ed-inopportunaa-b1097271\/#article","isPartOf":{"@id":"https:\/\/www.shalom.it\/italia\/napoli-la-comunita-ebraica-contro-la-via-titolata-ad-arafat-a-scelta-discutibile-ed-inopportunaa-b1097271\/"},"author":{"name":"Redazione","@id":"https:\/\/www.shalom.it\/#\/schema\/person\/d6d60e821a49d2a420ffe01f7af79dd8"},"headline":"Napoli: la Comunit\u00e0 Ebraica contro la via titolata ad Arafat. \u201cScelta discutibile ed inopportuna\u201d","datePublished":"2021-07-10T22:00:00+00:00","dateModified":"2024-05-30T22:46:33+00:00","mainEntityOfPage":{"@id":"https:\/\/www.shalom.it\/italia\/napoli-la-comunita-ebraica-contro-la-via-titolata-ad-arafat-a-scelta-discutibile-ed-inopportunaa-b1097271\/"},"wordCount":254,"commentCount":0,"image":{"@id":"https:\/\/www.shalom.it\/italia\/napoli-la-comunita-ebraica-contro-la-via-titolata-ad-arafat-a-scelta-discutibile-ed-inopportunaa-b1097271\/#primaryimage"},"thumbnailUrl":"https:\/\/www.shalom.it\/wp-content\/uploads\/2021\/08\/napoli.jpg","articleSection":["ITALIA"],"inLanguage":"it-IT"},{"@type":"WebPage","@id":"https:\/\/www.shalom.it\/italia\/napoli-la-comunita-ebraica-contro-la-via-titolata-ad-arafat-a-scelta-discutibile-ed-inopportunaa-b1097271\/","url":"https:\/\/www.shalom.it\/italia\/napoli-la-comunita-ebraica-contro-la-via-titolata-ad-arafat-a-scelta-discutibile-ed-inopportunaa-b1097271\/","name":"Napoli: la Comunit\u00e0 Ebraica contro la via titolata ad Arafat. \u201cScelta discutibile ed inopportuna\u201d - Shalom","isPartOf":{"@id":"https:\/\/www.shalom.it\/#website"},"primaryImageOfPage":{"@id":"https:\/\/www.shalom.it\/italia\/napoli-la-comunita-ebraica-contro-la-via-titolata-ad-arafat-a-scelta-discutibile-ed-inopportunaa-b1097271\/#primaryimage"},"image":{"@id":"https:\/\/www.shalom.it\/italia\/napoli-la-comunita-ebraica-contro-la-via-titolata-ad-arafat-a-scelta-discutibile-ed-inopportunaa-b1097271\/#primaryimage"},"thumbnailUrl":"https:\/\/www.shalom.it\/wp-content\/uploads\/2021\/08\/napoli.jpg","datePublished":"2021-07-10T22:00:00+00:00","dateModified":"2024-05-30T22:46:33+00:00","author":{"@id":"https:\/\/www.shalom.it\/#\/schema\/person\/d6d60e821a49d2a420ffe01f7af79dd8"},"breadcrumb":{"@id":"https:\/\/www.shalom.it\/italia\/napoli-la-comunita-ebraica-contro-la-via-titolata-ad-arafat-a-scelta-discutibile-ed-inopportunaa-b1097271\/#breadcrumb"},"inLanguage":"it-IT","potentialAction":[{"@type":"ReadAction","target":["https:\/\/www.shalom.it\/italia\/napoli-la-comunita-ebraica-contro-la-via-titolata-ad-arafat-a-scelta-discutibile-ed-inopportunaa-b1097271\/"]}]},{"@type":"ImageObject","inLanguage":"it-IT","@id":"https:\/\/www.shalom.it\/italia\/napoli-la-comunita-ebraica-contro-la-via-titolata-ad-arafat-a-scelta-discutibile-ed-inopportunaa-b1097271\/#primaryimage","url":"https:\/\/www.shalom.it\/wp-content\/uploads\/2021\/08\/napoli.jpg","contentUrl":"https:\/\/www.shalom.it\/wp-content\/uploads\/2021\/08\/napoli.jpg","width":1920,"height":1080},{"@type":"BreadcrumbList","@id":"https:\/\/www.shalom.it\/italia\/napoli-la-comunita-ebraica-contro-la-via-titolata-ad-arafat-a-scelta-discutibile-ed-inopportunaa-b1097271\/#breadcrumb","itemListElement":[{"@type":"ListItem","position":1,"name":"Home","item":"https:\/\/www.shalom.it\/"},{"@type":"ListItem","position":2,"name":"Napoli: la Comunit\u00e0 Ebraica contro la via titolata ad Arafat. \u201cScelta discutibile ed inopportuna\u201d"}]},{"@type":"WebSite","@id":"https:\/\/www.shalom.it\/#website","url":"https:\/\/www.shalom.it\/","name":"Shalom","description":"Il Magazine della comunit\u00e0 ebraica di Roma","potentialAction":[{"@type":"SearchAction","target":{"@type":"EntryPoint","urlTemplate":"https:\/\/www.shalom.it\/?s={search_term_string}"},"query-input":{"@type":"PropertyValueSpecification","valueRequired":true,"valueName":"search_term_string"}}],"inLanguage":"it-IT"},{"@type":"Person","@id":"https:\/\/www.shalom.it\/#\/schema\/person\/d6d60e821a49d2a420ffe01f7af79dd8","name":"Redazione","url":"https:\/\/www.shalom.it\/author\/redazione\/"}]}},"jetpack_featured_media_url":"https:\/\/www.shalom.it\/wp-content\/uploads\/2021\/08\/napoli.jpg","jetpack_sharing_enabled":true,"_links":{"self":[{"href":"https:\/\/www.shalom.it\/wp-json\/wp\/v2\/posts\/63344","targetHints":{"allow":["GET"]}}],"collection":[{"href":"https:\/\/www.shalom.it\/wp-json\/wp\/v2\/posts"}],"about":[{"href":"https:\/\/www.shalom.it\/wp-json\/wp\/v2\/types\/post"}],"author":[{"embeddable":true,"href":"https:\/\/www.shalom.it\/wp-json\/wp\/v2\/users\/3"}],"replies":[{"embeddable":true,"href":"https:\/\/www.shalom.it\/wp-json\/wp\/v2\/comments?post=63344"}],"version-history":[{"count":1,"href":"https:\/\/www.shalom.it\/wp-json\/wp\/v2\/posts\/63344\/revisions"}],"predecessor-version":[{"id":63348,"href":"https:\/\/www.shalom.it\/wp-json\/wp\/v2\/posts\/63344\/revisions\/63348"}],"wp:featuredmedia":[{"embeddable":true,"href":"https:\/\/www.shalom.it\/wp-json\/wp\/v2\/media\/63347"}],"wp:attachment":[{"href":"https:\/\/www.shalom.it\/wp-json\/wp\/v2\/media?parent=63344"}],"wp:term":[{"taxonomy":"category","embeddable":true,"href":"https:\/\/www.shalom.it\/wp-json\/wp\/v2\/categories?post=63344"},{"taxonomy":"post_tag","embeddable":true,"href":"https:\/\/www.shalom.it\/wp-json\/wp\/v2\/tags?post=63344"}],"curies":[{"name":"wp","href":"https:\/\/api.w.org\/{rel}","templated":true}]}}