{"id":63334,"date":"2021-07-11T00:00:00","date_gmt":"2021-07-10T22:00:00","guid":{"rendered":"https:\/\/www.shalom.it\/senza-categoria\/rabba-david-pardo-da-venezia-a-gerusalemme-b1097242\/"},"modified":"2024-05-31T00:46:33","modified_gmt":"2024-05-30T22:46:33","slug":"rabba-david-pardo-da-venezia-a-gerusalemme-b1097242","status":"publish","type":"post","link":"https:\/\/www.shalom.it\/idee-pensiero-ebraico\/rabba-david-pardo-da-venezia-a-gerusalemme-b1097242\/","title":{"rendered":"Rabb\u00ec David Pardo, da Venezia a Gerusalemme"},"content":{"rendered":"<p class=\"MsoNormal\" style=\"margin: 0cm 0cm 0.0001pt;font-size: medium;font-family: Calibri, sans-serif\">Al centro di una dinastia di rabbanim, che inizi\u00f2 non pi\u00f9 tardi del XVI secolo, ma probabilmente anche prima, e che in Italia si interruppe a fine ottocento, mentre in Terra d\u2019Israele \u00e8 arrivata fino ad oggi, troviamo il rabbino David Pardo. Nato a Venezia di Shabb\u00e0t il primo di Nis\u00e0n del 5478 (1718) da Giustina e dal rabbino Yaaqov Pardo, rimase presto orfano di entrambi i genitori e fu preso in adozione, con la sorella, da un facoltoso parente, rabbi Mosh\u00e8 Ashkenaz\u00ec, che lo fece studiare presso alcuni tra i pi\u00f9 importanti maestri dell\u2019epoca. Si trasfer\u00ec a Spalato dove studi\u00f2 con il rabbino David Papo, che sostitu\u00ec alla sua morte come Rabbino Capo della citt\u00e0. La sua sapienza era tale che a&nbsp;&nbsp;soli 23 anni a lui fu posta la prima sheel\u00e0 (richiesta di responso su tema di giurisdzione ebraica) sulla liceit\u00e0 dell\u2019uso dell\u2019ombrello di Shabb\u00e0t e di giorno festivo.&nbsp;<\/p>\n<p class=\"MsoNormal\" style=\"margin: 0cm 0cm 0.0001pt;font-size: medium;font-family: Calibri, sans-serif\">In effetti ben presto divent\u00f2 un punto di riferimento per le comunit\u00e0 italiane, soprattutto per quelle sefardite. Nel Mikhtam leDavid, l\u2019opera che racchiude i 130 responsa di rav Pardo, troviamo infatti richieste provenienti da Venezia, Ancona, Livorno, Verona e da diverse altre citt\u00e0 italiane, cos\u00ec come dai Balcani da Sofia e da Salonicco. I suoi responsa rappresentano in termini di Halakh\u00e0 uno dei picchi della produzione rabbinica italiana del Settecento.&nbsp;<\/p>\n<p class=\"MsoNormal\" style=\"margin: 0cm 0cm 0.0001pt;font-size: medium;font-family: Calibri, sans-serif\">Fu chiamato poi a condurre l\u2019importante comunit\u00e0 di Sarajevo a 47 anni nel 1765, dove rimase per sedici anni. In essa rabb\u00ec Pardo form\u00f2 un numero davvero importante di rabbanim.&nbsp;&nbsp;<\/p>\n<p class=\"MsoNormal\" style=\"margin: 0cm 0cm 0.0001pt;font-size: medium;font-family: Calibri, sans-serif\">Sin da giovane il rabbino David Pardo provava una grande attrazione per la Terra d\u2019Israele e per Gerusalemme. All\u2019et\u00e0 di 64 anni coron\u00f2 il suo sogno e and\u00f2 a vivere a Gerusalemme. \u00c8 stato ritrovato un suo manoscritto in cui egli racconta le traversie di questo viaggio, iniziato a Lag Ba\u2019\u00f2mer, con un percorso a piedi di una decina di giorni (oltre 200 km), da Sarajevo a Ragusa (oggi Dubrovnik) e proseguito fino all\u2019arrivo ad Acco dopo un viaggio in nave (talvolta burrascoso) di quasi un mese. Arriv\u00f2 quindi a Gerusalemme dove venne subito messo a dirigere la yeshiv\u00e0 Chesed leAvrah\u00e0m e dove trascorse il suo ultimo decennio di vita, prima di essere sepolto con la moglie Tzippor\u00e0 sul Monte degli Ulivi.&nbsp;&nbsp;<\/p>\n<p class=\"MsoNormal\" style=\"margin: 0cm 0cm 0.0001pt;font-size: medium;font-family: Calibri, sans-serif\">Dalla mogle Tzippor\u00e0 ebbe tre figli e una figlia. Dei tre figli il pi\u00f9 grande, Yaaq\u00f2v, fu il Rabbino di Dubrovnik e da lui discende il ramo italiano che si stabil\u00ec a Verona nell\u2019Ottocento. Il secondo Yitzch\u00e0q rimase nei Balcani, mentre il terzo, Avrah\u00e0m spos\u00f2 la figlia del Hid\u00e0 (Chayim Yosef David Azulai) e segu\u00ec il padre in Terra d\u2019Israele. Da Avrah\u00e0m la dinastia rabbinica \u00e8 arrivata fino ai nostri giorni.&nbsp;<\/p>\n<p class=\"MsoNormal\" style=\"margin: 0cm 0cm 0.0001pt;font-size: medium;font-family: Calibri, sans-serif\">Estremamente ampia, e non qui riportabile interamente per ragioni di spazio, fu la sua produzione di libri di Halakh\u00e0 e di commento ai testi di era talmudica. Vale la pena qui ricordare, oltre al spora citato libro di responsa,&nbsp;&nbsp;il Chasd\u00e8 Dav\u00ecd che \u00e8 considerato il primo e fondamentale commento alla Toseft\u00e0, il Mizm\u00f2r leDavid, testo sulla kashr\u00f9t, che tra l\u2019altro \u00e8 una delle prime fonti sull\u2019usanza, diffusa in Italia, di attendere 3 ore , e non 6, tra carne e latte.&nbsp;&nbsp;<\/p>\n<p class=\"MsoNormal\" style=\"margin: 0cm 0cm 0.0001pt;font-size: medium;font-family: Calibri, sans-serif\">Ma nel suo impegno rabbinico egli non si limit\u00f2 a scrivere. Forte era il suo impegno nel sociale e proprio a Sarajevo fond\u00f2 tre confraternite&nbsp;&nbsp;di tzedaq\u00e0. Questa attenzione alle esigenze dei pi\u00f9 deboli \u00e8 stato in effetti un tratto comune a tutta la dinastia dei rabbini Pardo.&nbsp;<\/p>\n<p class=\"MsoNormal\" style=\"margin: 0cm 0cm 0.0001pt;font-size: medium;font-family: Calibri, sans-serif\">&nbsp;<\/p>\n<p class=\"MsoNormal\" style=\"margin: 0cm 0cm 0.0001pt;font-size: medium;font-family: Calibri, sans-serif\"><i>Gadi Piperno \u00e8 Rabbino Capo della Comunit\u00e0 Ebraica di Firenze<\/i><\/p>\n","protected":false},"excerpt":{"rendered":"<p>Al centro di una dinastia di rabbanim, che inizi\u00f2 non pi\u00f9 tardi del XVI secolo, ma probabilmente anche prima, e che in Italia si interruppe a fine ottocento, mentre in Terra d\u2019Israele \u00e8 arrivata fino ad oggi, troviamo il rabbino David Pardo. Nato a Venezia di Shabb\u00e0t il primo di Nis\u00e0n del 5478 (1718) da [&hellip;]<\/p>\n","protected":false},"author":102,"featured_media":63339,"comment_status":"open","ping_status":"open","sticky":false,"template":"","format":"standard","meta":{"_acf_changed":false,"_jetpack_memberships_contains_paid_content":false,"footnotes":""},"categories":[9],"tags":[],"class_list":["post-63334","post","type-post","status-publish","format-standard","has-post-thumbnail","hentry","category-idee-pensiero-ebraico"],"acf":[],"yoast_head":"<!-- This site is optimized with the Yoast SEO plugin v26.9 - https:\/\/yoast.com\/product\/yoast-seo-wordpress\/ -->\n<title>Rabb\u00ec David Pardo, da Venezia a Gerusalemme - Shalom<\/title>\n<meta name=\"robots\" content=\"index, follow, max-snippet:-1, max-image-preview:large, max-video-preview:-1\" \/>\n<link rel=\"canonical\" href=\"https:\/\/www.shalom.it\/idee-pensiero-ebraico\/rabba-david-pardo-da-venezia-a-gerusalemme-b1097242\/\" \/>\n<meta property=\"og:locale\" content=\"it_IT\" \/>\n<meta property=\"og:type\" content=\"article\" \/>\n<meta property=\"og:title\" content=\"Rabb\u00ec David Pardo, da Venezia a Gerusalemme - Shalom\" \/>\n<meta property=\"og:description\" content=\"Al centro di una dinastia di rabbanim, che inizi\u00f2 non pi\u00f9 tardi del XVI secolo, ma probabilmente anche prima, e che in Italia si interruppe a fine ottocento, mentre in Terra d\u2019Israele \u00e8 arrivata fino ad oggi, troviamo il rabbino David Pardo. Nato a Venezia di Shabb\u00e0t il primo di Nis\u00e0n del 5478 (1718) da [&hellip;]\" \/>\n<meta property=\"og:url\" content=\"https:\/\/www.shalom.it\/idee-pensiero-ebraico\/rabba-david-pardo-da-venezia-a-gerusalemme-b1097242\/\" \/>\n<meta property=\"og:site_name\" content=\"Shalom\" \/>\n<meta property=\"article:published_time\" content=\"2021-07-10T22:00:00+00:00\" \/>\n<meta property=\"article:modified_time\" content=\"2024-05-30T22:46:33+00:00\" \/>\n<meta property=\"og:image\" content=\"https:\/\/www.shalom.it\/wp-content\/uploads\/2021\/08\/ravpardo.png\" \/>\n\t<meta property=\"og:image:width\" content=\"800\" \/>\n\t<meta property=\"og:image:height\" content=\"500\" \/>\n\t<meta property=\"og:image:type\" content=\"image\/png\" \/>\n<meta name=\"author\" content=\"Gadi Piperno\" \/>\n<meta name=\"twitter:card\" content=\"summary_large_image\" \/>\n<meta name=\"twitter:label1\" content=\"Scritto da\" \/>\n\t<meta name=\"twitter:data1\" content=\"Gadi Piperno\" \/>\n\t<meta name=\"twitter:label2\" content=\"Tempo di lettura stimato\" \/>\n\t<meta name=\"twitter:data2\" content=\"3 minuti\" \/>\n<script type=\"application\/ld+json\" class=\"yoast-schema-graph\">{\"@context\":\"https:\/\/schema.org\",\"@graph\":[{\"@type\":\"Article\",\"@id\":\"https:\/\/www.shalom.it\/idee-pensiero-ebraico\/rabba-david-pardo-da-venezia-a-gerusalemme-b1097242\/#article\",\"isPartOf\":{\"@id\":\"https:\/\/www.shalom.it\/idee-pensiero-ebraico\/rabba-david-pardo-da-venezia-a-gerusalemme-b1097242\/\"},\"author\":{\"name\":\"Gadi Piperno\",\"@id\":\"https:\/\/www.shalom.it\/#\/schema\/person\/c7453c8a5406568cdcb3673b4fb0acaa\"},\"headline\":\"Rabb\u00ec David Pardo, da Venezia a Gerusalemme\",\"datePublished\":\"2021-07-10T22:00:00+00:00\",\"dateModified\":\"2024-05-30T22:46:33+00:00\",\"mainEntityOfPage\":{\"@id\":\"https:\/\/www.shalom.it\/idee-pensiero-ebraico\/rabba-david-pardo-da-venezia-a-gerusalemme-b1097242\/\"},\"wordCount\":615,\"commentCount\":0,\"image\":{\"@id\":\"https:\/\/www.shalom.it\/idee-pensiero-ebraico\/rabba-david-pardo-da-venezia-a-gerusalemme-b1097242\/#primaryimage\"},\"thumbnailUrl\":\"https:\/\/www.shalom.it\/wp-content\/uploads\/2021\/08\/ravpardo.png\",\"articleSection\":[\"IDEE - PENSIERO EBRAICO\"],\"inLanguage\":\"it-IT\"},{\"@type\":\"WebPage\",\"@id\":\"https:\/\/www.shalom.it\/idee-pensiero-ebraico\/rabba-david-pardo-da-venezia-a-gerusalemme-b1097242\/\",\"url\":\"https:\/\/www.shalom.it\/idee-pensiero-ebraico\/rabba-david-pardo-da-venezia-a-gerusalemme-b1097242\/\",\"name\":\"Rabb\u00ec David Pardo, da Venezia a Gerusalemme - Shalom\",\"isPartOf\":{\"@id\":\"https:\/\/www.shalom.it\/#website\"},\"primaryImageOfPage\":{\"@id\":\"https:\/\/www.shalom.it\/idee-pensiero-ebraico\/rabba-david-pardo-da-venezia-a-gerusalemme-b1097242\/#primaryimage\"},\"image\":{\"@id\":\"https:\/\/www.shalom.it\/idee-pensiero-ebraico\/rabba-david-pardo-da-venezia-a-gerusalemme-b1097242\/#primaryimage\"},\"thumbnailUrl\":\"https:\/\/www.shalom.it\/wp-content\/uploads\/2021\/08\/ravpardo.png\",\"datePublished\":\"2021-07-10T22:00:00+00:00\",\"dateModified\":\"2024-05-30T22:46:33+00:00\",\"author\":{\"@id\":\"https:\/\/www.shalom.it\/#\/schema\/person\/c7453c8a5406568cdcb3673b4fb0acaa\"},\"breadcrumb\":{\"@id\":\"https:\/\/www.shalom.it\/idee-pensiero-ebraico\/rabba-david-pardo-da-venezia-a-gerusalemme-b1097242\/#breadcrumb\"},\"inLanguage\":\"it-IT\",\"potentialAction\":[{\"@type\":\"ReadAction\",\"target\":[\"https:\/\/www.shalom.it\/idee-pensiero-ebraico\/rabba-david-pardo-da-venezia-a-gerusalemme-b1097242\/\"]}]},{\"@type\":\"ImageObject\",\"inLanguage\":\"it-IT\",\"@id\":\"https:\/\/www.shalom.it\/idee-pensiero-ebraico\/rabba-david-pardo-da-venezia-a-gerusalemme-b1097242\/#primaryimage\",\"url\":\"https:\/\/www.shalom.it\/wp-content\/uploads\/2021\/08\/ravpardo.png\",\"contentUrl\":\"https:\/\/www.shalom.it\/wp-content\/uploads\/2021\/08\/ravpardo.png\",\"width\":800,\"height\":500},{\"@type\":\"BreadcrumbList\",\"@id\":\"https:\/\/www.shalom.it\/idee-pensiero-ebraico\/rabba-david-pardo-da-venezia-a-gerusalemme-b1097242\/#breadcrumb\",\"itemListElement\":[{\"@type\":\"ListItem\",\"position\":1,\"name\":\"Home\",\"item\":\"https:\/\/www.shalom.it\/\"},{\"@type\":\"ListItem\",\"position\":2,\"name\":\"Rabb\u00ec David Pardo, da Venezia a Gerusalemme\"}]},{\"@type\":\"WebSite\",\"@id\":\"https:\/\/www.shalom.it\/#website\",\"url\":\"https:\/\/www.shalom.it\/\",\"name\":\"Shalom\",\"description\":\"Il Magazine della comunit\u00e0 ebraica di Roma\",\"potentialAction\":[{\"@type\":\"SearchAction\",\"target\":{\"@type\":\"EntryPoint\",\"urlTemplate\":\"https:\/\/www.shalom.it\/?s={search_term_string}\"},\"query-input\":{\"@type\":\"PropertyValueSpecification\",\"valueRequired\":true,\"valueName\":\"search_term_string\"}}],\"inLanguage\":\"it-IT\"},{\"@type\":\"Person\",\"@id\":\"https:\/\/www.shalom.it\/#\/schema\/person\/c7453c8a5406568cdcb3673b4fb0acaa\",\"name\":\"Gadi Piperno\",\"url\":\"https:\/\/www.shalom.it\/author\/gadi-piperno\/\"}]}<\/script>\n<!-- \/ Yoast SEO plugin. -->","yoast_head_json":{"title":"Rabb\u00ec David Pardo, da Venezia a Gerusalemme - Shalom","robots":{"index":"index","follow":"follow","max-snippet":"max-snippet:-1","max-image-preview":"max-image-preview:large","max-video-preview":"max-video-preview:-1"},"canonical":"https:\/\/www.shalom.it\/idee-pensiero-ebraico\/rabba-david-pardo-da-venezia-a-gerusalemme-b1097242\/","og_locale":"it_IT","og_type":"article","og_title":"Rabb\u00ec David Pardo, da Venezia a Gerusalemme - Shalom","og_description":"Al centro di una dinastia di rabbanim, che inizi\u00f2 non pi\u00f9 tardi del XVI secolo, ma probabilmente anche prima, e che in Italia si interruppe a fine ottocento, mentre in Terra d\u2019Israele \u00e8 arrivata fino ad oggi, troviamo il rabbino David Pardo. Nato a Venezia di Shabb\u00e0t il primo di Nis\u00e0n del 5478 (1718) da [&hellip;]","og_url":"https:\/\/www.shalom.it\/idee-pensiero-ebraico\/rabba-david-pardo-da-venezia-a-gerusalemme-b1097242\/","og_site_name":"Shalom","article_published_time":"2021-07-10T22:00:00+00:00","article_modified_time":"2024-05-30T22:46:33+00:00","og_image":[{"width":800,"height":500,"url":"https:\/\/www.shalom.it\/wp-content\/uploads\/2021\/08\/ravpardo.png","type":"image\/png"}],"author":"Gadi Piperno","twitter_card":"summary_large_image","twitter_misc":{"Scritto da":"Gadi Piperno","Tempo di lettura stimato":"3 minuti"},"schema":{"@context":"https:\/\/schema.org","@graph":[{"@type":"Article","@id":"https:\/\/www.shalom.it\/idee-pensiero-ebraico\/rabba-david-pardo-da-venezia-a-gerusalemme-b1097242\/#article","isPartOf":{"@id":"https:\/\/www.shalom.it\/idee-pensiero-ebraico\/rabba-david-pardo-da-venezia-a-gerusalemme-b1097242\/"},"author":{"name":"Gadi Piperno","@id":"https:\/\/www.shalom.it\/#\/schema\/person\/c7453c8a5406568cdcb3673b4fb0acaa"},"headline":"Rabb\u00ec David Pardo, da Venezia a Gerusalemme","datePublished":"2021-07-10T22:00:00+00:00","dateModified":"2024-05-30T22:46:33+00:00","mainEntityOfPage":{"@id":"https:\/\/www.shalom.it\/idee-pensiero-ebraico\/rabba-david-pardo-da-venezia-a-gerusalemme-b1097242\/"},"wordCount":615,"commentCount":0,"image":{"@id":"https:\/\/www.shalom.it\/idee-pensiero-ebraico\/rabba-david-pardo-da-venezia-a-gerusalemme-b1097242\/#primaryimage"},"thumbnailUrl":"https:\/\/www.shalom.it\/wp-content\/uploads\/2021\/08\/ravpardo.png","articleSection":["IDEE - PENSIERO EBRAICO"],"inLanguage":"it-IT"},{"@type":"WebPage","@id":"https:\/\/www.shalom.it\/idee-pensiero-ebraico\/rabba-david-pardo-da-venezia-a-gerusalemme-b1097242\/","url":"https:\/\/www.shalom.it\/idee-pensiero-ebraico\/rabba-david-pardo-da-venezia-a-gerusalemme-b1097242\/","name":"Rabb\u00ec David Pardo, da Venezia a Gerusalemme - Shalom","isPartOf":{"@id":"https:\/\/www.shalom.it\/#website"},"primaryImageOfPage":{"@id":"https:\/\/www.shalom.it\/idee-pensiero-ebraico\/rabba-david-pardo-da-venezia-a-gerusalemme-b1097242\/#primaryimage"},"image":{"@id":"https:\/\/www.shalom.it\/idee-pensiero-ebraico\/rabba-david-pardo-da-venezia-a-gerusalemme-b1097242\/#primaryimage"},"thumbnailUrl":"https:\/\/www.shalom.it\/wp-content\/uploads\/2021\/08\/ravpardo.png","datePublished":"2021-07-10T22:00:00+00:00","dateModified":"2024-05-30T22:46:33+00:00","author":{"@id":"https:\/\/www.shalom.it\/#\/schema\/person\/c7453c8a5406568cdcb3673b4fb0acaa"},"breadcrumb":{"@id":"https:\/\/www.shalom.it\/idee-pensiero-ebraico\/rabba-david-pardo-da-venezia-a-gerusalemme-b1097242\/#breadcrumb"},"inLanguage":"it-IT","potentialAction":[{"@type":"ReadAction","target":["https:\/\/www.shalom.it\/idee-pensiero-ebraico\/rabba-david-pardo-da-venezia-a-gerusalemme-b1097242\/"]}]},{"@type":"ImageObject","inLanguage":"it-IT","@id":"https:\/\/www.shalom.it\/idee-pensiero-ebraico\/rabba-david-pardo-da-venezia-a-gerusalemme-b1097242\/#primaryimage","url":"https:\/\/www.shalom.it\/wp-content\/uploads\/2021\/08\/ravpardo.png","contentUrl":"https:\/\/www.shalom.it\/wp-content\/uploads\/2021\/08\/ravpardo.png","width":800,"height":500},{"@type":"BreadcrumbList","@id":"https:\/\/www.shalom.it\/idee-pensiero-ebraico\/rabba-david-pardo-da-venezia-a-gerusalemme-b1097242\/#breadcrumb","itemListElement":[{"@type":"ListItem","position":1,"name":"Home","item":"https:\/\/www.shalom.it\/"},{"@type":"ListItem","position":2,"name":"Rabb\u00ec David Pardo, da Venezia a Gerusalemme"}]},{"@type":"WebSite","@id":"https:\/\/www.shalom.it\/#website","url":"https:\/\/www.shalom.it\/","name":"Shalom","description":"Il Magazine della comunit\u00e0 ebraica di Roma","potentialAction":[{"@type":"SearchAction","target":{"@type":"EntryPoint","urlTemplate":"https:\/\/www.shalom.it\/?s={search_term_string}"},"query-input":{"@type":"PropertyValueSpecification","valueRequired":true,"valueName":"search_term_string"}}],"inLanguage":"it-IT"},{"@type":"Person","@id":"https:\/\/www.shalom.it\/#\/schema\/person\/c7453c8a5406568cdcb3673b4fb0acaa","name":"Gadi Piperno","url":"https:\/\/www.shalom.it\/author\/gadi-piperno\/"}]}},"jetpack_featured_media_url":"https:\/\/www.shalom.it\/wp-content\/uploads\/2021\/08\/ravpardo.png","jetpack_sharing_enabled":true,"_links":{"self":[{"href":"https:\/\/www.shalom.it\/wp-json\/wp\/v2\/posts\/63334","targetHints":{"allow":["GET"]}}],"collection":[{"href":"https:\/\/www.shalom.it\/wp-json\/wp\/v2\/posts"}],"about":[{"href":"https:\/\/www.shalom.it\/wp-json\/wp\/v2\/types\/post"}],"author":[{"embeddable":true,"href":"https:\/\/www.shalom.it\/wp-json\/wp\/v2\/users\/102"}],"replies":[{"embeddable":true,"href":"https:\/\/www.shalom.it\/wp-json\/wp\/v2\/comments?post=63334"}],"version-history":[{"count":1,"href":"https:\/\/www.shalom.it\/wp-json\/wp\/v2\/posts\/63334\/revisions"}],"predecessor-version":[{"id":63336,"href":"https:\/\/www.shalom.it\/wp-json\/wp\/v2\/posts\/63334\/revisions\/63336"}],"wp:featuredmedia":[{"embeddable":true,"href":"https:\/\/www.shalom.it\/wp-json\/wp\/v2\/media\/63339"}],"wp:attachment":[{"href":"https:\/\/www.shalom.it\/wp-json\/wp\/v2\/media?parent=63334"}],"wp:term":[{"taxonomy":"category","embeddable":true,"href":"https:\/\/www.shalom.it\/wp-json\/wp\/v2\/categories?post=63334"},{"taxonomy":"post_tag","embeddable":true,"href":"https:\/\/www.shalom.it\/wp-json\/wp\/v2\/tags?post=63334"}],"curies":[{"name":"wp","href":"https:\/\/api.w.org\/{rel}","templated":true}]}}