{"id":63332,"date":"2021-07-11T00:00:00","date_gmt":"2021-07-10T22:00:00","guid":{"rendered":"https:\/\/www.shalom.it\/senza-categoria\/a-la-antisemitismo-corre-sul-web-a-odio-che-scende-nelle-stradea-a-intervista-a-noemi-di-segni-b1097233\/"},"modified":"2024-05-31T00:46:28","modified_gmt":"2024-05-30T22:46:28","slug":"a-la-antisemitismo-corre-sul-web-a-odio-che-scende-nelle-stradea-a-intervista-a-noemi-di-segni-b1097233","status":"publish","type":"post","link":"https:\/\/www.shalom.it\/italia\/a-la-antisemitismo-corre-sul-web-a-odio-che-scende-nelle-stradea-a-intervista-a-noemi-di-segni-b1097233\/","title":{"rendered":"\u201cL\u2019antisemitismo corre sul web, \u00e8 odio che scende nelle strade\u201d \u2013 Intervista a Noemi Di Segni"},"content":{"rendered":"<p class=\"MsoNormal\" style=\"margin: 0cm 0cm 0.0001pt;font-size: medium;font-family: Calibri;text-align: justify\">In molti paesi del mondo, tra Europa e Stati Uniti, l\u2019antisemitismo \u00e8 in crescita. Un fenomeno che torna con forza, anche a causa dell\u2019ultimo conflitto tra Israele e Hamas, e che si annida anche nelle manifestazioni di antisionismo. In Italia l\u2019antisemitismo corre soprattutto sul web, come dimostra l\u2019ultimo rapporto dell\u2019Osservatorio Antisemitismo del CDEC, e sono spesso le tastiere degli influencer, di alcuni politici e personaggi noti a spargere odio sui social network, moltiplicando un messaggio pericoloso. \u201cNon \u00e8 un odio che rimane solo sulla rete. Si aggrega sulla rete ma poi scende nella strada\u201d spiega Noemi Di Segni, Presidente dell\u2019Unione delle Comunit\u00e0 Ebraiche Italiane (UCEI) e Vice Presidente del World Jewish Congress. Shalom l\u2019ha intervistata per capire cosa stanno facendo l\u2019UCEI e le istituzioni, e quali sono le sfide, per contrastare l\u2019antisemitismo.<\/p>\n<p class=\"MsoNormal\" style=\"margin: 0cm 0cm 0.0001pt;font-size: medium;font-family: Calibri;text-align: justify\">\n<p class=\"MsoNormal\" style=\"margin: 0cm 0cm 0.0001pt;font-size: medium;font-family: Calibri;text-align: justify\"><b>Viviamo in moti paesi, e anche in Italia, un aumento di antisemitismo. Quali sono le sfide dell\u2019UCEI in questo senso?<\/b><\/p>\n<p class=\"MsoNormal\" style=\"margin: 0cm 0cm 0.0001pt;font-size: medium;font-family: Calibri;text-align: justify\">Ci sono vari elementi che ci indicano un aumento di antisemitismo. Le sfide per noi sono saper interpretare, saper leggere la realt\u00e0, misurarla e comprendere dove \u00e8 pericolosa, e capire, per il ruolo istituzionale che abbiamo, con chi e cosa fare. E\u2019 un tema complesso, che ci riguarda ogni giorno. Perch\u00e9 tutti i giorni, purtroppo, accade qualcosa.<\/p>\n<p class=\"MsoNormal\" style=\"margin: 0cm 0cm 0.0001pt;font-size: medium;font-family: Calibri;text-align: justify\"><b>In Italia l\u2019antisemitismo corre sul web, ce lo dicono i dati aggiornati dell\u2019Osservatorio Antisemitismo. C\u2019\u00e8 anche un pullulare di personaggi noti, come di recente Michela Murgia con un\u2019inquietante storia su Instragram, che pubblicano sui social post o storie in cui esprimono atteggiamenti antisemiti o antisionisti. Come affrontate questo fenomeno?<\/b><\/p>\n<p class=\"MsoNormal\" style=\"margin: 0cm 0cm 0.0001pt;font-size: medium;font-family: Calibri;text-align: justify\">Nell\u2019espressione di antisemitismo c\u2019\u00e8 di tutto da per tutto. Dagli interventi di personaggi della strada, della politica, agli influencer. Ma quanto una nostra azione pu\u00f2 correggere questi comportamenti? Se siamo nel campo del reato, penale, facciamo sempre le denunce, perch\u00e9 cos\u00ec prevede l\u2019ordinamento italiano a nostra difesa. Il secondo obiettivo \u00e8 incidere sull\u2019opinione pubblica che ruota intorno a questi personaggi. Questo \u00e8 molto difficile ed \u00e8 un tema delicato. Io credo che alzare la voce, o fare i comunicati stampa, non sia efficace, anzi l\u2019azione perde di efficacia. Cos\u00ec non si ottengano risultati. A seconda se sia un politico, o un influencer, scriviamo alle redazioni o alle segreterie di partito per sensibilizzare. Ultimamente per un TikTok molto offensivo dell\u2019influencer Tasmin Ali sulla bandiera di Israele, abbiamo fatto denuncia e scritto alla redazione. Lei \u00e8 giovane, musulmana, molto trendy, e percepita come attivista per le donne musulmane. Ma lei cos\u00ec come difende i musulmani, con la stessa energia denigra Israele e gli ebrei. Lei il rispetto dell\u2019altro ce l\u2019ha per se stessa, ma non le interessa difendere le minoranze. Le abbiamo fatto una denuncia. E\u2019 un dilemma ogni volta decidere cosa fare, perch\u00e9 succede continuamente. Come voce ebraica non possiamo sottrarci alle denunce, alle lettere, a far capire alle realt\u00e0 istituzionali che hanno il dovere di vigilare.&nbsp;<\/p>\n<p class=\"MsoNormal\" style=\"margin: 0cm 0cm 0.0001pt;font-size: medium;font-family: Calibri;text-align: justify\"><b>In vari paesi del mondo si stanno prendendo provvedimenti indirizzati ai colossi dei social network per contrastare l\u2019antisemitismo. Cosa si sta facendo in Italia?<\/b><\/p>\n<p class=\"MsoNormal\" style=\"margin: 0cm 0cm 0.0001pt;font-size: medium;font-family: Calibri;text-align: justify\">Il lavoro sui social va fatto. I social devono rendersi conto che hanno un impatto talmente forte e penetrante sulla societ\u00e0, che non possono sottrarsi al loro ruolo sociale, non possono limitare le loro responsabilit\u00e0. Devono aggiungere uno strato di regolamentazione e autoregolamentazione su questi temi. E\u2019 vero che ci sono problemi nello sviluppo della normativa, ma nella battaglia all\u2019antisemitismo i social devono impegnarsi al di l\u00e0 di ci\u00f2 che questa prevede.&nbsp;<\/p>\n<p class=\"MsoNormal\" style=\"margin: 0cm 0cm 0.0001pt;font-size: medium;font-family: Calibri;text-align: justify\"><b>Quale \u00e8 il pericolo concreto di queste forme di antisemitismo?<\/b><\/p>\n<p class=\"MsoNormal\" style=\"margin: 0cm 0cm 0.0001pt;font-size: medium;font-family: Calibri;text-align: justify\">La somma di ci\u00f2 che leggiamo esplode nella societ\u00e0. Non \u00e8 un odio che rimane solo sulla rete. Si aggrega sulla rete ma poi scende nella strada. In Italia le forze dell\u2019ordine sono assolutamente consapevoli di questa dinamica e svolgono un lavoro molto prezioso. E con loro collaboriamo, ma quando la legge non consente un intervento siamo in una situazione di pericolo. E gestire questa situazione \u00e8 la sfida.<\/p>\n<p class=\"MsoNormal\" style=\"margin: 0cm 0cm 0.0001pt;font-size: medium;font-family: Calibri;text-align: justify\"><b>Lo scenario internazionale non \u00e8 incoraggiante. In Europa e negli Stati Uniti l\u2019antisemitismo sta avanzando, negli ultimi mesi anche a causa del conflitto tra Israele ed Hamas.<\/b><\/p>\n<p class=\"MsoNormal\" style=\"margin: 0cm 0cm 0.0001pt;font-size: medium;font-family: Calibri;text-align: justify\">C\u2019\u00e8 un aumento d\u2019odio marcato, visibile. Molto preoccupante \u00e8 la situazione in Inghilterra, Francia, e Stati Uniti. Ogni giorno leggiamo di episodi di antisemitismo. Negli Stati Uniti la difesa dal razzismo non va di pari passo con quella dall\u2019antisemitismo. Mi preoccupa anche quello che succede in Israele nelle citt\u00e0, in cui convivono ebrei e musulmani, e ci\u00f2 riguarda anche le istituzioni locali. Non \u00e8 un tema strettamente legato all\u2019antisemitismo, ma \u00e8 un tema di natura sociale che quando scoppia diventa politico e arriva da noi. So bene che gli atti di attacco da parte degli arabi contro gli ebrei sono stati di gran lunga pi\u00f9 gravi da parte dei primi, ma qualcosa si \u00e8 rotto e bisogna provvedere.<\/p>\n<p class=\"MsoNormal\" style=\"margin: 0cm 0cm 0.0001pt;font-size: medium;font-family: Calibri;text-align: justify\"><b>Sta scatenando un grande dibattito la legge sulle restituzioni in Polonia. Il Premier polacco ha detto che il paese non pagher\u00e0 per crimini commessi dalla Germania. Crede che dietro alla legge e a questo tipo di atteggiamenti si celi un\u2019espressione di antisemitismo?<\/b><\/p>\n<p class=\"MsoNormal\" style=\"margin: 0cm 0cm 0.0001pt;font-size: medium;font-family: Calibri;text-align: justify\">Credo di si. Perch\u00e9 il tema dell\u2019antisemitismo va gestito con uno spessore storico. Se c\u2019\u00e8 un approccio selettivo, di chi non riconosce le proprie responsabilit\u00e0 come nel mondo polacco, che \u00e8 proprio l\u2019opposto di quello che ha fatto la Germania, c\u2019\u00e8 un problema di antisemitismo. Questi atteggiamenti selettivi, e di imporre una lettura storica, sono forme che orientano il pensiero e ed educano le persone ad un rigidismo che porta antisemitismo.&nbsp;<\/p>\n<p class=\"MsoNormal\" style=\"margin: 0cm 0cm 0.0001pt;font-size: medium;font-family: Calibri;text-align: justify\"><b>Che ruolo gioca il recepimento della definizione dell\u2019antisemitismo dell\u2019IHRA?<\/b><\/p>\n<p class=\"MsoNormal\" style=\"margin: 0cm 0cm 0.0001pt;font-size: medium;font-family: Calibri;text-align: justify\">Sul punto vorrei precisare l\u2019impegno che ci aspettiamo rispetto all\u2019invito fatto a livello europeo ed internazionale all\u2019Italia (e tutti i Paesi) per recepire la definizione. Premessa l\u2019autorevolezza politica, scientifica accademica di questa definizione, il concetto di recepimento non deve essere appiattito unicamente sulla pretesa di inserimento dei concetti evidenziati in un test odi norma di legge o pi\u00f9 specificatamente del codice penale. Ci sono anche modifiche legislative che abbiamo proposto per rafforzare l\u2019efficacia di alcune norme penali (come aggravanti di norme esistenti o con riguardo all\u2019apologia del fascismo) ma va fatto di pi\u00f9. Il recepimento quindi va considerato come lavoro su pi\u00f9 di dimensioni che parte dalla definizione stessa come punto di riferimento internazionale e di legislazione europea. Non possono e non devono essere gli ebrei da soli a \u201cgestire\u201d la lotta ma deve essere un\u2019intera rete istituzionale lavorando anzitutto sul presupposto della coerenza e responsabilit\u00e0 anche storico politica. Quindi con iniziative educative rivolte al mondo della scuola, formative per diverse categorie di professioni e settori, al mondo dello sport, modifiche di norme penali, interventi sui codici di condotta dei media e delle reti sociali, un approfondimento sull\u2019abuso di diritti costituzionali e il rafforzamento di prevenzione da parte delle forze dell\u2019ordine \u2013 alle quali va la nostra profonda gratitudine per un costante impegno qualificato e attento forse unico nel panorama internazionale &#8211;&nbsp;e non ultimo creare un utile raccordo per affrontare il fenomeno di under reporting \u2013 avere presidio immediato e facile per presentare denunce o testimonianze rispetto ad episodi vissuti in prima persona o notati, e su questo stiamo lavorando insieme ad altre istituzioni.<\/p>\n<p class=\"MsoNormal\" style=\"margin: 0cm 0cm 0.0001pt;font-size: medium;font-family: Calibri;text-align: justify\"><\/p>\n<p class=\"MsoNormal\" style=\"margin: 0cm 0cm 0.0001pt;font-size: medium;font-family: Calibri;text-align: justify\"><\/p>\n<p class=\"MsoNormal\" style=\"margin: 0cm 0cm 0.0001pt;font-size: medium;font-family: Calibri\"><i><span style=\"font-size: 10pt\">Foto credit Giovanni Montenero &#8211; Pagine Ebraiche<\/span><\/i><\/p>\n<p class=\"MsoNormal\" style=\"margin: 0cm 0cm 0.0001pt;font-size: medium;font-family: Calibri\"><i><span style=\"font-size: 10pt\"><br \/><\/span><\/i><\/p>\n<p class=\"MsoNormal\" style=\"margin: 0cm 0cm 0.0001pt;font-size: medium;font-family: Calibri\"><i><span style=\"font-size: 10pt\"><br \/><\/span><\/i><\/p>\n<p class=\"MsoNormal\" style=\"margin: 0cm 0cm 0.0001pt;font-size: medium;font-family: Calibri\"><i><span style=\"font-size: 10pt\"><\/span><\/i><\/p>\n<p class=\"MsoNormal\" style=\"margin: 0cm 0cm 0.0001pt;font-size: medium;font-family: Calibri;text-align: justify\">\n","protected":false},"excerpt":{"rendered":"<p>In molti paesi del mondo, tra Europa e Stati Uniti, l\u2019antisemitismo \u00e8 in crescita. Un fenomeno che torna con forza, anche a causa dell\u2019ultimo conflitto tra Israele e Hamas, e che si annida anche nelle manifestazioni di antisionismo. In Italia l\u2019antisemitismo corre soprattutto sul web, come dimostra l\u2019ultimo rapporto dell\u2019Osservatorio Antisemitismo del CDEC, e sono [&hellip;]<\/p>\n","protected":false},"author":97,"featured_media":63337,"comment_status":"open","ping_status":"open","sticky":false,"template":"","format":"standard","meta":{"_acf_changed":false,"_jetpack_memberships_contains_paid_content":false,"footnotes":""},"categories":[3],"tags":[],"class_list":["post-63332","post","type-post","status-publish","format-standard","has-post-thumbnail","hentry","category-italia"],"acf":[],"yoast_head":"<!-- This site is optimized with the Yoast SEO plugin v26.9 - https:\/\/yoast.com\/product\/yoast-seo-wordpress\/ -->\n<title>\u201cL\u2019antisemitismo corre sul web, \u00e8 odio che scende nelle strade\u201d \u2013 Intervista a Noemi Di Segni - Shalom<\/title>\n<meta name=\"robots\" content=\"index, follow, max-snippet:-1, max-image-preview:large, max-video-preview:-1\" \/>\n<link rel=\"canonical\" href=\"https:\/\/www.shalom.it\/italia\/a-la-antisemitismo-corre-sul-web-a-odio-che-scende-nelle-stradea-a-intervista-a-noemi-di-segni-b1097233\/\" \/>\n<meta property=\"og:locale\" content=\"it_IT\" \/>\n<meta property=\"og:type\" content=\"article\" \/>\n<meta property=\"og:title\" content=\"\u201cL\u2019antisemitismo corre sul web, \u00e8 odio che scende nelle strade\u201d \u2013 Intervista a Noemi Di Segni - Shalom\" \/>\n<meta property=\"og:description\" content=\"In molti paesi del mondo, tra Europa e Stati Uniti, l\u2019antisemitismo \u00e8 in crescita. Un fenomeno che torna con forza, anche a causa dell\u2019ultimo conflitto tra Israele e Hamas, e che si annida anche nelle manifestazioni di antisionismo. In Italia l\u2019antisemitismo corre soprattutto sul web, come dimostra l\u2019ultimo rapporto dell\u2019Osservatorio Antisemitismo del CDEC, e sono [&hellip;]\" \/>\n<meta property=\"og:url\" content=\"https:\/\/www.shalom.it\/italia\/a-la-antisemitismo-corre-sul-web-a-odio-che-scende-nelle-stradea-a-intervista-a-noemi-di-segni-b1097233\/\" \/>\n<meta property=\"og:site_name\" content=\"Shalom\" \/>\n<meta property=\"article:published_time\" content=\"2021-07-10T22:00:00+00:00\" \/>\n<meta property=\"article:modified_time\" content=\"2024-05-30T22:46:28+00:00\" \/>\n<meta property=\"og:image\" content=\"https:\/\/www.shalom.it\/wp-content\/uploads\/2021\/08\/PHOTO-2021-07-11-09-33-35.jpg\" \/>\n\t<meta property=\"og:image:width\" content=\"1600\" \/>\n\t<meta property=\"og:image:height\" content=\"1127\" \/>\n\t<meta property=\"og:image:type\" content=\"image\/jpeg\" \/>\n<meta name=\"author\" content=\"Ariela Piattelli\" \/>\n<meta name=\"twitter:card\" content=\"summary_large_image\" \/>\n<meta name=\"twitter:label1\" content=\"Scritto da\" \/>\n\t<meta name=\"twitter:data1\" content=\"Ariela Piattelli\" \/>\n\t<meta name=\"twitter:label2\" content=\"Tempo di lettura stimato\" \/>\n\t<meta name=\"twitter:data2\" content=\"6 minuti\" \/>\n<script type=\"application\/ld+json\" class=\"yoast-schema-graph\">{\"@context\":\"https:\/\/schema.org\",\"@graph\":[{\"@type\":\"Article\",\"@id\":\"https:\/\/www.shalom.it\/italia\/a-la-antisemitismo-corre-sul-web-a-odio-che-scende-nelle-stradea-a-intervista-a-noemi-di-segni-b1097233\/#article\",\"isPartOf\":{\"@id\":\"https:\/\/www.shalom.it\/italia\/a-la-antisemitismo-corre-sul-web-a-odio-che-scende-nelle-stradea-a-intervista-a-noemi-di-segni-b1097233\/\"},\"author\":{\"name\":\"Ariela Piattelli\",\"@id\":\"https:\/\/www.shalom.it\/#\/schema\/person\/60863844fcce19d008f5cd64bb0fce26\"},\"headline\":\"\u201cL\u2019antisemitismo corre sul web, \u00e8 odio che scende nelle strade\u201d \u2013 Intervista a Noemi Di Segni\",\"datePublished\":\"2021-07-10T22:00:00+00:00\",\"dateModified\":\"2024-05-30T22:46:28+00:00\",\"mainEntityOfPage\":{\"@id\":\"https:\/\/www.shalom.it\/italia\/a-la-antisemitismo-corre-sul-web-a-odio-che-scende-nelle-stradea-a-intervista-a-noemi-di-segni-b1097233\/\"},\"wordCount\":1230,\"commentCount\":0,\"image\":{\"@id\":\"https:\/\/www.shalom.it\/italia\/a-la-antisemitismo-corre-sul-web-a-odio-che-scende-nelle-stradea-a-intervista-a-noemi-di-segni-b1097233\/#primaryimage\"},\"thumbnailUrl\":\"https:\/\/www.shalom.it\/wp-content\/uploads\/2021\/08\/PHOTO-2021-07-11-09-33-35.jpg\",\"articleSection\":[\"ITALIA\"],\"inLanguage\":\"it-IT\"},{\"@type\":\"WebPage\",\"@id\":\"https:\/\/www.shalom.it\/italia\/a-la-antisemitismo-corre-sul-web-a-odio-che-scende-nelle-stradea-a-intervista-a-noemi-di-segni-b1097233\/\",\"url\":\"https:\/\/www.shalom.it\/italia\/a-la-antisemitismo-corre-sul-web-a-odio-che-scende-nelle-stradea-a-intervista-a-noemi-di-segni-b1097233\/\",\"name\":\"\u201cL\u2019antisemitismo corre sul web, \u00e8 odio che scende nelle strade\u201d \u2013 Intervista a Noemi Di Segni - Shalom\",\"isPartOf\":{\"@id\":\"https:\/\/www.shalom.it\/#website\"},\"primaryImageOfPage\":{\"@id\":\"https:\/\/www.shalom.it\/italia\/a-la-antisemitismo-corre-sul-web-a-odio-che-scende-nelle-stradea-a-intervista-a-noemi-di-segni-b1097233\/#primaryimage\"},\"image\":{\"@id\":\"https:\/\/www.shalom.it\/italia\/a-la-antisemitismo-corre-sul-web-a-odio-che-scende-nelle-stradea-a-intervista-a-noemi-di-segni-b1097233\/#primaryimage\"},\"thumbnailUrl\":\"https:\/\/www.shalom.it\/wp-content\/uploads\/2021\/08\/PHOTO-2021-07-11-09-33-35.jpg\",\"datePublished\":\"2021-07-10T22:00:00+00:00\",\"dateModified\":\"2024-05-30T22:46:28+00:00\",\"author\":{\"@id\":\"https:\/\/www.shalom.it\/#\/schema\/person\/60863844fcce19d008f5cd64bb0fce26\"},\"breadcrumb\":{\"@id\":\"https:\/\/www.shalom.it\/italia\/a-la-antisemitismo-corre-sul-web-a-odio-che-scende-nelle-stradea-a-intervista-a-noemi-di-segni-b1097233\/#breadcrumb\"},\"inLanguage\":\"it-IT\",\"potentialAction\":[{\"@type\":\"ReadAction\",\"target\":[\"https:\/\/www.shalom.it\/italia\/a-la-antisemitismo-corre-sul-web-a-odio-che-scende-nelle-stradea-a-intervista-a-noemi-di-segni-b1097233\/\"]}]},{\"@type\":\"ImageObject\",\"inLanguage\":\"it-IT\",\"@id\":\"https:\/\/www.shalom.it\/italia\/a-la-antisemitismo-corre-sul-web-a-odio-che-scende-nelle-stradea-a-intervista-a-noemi-di-segni-b1097233\/#primaryimage\",\"url\":\"https:\/\/www.shalom.it\/wp-content\/uploads\/2021\/08\/PHOTO-2021-07-11-09-33-35.jpg\",\"contentUrl\":\"https:\/\/www.shalom.it\/wp-content\/uploads\/2021\/08\/PHOTO-2021-07-11-09-33-35.jpg\",\"width\":1600,\"height\":1127},{\"@type\":\"BreadcrumbList\",\"@id\":\"https:\/\/www.shalom.it\/italia\/a-la-antisemitismo-corre-sul-web-a-odio-che-scende-nelle-stradea-a-intervista-a-noemi-di-segni-b1097233\/#breadcrumb\",\"itemListElement\":[{\"@type\":\"ListItem\",\"position\":1,\"name\":\"Home\",\"item\":\"https:\/\/www.shalom.it\/\"},{\"@type\":\"ListItem\",\"position\":2,\"name\":\"\u201cL\u2019antisemitismo corre sul web, \u00e8 odio che scende nelle strade\u201d \u2013 Intervista a Noemi Di Segni\"}]},{\"@type\":\"WebSite\",\"@id\":\"https:\/\/www.shalom.it\/#website\",\"url\":\"https:\/\/www.shalom.it\/\",\"name\":\"Shalom\",\"description\":\"Il Magazine della comunit\u00e0 ebraica di Roma\",\"potentialAction\":[{\"@type\":\"SearchAction\",\"target\":{\"@type\":\"EntryPoint\",\"urlTemplate\":\"https:\/\/www.shalom.it\/?s={search_term_string}\"},\"query-input\":{\"@type\":\"PropertyValueSpecification\",\"valueRequired\":true,\"valueName\":\"search_term_string\"}}],\"inLanguage\":\"it-IT\"},{\"@type\":\"Person\",\"@id\":\"https:\/\/www.shalom.it\/#\/schema\/person\/60863844fcce19d008f5cd64bb0fce26\",\"name\":\"Ariela Piattelli\",\"description\":\"Direttore di Shalom. Nata a Roma nel 1976, Ariela Piattelli ha collaborato con Shalom, con i quotidiani Il Giornale, Il Corriere della Sera e La Stampa, scrivendo principalmente di arte, storia, e cultura ebraica ed israeliana. Da oltre un decennio dirige EBRAICA \u2013 Festival Internazionale di Cultura, e il Pitigliani Kolno\u2019a Festival \u2013 Ebraismo e Israele nel Cinema, prodotto dal Centro Ebraico Italiano Il Pitigliani. Piattelli ha collaborato con varie istituzioni ebraiche italiane, come promotrice e curatrice di eventi culturali.\",\"url\":\"https:\/\/www.shalom.it\/author\/arielapiattelli\/\"}]}<\/script>\n<!-- \/ Yoast SEO plugin. -->","yoast_head_json":{"title":"\u201cL\u2019antisemitismo corre sul web, \u00e8 odio che scende nelle strade\u201d \u2013 Intervista a Noemi Di Segni - Shalom","robots":{"index":"index","follow":"follow","max-snippet":"max-snippet:-1","max-image-preview":"max-image-preview:large","max-video-preview":"max-video-preview:-1"},"canonical":"https:\/\/www.shalom.it\/italia\/a-la-antisemitismo-corre-sul-web-a-odio-che-scende-nelle-stradea-a-intervista-a-noemi-di-segni-b1097233\/","og_locale":"it_IT","og_type":"article","og_title":"\u201cL\u2019antisemitismo corre sul web, \u00e8 odio che scende nelle strade\u201d \u2013 Intervista a Noemi Di Segni - Shalom","og_description":"In molti paesi del mondo, tra Europa e Stati Uniti, l\u2019antisemitismo \u00e8 in crescita. Un fenomeno che torna con forza, anche a causa dell\u2019ultimo conflitto tra Israele e Hamas, e che si annida anche nelle manifestazioni di antisionismo. In Italia l\u2019antisemitismo corre soprattutto sul web, come dimostra l\u2019ultimo rapporto dell\u2019Osservatorio Antisemitismo del CDEC, e sono [&hellip;]","og_url":"https:\/\/www.shalom.it\/italia\/a-la-antisemitismo-corre-sul-web-a-odio-che-scende-nelle-stradea-a-intervista-a-noemi-di-segni-b1097233\/","og_site_name":"Shalom","article_published_time":"2021-07-10T22:00:00+00:00","article_modified_time":"2024-05-30T22:46:28+00:00","og_image":[{"width":1600,"height":1127,"url":"https:\/\/www.shalom.it\/wp-content\/uploads\/2021\/08\/PHOTO-2021-07-11-09-33-35.jpg","type":"image\/jpeg"}],"author":"Ariela Piattelli","twitter_card":"summary_large_image","twitter_misc":{"Scritto da":"Ariela Piattelli","Tempo di lettura stimato":"6 minuti"},"schema":{"@context":"https:\/\/schema.org","@graph":[{"@type":"Article","@id":"https:\/\/www.shalom.it\/italia\/a-la-antisemitismo-corre-sul-web-a-odio-che-scende-nelle-stradea-a-intervista-a-noemi-di-segni-b1097233\/#article","isPartOf":{"@id":"https:\/\/www.shalom.it\/italia\/a-la-antisemitismo-corre-sul-web-a-odio-che-scende-nelle-stradea-a-intervista-a-noemi-di-segni-b1097233\/"},"author":{"name":"Ariela Piattelli","@id":"https:\/\/www.shalom.it\/#\/schema\/person\/60863844fcce19d008f5cd64bb0fce26"},"headline":"\u201cL\u2019antisemitismo corre sul web, \u00e8 odio che scende nelle strade\u201d \u2013 Intervista a Noemi Di Segni","datePublished":"2021-07-10T22:00:00+00:00","dateModified":"2024-05-30T22:46:28+00:00","mainEntityOfPage":{"@id":"https:\/\/www.shalom.it\/italia\/a-la-antisemitismo-corre-sul-web-a-odio-che-scende-nelle-stradea-a-intervista-a-noemi-di-segni-b1097233\/"},"wordCount":1230,"commentCount":0,"image":{"@id":"https:\/\/www.shalom.it\/italia\/a-la-antisemitismo-corre-sul-web-a-odio-che-scende-nelle-stradea-a-intervista-a-noemi-di-segni-b1097233\/#primaryimage"},"thumbnailUrl":"https:\/\/www.shalom.it\/wp-content\/uploads\/2021\/08\/PHOTO-2021-07-11-09-33-35.jpg","articleSection":["ITALIA"],"inLanguage":"it-IT"},{"@type":"WebPage","@id":"https:\/\/www.shalom.it\/italia\/a-la-antisemitismo-corre-sul-web-a-odio-che-scende-nelle-stradea-a-intervista-a-noemi-di-segni-b1097233\/","url":"https:\/\/www.shalom.it\/italia\/a-la-antisemitismo-corre-sul-web-a-odio-che-scende-nelle-stradea-a-intervista-a-noemi-di-segni-b1097233\/","name":"\u201cL\u2019antisemitismo corre sul web, \u00e8 odio che scende nelle strade\u201d \u2013 Intervista a Noemi Di Segni - Shalom","isPartOf":{"@id":"https:\/\/www.shalom.it\/#website"},"primaryImageOfPage":{"@id":"https:\/\/www.shalom.it\/italia\/a-la-antisemitismo-corre-sul-web-a-odio-che-scende-nelle-stradea-a-intervista-a-noemi-di-segni-b1097233\/#primaryimage"},"image":{"@id":"https:\/\/www.shalom.it\/italia\/a-la-antisemitismo-corre-sul-web-a-odio-che-scende-nelle-stradea-a-intervista-a-noemi-di-segni-b1097233\/#primaryimage"},"thumbnailUrl":"https:\/\/www.shalom.it\/wp-content\/uploads\/2021\/08\/PHOTO-2021-07-11-09-33-35.jpg","datePublished":"2021-07-10T22:00:00+00:00","dateModified":"2024-05-30T22:46:28+00:00","author":{"@id":"https:\/\/www.shalom.it\/#\/schema\/person\/60863844fcce19d008f5cd64bb0fce26"},"breadcrumb":{"@id":"https:\/\/www.shalom.it\/italia\/a-la-antisemitismo-corre-sul-web-a-odio-che-scende-nelle-stradea-a-intervista-a-noemi-di-segni-b1097233\/#breadcrumb"},"inLanguage":"it-IT","potentialAction":[{"@type":"ReadAction","target":["https:\/\/www.shalom.it\/italia\/a-la-antisemitismo-corre-sul-web-a-odio-che-scende-nelle-stradea-a-intervista-a-noemi-di-segni-b1097233\/"]}]},{"@type":"ImageObject","inLanguage":"it-IT","@id":"https:\/\/www.shalom.it\/italia\/a-la-antisemitismo-corre-sul-web-a-odio-che-scende-nelle-stradea-a-intervista-a-noemi-di-segni-b1097233\/#primaryimage","url":"https:\/\/www.shalom.it\/wp-content\/uploads\/2021\/08\/PHOTO-2021-07-11-09-33-35.jpg","contentUrl":"https:\/\/www.shalom.it\/wp-content\/uploads\/2021\/08\/PHOTO-2021-07-11-09-33-35.jpg","width":1600,"height":1127},{"@type":"BreadcrumbList","@id":"https:\/\/www.shalom.it\/italia\/a-la-antisemitismo-corre-sul-web-a-odio-che-scende-nelle-stradea-a-intervista-a-noemi-di-segni-b1097233\/#breadcrumb","itemListElement":[{"@type":"ListItem","position":1,"name":"Home","item":"https:\/\/www.shalom.it\/"},{"@type":"ListItem","position":2,"name":"\u201cL\u2019antisemitismo corre sul web, \u00e8 odio che scende nelle strade\u201d \u2013 Intervista a Noemi Di Segni"}]},{"@type":"WebSite","@id":"https:\/\/www.shalom.it\/#website","url":"https:\/\/www.shalom.it\/","name":"Shalom","description":"Il Magazine della comunit\u00e0 ebraica di Roma","potentialAction":[{"@type":"SearchAction","target":{"@type":"EntryPoint","urlTemplate":"https:\/\/www.shalom.it\/?s={search_term_string}"},"query-input":{"@type":"PropertyValueSpecification","valueRequired":true,"valueName":"search_term_string"}}],"inLanguage":"it-IT"},{"@type":"Person","@id":"https:\/\/www.shalom.it\/#\/schema\/person\/60863844fcce19d008f5cd64bb0fce26","name":"Ariela Piattelli","description":"Direttore di Shalom. Nata a Roma nel 1976, Ariela Piattelli ha collaborato con Shalom, con i quotidiani Il Giornale, Il Corriere della Sera e La Stampa, scrivendo principalmente di arte, storia, e cultura ebraica ed israeliana. Da oltre un decennio dirige EBRAICA \u2013 Festival Internazionale di Cultura, e il Pitigliani Kolno\u2019a Festival \u2013 Ebraismo e Israele nel Cinema, prodotto dal Centro Ebraico Italiano Il Pitigliani. Piattelli ha collaborato con varie istituzioni ebraiche italiane, come promotrice e curatrice di eventi culturali.","url":"https:\/\/www.shalom.it\/author\/arielapiattelli\/"}]}},"jetpack_featured_media_url":"https:\/\/www.shalom.it\/wp-content\/uploads\/2021\/08\/PHOTO-2021-07-11-09-33-35.jpg","jetpack_sharing_enabled":true,"_links":{"self":[{"href":"https:\/\/www.shalom.it\/wp-json\/wp\/v2\/posts\/63332","targetHints":{"allow":["GET"]}}],"collection":[{"href":"https:\/\/www.shalom.it\/wp-json\/wp\/v2\/posts"}],"about":[{"href":"https:\/\/www.shalom.it\/wp-json\/wp\/v2\/types\/post"}],"author":[{"embeddable":true,"href":"https:\/\/www.shalom.it\/wp-json\/wp\/v2\/users\/97"}],"replies":[{"embeddable":true,"href":"https:\/\/www.shalom.it\/wp-json\/wp\/v2\/comments?post=63332"}],"version-history":[{"count":1,"href":"https:\/\/www.shalom.it\/wp-json\/wp\/v2\/posts\/63332\/revisions"}],"predecessor-version":[{"id":63333,"href":"https:\/\/www.shalom.it\/wp-json\/wp\/v2\/posts\/63332\/revisions\/63333"}],"wp:featuredmedia":[{"embeddable":true,"href":"https:\/\/www.shalom.it\/wp-json\/wp\/v2\/media\/63337"}],"wp:attachment":[{"href":"https:\/\/www.shalom.it\/wp-json\/wp\/v2\/media?parent=63332"}],"wp:term":[{"taxonomy":"category","embeddable":true,"href":"https:\/\/www.shalom.it\/wp-json\/wp\/v2\/categories?post=63332"},{"taxonomy":"post_tag","embeddable":true,"href":"https:\/\/www.shalom.it\/wp-json\/wp\/v2\/tags?post=63332"}],"curies":[{"name":"wp","href":"https:\/\/api.w.org\/{rel}","templated":true}]}}