{"id":63161,"date":"2021-07-02T00:00:00","date_gmt":"2021-07-01T22:00:00","guid":{"rendered":"https:\/\/www.shalom.it\/senza-categoria\/covid-le-varianti-preoccupano-ognuno-di-noi-a-responsabile-del-prossimo-b1096701\/"},"modified":"2024-05-31T00:46:25","modified_gmt":"2024-05-30T22:46:25","slug":"covid-le-varianti-preoccupano-ognuno-di-noi-a-responsabile-del-prossimo-b1096701","status":"publish","type":"post","link":"https:\/\/www.shalom.it\/italia\/covid-le-varianti-preoccupano-ognuno-di-noi-a-responsabile-del-prossimo-b1096701\/","title":{"rendered":"Covid: le varianti preoccupano, ognuno di noi \u00e8 responsabile del prossimo"},"content":{"rendered":"<p class=\"MsoNormal\" style=\"margin: 0cm 0cm 0.0001pt;font-size: medium;font-family: Calibri, sans-serif;text-align: justify\">Credevamo di esserci lasciati alle spalle i giorni scanditi dai bollettini R0, l\u2019indice che registra il livello di contagiosit\u00e0 del coronavirus.<\/p>\n<p class=\"MsoNormal\" style=\"margin: 0cm 0cm 0.0001pt;font-size: medium;font-family: Calibri, sans-serif;text-align: justify\">&nbsp;<\/p>\n<p class=\"MsoNormal\" style=\"margin: 0cm 0cm 0.0001pt;font-size: medium;font-family: Calibri, sans-serif;text-align: justify\">&nbsp;Il ceppo originario (Wuhan) si attestava al 2,5%, la variante alfa (inglese) sale al 5% mentre la delta (indiana) viaggia intorno al 7%, ad essa si \u00e8 affiancata la ulteriore variante delta plus pi\u00f9 pericolosa perch\u00e9&nbsp;&nbsp;presenta una maggiore capacit\u00e0 di legarsi ai recettori delle cellule polmonari.<\/p>\n<p class=\"MsoNormal\" style=\"margin: 0cm 0cm 0.0001pt;font-size: medium;font-family: Calibri, sans-serif;text-align: justify\">&nbsp;<\/p>\n<p class=\"MsoNormal\" style=\"margin: 0cm 0cm 0.0001pt;font-size: medium;font-family: Calibri, sans-serif;text-align: justify\">Preoccupa la variante gamma (brasiliana) per la sua capacit\u00e0 di dividere in due parti la proteina spike rendendola pi\u00f9 offensiva e resistente ai vaccini.<\/p>\n<p class=\"MsoNormal\" style=\"margin: 0cm 0cm 0.0001pt;font-size: medium;font-family: Calibri, sans-serif;text-align: justify\">&nbsp;<\/p>\n<p class=\"MsoNormal\" style=\"margin: 0cm 0cm 0.0001pt;font-size: medium;font-family: Calibri, sans-serif;text-align: justify\">Il completamento del ciclo vaccinale \u00e8 in grado di proteggere al 90% dagli eventi pi\u00f9 gravi ma l\u2019obiettivo dell\u2019immunit\u00e0 di gregge, rappresentato dall\u201980% della popolazione vaccinata, \u00e8 ancora lontano.<\/p>\n<p class=\"MsoNormal\" style=\"margin: 0cm 0cm 0.0001pt;font-size: medium;font-family: Calibri, sans-serif;text-align: justify\">&nbsp;<\/p>\n<p class=\"MsoNormal\" style=\"margin: 0cm 0cm 0.0001pt;font-size: medium;font-family: Calibri, sans-serif;text-align: justify\">In Italia solo il personale sanitario e gli ultraottantenni hanno superato questa quota, i settantenni sono appena sopra il 50% mentre sono ancora scoperte le altre fasce di et\u00e0.<\/p>\n<p class=\"MsoNormal\" style=\"margin: 0cm 0cm 0.0001pt;font-size: medium;font-family: Calibri, sans-serif;text-align: justify\">&nbsp;<\/p>\n<p class=\"MsoNormal\" style=\"margin: 0cm 0cm 0.0001pt;font-size: medium;font-family: Calibri, sans-serif;text-align: justify\">Fino a quando non raggiungeremo l\u2019immunit\u00e0 di gregge il virus continuer\u00e0 a circolare e dovremo aspettarci ulteriori mutazioni.<\/p>\n<p class=\"MsoNormal\" style=\"margin: 0cm 0cm 0.0001pt;font-size: medium;font-family: Calibri, sans-serif;text-align: justify\">&nbsp;<\/p>\n<p class=\"MsoNormal\" style=\"margin: 0cm 0cm 0.0001pt;font-size: medium;font-family: Calibri, sans-serif;text-align: justify\">Con la variazione delta che si avvia a diventare dominante non sono rassicuranti gli allentamenti delle misure di prevenzione (mascherine, distanziamento) e neppure la ripresa dei viaggi, degli spettacoli pubblici, degli eventi sportivi ecc.<\/p>\n<p class=\"MsoNormal\" style=\"margin: 0cm 0cm 0.0001pt;font-size: medium;font-family: Calibri, sans-serif;text-align: justify\">&nbsp;<\/p>\n<p class=\"MsoNormal\" style=\"margin: 0cm 0cm 0.0001pt;font-size: medium;font-family: Calibri, sans-serif;text-align: justify\">In Israele, dove pure la vaccinazione di massa ha raggiunto livelli efficaci, si riaprono le terapie intensive e gi\u00e0 ci sono i primi pazienti in respirazione assistita. Il Portogallo \u00e8 stato costretto ad adottare nuovamente misure restrittive e la stessa Inghilterra dovr\u00e0 rivedere la sua politica di contrasto al virus.<\/p>\n<p class=\"MsoNormal\" style=\"margin: 0cm 0cm 0.0001pt;font-size: medium;font-family: Calibri, sans-serif;text-align: justify\">&nbsp;<\/p>\n<p class=\"MsoNormal\" style=\"margin: 0cm 0cm 0.0001pt;font-size: medium;font-family: Calibri, sans-serif;text-align: justify\">Sempre valida la antica massima ebraica che ognuno \u00e8 responsabile verso gli altri: dal comportamento prudente e responsabile di ciascuno di noi dipender\u00e0 la salute dell\u2019intera collettivit\u00e0.<\/p>\n","protected":false},"excerpt":{"rendered":"<p>Credevamo di esserci lasciati alle spalle i giorni scanditi dai bollettini R0, l\u2019indice che registra il livello di contagiosit\u00e0 del coronavirus. &nbsp; &nbsp;Il ceppo originario (Wuhan) si attestava al 2,5%, la variante alfa (inglese) sale al 5% mentre la delta (indiana) viaggia intorno al 7%, ad essa si \u00e8 affiancata la ulteriore variante delta plus [&hellip;]<\/p>\n","protected":false},"author":92,"featured_media":63168,"comment_status":"open","ping_status":"open","sticky":false,"template":"","format":"standard","meta":{"_acf_changed":false,"_jetpack_memberships_contains_paid_content":false,"footnotes":""},"categories":[3],"tags":[],"class_list":["post-63161","post","type-post","status-publish","format-standard","has-post-thumbnail","hentry","category-italia"],"acf":[],"yoast_head":"<!-- This site is optimized with the Yoast SEO plugin v26.9 - https:\/\/yoast.com\/product\/yoast-seo-wordpress\/ -->\n<title>Covid: le varianti preoccupano, ognuno di noi \u00e8 responsabile del prossimo - Shalom<\/title>\n<meta name=\"robots\" content=\"index, follow, max-snippet:-1, max-image-preview:large, max-video-preview:-1\" \/>\n<link rel=\"canonical\" href=\"https:\/\/www.shalom.it\/italia\/covid-le-varianti-preoccupano-ognuno-di-noi-a-responsabile-del-prossimo-b1096701\/\" \/>\n<meta property=\"og:locale\" content=\"it_IT\" \/>\n<meta property=\"og:type\" content=\"article\" \/>\n<meta property=\"og:title\" content=\"Covid: le varianti preoccupano, ognuno di noi \u00e8 responsabile del prossimo - Shalom\" \/>\n<meta property=\"og:description\" content=\"Credevamo di esserci lasciati alle spalle i giorni scanditi dai bollettini R0, l\u2019indice che registra il livello di contagiosit\u00e0 del coronavirus. &nbsp; &nbsp;Il ceppo originario (Wuhan) si attestava al 2,5%, la variante alfa (inglese) sale al 5% mentre la delta (indiana) viaggia intorno al 7%, ad essa si \u00e8 affiancata la ulteriore variante delta plus [&hellip;]\" \/>\n<meta property=\"og:url\" content=\"https:\/\/www.shalom.it\/italia\/covid-le-varianti-preoccupano-ognuno-di-noi-a-responsabile-del-prossimo-b1096701\/\" \/>\n<meta property=\"og:site_name\" content=\"Shalom\" \/>\n<meta property=\"article:published_time\" content=\"2021-07-01T22:00:00+00:00\" \/>\n<meta property=\"article:modified_time\" content=\"2024-05-30T22:46:25+00:00\" \/>\n<meta property=\"og:image\" content=\"https:\/\/www.shalom.it\/wp-content\/uploads\/2021\/08\/varianti.jpg\" \/>\n\t<meta property=\"og:image:width\" content=\"1146\" \/>\n\t<meta property=\"og:image:height\" content=\"760\" \/>\n\t<meta property=\"og:image:type\" content=\"image\/jpeg\" \/>\n<meta name=\"author\" content=\"MassimoFinzi\" \/>\n<meta name=\"twitter:card\" content=\"summary_large_image\" \/>\n<meta name=\"twitter:label1\" content=\"Scritto da\" \/>\n\t<meta name=\"twitter:data1\" content=\"MassimoFinzi\" \/>\n\t<meta name=\"twitter:label2\" content=\"Tempo di lettura stimato\" \/>\n\t<meta name=\"twitter:data2\" content=\"1 minuto\" \/>\n<script type=\"application\/ld+json\" class=\"yoast-schema-graph\">{\"@context\":\"https:\/\/schema.org\",\"@graph\":[{\"@type\":\"Article\",\"@id\":\"https:\/\/www.shalom.it\/italia\/covid-le-varianti-preoccupano-ognuno-di-noi-a-responsabile-del-prossimo-b1096701\/#article\",\"isPartOf\":{\"@id\":\"https:\/\/www.shalom.it\/italia\/covid-le-varianti-preoccupano-ognuno-di-noi-a-responsabile-del-prossimo-b1096701\/\"},\"author\":{\"name\":\"MassimoFinzi\",\"@id\":\"https:\/\/www.shalom.it\/#\/schema\/person\/ffadf91e77f44405dd10636eb3425322\"},\"headline\":\"Covid: le varianti preoccupano, ognuno di noi \u00e8 responsabile del prossimo\",\"datePublished\":\"2021-07-01T22:00:00+00:00\",\"dateModified\":\"2024-05-30T22:46:25+00:00\",\"mainEntityOfPage\":{\"@id\":\"https:\/\/www.shalom.it\/italia\/covid-le-varianti-preoccupano-ognuno-di-noi-a-responsabile-del-prossimo-b1096701\/\"},\"wordCount\":295,\"commentCount\":0,\"image\":{\"@id\":\"https:\/\/www.shalom.it\/italia\/covid-le-varianti-preoccupano-ognuno-di-noi-a-responsabile-del-prossimo-b1096701\/#primaryimage\"},\"thumbnailUrl\":\"https:\/\/www.shalom.it\/wp-content\/uploads\/2021\/08\/varianti.jpg\",\"articleSection\":[\"ITALIA\"],\"inLanguage\":\"it-IT\"},{\"@type\":\"WebPage\",\"@id\":\"https:\/\/www.shalom.it\/italia\/covid-le-varianti-preoccupano-ognuno-di-noi-a-responsabile-del-prossimo-b1096701\/\",\"url\":\"https:\/\/www.shalom.it\/italia\/covid-le-varianti-preoccupano-ognuno-di-noi-a-responsabile-del-prossimo-b1096701\/\",\"name\":\"Covid: le varianti preoccupano, ognuno di noi \u00e8 responsabile del prossimo - Shalom\",\"isPartOf\":{\"@id\":\"https:\/\/www.shalom.it\/#website\"},\"primaryImageOfPage\":{\"@id\":\"https:\/\/www.shalom.it\/italia\/covid-le-varianti-preoccupano-ognuno-di-noi-a-responsabile-del-prossimo-b1096701\/#primaryimage\"},\"image\":{\"@id\":\"https:\/\/www.shalom.it\/italia\/covid-le-varianti-preoccupano-ognuno-di-noi-a-responsabile-del-prossimo-b1096701\/#primaryimage\"},\"thumbnailUrl\":\"https:\/\/www.shalom.it\/wp-content\/uploads\/2021\/08\/varianti.jpg\",\"datePublished\":\"2021-07-01T22:00:00+00:00\",\"dateModified\":\"2024-05-30T22:46:25+00:00\",\"author\":{\"@id\":\"https:\/\/www.shalom.it\/#\/schema\/person\/ffadf91e77f44405dd10636eb3425322\"},\"breadcrumb\":{\"@id\":\"https:\/\/www.shalom.it\/italia\/covid-le-varianti-preoccupano-ognuno-di-noi-a-responsabile-del-prossimo-b1096701\/#breadcrumb\"},\"inLanguage\":\"it-IT\",\"potentialAction\":[{\"@type\":\"ReadAction\",\"target\":[\"https:\/\/www.shalom.it\/italia\/covid-le-varianti-preoccupano-ognuno-di-noi-a-responsabile-del-prossimo-b1096701\/\"]}]},{\"@type\":\"ImageObject\",\"inLanguage\":\"it-IT\",\"@id\":\"https:\/\/www.shalom.it\/italia\/covid-le-varianti-preoccupano-ognuno-di-noi-a-responsabile-del-prossimo-b1096701\/#primaryimage\",\"url\":\"https:\/\/www.shalom.it\/wp-content\/uploads\/2021\/08\/varianti.jpg\",\"contentUrl\":\"https:\/\/www.shalom.it\/wp-content\/uploads\/2021\/08\/varianti.jpg\",\"width\":1146,\"height\":760},{\"@type\":\"BreadcrumbList\",\"@id\":\"https:\/\/www.shalom.it\/italia\/covid-le-varianti-preoccupano-ognuno-di-noi-a-responsabile-del-prossimo-b1096701\/#breadcrumb\",\"itemListElement\":[{\"@type\":\"ListItem\",\"position\":1,\"name\":\"Home\",\"item\":\"https:\/\/www.shalom.it\/\"},{\"@type\":\"ListItem\",\"position\":2,\"name\":\"Covid: le varianti preoccupano, ognuno di noi \u00e8 responsabile del prossimo\"}]},{\"@type\":\"WebSite\",\"@id\":\"https:\/\/www.shalom.it\/#website\",\"url\":\"https:\/\/www.shalom.it\/\",\"name\":\"Shalom\",\"description\":\"Il Magazine della comunit\u00e0 ebraica di Roma\",\"potentialAction\":[{\"@type\":\"SearchAction\",\"target\":{\"@type\":\"EntryPoint\",\"urlTemplate\":\"https:\/\/www.shalom.it\/?s={search_term_string}\"},\"query-input\":{\"@type\":\"PropertyValueSpecification\",\"valueRequired\":true,\"valueName\":\"search_term_string\"}}],\"inLanguage\":\"it-IT\"},{\"@type\":\"Person\",\"@id\":\"https:\/\/www.shalom.it\/#\/schema\/person\/ffadf91e77f44405dd10636eb3425322\",\"name\":\"MassimoFinzi\",\"url\":\"https:\/\/www.shalom.it\/author\/massimofinzi\/\"}]}<\/script>\n<!-- \/ Yoast SEO plugin. -->","yoast_head_json":{"title":"Covid: le varianti preoccupano, ognuno di noi \u00e8 responsabile del prossimo - Shalom","robots":{"index":"index","follow":"follow","max-snippet":"max-snippet:-1","max-image-preview":"max-image-preview:large","max-video-preview":"max-video-preview:-1"},"canonical":"https:\/\/www.shalom.it\/italia\/covid-le-varianti-preoccupano-ognuno-di-noi-a-responsabile-del-prossimo-b1096701\/","og_locale":"it_IT","og_type":"article","og_title":"Covid: le varianti preoccupano, ognuno di noi \u00e8 responsabile del prossimo - Shalom","og_description":"Credevamo di esserci lasciati alle spalle i giorni scanditi dai bollettini R0, l\u2019indice che registra il livello di contagiosit\u00e0 del coronavirus. &nbsp; &nbsp;Il ceppo originario (Wuhan) si attestava al 2,5%, la variante alfa (inglese) sale al 5% mentre la delta (indiana) viaggia intorno al 7%, ad essa si \u00e8 affiancata la ulteriore variante delta plus [&hellip;]","og_url":"https:\/\/www.shalom.it\/italia\/covid-le-varianti-preoccupano-ognuno-di-noi-a-responsabile-del-prossimo-b1096701\/","og_site_name":"Shalom","article_published_time":"2021-07-01T22:00:00+00:00","article_modified_time":"2024-05-30T22:46:25+00:00","og_image":[{"width":1146,"height":760,"url":"https:\/\/www.shalom.it\/wp-content\/uploads\/2021\/08\/varianti.jpg","type":"image\/jpeg"}],"author":"MassimoFinzi","twitter_card":"summary_large_image","twitter_misc":{"Scritto da":"MassimoFinzi","Tempo di lettura stimato":"1 minuto"},"schema":{"@context":"https:\/\/schema.org","@graph":[{"@type":"Article","@id":"https:\/\/www.shalom.it\/italia\/covid-le-varianti-preoccupano-ognuno-di-noi-a-responsabile-del-prossimo-b1096701\/#article","isPartOf":{"@id":"https:\/\/www.shalom.it\/italia\/covid-le-varianti-preoccupano-ognuno-di-noi-a-responsabile-del-prossimo-b1096701\/"},"author":{"name":"MassimoFinzi","@id":"https:\/\/www.shalom.it\/#\/schema\/person\/ffadf91e77f44405dd10636eb3425322"},"headline":"Covid: le varianti preoccupano, ognuno di noi \u00e8 responsabile del prossimo","datePublished":"2021-07-01T22:00:00+00:00","dateModified":"2024-05-30T22:46:25+00:00","mainEntityOfPage":{"@id":"https:\/\/www.shalom.it\/italia\/covid-le-varianti-preoccupano-ognuno-di-noi-a-responsabile-del-prossimo-b1096701\/"},"wordCount":295,"commentCount":0,"image":{"@id":"https:\/\/www.shalom.it\/italia\/covid-le-varianti-preoccupano-ognuno-di-noi-a-responsabile-del-prossimo-b1096701\/#primaryimage"},"thumbnailUrl":"https:\/\/www.shalom.it\/wp-content\/uploads\/2021\/08\/varianti.jpg","articleSection":["ITALIA"],"inLanguage":"it-IT"},{"@type":"WebPage","@id":"https:\/\/www.shalom.it\/italia\/covid-le-varianti-preoccupano-ognuno-di-noi-a-responsabile-del-prossimo-b1096701\/","url":"https:\/\/www.shalom.it\/italia\/covid-le-varianti-preoccupano-ognuno-di-noi-a-responsabile-del-prossimo-b1096701\/","name":"Covid: le varianti preoccupano, ognuno di noi \u00e8 responsabile del prossimo - Shalom","isPartOf":{"@id":"https:\/\/www.shalom.it\/#website"},"primaryImageOfPage":{"@id":"https:\/\/www.shalom.it\/italia\/covid-le-varianti-preoccupano-ognuno-di-noi-a-responsabile-del-prossimo-b1096701\/#primaryimage"},"image":{"@id":"https:\/\/www.shalom.it\/italia\/covid-le-varianti-preoccupano-ognuno-di-noi-a-responsabile-del-prossimo-b1096701\/#primaryimage"},"thumbnailUrl":"https:\/\/www.shalom.it\/wp-content\/uploads\/2021\/08\/varianti.jpg","datePublished":"2021-07-01T22:00:00+00:00","dateModified":"2024-05-30T22:46:25+00:00","author":{"@id":"https:\/\/www.shalom.it\/#\/schema\/person\/ffadf91e77f44405dd10636eb3425322"},"breadcrumb":{"@id":"https:\/\/www.shalom.it\/italia\/covid-le-varianti-preoccupano-ognuno-di-noi-a-responsabile-del-prossimo-b1096701\/#breadcrumb"},"inLanguage":"it-IT","potentialAction":[{"@type":"ReadAction","target":["https:\/\/www.shalom.it\/italia\/covid-le-varianti-preoccupano-ognuno-di-noi-a-responsabile-del-prossimo-b1096701\/"]}]},{"@type":"ImageObject","inLanguage":"it-IT","@id":"https:\/\/www.shalom.it\/italia\/covid-le-varianti-preoccupano-ognuno-di-noi-a-responsabile-del-prossimo-b1096701\/#primaryimage","url":"https:\/\/www.shalom.it\/wp-content\/uploads\/2021\/08\/varianti.jpg","contentUrl":"https:\/\/www.shalom.it\/wp-content\/uploads\/2021\/08\/varianti.jpg","width":1146,"height":760},{"@type":"BreadcrumbList","@id":"https:\/\/www.shalom.it\/italia\/covid-le-varianti-preoccupano-ognuno-di-noi-a-responsabile-del-prossimo-b1096701\/#breadcrumb","itemListElement":[{"@type":"ListItem","position":1,"name":"Home","item":"https:\/\/www.shalom.it\/"},{"@type":"ListItem","position":2,"name":"Covid: le varianti preoccupano, ognuno di noi \u00e8 responsabile del prossimo"}]},{"@type":"WebSite","@id":"https:\/\/www.shalom.it\/#website","url":"https:\/\/www.shalom.it\/","name":"Shalom","description":"Il Magazine della comunit\u00e0 ebraica di Roma","potentialAction":[{"@type":"SearchAction","target":{"@type":"EntryPoint","urlTemplate":"https:\/\/www.shalom.it\/?s={search_term_string}"},"query-input":{"@type":"PropertyValueSpecification","valueRequired":true,"valueName":"search_term_string"}}],"inLanguage":"it-IT"},{"@type":"Person","@id":"https:\/\/www.shalom.it\/#\/schema\/person\/ffadf91e77f44405dd10636eb3425322","name":"MassimoFinzi","url":"https:\/\/www.shalom.it\/author\/massimofinzi\/"}]}},"jetpack_featured_media_url":"https:\/\/www.shalom.it\/wp-content\/uploads\/2021\/08\/varianti.jpg","jetpack_sharing_enabled":true,"_links":{"self":[{"href":"https:\/\/www.shalom.it\/wp-json\/wp\/v2\/posts\/63161","targetHints":{"allow":["GET"]}}],"collection":[{"href":"https:\/\/www.shalom.it\/wp-json\/wp\/v2\/posts"}],"about":[{"href":"https:\/\/www.shalom.it\/wp-json\/wp\/v2\/types\/post"}],"author":[{"embeddable":true,"href":"https:\/\/www.shalom.it\/wp-json\/wp\/v2\/users\/92"}],"replies":[{"embeddable":true,"href":"https:\/\/www.shalom.it\/wp-json\/wp\/v2\/comments?post=63161"}],"version-history":[{"count":1,"href":"https:\/\/www.shalom.it\/wp-json\/wp\/v2\/posts\/63161\/revisions"}],"predecessor-version":[{"id":63162,"href":"https:\/\/www.shalom.it\/wp-json\/wp\/v2\/posts\/63161\/revisions\/63162"}],"wp:featuredmedia":[{"embeddable":true,"href":"https:\/\/www.shalom.it\/wp-json\/wp\/v2\/media\/63168"}],"wp:attachment":[{"href":"https:\/\/www.shalom.it\/wp-json\/wp\/v2\/media?parent=63161"}],"wp:term":[{"taxonomy":"category","embeddable":true,"href":"https:\/\/www.shalom.it\/wp-json\/wp\/v2\/categories?post=63161"},{"taxonomy":"post_tag","embeddable":true,"href":"https:\/\/www.shalom.it\/wp-json\/wp\/v2\/tags?post=63161"}],"curies":[{"name":"wp","href":"https:\/\/api.w.org\/{rel}","templated":true}]}}