{"id":63006,"date":"2021-06-23T00:00:00","date_gmt":"2021-06-22T22:00:00","guid":{"rendered":""},"modified":"2024-05-31T00:46:18","modified_gmt":"2024-05-30T22:46:18","slug":"spirla-mussolini-e-un-ripasso-di-storia-b1096194-2","status":"publish","type":"post","link":"https:\/\/www.shalom.it\/italia\/spirla-mussolini-e-un-ripasso-di-storia-b1096194-2\/","title":{"rendered":"Spirl\u00ec, Mussolini, e un ripasso di storia"},"content":{"rendered":"<p class=\"MsoNormal\" style=\"margin: 0cm 0cm 0.0001pt;font-size: medium;font-family: Calibri, sans-serif\">\u201cCondanno in via \u00abassoluta\u00bb le leggi razziali ma Mussolini \u00e8 stato all\u2019inizio fautore di una rivoluzione sociale\u201d. Ovvero \u201cHa creato le case popolari, le pensioni, l\u2019assistenza all\u2019infanzia, l\u2019assistenza alle donne, le bonifiche, l\u2019industrializzazione, la grande industria della cinematografia con la costruzione di Cinecitt\u00e0\u00bb: parola di Nin\u00f2 Spirl\u00ec, governatore della Calabria (dopo la prematura scomparsa di Jole Santelli) e oggi candidato a vice in ticket con il forzista Roberto Occhiuto alle prossime regionali. Giornalista, scrittore, devoto alla Madonna di Lourdes, Spirl\u00ec \u00e8 anche un grande esperto di cucina. Forse lo \u00e8 molto meno di storia che non ha coltivato abbastanza troppo preso dalla politica e dai fornelli. Nessun storico oggi, dopo decenni di studi, si sentirebbe di avvalorare quello che Spirl\u00ec&nbsp;&nbsp;esprime con tanta disinvoltura e cio\u00e8 che Mussolini cre\u00f2 un welfare ante litteram per gli italiani. L\u2019Istituto pensionistico, per esempio, che viene attualmente sbandierato dai nostalgici come Spirli, non lo cre\u00f2 Mussolini. Ma la Previdenza esisteva fin dal 1895. Mussolini si preoccup\u00f2 solo di ampliare e di mettere sotto controllo un settore dell\u2019apparato statale cos\u00ec importante. E nel 1933 la Cassa Nazionale venne trasformata in \u201cIstituto Nazionale Fascista della Previdenza Sociale\u201d, cio\u00e8 in un gran carrozzone con un superdirettore nominato dal Duce. Lo scopo era dare lauti stipendi ai dirigenti fascisti e soldi a vari enti vicini al regime. Per i pensionati italiani con il fascismo \u2013 a meno che non fossero gerarchi o gerarchetti \u2013 non vi fu un salto di qualit\u00e0.&nbsp;&nbsp;Al contrario. Tutto peggior\u00f2 con la guerra. Per le donne invece and\u00f2 peggio molto peggio fin dalla fine degli anni Venti. Non solo l\u2019insegnamento fu reso per loro quasi inaccessibile dalla riforma della scuola fascista di Giovanni Gentile, ministro dell\u2019Educazione Nazionale, ma anche nella pubblica amministrazione il personale femminile non pot\u00e9 superare il cinque per cento. L\u2019Onmi, l\u2019Opera Nazionale Maternit\u00e0 e Infanzia, funzionava malissimo, costringeva madri e sorelle a file interminabili per chiedere sussidi che mai arrivavano. Per l\u2019industrializzazione, evocata dal governatore, non ne parliamo nemmeno.&nbsp;&nbsp;L\u2019Italia alla fine della guerra era un paese rurale e arretrato (basta leggere il celebre romanzo di Elio Vittorini \u201cConversazione in Sicilia\u201d).&nbsp;&nbsp;Di case invece non c\u2019\u00e8 dubbio Mussolini ne costru\u00ec parecchie. Ma lo fece ad uso e consumo dei suoi&nbsp;&nbsp;gerarchi come Galeazzo Ciano che alla caduta del fascismo aveva un centinaio di appartamenti solo a Roma. \u00abLe case dei gerarchi\u00bb, sostiene Guido Leto, il capo della polizia \u00ab erano pagate quasi interamente dallo Stato. Sorgevano su terreni demaniali o comunali, ottenuti a bassissimi prezzi, con fortissimi contributi pubblici, con mutui a lunga scadenza e con un tasso minimo. Venivano concentrate in pochi stabili le sovvenzioni che avrebbero dovuto finanziare le cooperative. Gli stessi criteri valevano per l\u2019arredamento delle abitazioni dei politici, dei funzionari, dei prefetti e cos\u0131` via: un mobiliere che faceva lavori per le sedi di un ente faceva un omaggio al dirigente che gli aveva dato il lavoro o che aveva facilitato provvedimenti legislativi, concessioni, licenze.\u00bb L\u2019elenco dei furti e delle ruberie di pubblico denaro che Mussolini consapevolmente autorizz\u00f2 \u00e8 molto vasto. Altro che Welfare, e altro che rivoluzione sociale. Gli italiani si impoverirono e si arricch\u00ec solo la \u2018casta\u2019 dei fedelissimi, la famiglia Petacci e la famiglia Mussolini. Poi arriv\u00f2 la ferocia delle leggi razziali e anche gli italiani che si erano illusi, dimenticando i delitti di Stato, da Matteotti ad Amendola ai fratelli Rosselli, capirono la vera natura del governo mussoliniano.&nbsp;&nbsp;Poi arrivarono le leggi razziali su cui per\u00f2 Spirl\u00ec \u00e8 pi\u00f9 aggiornato.<\/p>\n","protected":false},"excerpt":{"rendered":"<p>\u201cCondanno in via \u00abassoluta\u00bb le leggi razziali ma Mussolini \u00e8 stato all\u2019inizio fautore di una rivoluzione sociale\u201d. Ovvero \u201cHa creato le case popolari, le pensioni, l\u2019assistenza all\u2019infanzia, l\u2019assistenza alle donne, le bonifiche, l\u2019industrializzazione, la grande industria della cinematografia con la costruzione di Cinecitt\u00e0\u00bb: parola di Nin\u00f2 Spirl\u00ec, governatore della Calabria (dopo la prematura scomparsa di [&hellip;]<\/p>\n","protected":false},"author":95,"featured_media":63011,"comment_status":"open","ping_status":"open","sticky":false,"template":"","format":"standard","meta":{"_acf_changed":false,"_jetpack_memberships_contains_paid_content":false,"footnotes":""},"categories":[3],"tags":[],"class_list":["post-63006","post","type-post","status-publish","format-standard","has-post-thumbnail","hentry","category-italia"],"acf":[],"yoast_head":"<!-- This site is optimized with the Yoast SEO plugin v26.9 - https:\/\/yoast.com\/product\/yoast-seo-wordpress\/ -->\n<title>Spirl\u00ec, Mussolini, e un ripasso di storia - Shalom<\/title>\n<meta name=\"robots\" content=\"index, follow, max-snippet:-1, max-image-preview:large, max-video-preview:-1\" \/>\n<link rel=\"canonical\" href=\"https:\/\/www.shalom.it\/italia\/spirla-mussolini-e-un-ripasso-di-storia-b1096194-2\/\" \/>\n<meta property=\"og:locale\" content=\"it_IT\" \/>\n<meta property=\"og:type\" content=\"article\" \/>\n<meta property=\"og:title\" content=\"Spirl\u00ec, Mussolini, e un ripasso di storia - Shalom\" \/>\n<meta property=\"og:description\" content=\"\u201cCondanno in via \u00abassoluta\u00bb le leggi razziali ma Mussolini \u00e8 stato all\u2019inizio fautore di una rivoluzione sociale\u201d. Ovvero \u201cHa creato le case popolari, le pensioni, l\u2019assistenza all\u2019infanzia, l\u2019assistenza alle donne, le bonifiche, l\u2019industrializzazione, la grande industria della cinematografia con la costruzione di Cinecitt\u00e0\u00bb: parola di Nin\u00f2 Spirl\u00ec, governatore della Calabria (dopo la prematura scomparsa di [&hellip;]\" \/>\n<meta property=\"og:url\" content=\"https:\/\/www.shalom.it\/italia\/spirla-mussolini-e-un-ripasso-di-storia-b1096194-2\/\" \/>\n<meta property=\"og:site_name\" content=\"Shalom\" \/>\n<meta property=\"article:published_time\" content=\"2021-06-22T22:00:00+00:00\" \/>\n<meta property=\"article:modified_time\" content=\"2024-05-30T22:46:18+00:00\" \/>\n<meta property=\"og:image\" content=\"https:\/\/www.shalom.it\/wp-content\/uploads\/2021\/08\/ninospirli.jpg\" \/>\n\t<meta property=\"og:image:width\" content=\"800\" \/>\n\t<meta property=\"og:image:height\" content=\"564\" \/>\n\t<meta property=\"og:image:type\" content=\"image\/jpeg\" \/>\n<meta name=\"author\" content=\"mirellaserri\" \/>\n<meta name=\"twitter:card\" content=\"summary_large_image\" \/>\n<meta name=\"twitter:label1\" content=\"Scritto da\" \/>\n\t<meta name=\"twitter:data1\" content=\"mirellaserri\" \/>\n\t<meta name=\"twitter:label2\" content=\"Tempo di lettura stimato\" \/>\n\t<meta name=\"twitter:data2\" content=\"3 minuti\" \/>\n<script type=\"application\/ld+json\" class=\"yoast-schema-graph\">{\"@context\":\"https:\/\/schema.org\",\"@graph\":[{\"@type\":\"Article\",\"@id\":\"https:\/\/www.shalom.it\/italia\/spirla-mussolini-e-un-ripasso-di-storia-b1096194-2\/#article\",\"isPartOf\":{\"@id\":\"https:\/\/www.shalom.it\/italia\/spirla-mussolini-e-un-ripasso-di-storia-b1096194-2\/\"},\"author\":{\"name\":\"mirellaserri\",\"@id\":\"https:\/\/www.shalom.it\/#\/schema\/person\/6d33187bb09b9e751bee3d3a534bbb49\"},\"headline\":\"Spirl\u00ec, Mussolini, e un ripasso di storia\",\"datePublished\":\"2021-06-22T22:00:00+00:00\",\"dateModified\":\"2024-05-30T22:46:18+00:00\",\"mainEntityOfPage\":{\"@id\":\"https:\/\/www.shalom.it\/italia\/spirla-mussolini-e-un-ripasso-di-storia-b1096194-2\/\"},\"wordCount\":602,\"commentCount\":0,\"image\":{\"@id\":\"https:\/\/www.shalom.it\/italia\/spirla-mussolini-e-un-ripasso-di-storia-b1096194-2\/#primaryimage\"},\"thumbnailUrl\":\"https:\/\/www.shalom.it\/wp-content\/uploads\/2021\/08\/ninospirli.jpg\",\"articleSection\":[\"ITALIA\"],\"inLanguage\":\"it-IT\"},{\"@type\":\"WebPage\",\"@id\":\"https:\/\/www.shalom.it\/italia\/spirla-mussolini-e-un-ripasso-di-storia-b1096194-2\/\",\"url\":\"https:\/\/www.shalom.it\/italia\/spirla-mussolini-e-un-ripasso-di-storia-b1096194-2\/\",\"name\":\"Spirl\u00ec, Mussolini, e un ripasso di storia - Shalom\",\"isPartOf\":{\"@id\":\"https:\/\/www.shalom.it\/#website\"},\"primaryImageOfPage\":{\"@id\":\"https:\/\/www.shalom.it\/italia\/spirla-mussolini-e-un-ripasso-di-storia-b1096194-2\/#primaryimage\"},\"image\":{\"@id\":\"https:\/\/www.shalom.it\/italia\/spirla-mussolini-e-un-ripasso-di-storia-b1096194-2\/#primaryimage\"},\"thumbnailUrl\":\"https:\/\/www.shalom.it\/wp-content\/uploads\/2021\/08\/ninospirli.jpg\",\"datePublished\":\"2021-06-22T22:00:00+00:00\",\"dateModified\":\"2024-05-30T22:46:18+00:00\",\"author\":{\"@id\":\"https:\/\/www.shalom.it\/#\/schema\/person\/6d33187bb09b9e751bee3d3a534bbb49\"},\"breadcrumb\":{\"@id\":\"https:\/\/www.shalom.it\/italia\/spirla-mussolini-e-un-ripasso-di-storia-b1096194-2\/#breadcrumb\"},\"inLanguage\":\"it-IT\",\"potentialAction\":[{\"@type\":\"ReadAction\",\"target\":[\"https:\/\/www.shalom.it\/italia\/spirla-mussolini-e-un-ripasso-di-storia-b1096194-2\/\"]}]},{\"@type\":\"ImageObject\",\"inLanguage\":\"it-IT\",\"@id\":\"https:\/\/www.shalom.it\/italia\/spirla-mussolini-e-un-ripasso-di-storia-b1096194-2\/#primaryimage\",\"url\":\"https:\/\/www.shalom.it\/wp-content\/uploads\/2021\/08\/ninospirli.jpg\",\"contentUrl\":\"https:\/\/www.shalom.it\/wp-content\/uploads\/2021\/08\/ninospirli.jpg\",\"width\":800,\"height\":564},{\"@type\":\"BreadcrumbList\",\"@id\":\"https:\/\/www.shalom.it\/italia\/spirla-mussolini-e-un-ripasso-di-storia-b1096194-2\/#breadcrumb\",\"itemListElement\":[{\"@type\":\"ListItem\",\"position\":1,\"name\":\"Home\",\"item\":\"https:\/\/www.shalom.it\/\"},{\"@type\":\"ListItem\",\"position\":2,\"name\":\"Spirl\u00ec, Mussolini, e un ripasso di storia\"}]},{\"@type\":\"WebSite\",\"@id\":\"https:\/\/www.shalom.it\/#website\",\"url\":\"https:\/\/www.shalom.it\/\",\"name\":\"Shalom\",\"description\":\"Il Magazine della comunit\u00e0 ebraica di Roma\",\"potentialAction\":[{\"@type\":\"SearchAction\",\"target\":{\"@type\":\"EntryPoint\",\"urlTemplate\":\"https:\/\/www.shalom.it\/?s={search_term_string}\"},\"query-input\":{\"@type\":\"PropertyValueSpecification\",\"valueRequired\":true,\"valueName\":\"search_term_string\"}}],\"inLanguage\":\"it-IT\"},{\"@type\":\"Person\",\"@id\":\"https:\/\/www.shalom.it\/#\/schema\/person\/6d33187bb09b9e751bee3d3a534bbb49\",\"name\":\"mirellaserri\",\"url\":\"https:\/\/www.shalom.it\/author\/mirellaserri\/\"}]}<\/script>\n<!-- \/ Yoast SEO plugin. -->","yoast_head_json":{"title":"Spirl\u00ec, Mussolini, e un ripasso di storia - Shalom","robots":{"index":"index","follow":"follow","max-snippet":"max-snippet:-1","max-image-preview":"max-image-preview:large","max-video-preview":"max-video-preview:-1"},"canonical":"https:\/\/www.shalom.it\/italia\/spirla-mussolini-e-un-ripasso-di-storia-b1096194-2\/","og_locale":"it_IT","og_type":"article","og_title":"Spirl\u00ec, Mussolini, e un ripasso di storia - Shalom","og_description":"\u201cCondanno in via \u00abassoluta\u00bb le leggi razziali ma Mussolini \u00e8 stato all\u2019inizio fautore di una rivoluzione sociale\u201d. Ovvero \u201cHa creato le case popolari, le pensioni, l\u2019assistenza all\u2019infanzia, l\u2019assistenza alle donne, le bonifiche, l\u2019industrializzazione, la grande industria della cinematografia con la costruzione di Cinecitt\u00e0\u00bb: parola di Nin\u00f2 Spirl\u00ec, governatore della Calabria (dopo la prematura scomparsa di [&hellip;]","og_url":"https:\/\/www.shalom.it\/italia\/spirla-mussolini-e-un-ripasso-di-storia-b1096194-2\/","og_site_name":"Shalom","article_published_time":"2021-06-22T22:00:00+00:00","article_modified_time":"2024-05-30T22:46:18+00:00","og_image":[{"width":800,"height":564,"url":"https:\/\/www.shalom.it\/wp-content\/uploads\/2021\/08\/ninospirli.jpg","type":"image\/jpeg"}],"author":"mirellaserri","twitter_card":"summary_large_image","twitter_misc":{"Scritto da":"mirellaserri","Tempo di lettura stimato":"3 minuti"},"schema":{"@context":"https:\/\/schema.org","@graph":[{"@type":"Article","@id":"https:\/\/www.shalom.it\/italia\/spirla-mussolini-e-un-ripasso-di-storia-b1096194-2\/#article","isPartOf":{"@id":"https:\/\/www.shalom.it\/italia\/spirla-mussolini-e-un-ripasso-di-storia-b1096194-2\/"},"author":{"name":"mirellaserri","@id":"https:\/\/www.shalom.it\/#\/schema\/person\/6d33187bb09b9e751bee3d3a534bbb49"},"headline":"Spirl\u00ec, Mussolini, e un ripasso di storia","datePublished":"2021-06-22T22:00:00+00:00","dateModified":"2024-05-30T22:46:18+00:00","mainEntityOfPage":{"@id":"https:\/\/www.shalom.it\/italia\/spirla-mussolini-e-un-ripasso-di-storia-b1096194-2\/"},"wordCount":602,"commentCount":0,"image":{"@id":"https:\/\/www.shalom.it\/italia\/spirla-mussolini-e-un-ripasso-di-storia-b1096194-2\/#primaryimage"},"thumbnailUrl":"https:\/\/www.shalom.it\/wp-content\/uploads\/2021\/08\/ninospirli.jpg","articleSection":["ITALIA"],"inLanguage":"it-IT"},{"@type":"WebPage","@id":"https:\/\/www.shalom.it\/italia\/spirla-mussolini-e-un-ripasso-di-storia-b1096194-2\/","url":"https:\/\/www.shalom.it\/italia\/spirla-mussolini-e-un-ripasso-di-storia-b1096194-2\/","name":"Spirl\u00ec, Mussolini, e un ripasso di storia - Shalom","isPartOf":{"@id":"https:\/\/www.shalom.it\/#website"},"primaryImageOfPage":{"@id":"https:\/\/www.shalom.it\/italia\/spirla-mussolini-e-un-ripasso-di-storia-b1096194-2\/#primaryimage"},"image":{"@id":"https:\/\/www.shalom.it\/italia\/spirla-mussolini-e-un-ripasso-di-storia-b1096194-2\/#primaryimage"},"thumbnailUrl":"https:\/\/www.shalom.it\/wp-content\/uploads\/2021\/08\/ninospirli.jpg","datePublished":"2021-06-22T22:00:00+00:00","dateModified":"2024-05-30T22:46:18+00:00","author":{"@id":"https:\/\/www.shalom.it\/#\/schema\/person\/6d33187bb09b9e751bee3d3a534bbb49"},"breadcrumb":{"@id":"https:\/\/www.shalom.it\/italia\/spirla-mussolini-e-un-ripasso-di-storia-b1096194-2\/#breadcrumb"},"inLanguage":"it-IT","potentialAction":[{"@type":"ReadAction","target":["https:\/\/www.shalom.it\/italia\/spirla-mussolini-e-un-ripasso-di-storia-b1096194-2\/"]}]},{"@type":"ImageObject","inLanguage":"it-IT","@id":"https:\/\/www.shalom.it\/italia\/spirla-mussolini-e-un-ripasso-di-storia-b1096194-2\/#primaryimage","url":"https:\/\/www.shalom.it\/wp-content\/uploads\/2021\/08\/ninospirli.jpg","contentUrl":"https:\/\/www.shalom.it\/wp-content\/uploads\/2021\/08\/ninospirli.jpg","width":800,"height":564},{"@type":"BreadcrumbList","@id":"https:\/\/www.shalom.it\/italia\/spirla-mussolini-e-un-ripasso-di-storia-b1096194-2\/#breadcrumb","itemListElement":[{"@type":"ListItem","position":1,"name":"Home","item":"https:\/\/www.shalom.it\/"},{"@type":"ListItem","position":2,"name":"Spirl\u00ec, Mussolini, e un ripasso di storia"}]},{"@type":"WebSite","@id":"https:\/\/www.shalom.it\/#website","url":"https:\/\/www.shalom.it\/","name":"Shalom","description":"Il Magazine della comunit\u00e0 ebraica di Roma","potentialAction":[{"@type":"SearchAction","target":{"@type":"EntryPoint","urlTemplate":"https:\/\/www.shalom.it\/?s={search_term_string}"},"query-input":{"@type":"PropertyValueSpecification","valueRequired":true,"valueName":"search_term_string"}}],"inLanguage":"it-IT"},{"@type":"Person","@id":"https:\/\/www.shalom.it\/#\/schema\/person\/6d33187bb09b9e751bee3d3a534bbb49","name":"mirellaserri","url":"https:\/\/www.shalom.it\/author\/mirellaserri\/"}]}},"jetpack_featured_media_url":"https:\/\/www.shalom.it\/wp-content\/uploads\/2021\/08\/ninospirli.jpg","jetpack_sharing_enabled":true,"_links":{"self":[{"href":"https:\/\/www.shalom.it\/wp-json\/wp\/v2\/posts\/63006","targetHints":{"allow":["GET"]}}],"collection":[{"href":"https:\/\/www.shalom.it\/wp-json\/wp\/v2\/posts"}],"about":[{"href":"https:\/\/www.shalom.it\/wp-json\/wp\/v2\/types\/post"}],"author":[{"embeddable":true,"href":"https:\/\/www.shalom.it\/wp-json\/wp\/v2\/users\/95"}],"replies":[{"embeddable":true,"href":"https:\/\/www.shalom.it\/wp-json\/wp\/v2\/comments?post=63006"}],"version-history":[{"count":1,"href":"https:\/\/www.shalom.it\/wp-json\/wp\/v2\/posts\/63006\/revisions"}],"predecessor-version":[{"id":63008,"href":"https:\/\/www.shalom.it\/wp-json\/wp\/v2\/posts\/63006\/revisions\/63008"}],"wp:featuredmedia":[{"embeddable":true,"href":"https:\/\/www.shalom.it\/wp-json\/wp\/v2\/media\/63011"}],"wp:attachment":[{"href":"https:\/\/www.shalom.it\/wp-json\/wp\/v2\/media?parent=63006"}],"wp:term":[{"taxonomy":"category","embeddable":true,"href":"https:\/\/www.shalom.it\/wp-json\/wp\/v2\/categories?post=63006"},{"taxonomy":"post_tag","embeddable":true,"href":"https:\/\/www.shalom.it\/wp-json\/wp\/v2\/tags?post=63006"}],"curies":[{"name":"wp","href":"https:\/\/api.w.org\/{rel}","templated":true}]}}