{"id":63002,"date":"2021-06-23T00:00:00","date_gmt":"2021-06-22T22:00:00","guid":{"rendered":"https:\/\/www.shalom.it\/senza-categoria\/spirla-su-mussolini-e-il-peso-delle-parole-b1096181\/"},"modified":"2024-05-31T00:46:18","modified_gmt":"2024-05-30T22:46:18","slug":"spirla-su-mussolini-e-il-peso-delle-parole-b1096181","status":"publish","type":"post","link":"https:\/\/www.shalom.it\/italia\/spirla-su-mussolini-e-il-peso-delle-parole-b1096181\/","title":{"rendered":"Spirl\u00ec su Mussolini e il peso delle parole"},"content":{"rendered":"<p class=\"MsoNormal\" style=\"margin: 0cm 0cm 0.0001pt;font-size: medium;font-family: Calibri, sans-serif\"><i>A seguito delle dichiarazioni del presidente facente funzione della Regione Calabria Nino Spirl\u00ec su Mussolini, Shalom ha chiesto un\u2019opinione allo storico Umberto Gentiloni<\/i><\/p>\n<p class=\"MsoNormal\" style=\"margin: 0cm 0cm 0.0001pt;font-size: medium;font-family: Calibri, sans-serif\"><i>&nbsp;<\/i><\/p>\n<p class=\"MsoNormal\" style=\"margin: 0cm 0cm 0.0001pt;font-size: medium;font-family: Calibri, sans-serif\">Immancabile a ogni tornata elettorale si affaccia il giudizio sul fascismo \u201cbuono\u201d, sulle diverse facce del regime, sulle valutazioni positive di pagine di un passato consegnato alle riflessioni degli storici. Questa volta il candidato vice presidente della regione Calabria, Nino Spirl\u00ec, si \u00e8 avventurato in distinguo e considerazioni azzardate sui risultati invidiabili e positivi che il regime avrebbe conseguito in ambiti e contesti variegati: promotore di rivoluzioni sociali, di cambiamenti diffusi, di spinte a una modernizzazione efficiente e avanzata. Nulla di nuovo, il solito occhiolino strizzato alle componenti pi\u00f9 estreme e nostalgiche, in cerca d\u2019identit\u00e0, ambito serbatoio di voti facili. Vale la pena richiamare tre aspetti della vicenda di ieri: 1. Il giudizio storico ha da tempo consolidato le riflessioni sul fascismo, sul ruolo di Mussolini, sulla parabola del regime. Nonostante si cerchi di proporre paradigmi azzardati (per non dire di peggio) sui tornanti buoni del regime, sulle contraddizioni presunte tra violenza squadrista e consenso sociale, sulla distanza tra le leggi razziali del 1938 e una non meglio definita dimensione da movimento, il giudizio sul fascismo ha gi\u00e0 sedimentato studi, interpretazioni, punti fermi ben documentati. 2. Le parole sono importanti, qualificano il dibattito pubblico e gli atteggiamenti di chi le propone. Ci vuole attenzione, rigore, capacit\u00e0 di ascolto e di analisi. Se prevale il calcolo strumentale, l\u2019idea che con qualche ammiccamento interessato si possa aumentare il proprio gruzzoletto di consensi la politica s\u2019impoverisce, diventa un\u2019arena senza contenuti qualificanti e perimetri condivisi. 3. In questi anni troppo spesso la storia viene trasformata (anche attraverso il cattivo uso o l\u2019abuso di parole) in un menu \u00e0 la carte dal quale scegliere cosa sia pi\u00f9 conveniente o utile in un dato momento. Cos\u00ec facendo rischia di smarrirsi il significato del passato come spazio condiviso, il contesto con le sue complessit\u00e0, la ricchezza di un percorso che unisce generazioni d\u2019italiani nella ricerca di risposte alle sfide del nostro tempo.<\/p>\n","protected":false},"excerpt":{"rendered":"<p>A seguito delle dichiarazioni del presidente facente funzione della Regione Calabria Nino Spirl\u00ec su Mussolini, Shalom ha chiesto un\u2019opinione allo storico Umberto Gentiloni &nbsp; Immancabile a ogni tornata elettorale si affaccia il giudizio sul fascismo \u201cbuono\u201d, sulle diverse facce del regime, sulle valutazioni positive di pagine di un passato consegnato alle riflessioni degli storici. Questa [&hellip;]<\/p>\n","protected":false},"author":94,"featured_media":63003,"comment_status":"open","ping_status":"open","sticky":false,"template":"","format":"standard","meta":{"_acf_changed":false,"_jetpack_memberships_contains_paid_content":false,"footnotes":""},"categories":[3],"tags":[],"class_list":["post-63002","post","type-post","status-publish","format-standard","has-post-thumbnail","hentry","category-italia"],"acf":[],"yoast_head":"<!-- This site is optimized with the Yoast SEO plugin v26.9 - https:\/\/yoast.com\/product\/yoast-seo-wordpress\/ -->\n<title>Spirl\u00ec su Mussolini e il peso delle parole - Shalom<\/title>\n<meta name=\"robots\" content=\"index, follow, max-snippet:-1, max-image-preview:large, max-video-preview:-1\" \/>\n<link rel=\"canonical\" href=\"https:\/\/www.shalom.it\/italia\/spirla-su-mussolini-e-il-peso-delle-parole-b1096181\/\" \/>\n<meta property=\"og:locale\" content=\"it_IT\" \/>\n<meta property=\"og:type\" content=\"article\" \/>\n<meta property=\"og:title\" content=\"Spirl\u00ec su Mussolini e il peso delle parole - Shalom\" \/>\n<meta property=\"og:description\" content=\"A seguito delle dichiarazioni del presidente facente funzione della Regione Calabria Nino Spirl\u00ec su Mussolini, Shalom ha chiesto un\u2019opinione allo storico Umberto Gentiloni &nbsp; Immancabile a ogni tornata elettorale si affaccia il giudizio sul fascismo \u201cbuono\u201d, sulle diverse facce del regime, sulle valutazioni positive di pagine di un passato consegnato alle riflessioni degli storici. Questa [&hellip;]\" \/>\n<meta property=\"og:url\" content=\"https:\/\/www.shalom.it\/italia\/spirla-su-mussolini-e-il-peso-delle-parole-b1096181\/\" \/>\n<meta property=\"og:site_name\" content=\"Shalom\" \/>\n<meta property=\"article:published_time\" content=\"2021-06-22T22:00:00+00:00\" \/>\n<meta property=\"article:modified_time\" content=\"2024-05-30T22:46:18+00:00\" \/>\n<meta property=\"og:image\" content=\"https:\/\/www.shalom.it\/wp-content\/uploads\/2021\/08\/spirli.jpg\" \/>\n\t<meta property=\"og:image:width\" content=\"700\" \/>\n\t<meta property=\"og:image:height\" content=\"410\" \/>\n\t<meta property=\"og:image:type\" content=\"image\/jpeg\" \/>\n<meta name=\"author\" content=\"UmbertGentiloni\" \/>\n<meta name=\"twitter:card\" content=\"summary_large_image\" \/>\n<meta name=\"twitter:label1\" content=\"Scritto da\" \/>\n\t<meta name=\"twitter:data1\" content=\"UmbertGentiloni\" \/>\n\t<meta name=\"twitter:label2\" content=\"Tempo di lettura stimato\" \/>\n\t<meta name=\"twitter:data2\" content=\"2 minuti\" \/>\n<script type=\"application\/ld+json\" class=\"yoast-schema-graph\">{\"@context\":\"https:\/\/schema.org\",\"@graph\":[{\"@type\":\"Article\",\"@id\":\"https:\/\/www.shalom.it\/italia\/spirla-su-mussolini-e-il-peso-delle-parole-b1096181\/#article\",\"isPartOf\":{\"@id\":\"https:\/\/www.shalom.it\/italia\/spirla-su-mussolini-e-il-peso-delle-parole-b1096181\/\"},\"author\":{\"name\":\"UmbertGentiloni\",\"@id\":\"https:\/\/www.shalom.it\/#\/schema\/person\/741070907895b0e6e181a3c25ee84a0e\"},\"headline\":\"Spirl\u00ec su Mussolini e il peso delle parole\",\"datePublished\":\"2021-06-22T22:00:00+00:00\",\"dateModified\":\"2024-05-30T22:46:18+00:00\",\"mainEntityOfPage\":{\"@id\":\"https:\/\/www.shalom.it\/italia\/spirla-su-mussolini-e-il-peso-delle-parole-b1096181\/\"},\"wordCount\":348,\"commentCount\":0,\"image\":{\"@id\":\"https:\/\/www.shalom.it\/italia\/spirla-su-mussolini-e-il-peso-delle-parole-b1096181\/#primaryimage\"},\"thumbnailUrl\":\"https:\/\/www.shalom.it\/wp-content\/uploads\/2021\/08\/spirli.jpg\",\"articleSection\":[\"ITALIA\"],\"inLanguage\":\"it-IT\"},{\"@type\":\"WebPage\",\"@id\":\"https:\/\/www.shalom.it\/italia\/spirla-su-mussolini-e-il-peso-delle-parole-b1096181\/\",\"url\":\"https:\/\/www.shalom.it\/italia\/spirla-su-mussolini-e-il-peso-delle-parole-b1096181\/\",\"name\":\"Spirl\u00ec su Mussolini e il peso delle parole - Shalom\",\"isPartOf\":{\"@id\":\"https:\/\/www.shalom.it\/#website\"},\"primaryImageOfPage\":{\"@id\":\"https:\/\/www.shalom.it\/italia\/spirla-su-mussolini-e-il-peso-delle-parole-b1096181\/#primaryimage\"},\"image\":{\"@id\":\"https:\/\/www.shalom.it\/italia\/spirla-su-mussolini-e-il-peso-delle-parole-b1096181\/#primaryimage\"},\"thumbnailUrl\":\"https:\/\/www.shalom.it\/wp-content\/uploads\/2021\/08\/spirli.jpg\",\"datePublished\":\"2021-06-22T22:00:00+00:00\",\"dateModified\":\"2024-05-30T22:46:18+00:00\",\"author\":{\"@id\":\"https:\/\/www.shalom.it\/#\/schema\/person\/741070907895b0e6e181a3c25ee84a0e\"},\"breadcrumb\":{\"@id\":\"https:\/\/www.shalom.it\/italia\/spirla-su-mussolini-e-il-peso-delle-parole-b1096181\/#breadcrumb\"},\"inLanguage\":\"it-IT\",\"potentialAction\":[{\"@type\":\"ReadAction\",\"target\":[\"https:\/\/www.shalom.it\/italia\/spirla-su-mussolini-e-il-peso-delle-parole-b1096181\/\"]}]},{\"@type\":\"ImageObject\",\"inLanguage\":\"it-IT\",\"@id\":\"https:\/\/www.shalom.it\/italia\/spirla-su-mussolini-e-il-peso-delle-parole-b1096181\/#primaryimage\",\"url\":\"https:\/\/www.shalom.it\/wp-content\/uploads\/2021\/08\/spirli.jpg\",\"contentUrl\":\"https:\/\/www.shalom.it\/wp-content\/uploads\/2021\/08\/spirli.jpg\",\"width\":700,\"height\":410},{\"@type\":\"BreadcrumbList\",\"@id\":\"https:\/\/www.shalom.it\/italia\/spirla-su-mussolini-e-il-peso-delle-parole-b1096181\/#breadcrumb\",\"itemListElement\":[{\"@type\":\"ListItem\",\"position\":1,\"name\":\"Home\",\"item\":\"https:\/\/www.shalom.it\/\"},{\"@type\":\"ListItem\",\"position\":2,\"name\":\"Spirl\u00ec su Mussolini e il peso delle parole\"}]},{\"@type\":\"WebSite\",\"@id\":\"https:\/\/www.shalom.it\/#website\",\"url\":\"https:\/\/www.shalom.it\/\",\"name\":\"Shalom\",\"description\":\"Il Magazine della comunit\u00e0 ebraica di Roma\",\"potentialAction\":[{\"@type\":\"SearchAction\",\"target\":{\"@type\":\"EntryPoint\",\"urlTemplate\":\"https:\/\/www.shalom.it\/?s={search_term_string}\"},\"query-input\":{\"@type\":\"PropertyValueSpecification\",\"valueRequired\":true,\"valueName\":\"search_term_string\"}}],\"inLanguage\":\"it-IT\"},{\"@type\":\"Person\",\"@id\":\"https:\/\/www.shalom.it\/#\/schema\/person\/741070907895b0e6e181a3c25ee84a0e\",\"name\":\"UmbertGentiloni\",\"url\":\"https:\/\/www.shalom.it\/author\/umbertgentiloni\/\"}]}<\/script>\n<!-- \/ Yoast SEO plugin. -->","yoast_head_json":{"title":"Spirl\u00ec su Mussolini e il peso delle parole - Shalom","robots":{"index":"index","follow":"follow","max-snippet":"max-snippet:-1","max-image-preview":"max-image-preview:large","max-video-preview":"max-video-preview:-1"},"canonical":"https:\/\/www.shalom.it\/italia\/spirla-su-mussolini-e-il-peso-delle-parole-b1096181\/","og_locale":"it_IT","og_type":"article","og_title":"Spirl\u00ec su Mussolini e il peso delle parole - Shalom","og_description":"A seguito delle dichiarazioni del presidente facente funzione della Regione Calabria Nino Spirl\u00ec su Mussolini, Shalom ha chiesto un\u2019opinione allo storico Umberto Gentiloni &nbsp; Immancabile a ogni tornata elettorale si affaccia il giudizio sul fascismo \u201cbuono\u201d, sulle diverse facce del regime, sulle valutazioni positive di pagine di un passato consegnato alle riflessioni degli storici. Questa [&hellip;]","og_url":"https:\/\/www.shalom.it\/italia\/spirla-su-mussolini-e-il-peso-delle-parole-b1096181\/","og_site_name":"Shalom","article_published_time":"2021-06-22T22:00:00+00:00","article_modified_time":"2024-05-30T22:46:18+00:00","og_image":[{"width":700,"height":410,"url":"https:\/\/www.shalom.it\/wp-content\/uploads\/2021\/08\/spirli.jpg","type":"image\/jpeg"}],"author":"UmbertGentiloni","twitter_card":"summary_large_image","twitter_misc":{"Scritto da":"UmbertGentiloni","Tempo di lettura stimato":"2 minuti"},"schema":{"@context":"https:\/\/schema.org","@graph":[{"@type":"Article","@id":"https:\/\/www.shalom.it\/italia\/spirla-su-mussolini-e-il-peso-delle-parole-b1096181\/#article","isPartOf":{"@id":"https:\/\/www.shalom.it\/italia\/spirla-su-mussolini-e-il-peso-delle-parole-b1096181\/"},"author":{"name":"UmbertGentiloni","@id":"https:\/\/www.shalom.it\/#\/schema\/person\/741070907895b0e6e181a3c25ee84a0e"},"headline":"Spirl\u00ec su Mussolini e il peso delle parole","datePublished":"2021-06-22T22:00:00+00:00","dateModified":"2024-05-30T22:46:18+00:00","mainEntityOfPage":{"@id":"https:\/\/www.shalom.it\/italia\/spirla-su-mussolini-e-il-peso-delle-parole-b1096181\/"},"wordCount":348,"commentCount":0,"image":{"@id":"https:\/\/www.shalom.it\/italia\/spirla-su-mussolini-e-il-peso-delle-parole-b1096181\/#primaryimage"},"thumbnailUrl":"https:\/\/www.shalom.it\/wp-content\/uploads\/2021\/08\/spirli.jpg","articleSection":["ITALIA"],"inLanguage":"it-IT"},{"@type":"WebPage","@id":"https:\/\/www.shalom.it\/italia\/spirla-su-mussolini-e-il-peso-delle-parole-b1096181\/","url":"https:\/\/www.shalom.it\/italia\/spirla-su-mussolini-e-il-peso-delle-parole-b1096181\/","name":"Spirl\u00ec su Mussolini e il peso delle parole - Shalom","isPartOf":{"@id":"https:\/\/www.shalom.it\/#website"},"primaryImageOfPage":{"@id":"https:\/\/www.shalom.it\/italia\/spirla-su-mussolini-e-il-peso-delle-parole-b1096181\/#primaryimage"},"image":{"@id":"https:\/\/www.shalom.it\/italia\/spirla-su-mussolini-e-il-peso-delle-parole-b1096181\/#primaryimage"},"thumbnailUrl":"https:\/\/www.shalom.it\/wp-content\/uploads\/2021\/08\/spirli.jpg","datePublished":"2021-06-22T22:00:00+00:00","dateModified":"2024-05-30T22:46:18+00:00","author":{"@id":"https:\/\/www.shalom.it\/#\/schema\/person\/741070907895b0e6e181a3c25ee84a0e"},"breadcrumb":{"@id":"https:\/\/www.shalom.it\/italia\/spirla-su-mussolini-e-il-peso-delle-parole-b1096181\/#breadcrumb"},"inLanguage":"it-IT","potentialAction":[{"@type":"ReadAction","target":["https:\/\/www.shalom.it\/italia\/spirla-su-mussolini-e-il-peso-delle-parole-b1096181\/"]}]},{"@type":"ImageObject","inLanguage":"it-IT","@id":"https:\/\/www.shalom.it\/italia\/spirla-su-mussolini-e-il-peso-delle-parole-b1096181\/#primaryimage","url":"https:\/\/www.shalom.it\/wp-content\/uploads\/2021\/08\/spirli.jpg","contentUrl":"https:\/\/www.shalom.it\/wp-content\/uploads\/2021\/08\/spirli.jpg","width":700,"height":410},{"@type":"BreadcrumbList","@id":"https:\/\/www.shalom.it\/italia\/spirla-su-mussolini-e-il-peso-delle-parole-b1096181\/#breadcrumb","itemListElement":[{"@type":"ListItem","position":1,"name":"Home","item":"https:\/\/www.shalom.it\/"},{"@type":"ListItem","position":2,"name":"Spirl\u00ec su Mussolini e il peso delle parole"}]},{"@type":"WebSite","@id":"https:\/\/www.shalom.it\/#website","url":"https:\/\/www.shalom.it\/","name":"Shalom","description":"Il Magazine della comunit\u00e0 ebraica di Roma","potentialAction":[{"@type":"SearchAction","target":{"@type":"EntryPoint","urlTemplate":"https:\/\/www.shalom.it\/?s={search_term_string}"},"query-input":{"@type":"PropertyValueSpecification","valueRequired":true,"valueName":"search_term_string"}}],"inLanguage":"it-IT"},{"@type":"Person","@id":"https:\/\/www.shalom.it\/#\/schema\/person\/741070907895b0e6e181a3c25ee84a0e","name":"UmbertGentiloni","url":"https:\/\/www.shalom.it\/author\/umbertgentiloni\/"}]}},"jetpack_featured_media_url":"https:\/\/www.shalom.it\/wp-content\/uploads\/2021\/08\/spirli.jpg","jetpack_sharing_enabled":true,"_links":{"self":[{"href":"https:\/\/www.shalom.it\/wp-json\/wp\/v2\/posts\/63002","targetHints":{"allow":["GET"]}}],"collection":[{"href":"https:\/\/www.shalom.it\/wp-json\/wp\/v2\/posts"}],"about":[{"href":"https:\/\/www.shalom.it\/wp-json\/wp\/v2\/types\/post"}],"author":[{"embeddable":true,"href":"https:\/\/www.shalom.it\/wp-json\/wp\/v2\/users\/94"}],"replies":[{"embeddable":true,"href":"https:\/\/www.shalom.it\/wp-json\/wp\/v2\/comments?post=63002"}],"version-history":[{"count":1,"href":"https:\/\/www.shalom.it\/wp-json\/wp\/v2\/posts\/63002\/revisions"}],"predecessor-version":[{"id":63005,"href":"https:\/\/www.shalom.it\/wp-json\/wp\/v2\/posts\/63002\/revisions\/63005"}],"wp:featuredmedia":[{"embeddable":true,"href":"https:\/\/www.shalom.it\/wp-json\/wp\/v2\/media\/63003"}],"wp:attachment":[{"href":"https:\/\/www.shalom.it\/wp-json\/wp\/v2\/media?parent=63002"}],"wp:term":[{"taxonomy":"category","embeddable":true,"href":"https:\/\/www.shalom.it\/wp-json\/wp\/v2\/categories?post=63002"},{"taxonomy":"post_tag","embeddable":true,"href":"https:\/\/www.shalom.it\/wp-json\/wp\/v2\/tags?post=63002"}],"curies":[{"name":"wp","href":"https:\/\/api.w.org\/{rel}","templated":true}]}}