{"id":62857,"date":"2021-06-13T00:00:00","date_gmt":"2021-06-12T22:00:00","guid":{"rendered":"https:\/\/www.shalom.it\/senza-categoria\/tosca-a-soldo-de-cacioa-e-la-responsabilita-della-essere-artista-b1095721\/"},"modified":"2024-05-31T00:46:11","modified_gmt":"2024-05-30T22:46:11","slug":"tosca-a-soldo-de-cacioa-e-la-responsabilita-della-essere-artista-b1095721","status":"publish","type":"post","link":"https:\/\/www.shalom.it\/cultura\/tosca-a-soldo-de-cacioa-e-la-responsabilita-della-essere-artista-b1095721\/","title":{"rendered":"Tosca, \u201cSoldo de Cacio\u201d e la responsabilit\u00e0 dell\u2019essere artista"},"content":{"rendered":"<p class=\"MsoNormal\" style=\"margin: 0cm 0cm 0.0001pt;font-size: medium;font-family: Calibri, sans-serif\">Si apre stasera la 14\u00b0 edizione di Ebraica \u2013 Festival Internazionale di Cultura, un\u2019edizione che ha come tema centrale \u201cSecond Life\u201d, una seconda vita verso la ripartenza, dopo il periodo di ristrettezze e sacrifici cha ci siamo trovati ad affrontare. E proprio una mascherina \u00e8 al centro del monologo \u201cSoldo de Cacio\u201d, interpretato da Tosca che abbiamo intervistato per conoscerne il significato e capire come sar\u00e0 la sua ripartenza.&nbsp;<\/p>\n<p class=\"MsoNormal\" style=\"margin: 0cm 0cm 0.0001pt;font-size: medium;font-family: Calibri, sans-serif\"><b>&nbsp;<\/b><\/p>\n<p class=\"MsoNormal\" style=\"margin: 0cm 0cm 0.0001pt;font-size: medium;font-family: Calibri, sans-serif\"><b>\u201cSoldo de cacio\u201d \u00e8 un monologo&nbsp;<\/b><b>scritto da Giovanni Clementi<\/b><b>&nbsp;dal forte significato per lei, perch\u00e9 lo ha recitato l\u2019ultima sera prima del secondo lockdown e lo riproporr\u00e0 domenica sera nel corso di Ebraica. Una metafora di una possibile ripartenza. Chi \u00e8 Soldo de Cacio?<\/b><\/p>\n<p class=\"MsoNormal\" style=\"margin: 0cm 0cm 0.0001pt;font-size: medium;font-family: Calibri, sans-serif\"><b>&nbsp;<\/b><\/p>\n<p class=\"MsoNormal\" style=\"margin: 0cm 0cm 0.0001pt;font-size: medium;font-family: Calibri, sans-serif\">\u201cSoldo de Cacio\u201d \u00e8 una donna grande, Giuditta, che ricorda la storia del Dott. Borromeo, che salv\u00f2 molti ebrei durante i rastrellamenti nazisti con l\u2019invenzione del \u201cMorbo K\u201d, ed \u00e8 raccontato da questa donna del popolo con gli occhi di lei ragazzina. Sono rimasta colpita perch\u00e9 conoscevo questa storia sommariamente, ma non avevo mai approfondito, \u00e8 nata per la rassegna \u201cAd alta voce\u201d al Teatro Duse di Bologna, ed ha un doppio simbolo: la protezione e l\u2019amore universale. Ci avevano chiesto qualcosa che parlasse dell\u2019importanza della protezione, partendo proprio da una mascherina Giovanni Clementi ha scritto questo monologo che racconta di come i protagonisti di questo racconto si salvarono dai rastrellamenti attraverso questa pezzettina bianca. Dall\u2019altra parte c\u2019\u00e8 l\u2019amore universale, ovvero un uomo che rischia la sua vita dicendo una bugia, perch\u00e9 il \u201cMorbo K\u201d non esisteva, ma \u00e8 una bugia bianca.&nbsp;<\/p>\n<p class=\"MsoNormal\" style=\"margin: 0cm 0cm 0.0001pt;font-size: medium;font-family: Calibri, sans-serif\">Alla bellezza di questa storia si \u00e8 unito il mio amore per la musica yiddish e quella ebraica, un amore antico che coltivo da oltre 20 anni e che ho conosciuto grazie a degli studiosi di musica yiddish. Una musica dalle mille gemme e contaminata perch\u00e9 ha viaggiato. Gli ebrei sono stati costretti continuamente a cambiare terra e in ogni posto dove andavano portavano quello che erano e si contaminavano con quello che trovavano. In questo monologo ho voluto mettere anche la musica ebraica e quella yiddish. Insieme a me sul palco c\u2019\u00e8 Giovanna Famulari, mia violoncellista nonch\u00e8 produttrice come e me e Massimo De Lorenzi di tutte le nostre follie musicali.&nbsp;<\/p>\n<p class=\"MsoNormal\" style=\"margin: 0cm 0cm 0.0001pt;font-size: medium;font-family: Calibri, sans-serif\">&nbsp;<\/p>\n<p class=\"MsoNormal\" style=\"margin: 0cm 0cm 0.0001pt;font-size: medium;font-family: Calibri, sans-serif\"><b>Come ha immaginato Giuditta?&nbsp;<\/b><\/p>\n<p class=\"MsoNormal\" style=\"margin: 0cm 0cm 0.0001pt;font-size: medium;font-family: Calibri, sans-serif\"><b>&nbsp;<\/b><\/p>\n<p class=\"MsoNormal\" style=\"margin: 0cm 0cm 0.0001pt;font-size: medium;font-family: Calibri, sans-serif\">Giuditta \u00e8 una donna del popolo, una donna del Portico d\u2019Ottavia. Ho immaginato una donna piccolina, magra, con degli occhi che ti fissano e che ogni cosa che ti racconta \u00e8 un quadro, un pezzo di cuore. Una donnina che ogni anno torna all\u2019Isola Tiberina, proprio l\u00ec dove si era salvata, e ci va con sua nipote che si chiama Giuditta come lei. Ho deciso di aggiungere delle parti e questa sera le vedrete per la prima volta.&nbsp;<\/p>\n<p class=\"MsoNormal\" style=\"margin: 0cm 0cm 0.0001pt;font-size: medium;font-family: Calibri, sans-serif\">&nbsp;<\/p>\n<p class=\"MsoNormal\" style=\"margin: 0cm 0cm 0.0001pt;font-size: medium;font-family: Calibri, sans-serif\"><b>Musicalmente a lei piace sperimentare, in una continua contaminazione di suoni: dalla musica yiddish a quella del fado come ne \u201cIl porto\u201d che canta met\u00e0 italiano e met\u00e0 portoghese, dalla canzone napoletana e quella in dialetto romanesco, un viaggio tra le culture dei popoli e nei luoghi. La musica pu\u00f2 unire?<\/b><\/p>\n<p class=\"MsoNormal\" style=\"margin: 0cm 0cm 0.0001pt;font-size: medium;font-family: Calibri, sans-serif\"><b>&nbsp;<\/b><\/p>\n<p class=\"MsoNormal\" style=\"margin: 0cm 0cm 0.0001pt;font-size: medium;font-family: Calibri, sans-serif\">La musica costruisce i ponti. \u00c8 una lingua universale, infatti i musicisti parlano tutti la stessa lingua. Noi giriamo il mondo, magari non conosciamo il musicista ma c\u2019\u00e8 lo spartito, quella \u00e8 la nostra lingua comune ed abbiamo questo privilegio. Moli\u00e8re diceva che se i politici si accordassero come fa la musica si vivrebbe meglio. Bisognerebbe accordarsi e fare un grande concerto. Ogni strumento, ogni nota, va ad unirsi ad un\u2019altra e si va ad unire in un\u2019armonia, in un essere armonico e non in un essere di sopruso. La musica \u00e8 una mamma tollerante, che ti accoglie.&nbsp;<\/p>\n<p class=\"MsoNormal\" style=\"margin: 0cm 0cm 0.0001pt;font-size: medium;font-family: Calibri, sans-serif\">&nbsp;<\/p>\n<p class=\"MsoNormal\" style=\"margin: 0cm 0cm 0.0001pt;font-size: medium;font-family: Calibri, sans-serif\"><b>In un\u2019intervista ha dichiarato: &#8220;La pandemia ha completamente cambiato la mia vita. Mi sento come all\u2019inizio di un nuovo viaggio con davanti la pagina bianca di un nuovo quaderno\u201d e Second life \u00e8 il tema centrale di questa edizione di Ebraica, cosa scriver\u00e0 Tosca su quel quaderno?<\/b><\/p>\n<p class=\"MsoNormal\" style=\"margin: 0cm 0cm 0.0001pt;font-size: medium;font-family: Calibri, sans-serif\"><b>&nbsp;<\/b><\/p>\n<p class=\"MsoNormal\" style=\"margin: 0cm 0cm 0.0001pt;font-size: medium;font-family: Calibri, sans-serif\">Scrivo che voglio godermi la vita nell\u2019armonia e cercher\u00f2 di tenermi lontani tutti quelli che cercheranno di disinnescarla. Abbiamo avuto una grande opportunit\u00e0. Me lo raccontava mia nonna che ha vissuto l\u2019epidemia dell\u2019Influenza Spagnola e la mia bisnonna ne mor\u00ec. Lei, sua sorella e suo fratello dicevano continuamente che possono succedere delle cose che ti costringono a guardare in faccia qualcosa che non ti piace e da questo puoi decidere se incattivirti o renderti armonico. Io scelgo di rendermi armonica e rispettosa delle cose che succedono. Quando sei in pace con te stessa emetti un suono, che \u00e8 un suono armonico e che fa si che le persone si avvicinino a te. La societ\u00e0 dell\u2019apparenza, del \u201c<i>ma che te frega<\/i>\u201d, del \u201c<i>pensa per te<\/i>\u201d, non mi interessa pi\u00f9. Quando sento questo tipo di discorsi mi allontano perch\u00e9 detesto il qualunquismo umano. La vita \u00e8 una e ognuno nel suo piccolo pu\u00f2 essere importante, non bisogna necessariamente fare cose plateali.<\/p>\n<p class=\"MsoNormal\" style=\"margin: 0cm 0cm 0.0001pt;font-size: medium;font-family: Calibri, sans-serif\">La mia sfida con me stessa \u00e8 essere armonica nonostante un mondo che gridi per non esserlo.&nbsp;<\/p>\n<p class=\"MsoNormal\" style=\"margin: 0cm 0cm 0.0001pt;font-size: medium;font-family: Calibri, sans-serif\">Essere per bene per me significa generare una societ\u00e0 dove si sta bene, perch\u00e9 c\u2019\u00e8 un rispetto reciproco.&nbsp;<\/p>\n<p class=\"MsoNormal\" style=\"margin: 0cm 0cm 0.0001pt;font-size: medium;font-family: Calibri, sans-serif\">&nbsp;<\/p>\n<p class=\"MsoNormal\" style=\"margin: 0cm 0cm 0.0001pt;font-size: medium;font-family: Calibri, sans-serif\"><b>Cos\u00ec come praticare la gentilezza\u2026<\/b><\/p>\n<p class=\"MsoNormal\" style=\"margin: 0cm 0cm 0.0001pt;font-size: medium;font-family: Calibri, sans-serif\">La gentilezza l\u2019ho scoperta tardi, perch\u00e9 sono una donna di polso, mi arrabbio su delle cose. Ma in questi ultimi tempi ho scoperto il potere della gentilezza, che \u00e8 molto pericolosa. La persona gentile \u00e8 disarmante, perch\u00e9 non siamo pi\u00f9 abituati. Cos\u00ec come l\u2019accoglienza. Mia nonna si salv\u00f2 la vita durante la guerra perch\u00e9 aiut\u00f2 dei ragazzini tedeschi che stavano sull\u2019Appia Antica al freddo ed affamati. Lei ogni tanto gli portava delle scodelle con del cibo ed uno di questi gli disse un giorno di non farsi trovare in casa perch\u00e9 l\u2019indomani avrebbero fatto una retata, cos\u00ec dando retta a questo ragazzo si salvarono la vita.&nbsp;<\/p>\n<p class=\"MsoNormal\" style=\"margin: 0cm 0cm 0.0001pt;font-size: medium;font-family: Calibri, sans-serif\">&nbsp;<\/p>\n<p class=\"MsoNormal\" style=\"margin: 0cm 0cm 0.0001pt;font-size: medium;font-family: Calibri, sans-serif\"><b>Lei \u00e8 anche insegnante, c\u2019\u00e8 un messaggio che vuole dare ai giovani resilienti di oggi?&nbsp;<\/b><\/p>\n<p class=\"MsoNormal\" style=\"margin: 0cm 0cm 0.0001pt;font-size: medium;font-family: Calibri, sans-serif\"><b>&nbsp;<\/b><\/p>\n<p class=\"MsoNormal\" style=\"margin: 0cm 0cm 0.0001pt;font-size: medium;font-family: Calibri, sans-serif\">Non mi definirei insegnante, mi piace la conoscenza, come nelle botteghe rinascimentali. Dai ragazzi io imparo tantissimo, perch\u00e9 hanno un\u2019altra testa, un\u2019altra lingua ed hanno un modo di vivere e pensare completamente diverso dal mio che mi apre delle finestre che mai avrei pensato di conoscere. Sono pi\u00f9 che altro una sorella maggiore, li indirizzo. Dirigo l\u2019Officina Pasolini dove questi ragazzi arrivano completamente confusi dal sistema che gli fa credere che la cosa importante sia diventare famosi e non per che cosa diventare famoso e il rischio \u00e8 diventare pedina di quel sistema. Noi collettivo di artisti passiamo proprio questo messaggio e i ragazzi escono consapevoli che per poter avere una posizione bisogna prima chi si \u00e8 e cosa si vuole dire.&nbsp;<\/p>\n<p class=\"MsoNormal\" style=\"margin: 0cm 0cm 0.0001pt;font-size: medium;font-family: Calibri, sans-serif\">&nbsp;<\/p>\n<p class=\"MsoNormal\" style=\"margin: 0cm 0cm 0.0001pt;font-size: medium;font-family: Calibri, sans-serif\"><b>Li trova disarmati in questo periodo?&nbsp;<\/b><\/p>\n<p class=\"MsoNormal\" style=\"margin: 0cm 0cm 0.0001pt;font-size: medium;font-family: Calibri, sans-serif\"><b>&nbsp;<\/b><\/p>\n<p class=\"MsoNormal\" style=\"margin: 0cm 0cm 0.0001pt;font-size: medium;font-family: Calibri, sans-serif\">Si perch\u00e9 non sanno cosa devono fare. Sono dei ragazzi che ti dicono che per fare il musicista si deve necessariamente essere popolari ed io rispondo: \u201c<i>Cosa vuoi cantare?\u201d<\/i>&nbsp;o \u201c<i>Cosa vuoi recitare?\u201d.<\/i>&nbsp;La nostra pi\u00f9 grande dote \u00e8 quello che lasciamo e deve essere coerente con s\u00e9 stessi.<\/p>\n<p class=\"MsoNormal\" style=\"margin: 0cm 0cm 0.0001pt;font-size: medium;font-family: Calibri, sans-serif\">&nbsp;<\/p>\n<p class=\"MsoNormal\" style=\"margin: 0cm 0cm 0.0001pt;font-size: medium;font-family: Calibri, sans-serif\"><b>E Tosca cosa vorrebbe lasciare?&nbsp;<\/b><\/p>\n<p class=\"MsoNormal\" style=\"margin: 0cm 0cm 0.0001pt;font-size: medium;font-family: Calibri, sans-serif\">Mi piacerebbe lasciare il dono della coerenza, della curiosit\u00e0 e del non omologarsi, dell\u2019essere artista perch\u00e9 essere artista \u00e8 una cosa seria. Molti si sono dimenticati che sono un esempio. Per me non \u00e8 importante nessuna copertina, nessuna classifica, nessuna casa al mare o autografo per strada quanto il fatto che qualcuno possa, guardando il tuo tracciato, tracciarne un altro simile che possa essere importante a livello artistico.<\/p>\n<p class=\"MsoNormal\" style=\"margin: 0cm 0cm 0.0001pt;font-size: medium;font-family: Calibri, sans-serif\">&nbsp;<\/p>\n<p class=\"MsoNormal\" style=\"margin: 0cm 0cm 0.0001pt;font-size: medium;font-family: Calibri, sans-serif\">&nbsp;<\/p>\n<p class=\"MsoNormal\" style=\"margin: 0cm 0cm 0.0001pt;font-size: medium;font-family: Calibri, sans-serif\"><i>Tosca sar\u00e0 ospite stasera alle 21,30 di Ebraica \u2013 Festival Internazionale di Cultura con lo spettacolo \u201cSoldo de Cacio\u201d di Giovanni Clementi. L\u2019appuntamento \u00e8 in collaborazione con la Fondazione Museo della Shoah<\/i><\/p>\n","protected":false},"excerpt":{"rendered":"<p>Si apre stasera la 14\u00b0 edizione di Ebraica \u2013 Festival Internazionale di Cultura, un\u2019edizione che ha come tema centrale \u201cSecond Life\u201d, una seconda vita verso la ripartenza, dopo il periodo di ristrettezze e sacrifici cha ci siamo trovati ad affrontare. E proprio una mascherina \u00e8 al centro del monologo \u201cSoldo de Cacio\u201d, interpretato da Tosca [&hellip;]<\/p>\n","protected":false},"author":37,"featured_media":62859,"comment_status":"open","ping_status":"open","sticky":false,"template":"","format":"standard","meta":{"_acf_changed":false,"_jetpack_memberships_contains_paid_content":false,"footnotes":""},"categories":[7],"tags":[],"class_list":["post-62857","post","type-post","status-publish","format-standard","has-post-thumbnail","hentry","category-cultura"],"acf":[],"yoast_head":"<!-- This site is optimized with the Yoast SEO plugin v26.9 - https:\/\/yoast.com\/product\/yoast-seo-wordpress\/ -->\n<title>Tosca, \u201cSoldo de Cacio\u201d e la responsabilit\u00e0 dell\u2019essere artista - Shalom<\/title>\n<meta name=\"robots\" content=\"index, follow, max-snippet:-1, max-image-preview:large, max-video-preview:-1\" \/>\n<link rel=\"canonical\" href=\"https:\/\/www.shalom.it\/cultura\/tosca-a-soldo-de-cacioa-e-la-responsabilita-della-essere-artista-b1095721\/\" \/>\n<meta property=\"og:locale\" content=\"it_IT\" \/>\n<meta property=\"og:type\" content=\"article\" \/>\n<meta property=\"og:title\" content=\"Tosca, \u201cSoldo de Cacio\u201d e la responsabilit\u00e0 dell\u2019essere artista - Shalom\" \/>\n<meta property=\"og:description\" content=\"Si apre stasera la 14\u00b0 edizione di Ebraica \u2013 Festival Internazionale di Cultura, un\u2019edizione che ha come tema centrale \u201cSecond Life\u201d, una seconda vita verso la ripartenza, dopo il periodo di ristrettezze e sacrifici cha ci siamo trovati ad affrontare. E proprio una mascherina \u00e8 al centro del monologo \u201cSoldo de Cacio\u201d, interpretato da Tosca [&hellip;]\" \/>\n<meta property=\"og:url\" content=\"https:\/\/www.shalom.it\/cultura\/tosca-a-soldo-de-cacioa-e-la-responsabilita-della-essere-artista-b1095721\/\" \/>\n<meta property=\"og:site_name\" content=\"Shalom\" \/>\n<meta property=\"article:published_time\" content=\"2021-06-12T22:00:00+00:00\" \/>\n<meta property=\"article:modified_time\" content=\"2024-05-30T22:46:11+00:00\" \/>\n<meta property=\"og:image\" content=\"https:\/\/www.shalom.it\/wp-content\/uploads\/2021\/08\/tosca-scaled-1.jpg\" \/>\n\t<meta property=\"og:image:width\" content=\"2560\" \/>\n\t<meta property=\"og:image:height\" content=\"1976\" \/>\n\t<meta property=\"og:image:type\" content=\"image\/jpeg\" \/>\n<meta name=\"author\" content=\"Donato Moscati\" \/>\n<meta name=\"twitter:card\" content=\"summary_large_image\" \/>\n<meta name=\"twitter:label1\" content=\"Scritto da\" \/>\n\t<meta name=\"twitter:data1\" content=\"Donato Moscati\" \/>\n\t<meta name=\"twitter:label2\" content=\"Tempo di lettura stimato\" \/>\n\t<meta name=\"twitter:data2\" content=\"6 minuti\" \/>\n<script type=\"application\/ld+json\" class=\"yoast-schema-graph\">{\"@context\":\"https:\/\/schema.org\",\"@graph\":[{\"@type\":\"Article\",\"@id\":\"https:\/\/www.shalom.it\/cultura\/tosca-a-soldo-de-cacioa-e-la-responsabilita-della-essere-artista-b1095721\/#article\",\"isPartOf\":{\"@id\":\"https:\/\/www.shalom.it\/cultura\/tosca-a-soldo-de-cacioa-e-la-responsabilita-della-essere-artista-b1095721\/\"},\"author\":{\"name\":\"Donato Moscati\",\"@id\":\"https:\/\/www.shalom.it\/#\/schema\/person\/13ae4cec9003e7d1f15e729be3eda88f\"},\"headline\":\"Tosca, \u201cSoldo de Cacio\u201d e la responsabilit\u00e0 dell\u2019essere artista\",\"datePublished\":\"2021-06-12T22:00:00+00:00\",\"dateModified\":\"2024-05-30T22:46:11+00:00\",\"mainEntityOfPage\":{\"@id\":\"https:\/\/www.shalom.it\/cultura\/tosca-a-soldo-de-cacioa-e-la-responsabilita-della-essere-artista-b1095721\/\"},\"wordCount\":1287,\"commentCount\":0,\"image\":{\"@id\":\"https:\/\/www.shalom.it\/cultura\/tosca-a-soldo-de-cacioa-e-la-responsabilita-della-essere-artista-b1095721\/#primaryimage\"},\"thumbnailUrl\":\"https:\/\/www.shalom.it\/wp-content\/uploads\/2021\/08\/tosca-scaled-1.jpg\",\"articleSection\":[\"Cultura\"],\"inLanguage\":\"it-IT\"},{\"@type\":\"WebPage\",\"@id\":\"https:\/\/www.shalom.it\/cultura\/tosca-a-soldo-de-cacioa-e-la-responsabilita-della-essere-artista-b1095721\/\",\"url\":\"https:\/\/www.shalom.it\/cultura\/tosca-a-soldo-de-cacioa-e-la-responsabilita-della-essere-artista-b1095721\/\",\"name\":\"Tosca, \u201cSoldo de Cacio\u201d e la responsabilit\u00e0 dell\u2019essere artista - Shalom\",\"isPartOf\":{\"@id\":\"https:\/\/www.shalom.it\/#website\"},\"primaryImageOfPage\":{\"@id\":\"https:\/\/www.shalom.it\/cultura\/tosca-a-soldo-de-cacioa-e-la-responsabilita-della-essere-artista-b1095721\/#primaryimage\"},\"image\":{\"@id\":\"https:\/\/www.shalom.it\/cultura\/tosca-a-soldo-de-cacioa-e-la-responsabilita-della-essere-artista-b1095721\/#primaryimage\"},\"thumbnailUrl\":\"https:\/\/www.shalom.it\/wp-content\/uploads\/2021\/08\/tosca-scaled-1.jpg\",\"datePublished\":\"2021-06-12T22:00:00+00:00\",\"dateModified\":\"2024-05-30T22:46:11+00:00\",\"author\":{\"@id\":\"https:\/\/www.shalom.it\/#\/schema\/person\/13ae4cec9003e7d1f15e729be3eda88f\"},\"breadcrumb\":{\"@id\":\"https:\/\/www.shalom.it\/cultura\/tosca-a-soldo-de-cacioa-e-la-responsabilita-della-essere-artista-b1095721\/#breadcrumb\"},\"inLanguage\":\"it-IT\",\"potentialAction\":[{\"@type\":\"ReadAction\",\"target\":[\"https:\/\/www.shalom.it\/cultura\/tosca-a-soldo-de-cacioa-e-la-responsabilita-della-essere-artista-b1095721\/\"]}]},{\"@type\":\"ImageObject\",\"inLanguage\":\"it-IT\",\"@id\":\"https:\/\/www.shalom.it\/cultura\/tosca-a-soldo-de-cacioa-e-la-responsabilita-della-essere-artista-b1095721\/#primaryimage\",\"url\":\"https:\/\/www.shalom.it\/wp-content\/uploads\/2021\/08\/tosca-scaled-1.jpg\",\"contentUrl\":\"https:\/\/www.shalom.it\/wp-content\/uploads\/2021\/08\/tosca-scaled-1.jpg\",\"width\":2560,\"height\":1976},{\"@type\":\"BreadcrumbList\",\"@id\":\"https:\/\/www.shalom.it\/cultura\/tosca-a-soldo-de-cacioa-e-la-responsabilita-della-essere-artista-b1095721\/#breadcrumb\",\"itemListElement\":[{\"@type\":\"ListItem\",\"position\":1,\"name\":\"Home\",\"item\":\"https:\/\/www.shalom.it\/\"},{\"@type\":\"ListItem\",\"position\":2,\"name\":\"Tosca, \u201cSoldo de Cacio\u201d e la responsabilit\u00e0 dell\u2019essere artista\"}]},{\"@type\":\"WebSite\",\"@id\":\"https:\/\/www.shalom.it\/#website\",\"url\":\"https:\/\/www.shalom.it\/\",\"name\":\"Shalom\",\"description\":\"Il Magazine della comunit\u00e0 ebraica di Roma\",\"potentialAction\":[{\"@type\":\"SearchAction\",\"target\":{\"@type\":\"EntryPoint\",\"urlTemplate\":\"https:\/\/www.shalom.it\/?s={search_term_string}\"},\"query-input\":{\"@type\":\"PropertyValueSpecification\",\"valueRequired\":true,\"valueName\":\"search_term_string\"}}],\"inLanguage\":\"it-IT\"},{\"@type\":\"Person\",\"@id\":\"https:\/\/www.shalom.it\/#\/schema\/person\/13ae4cec9003e7d1f15e729be3eda88f\",\"name\":\"Donato Moscati\",\"url\":\"https:\/\/www.shalom.it\/author\/mdonato\/\"}]}<\/script>\n<!-- \/ Yoast SEO plugin. -->","yoast_head_json":{"title":"Tosca, \u201cSoldo de Cacio\u201d e la responsabilit\u00e0 dell\u2019essere artista - Shalom","robots":{"index":"index","follow":"follow","max-snippet":"max-snippet:-1","max-image-preview":"max-image-preview:large","max-video-preview":"max-video-preview:-1"},"canonical":"https:\/\/www.shalom.it\/cultura\/tosca-a-soldo-de-cacioa-e-la-responsabilita-della-essere-artista-b1095721\/","og_locale":"it_IT","og_type":"article","og_title":"Tosca, \u201cSoldo de Cacio\u201d e la responsabilit\u00e0 dell\u2019essere artista - Shalom","og_description":"Si apre stasera la 14\u00b0 edizione di Ebraica \u2013 Festival Internazionale di Cultura, un\u2019edizione che ha come tema centrale \u201cSecond Life\u201d, una seconda vita verso la ripartenza, dopo il periodo di ristrettezze e sacrifici cha ci siamo trovati ad affrontare. E proprio una mascherina \u00e8 al centro del monologo \u201cSoldo de Cacio\u201d, interpretato da Tosca [&hellip;]","og_url":"https:\/\/www.shalom.it\/cultura\/tosca-a-soldo-de-cacioa-e-la-responsabilita-della-essere-artista-b1095721\/","og_site_name":"Shalom","article_published_time":"2021-06-12T22:00:00+00:00","article_modified_time":"2024-05-30T22:46:11+00:00","og_image":[{"width":2560,"height":1976,"url":"https:\/\/www.shalom.it\/wp-content\/uploads\/2021\/08\/tosca-scaled-1.jpg","type":"image\/jpeg"}],"author":"Donato Moscati","twitter_card":"summary_large_image","twitter_misc":{"Scritto da":"Donato Moscati","Tempo di lettura stimato":"6 minuti"},"schema":{"@context":"https:\/\/schema.org","@graph":[{"@type":"Article","@id":"https:\/\/www.shalom.it\/cultura\/tosca-a-soldo-de-cacioa-e-la-responsabilita-della-essere-artista-b1095721\/#article","isPartOf":{"@id":"https:\/\/www.shalom.it\/cultura\/tosca-a-soldo-de-cacioa-e-la-responsabilita-della-essere-artista-b1095721\/"},"author":{"name":"Donato Moscati","@id":"https:\/\/www.shalom.it\/#\/schema\/person\/13ae4cec9003e7d1f15e729be3eda88f"},"headline":"Tosca, \u201cSoldo de Cacio\u201d e la responsabilit\u00e0 dell\u2019essere artista","datePublished":"2021-06-12T22:00:00+00:00","dateModified":"2024-05-30T22:46:11+00:00","mainEntityOfPage":{"@id":"https:\/\/www.shalom.it\/cultura\/tosca-a-soldo-de-cacioa-e-la-responsabilita-della-essere-artista-b1095721\/"},"wordCount":1287,"commentCount":0,"image":{"@id":"https:\/\/www.shalom.it\/cultura\/tosca-a-soldo-de-cacioa-e-la-responsabilita-della-essere-artista-b1095721\/#primaryimage"},"thumbnailUrl":"https:\/\/www.shalom.it\/wp-content\/uploads\/2021\/08\/tosca-scaled-1.jpg","articleSection":["Cultura"],"inLanguage":"it-IT"},{"@type":"WebPage","@id":"https:\/\/www.shalom.it\/cultura\/tosca-a-soldo-de-cacioa-e-la-responsabilita-della-essere-artista-b1095721\/","url":"https:\/\/www.shalom.it\/cultura\/tosca-a-soldo-de-cacioa-e-la-responsabilita-della-essere-artista-b1095721\/","name":"Tosca, \u201cSoldo de Cacio\u201d e la responsabilit\u00e0 dell\u2019essere artista - Shalom","isPartOf":{"@id":"https:\/\/www.shalom.it\/#website"},"primaryImageOfPage":{"@id":"https:\/\/www.shalom.it\/cultura\/tosca-a-soldo-de-cacioa-e-la-responsabilita-della-essere-artista-b1095721\/#primaryimage"},"image":{"@id":"https:\/\/www.shalom.it\/cultura\/tosca-a-soldo-de-cacioa-e-la-responsabilita-della-essere-artista-b1095721\/#primaryimage"},"thumbnailUrl":"https:\/\/www.shalom.it\/wp-content\/uploads\/2021\/08\/tosca-scaled-1.jpg","datePublished":"2021-06-12T22:00:00+00:00","dateModified":"2024-05-30T22:46:11+00:00","author":{"@id":"https:\/\/www.shalom.it\/#\/schema\/person\/13ae4cec9003e7d1f15e729be3eda88f"},"breadcrumb":{"@id":"https:\/\/www.shalom.it\/cultura\/tosca-a-soldo-de-cacioa-e-la-responsabilita-della-essere-artista-b1095721\/#breadcrumb"},"inLanguage":"it-IT","potentialAction":[{"@type":"ReadAction","target":["https:\/\/www.shalom.it\/cultura\/tosca-a-soldo-de-cacioa-e-la-responsabilita-della-essere-artista-b1095721\/"]}]},{"@type":"ImageObject","inLanguage":"it-IT","@id":"https:\/\/www.shalom.it\/cultura\/tosca-a-soldo-de-cacioa-e-la-responsabilita-della-essere-artista-b1095721\/#primaryimage","url":"https:\/\/www.shalom.it\/wp-content\/uploads\/2021\/08\/tosca-scaled-1.jpg","contentUrl":"https:\/\/www.shalom.it\/wp-content\/uploads\/2021\/08\/tosca-scaled-1.jpg","width":2560,"height":1976},{"@type":"BreadcrumbList","@id":"https:\/\/www.shalom.it\/cultura\/tosca-a-soldo-de-cacioa-e-la-responsabilita-della-essere-artista-b1095721\/#breadcrumb","itemListElement":[{"@type":"ListItem","position":1,"name":"Home","item":"https:\/\/www.shalom.it\/"},{"@type":"ListItem","position":2,"name":"Tosca, \u201cSoldo de Cacio\u201d e la responsabilit\u00e0 dell\u2019essere artista"}]},{"@type":"WebSite","@id":"https:\/\/www.shalom.it\/#website","url":"https:\/\/www.shalom.it\/","name":"Shalom","description":"Il Magazine della comunit\u00e0 ebraica di Roma","potentialAction":[{"@type":"SearchAction","target":{"@type":"EntryPoint","urlTemplate":"https:\/\/www.shalom.it\/?s={search_term_string}"},"query-input":{"@type":"PropertyValueSpecification","valueRequired":true,"valueName":"search_term_string"}}],"inLanguage":"it-IT"},{"@type":"Person","@id":"https:\/\/www.shalom.it\/#\/schema\/person\/13ae4cec9003e7d1f15e729be3eda88f","name":"Donato Moscati","url":"https:\/\/www.shalom.it\/author\/mdonato\/"}]}},"jetpack_featured_media_url":"https:\/\/www.shalom.it\/wp-content\/uploads\/2021\/08\/tosca-scaled-1.jpg","jetpack_sharing_enabled":true,"_links":{"self":[{"href":"https:\/\/www.shalom.it\/wp-json\/wp\/v2\/posts\/62857","targetHints":{"allow":["GET"]}}],"collection":[{"href":"https:\/\/www.shalom.it\/wp-json\/wp\/v2\/posts"}],"about":[{"href":"https:\/\/www.shalom.it\/wp-json\/wp\/v2\/types\/post"}],"author":[{"embeddable":true,"href":"https:\/\/www.shalom.it\/wp-json\/wp\/v2\/users\/37"}],"replies":[{"embeddable":true,"href":"https:\/\/www.shalom.it\/wp-json\/wp\/v2\/comments?post=62857"}],"version-history":[{"count":1,"href":"https:\/\/www.shalom.it\/wp-json\/wp\/v2\/posts\/62857\/revisions"}],"predecessor-version":[{"id":62858,"href":"https:\/\/www.shalom.it\/wp-json\/wp\/v2\/posts\/62857\/revisions\/62858"}],"wp:featuredmedia":[{"embeddable":true,"href":"https:\/\/www.shalom.it\/wp-json\/wp\/v2\/media\/62859"}],"wp:attachment":[{"href":"https:\/\/www.shalom.it\/wp-json\/wp\/v2\/media?parent=62857"}],"wp:term":[{"taxonomy":"category","embeddable":true,"href":"https:\/\/www.shalom.it\/wp-json\/wp\/v2\/categories?post=62857"},{"taxonomy":"post_tag","embeddable":true,"href":"https:\/\/www.shalom.it\/wp-json\/wp\/v2\/tags?post=62857"}],"curies":[{"name":"wp","href":"https:\/\/api.w.org\/{rel}","templated":true}]}}