{"id":61643,"date":"2021-03-19T00:00:00","date_gmt":"2021-03-18T23:00:00","guid":{"rendered":"https:\/\/www.shalom.it\/senza-categoria\/le-storie-della-creazione-e-del-popolo-ebraico-raccontate-ai-bambini-b1091691\/"},"modified":"2024-05-31T00:45:15","modified_gmt":"2024-05-30T22:45:15","slug":"le-storie-della-creazione-e-del-popolo-ebraico-raccontate-ai-bambini-b1091691","status":"publish","type":"post","link":"https:\/\/www.shalom.it\/italia\/le-storie-della-creazione-e-del-popolo-ebraico-raccontate-ai-bambini-b1091691\/","title":{"rendered":"Le storie della Creazione e del popolo ebraico raccontate ai bambini"},"content":{"rendered":"<p class=\"p1\" style=\"margin-bottom: 0px;line-height: normal\"><span>L\u2019uomo \u00e8 un essere temporale: ha un inizio nel tempo e nel tempo ha una fine. Allo stesso modo la creazione ha un principio e tende verso quella conclusione che \u00e8 il compimento del suo significato ed il passaggio ad un\u2019altra dimensione della realt\u00e0. Ci muoviamo nel tempo, con delle fermate che si ripetono ma che assumono ogni volta un significato diverso: perch\u00e9 siamo ogni giorno diversi e perch\u00e9 reinterpretiamo in prospettiva nuova ci\u00f2 che ricompare nella nostra vita. Coniughiamo in questo modo la linea, il tempo che scorre in una direzione come una freccia, ed il cerchio, il tempo che torna sempre sui suoi passi.<\/span><\/p>\n<p class=\"p1\" style=\"margin-bottom: 0px;line-height: normal\"><span class=\"s1\">L\u2019ebreo cammina lungo questi due binari, non proprio paralleli, che lo conducono alla costruzione della sua identit\u00e0 come membro del popolo di Israele e come parte dell\u2019umanit\u00e0: senza celebrazioni, che sono dei segnatempo, non c\u2019\u00e8 l\u2019ebreo; senza capacit\u00e0 di rivivere annualmente gli eventi passati, in una sempre rinnovata prospettiva esistenziale, non c\u2019\u00e8 popolo ebraico; senza percorrere le tappe di una singola vita, non c\u2019\u00e8 individuo nella collettivit\u00e0. \u00c8 una scommessa alla quale non ci si pu\u00f2 sottrarre se si vuole dare un senso alla propria esistenza.<\/span><\/p>\n<p class=\"p1\" style=\"margin-bottom: 0px;line-height: normal\"><span class=\"s1\">Il libro \u201cLe mie feste ebraiche\u201d (di Giuditta Di Segni e illustrazioni di Lia Frassineti), \u00e8 destinato ai bambini e &#8211; come scrive nella prefazione il rabbino Benedetto Carucci Viterbo &#8211; \u201caccetta la scommessa con l\u2019obiettivo di rendere semplice un pensiero cos\u00ec complesso: illustra il ciclo annuale delle festivit\u00e0 ebraiche, e quello della vita, presentandone in dialogo i simboli ed i protagonisti. L\u2019operazione \u00e8 impegnativa, come tutte le semplificazioni significative e di spessore, ma il risultato \u00e8 brillante. Sar\u00e0 uno strumento prezioso di conoscenza e di riflessione sulla formazione di una identit\u00e0 che \u00e8, come tutte le identit\u00e0, allo stesso tempo particolare ed universale\u201d.<\/span><\/p>\n<p class=\"p1\" style=\"margin-bottom: 0px;line-height: normal\"><span class=\"s1\">\u00c8 quindi un libro che aiuter\u00e0 i bambini ebrei a comprendere meglio il senso<\/span><\/p>\n<p class=\"p1\" style=\"margin-bottom: 0px;line-height: normal\"><span class=\"s1\">delle feste divertendosi e risponder\u00e0 a molte curiosit\u00e0 dei non ebrei: racconta infatti in modo semplice ma profondo il senso delle festivit\u00e0 ebraiche e la loro antichissima storia. Tra regine e servitori, soldati ed eroi si descrivono eventi biblici incredibili:<\/span><\/p>\n<p class=\"p1\" style=\"margin-bottom: 0px;line-height: normal\"><span class=\"s1\">la Creazione del mondo, la liberazione degli Ebrei dalla schiavit\u00f9 d&#8217;Egitto, il dono delle Tavole della Legge, il miracolo di un&#8217;ampollina d&#8217;olio piccolissima che don\u00f2 la luce per tanti giorni. Il testo, ricco di racconti e storie, \u00e8 ulteriormente arricchito da illustrazioni divertenti e colorate per coinvolgere tanto i bambini quanto gli adulti.<\/span><\/p>\n","protected":false},"excerpt":{"rendered":"<p>L\u2019uomo \u00e8 un essere temporale: ha un inizio nel tempo e nel tempo ha una fine. Allo stesso modo la creazione ha un principio e tende verso quella conclusione che \u00e8 il compimento del suo significato ed il passaggio ad un\u2019altra dimensione della realt\u00e0. Ci muoviamo nel tempo, con delle fermate che si ripetono ma [&hellip;]<\/p>\n","protected":false},"author":8,"featured_media":61644,"comment_status":"open","ping_status":"open","sticky":false,"template":"","format":"standard","meta":{"_acf_changed":false,"_jetpack_memberships_contains_paid_content":false,"footnotes":""},"categories":[3],"tags":[],"class_list":["post-61643","post","type-post","status-publish","format-standard","has-post-thumbnail","hentry","category-italia"],"acf":[],"yoast_head":"<!-- This site is optimized with the Yoast SEO plugin v26.9 - https:\/\/yoast.com\/product\/yoast-seo-wordpress\/ -->\n<title>Le storie della Creazione e del popolo ebraico raccontate ai bambini - Shalom<\/title>\n<meta name=\"robots\" content=\"index, follow, max-snippet:-1, max-image-preview:large, max-video-preview:-1\" \/>\n<link rel=\"canonical\" href=\"https:\/\/www.shalom.it\/italia\/le-storie-della-creazione-e-del-popolo-ebraico-raccontate-ai-bambini-b1091691\/\" \/>\n<meta property=\"og:locale\" content=\"it_IT\" \/>\n<meta property=\"og:type\" content=\"article\" \/>\n<meta property=\"og:title\" content=\"Le storie della Creazione e del popolo ebraico raccontate ai bambini - Shalom\" \/>\n<meta property=\"og:description\" content=\"L\u2019uomo \u00e8 un essere temporale: ha un inizio nel tempo e nel tempo ha una fine. Allo stesso modo la creazione ha un principio e tende verso quella conclusione che \u00e8 il compimento del suo significato ed il passaggio ad un\u2019altra dimensione della realt\u00e0. Ci muoviamo nel tempo, con delle fermate che si ripetono ma [&hellip;]\" \/>\n<meta property=\"og:url\" content=\"https:\/\/www.shalom.it\/italia\/le-storie-della-creazione-e-del-popolo-ebraico-raccontate-ai-bambini-b1091691\/\" \/>\n<meta property=\"og:site_name\" content=\"Shalom\" \/>\n<meta property=\"article:published_time\" content=\"2021-03-18T23:00:00+00:00\" \/>\n<meta property=\"article:modified_time\" content=\"2024-05-30T22:45:15+00:00\" \/>\n<meta property=\"og:image\" content=\"https:\/\/www.shalom.it\/wp-content\/uploads\/2021\/08\/7276B366-7BA2-4F62-AF08-255115C26BF8.jpeg\" \/>\n\t<meta property=\"og:image:width\" content=\"1270\" \/>\n\t<meta property=\"og:image:height\" content=\"1642\" \/>\n\t<meta property=\"og:image:type\" content=\"image\/jpeg\" \/>\n<meta name=\"author\" content=\"Giacomo\" \/>\n<meta name=\"twitter:card\" content=\"summary_large_image\" \/>\n<meta name=\"twitter:label1\" content=\"Scritto da\" \/>\n\t<meta name=\"twitter:data1\" content=\"Giacomo\" \/>\n\t<meta name=\"twitter:label2\" content=\"Tempo di lettura stimato\" \/>\n\t<meta name=\"twitter:data2\" content=\"2 minuti\" \/>\n<script type=\"application\/ld+json\" class=\"yoast-schema-graph\">{\"@context\":\"https:\/\/schema.org\",\"@graph\":[{\"@type\":\"Article\",\"@id\":\"https:\/\/www.shalom.it\/italia\/le-storie-della-creazione-e-del-popolo-ebraico-raccontate-ai-bambini-b1091691\/#article\",\"isPartOf\":{\"@id\":\"https:\/\/www.shalom.it\/italia\/le-storie-della-creazione-e-del-popolo-ebraico-raccontate-ai-bambini-b1091691\/\"},\"author\":{\"name\":\"Giacomo\",\"@id\":\"https:\/\/www.shalom.it\/#\/schema\/person\/a78c7bd7fcd2e2e9a622107e235231a3\"},\"headline\":\"Le storie della Creazione e del popolo ebraico raccontate ai bambini\",\"datePublished\":\"2021-03-18T23:00:00+00:00\",\"dateModified\":\"2024-05-30T22:45:15+00:00\",\"mainEntityOfPage\":{\"@id\":\"https:\/\/www.shalom.it\/italia\/le-storie-della-creazione-e-del-popolo-ebraico-raccontate-ai-bambini-b1091691\/\"},\"wordCount\":415,\"commentCount\":0,\"image\":{\"@id\":\"https:\/\/www.shalom.it\/italia\/le-storie-della-creazione-e-del-popolo-ebraico-raccontate-ai-bambini-b1091691\/#primaryimage\"},\"thumbnailUrl\":\"https:\/\/www.shalom.it\/wp-content\/uploads\/2021\/08\/7276B366-7BA2-4F62-AF08-255115C26BF8.jpeg\",\"articleSection\":[\"ITALIA\"],\"inLanguage\":\"it-IT\"},{\"@type\":\"WebPage\",\"@id\":\"https:\/\/www.shalom.it\/italia\/le-storie-della-creazione-e-del-popolo-ebraico-raccontate-ai-bambini-b1091691\/\",\"url\":\"https:\/\/www.shalom.it\/italia\/le-storie-della-creazione-e-del-popolo-ebraico-raccontate-ai-bambini-b1091691\/\",\"name\":\"Le storie della Creazione e del popolo ebraico raccontate ai bambini - Shalom\",\"isPartOf\":{\"@id\":\"https:\/\/www.shalom.it\/#website\"},\"primaryImageOfPage\":{\"@id\":\"https:\/\/www.shalom.it\/italia\/le-storie-della-creazione-e-del-popolo-ebraico-raccontate-ai-bambini-b1091691\/#primaryimage\"},\"image\":{\"@id\":\"https:\/\/www.shalom.it\/italia\/le-storie-della-creazione-e-del-popolo-ebraico-raccontate-ai-bambini-b1091691\/#primaryimage\"},\"thumbnailUrl\":\"https:\/\/www.shalom.it\/wp-content\/uploads\/2021\/08\/7276B366-7BA2-4F62-AF08-255115C26BF8.jpeg\",\"datePublished\":\"2021-03-18T23:00:00+00:00\",\"dateModified\":\"2024-05-30T22:45:15+00:00\",\"author\":{\"@id\":\"https:\/\/www.shalom.it\/#\/schema\/person\/a78c7bd7fcd2e2e9a622107e235231a3\"},\"breadcrumb\":{\"@id\":\"https:\/\/www.shalom.it\/italia\/le-storie-della-creazione-e-del-popolo-ebraico-raccontate-ai-bambini-b1091691\/#breadcrumb\"},\"inLanguage\":\"it-IT\",\"potentialAction\":[{\"@type\":\"ReadAction\",\"target\":[\"https:\/\/www.shalom.it\/italia\/le-storie-della-creazione-e-del-popolo-ebraico-raccontate-ai-bambini-b1091691\/\"]}]},{\"@type\":\"ImageObject\",\"inLanguage\":\"it-IT\",\"@id\":\"https:\/\/www.shalom.it\/italia\/le-storie-della-creazione-e-del-popolo-ebraico-raccontate-ai-bambini-b1091691\/#primaryimage\",\"url\":\"https:\/\/www.shalom.it\/wp-content\/uploads\/2021\/08\/7276B366-7BA2-4F62-AF08-255115C26BF8.jpeg\",\"contentUrl\":\"https:\/\/www.shalom.it\/wp-content\/uploads\/2021\/08\/7276B366-7BA2-4F62-AF08-255115C26BF8.jpeg\",\"width\":1270,\"height\":1642},{\"@type\":\"BreadcrumbList\",\"@id\":\"https:\/\/www.shalom.it\/italia\/le-storie-della-creazione-e-del-popolo-ebraico-raccontate-ai-bambini-b1091691\/#breadcrumb\",\"itemListElement\":[{\"@type\":\"ListItem\",\"position\":1,\"name\":\"Home\",\"item\":\"https:\/\/www.shalom.it\/\"},{\"@type\":\"ListItem\",\"position\":2,\"name\":\"Le storie della Creazione e del popolo ebraico raccontate ai bambini\"}]},{\"@type\":\"WebSite\",\"@id\":\"https:\/\/www.shalom.it\/#website\",\"url\":\"https:\/\/www.shalom.it\/\",\"name\":\"Shalom\",\"description\":\"Il Magazine della comunit\u00e0 ebraica di Roma\",\"potentialAction\":[{\"@type\":\"SearchAction\",\"target\":{\"@type\":\"EntryPoint\",\"urlTemplate\":\"https:\/\/www.shalom.it\/?s={search_term_string}\"},\"query-input\":{\"@type\":\"PropertyValueSpecification\",\"valueRequired\":true,\"valueName\":\"search_term_string\"}}],\"inLanguage\":\"it-IT\"},{\"@type\":\"Person\",\"@id\":\"https:\/\/www.shalom.it\/#\/schema\/person\/a78c7bd7fcd2e2e9a622107e235231a3\",\"name\":\"Giacomo\",\"url\":\"https:\/\/www.shalom.it\/author\/giacomo\/\"}]}<\/script>\n<!-- \/ Yoast SEO plugin. -->","yoast_head_json":{"title":"Le storie della Creazione e del popolo ebraico raccontate ai bambini - Shalom","robots":{"index":"index","follow":"follow","max-snippet":"max-snippet:-1","max-image-preview":"max-image-preview:large","max-video-preview":"max-video-preview:-1"},"canonical":"https:\/\/www.shalom.it\/italia\/le-storie-della-creazione-e-del-popolo-ebraico-raccontate-ai-bambini-b1091691\/","og_locale":"it_IT","og_type":"article","og_title":"Le storie della Creazione e del popolo ebraico raccontate ai bambini - Shalom","og_description":"L\u2019uomo \u00e8 un essere temporale: ha un inizio nel tempo e nel tempo ha una fine. Allo stesso modo la creazione ha un principio e tende verso quella conclusione che \u00e8 il compimento del suo significato ed il passaggio ad un\u2019altra dimensione della realt\u00e0. Ci muoviamo nel tempo, con delle fermate che si ripetono ma [&hellip;]","og_url":"https:\/\/www.shalom.it\/italia\/le-storie-della-creazione-e-del-popolo-ebraico-raccontate-ai-bambini-b1091691\/","og_site_name":"Shalom","article_published_time":"2021-03-18T23:00:00+00:00","article_modified_time":"2024-05-30T22:45:15+00:00","og_image":[{"width":1270,"height":1642,"url":"https:\/\/www.shalom.it\/wp-content\/uploads\/2021\/08\/7276B366-7BA2-4F62-AF08-255115C26BF8.jpeg","type":"image\/jpeg"}],"author":"Giacomo","twitter_card":"summary_large_image","twitter_misc":{"Scritto da":"Giacomo","Tempo di lettura stimato":"2 minuti"},"schema":{"@context":"https:\/\/schema.org","@graph":[{"@type":"Article","@id":"https:\/\/www.shalom.it\/italia\/le-storie-della-creazione-e-del-popolo-ebraico-raccontate-ai-bambini-b1091691\/#article","isPartOf":{"@id":"https:\/\/www.shalom.it\/italia\/le-storie-della-creazione-e-del-popolo-ebraico-raccontate-ai-bambini-b1091691\/"},"author":{"name":"Giacomo","@id":"https:\/\/www.shalom.it\/#\/schema\/person\/a78c7bd7fcd2e2e9a622107e235231a3"},"headline":"Le storie della Creazione e del popolo ebraico raccontate ai bambini","datePublished":"2021-03-18T23:00:00+00:00","dateModified":"2024-05-30T22:45:15+00:00","mainEntityOfPage":{"@id":"https:\/\/www.shalom.it\/italia\/le-storie-della-creazione-e-del-popolo-ebraico-raccontate-ai-bambini-b1091691\/"},"wordCount":415,"commentCount":0,"image":{"@id":"https:\/\/www.shalom.it\/italia\/le-storie-della-creazione-e-del-popolo-ebraico-raccontate-ai-bambini-b1091691\/#primaryimage"},"thumbnailUrl":"https:\/\/www.shalom.it\/wp-content\/uploads\/2021\/08\/7276B366-7BA2-4F62-AF08-255115C26BF8.jpeg","articleSection":["ITALIA"],"inLanguage":"it-IT"},{"@type":"WebPage","@id":"https:\/\/www.shalom.it\/italia\/le-storie-della-creazione-e-del-popolo-ebraico-raccontate-ai-bambini-b1091691\/","url":"https:\/\/www.shalom.it\/italia\/le-storie-della-creazione-e-del-popolo-ebraico-raccontate-ai-bambini-b1091691\/","name":"Le storie della Creazione e del popolo ebraico raccontate ai bambini - Shalom","isPartOf":{"@id":"https:\/\/www.shalom.it\/#website"},"primaryImageOfPage":{"@id":"https:\/\/www.shalom.it\/italia\/le-storie-della-creazione-e-del-popolo-ebraico-raccontate-ai-bambini-b1091691\/#primaryimage"},"image":{"@id":"https:\/\/www.shalom.it\/italia\/le-storie-della-creazione-e-del-popolo-ebraico-raccontate-ai-bambini-b1091691\/#primaryimage"},"thumbnailUrl":"https:\/\/www.shalom.it\/wp-content\/uploads\/2021\/08\/7276B366-7BA2-4F62-AF08-255115C26BF8.jpeg","datePublished":"2021-03-18T23:00:00+00:00","dateModified":"2024-05-30T22:45:15+00:00","author":{"@id":"https:\/\/www.shalom.it\/#\/schema\/person\/a78c7bd7fcd2e2e9a622107e235231a3"},"breadcrumb":{"@id":"https:\/\/www.shalom.it\/italia\/le-storie-della-creazione-e-del-popolo-ebraico-raccontate-ai-bambini-b1091691\/#breadcrumb"},"inLanguage":"it-IT","potentialAction":[{"@type":"ReadAction","target":["https:\/\/www.shalom.it\/italia\/le-storie-della-creazione-e-del-popolo-ebraico-raccontate-ai-bambini-b1091691\/"]}]},{"@type":"ImageObject","inLanguage":"it-IT","@id":"https:\/\/www.shalom.it\/italia\/le-storie-della-creazione-e-del-popolo-ebraico-raccontate-ai-bambini-b1091691\/#primaryimage","url":"https:\/\/www.shalom.it\/wp-content\/uploads\/2021\/08\/7276B366-7BA2-4F62-AF08-255115C26BF8.jpeg","contentUrl":"https:\/\/www.shalom.it\/wp-content\/uploads\/2021\/08\/7276B366-7BA2-4F62-AF08-255115C26BF8.jpeg","width":1270,"height":1642},{"@type":"BreadcrumbList","@id":"https:\/\/www.shalom.it\/italia\/le-storie-della-creazione-e-del-popolo-ebraico-raccontate-ai-bambini-b1091691\/#breadcrumb","itemListElement":[{"@type":"ListItem","position":1,"name":"Home","item":"https:\/\/www.shalom.it\/"},{"@type":"ListItem","position":2,"name":"Le storie della Creazione e del popolo ebraico raccontate ai bambini"}]},{"@type":"WebSite","@id":"https:\/\/www.shalom.it\/#website","url":"https:\/\/www.shalom.it\/","name":"Shalom","description":"Il Magazine della comunit\u00e0 ebraica di Roma","potentialAction":[{"@type":"SearchAction","target":{"@type":"EntryPoint","urlTemplate":"https:\/\/www.shalom.it\/?s={search_term_string}"},"query-input":{"@type":"PropertyValueSpecification","valueRequired":true,"valueName":"search_term_string"}}],"inLanguage":"it-IT"},{"@type":"Person","@id":"https:\/\/www.shalom.it\/#\/schema\/person\/a78c7bd7fcd2e2e9a622107e235231a3","name":"Giacomo","url":"https:\/\/www.shalom.it\/author\/giacomo\/"}]}},"jetpack_featured_media_url":"https:\/\/www.shalom.it\/wp-content\/uploads\/2021\/08\/7276B366-7BA2-4F62-AF08-255115C26BF8.jpeg","jetpack_sharing_enabled":true,"_links":{"self":[{"href":"https:\/\/www.shalom.it\/wp-json\/wp\/v2\/posts\/61643","targetHints":{"allow":["GET"]}}],"collection":[{"href":"https:\/\/www.shalom.it\/wp-json\/wp\/v2\/posts"}],"about":[{"href":"https:\/\/www.shalom.it\/wp-json\/wp\/v2\/types\/post"}],"author":[{"embeddable":true,"href":"https:\/\/www.shalom.it\/wp-json\/wp\/v2\/users\/8"}],"replies":[{"embeddable":true,"href":"https:\/\/www.shalom.it\/wp-json\/wp\/v2\/comments?post=61643"}],"version-history":[{"count":1,"href":"https:\/\/www.shalom.it\/wp-json\/wp\/v2\/posts\/61643\/revisions"}],"predecessor-version":[{"id":61645,"href":"https:\/\/www.shalom.it\/wp-json\/wp\/v2\/posts\/61643\/revisions\/61645"}],"wp:featuredmedia":[{"embeddable":true,"href":"https:\/\/www.shalom.it\/wp-json\/wp\/v2\/media\/61644"}],"wp:attachment":[{"href":"https:\/\/www.shalom.it\/wp-json\/wp\/v2\/media?parent=61643"}],"wp:term":[{"taxonomy":"category","embeddable":true,"href":"https:\/\/www.shalom.it\/wp-json\/wp\/v2\/categories?post=61643"},{"taxonomy":"post_tag","embeddable":true,"href":"https:\/\/www.shalom.it\/wp-json\/wp\/v2\/tags?post=61643"}],"curies":[{"name":"wp","href":"https:\/\/api.w.org\/{rel}","templated":true}]}}