{"id":6053,"date":"2019-04-05T00:00:00","date_gmt":"2019-04-04T22:00:00","guid":{"rendered":"https:\/\/www.shalom.it\/senza-categoria\/fosse-ardeatine-cerimonia-religiosa-della-comunita-ebraica-b393961\/"},"modified":"2024-05-31T00:20:17","modified_gmt":"2024-05-30T22:20:17","slug":"fosse-ardeatine-cerimonia-religiosa-della-comunita-ebraica-b393961","status":"publish","type":"post","link":"https:\/\/www.shalom.it\/roma-ebraica\/fosse-ardeatine-cerimonia-religiosa-della-comunita-ebraica-b393961\/","title":{"rendered":"Fosse Ardeatine: cerimonia religiosa della Comunit\u00e0 ebraica"},"content":{"rendered":"<p class=\"MsoNormal\" data-removefontsize=\"true\" data-originalcomputedfontsize=\"16\">Roma 23 marzo 1944: una bomba \u2013 posta i partigiani del Gap &#8211; esplode improvvisamente in via Rasella, al passaggio di un drappello di soldati SS. Muoiono 33 nazisti. Scatta immediatamente la rappresaglia del comando tedesco che occupa la citt\u00e0: per ogni tedesco ucciso pagheranno con la vita dieci italiani, scelti tra i detenuti politici e comuni di Regina Coeli e del carcere di via Tasso. A compilare personalmente la lista dei \u2018condannati\u2019 furono il comandante delle SS Herbert Kappler e il suo vice Erich Pribke che inclusero nella lista i prigionieri che erano gi\u00e0 stati condannati a morte, all&#8217;ergastolo o che erano sotto processo per reati passibili di condanna capitale. Verificato che il numero dei prigionieri detenuti nel carcere tedesco di via Tasso era insufficiente a completare la lista dei 330 italiani da fucilare per rappresaglia, fu chiamato il questore fascista Pietro Caruso che complet\u00f2 l\u2019elenco inserendo detenuti di Regina Coeli ed ebrei romani che erano stati fermati o arrestati.<\/p>\n<p class=\"MsoNormal\" data-removefontsize=\"true\" data-originalcomputedfontsize=\"16\">Il giorno successivo &#8211; il 24 marzo 1944 &#8211; le vittime designate (che per un errore erano diventate 335) con camion militari coperti furono portate alle cave di tufo lungo la via Ardeatina, situate tra le catacombe di Domitilla e di S. Callisto sulla via Ardeatina. I prigionieri, suddivisi in gruppi di cinque, vennero condotti nelle gallerie dove vennero fatte inginocchiare ed uccise con un colpo di pistola dall&#8217;alto in basso all&#8217;altezza del collo; alla fine, per accelerare i tempi, si decise di far salire le vittime e gli esecutori sopra lo strato di cadaveri e si formarono pile di corpi. Al termine della strage, per nascondere l\u2019eccidio, le cave e l\u2019ingresso furono fatte saltare con la dinamite.<\/p>\n<p class=\"MsoNormal\" data-removefontsize=\"true\" data-originalcomputedfontsize=\"16\">Nel calendario ebraico quel terribile 23 marzo 1944 corrispondeva al 29 di Adar 5704.<\/p>\n<p class=\"MsoNormal\" data-removefontsize=\"true\" data-originalcomputedfontsize=\"16\">Ogni anno nella ricorrenza ebraica di quel giorno, la Comunit\u00e0 ebraica di Roma si riunisce per commemorare, con la liturgia dei defunti, i 75 ebrei romani trucidati.<\/p>\n<p class=\"MsoNormal\" data-removefontsize=\"true\" data-originalcomputedfontsize=\"16\">Delle 335 vittime la pi\u00f9 giovane e la pi\u00f9 anziana erano ebrei: Michele Di Veroli (15 anni) e Mos\u00e8 Di Consiglio (74 anni).<\/p>\n<p class=\"MsoNormal\" data-removefontsize=\"true\" data-originalcomputedfontsize=\"16\">Nelle Fosse Ardeatine i nazisti distrussero interi nuclei familiari ebraici: uccisero i padri con i figli (Bruno e Umberto Bucci, Attilio e Michele Di Veroli, Angelo e Pacifico Sonnino, Mos\u00e8 con Salomone e Cesare Di Veroli, con tre nipoti Marco Santoro e Franco e il genero Angelo Di Castro); uccise i fratelli con i fratelli (Davide e Giovanni Limentani, Cesare e Renato Mieli, Tullio e Ugo Milano).<\/p>\n<p class=\"MsoNormal\" data-removefontsize=\"true\" data-originalcomputedfontsize=\"16\">Dell\u2019enormit\u00e0 del massacro non ci si rese conto subito, ma solo quando furono recuperati e identificati i corpi delle vittime (grazie al lavoro svolto dal Professor Attilio Ascarelli che diresse la commissione medico-legale).<\/p>\n<p class=\"MsoNormal\" data-removefontsize=\"true\" data-originalcomputedfontsize=\"16\">Pochi mesi dopo l\u2019eccidio, Pietro Carretta fu arrestato mentre cercava di fuggire e, dopo un processo con l\u2019accusa di collaborazionismo fu giustiziato il 22 settembre 1944 nel cortile del Forte Bravetta a Roma.<\/p>\n<p class=\"MsoNormal\" data-removefontsize=\"true\" data-originalcomputedfontsize=\"16\">Nel 1947 Kappler, che era stato arrestato dagli inglesi, fu processato e condannato all\u2019ergastolo da un tribunale militare italiano. Rinchiuso nel carcere di Gaeta, nel 1976 fu trasferito all\u2019ospedale militare del Celio per motivi di salute. Da qui per\u00f2 evase, con l\u2019aiuto della moglie, il 15 agosto 1977, provocando un enorme scandalo e le dimissioni dell\u2019allora ministro della Difesa V. Lattanzio. Malato terminale di cancro, Kappler mor\u00ec un anno dopo in Germania.<\/p>\n<p class=\"MsoNormal\" data-removefontsize=\"true\" data-originalcomputedfontsize=\"16\">Nel 1948, un tribunale militare italiano condann\u00f2 anche Herbert Kappler all\u2019ergastolo per il ruolo avuto nell\u2019eccidio. Nel 1977, la moglie di Kappler riusc\u00ec a far fuggire il marito, Le autorit\u00e0 dell\u2019allora Repubblica Federale Tedesca si rifiutarono di estradare Kappler a causa della sua salute ed egli mor\u00ec l\u2019anno seguente.<\/p>\n<p class=\"MsoNormal\" data-removefontsize=\"true\" data-originalcomputedfontsize=\"16\">Erich Priebke fu arrestato in Argentina ed estradato in Italia solo nel 1995. Fu processato per l\u2019eccidio nel 1996, ma il tribunale militare giudic\u00f2 il reato estinto, suscitando le proteste dei familiari delle vittime e sdegno nell\u2019opinione pubblica. Condannato all\u2019ergastolo dalla Corte d\u2019appello (1998) scont\u00f2 la pena agli arresti domiciliari, fino alla morte avvenuta nell&#8217;ottobre del 2013.<\/p>\n<p class=\"MsoNormal\" data-removefontsize=\"true\" data-originalcomputedfontsize=\"16\">A ricordo perenne dell\u2019eccidio nazista, nel 1949 \u00e8 stato eretto un sacrario, meta di continui pellegrinaggi.<\/p>\n<p><br class=\"Apple-interchange-newline\" style=\"caret-color: rgb(0, 0, 0); color: rgb(0, 0, 0); font-family: -webkit-standard; -webkit-tap-highlight-color: rgba(26, 26, 26, 0.301961); -webkit-text-size-adjust: auto;\"><\/p>\n","protected":false},"excerpt":{"rendered":"<p>Roma 23 marzo 1944: una bomba \u2013 posta i partigiani del Gap &#8211; esplode improvvisamente in via Rasella, al passaggio di un drappello di soldati SS. Muoiono 33 nazisti. Scatta immediatamente la rappresaglia del comando tedesco che occupa la citt\u00e0: per ogni tedesco ucciso pagheranno con la vita dieci italiani, scelti tra i detenuti politici [&hellip;]<\/p>\n","protected":false},"author":8,"featured_media":6054,"comment_status":"open","ping_status":"open","sticky":false,"template":"","format":"standard","meta":{"_acf_changed":false,"_jetpack_memberships_contains_paid_content":false,"footnotes":""},"categories":[2],"tags":[],"class_list":["post-6053","post","type-post","status-publish","format-standard","has-post-thumbnail","hentry","category-roma-ebraica"],"acf":[],"yoast_head":"<!-- This site is optimized with the Yoast SEO plugin v26.9 - https:\/\/yoast.com\/product\/yoast-seo-wordpress\/ -->\n<title>Fosse Ardeatine: cerimonia religiosa della Comunit\u00e0 ebraica - Shalom<\/title>\n<meta name=\"robots\" content=\"index, follow, max-snippet:-1, max-image-preview:large, max-video-preview:-1\" \/>\n<link rel=\"canonical\" href=\"https:\/\/www.shalom.it\/roma-ebraica\/fosse-ardeatine-cerimonia-religiosa-della-comunita-ebraica-b393961\/\" \/>\n<meta property=\"og:locale\" content=\"it_IT\" \/>\n<meta property=\"og:type\" content=\"article\" \/>\n<meta property=\"og:title\" content=\"Fosse Ardeatine: cerimonia religiosa della Comunit\u00e0 ebraica - Shalom\" \/>\n<meta property=\"og:description\" content=\"Roma 23 marzo 1944: una bomba \u2013 posta i partigiani del Gap &#8211; esplode improvvisamente in via Rasella, al passaggio di un drappello di soldati SS. Muoiono 33 nazisti. Scatta immediatamente la rappresaglia del comando tedesco che occupa la citt\u00e0: per ogni tedesco ucciso pagheranno con la vita dieci italiani, scelti tra i detenuti politici [&hellip;]\" \/>\n<meta property=\"og:url\" content=\"https:\/\/www.shalom.it\/roma-ebraica\/fosse-ardeatine-cerimonia-religiosa-della-comunita-ebraica-b393961\/\" \/>\n<meta property=\"og:site_name\" content=\"Shalom\" \/>\n<meta property=\"article:published_time\" content=\"2019-04-04T22:00:00+00:00\" \/>\n<meta property=\"article:modified_time\" content=\"2024-05-30T22:20:17+00:00\" \/>\n<meta property=\"og:image\" content=\"https:\/\/www.shalom.it\/wp-content\/uploads\/2021\/08\/85554827-ED09-45CB-A1CF-44141DA93CAB-scaled-1.jpeg\" \/>\n\t<meta property=\"og:image:width\" content=\"2560\" \/>\n\t<meta property=\"og:image:height\" content=\"1920\" \/>\n\t<meta property=\"og:image:type\" content=\"image\/jpeg\" \/>\n<meta name=\"author\" content=\"Giacomo\" \/>\n<meta name=\"twitter:card\" content=\"summary_large_image\" \/>\n<meta name=\"twitter:label1\" content=\"Scritto da\" \/>\n\t<meta name=\"twitter:data1\" content=\"Giacomo\" \/>\n\t<meta name=\"twitter:label2\" content=\"Tempo di lettura stimato\" \/>\n\t<meta name=\"twitter:data2\" content=\"3 minuti\" \/>\n<script type=\"application\/ld+json\" class=\"yoast-schema-graph\">{\"@context\":\"https:\/\/schema.org\",\"@graph\":[{\"@type\":\"Article\",\"@id\":\"https:\/\/www.shalom.it\/roma-ebraica\/fosse-ardeatine-cerimonia-religiosa-della-comunita-ebraica-b393961\/#article\",\"isPartOf\":{\"@id\":\"https:\/\/www.shalom.it\/roma-ebraica\/fosse-ardeatine-cerimonia-religiosa-della-comunita-ebraica-b393961\/\"},\"author\":{\"name\":\"Giacomo\",\"@id\":\"https:\/\/www.shalom.it\/#\/schema\/person\/a78c7bd7fcd2e2e9a622107e235231a3\"},\"headline\":\"Fosse Ardeatine: cerimonia religiosa della Comunit\u00e0 ebraica\",\"datePublished\":\"2019-04-04T22:00:00+00:00\",\"dateModified\":\"2024-05-30T22:20:17+00:00\",\"mainEntityOfPage\":{\"@id\":\"https:\/\/www.shalom.it\/roma-ebraica\/fosse-ardeatine-cerimonia-religiosa-della-comunita-ebraica-b393961\/\"},\"wordCount\":670,\"commentCount\":0,\"image\":{\"@id\":\"https:\/\/www.shalom.it\/roma-ebraica\/fosse-ardeatine-cerimonia-religiosa-della-comunita-ebraica-b393961\/#primaryimage\"},\"thumbnailUrl\":\"https:\/\/www.shalom.it\/wp-content\/uploads\/2021\/08\/85554827-ED09-45CB-A1CF-44141DA93CAB-scaled-1.jpeg\",\"articleSection\":[\"ROMA EBRAICA\"],\"inLanguage\":\"it-IT\"},{\"@type\":\"WebPage\",\"@id\":\"https:\/\/www.shalom.it\/roma-ebraica\/fosse-ardeatine-cerimonia-religiosa-della-comunita-ebraica-b393961\/\",\"url\":\"https:\/\/www.shalom.it\/roma-ebraica\/fosse-ardeatine-cerimonia-religiosa-della-comunita-ebraica-b393961\/\",\"name\":\"Fosse Ardeatine: cerimonia religiosa della Comunit\u00e0 ebraica - Shalom\",\"isPartOf\":{\"@id\":\"https:\/\/www.shalom.it\/#website\"},\"primaryImageOfPage\":{\"@id\":\"https:\/\/www.shalom.it\/roma-ebraica\/fosse-ardeatine-cerimonia-religiosa-della-comunita-ebraica-b393961\/#primaryimage\"},\"image\":{\"@id\":\"https:\/\/www.shalom.it\/roma-ebraica\/fosse-ardeatine-cerimonia-religiosa-della-comunita-ebraica-b393961\/#primaryimage\"},\"thumbnailUrl\":\"https:\/\/www.shalom.it\/wp-content\/uploads\/2021\/08\/85554827-ED09-45CB-A1CF-44141DA93CAB-scaled-1.jpeg\",\"datePublished\":\"2019-04-04T22:00:00+00:00\",\"dateModified\":\"2024-05-30T22:20:17+00:00\",\"author\":{\"@id\":\"https:\/\/www.shalom.it\/#\/schema\/person\/a78c7bd7fcd2e2e9a622107e235231a3\"},\"breadcrumb\":{\"@id\":\"https:\/\/www.shalom.it\/roma-ebraica\/fosse-ardeatine-cerimonia-religiosa-della-comunita-ebraica-b393961\/#breadcrumb\"},\"inLanguage\":\"it-IT\",\"potentialAction\":[{\"@type\":\"ReadAction\",\"target\":[\"https:\/\/www.shalom.it\/roma-ebraica\/fosse-ardeatine-cerimonia-religiosa-della-comunita-ebraica-b393961\/\"]}]},{\"@type\":\"ImageObject\",\"inLanguage\":\"it-IT\",\"@id\":\"https:\/\/www.shalom.it\/roma-ebraica\/fosse-ardeatine-cerimonia-religiosa-della-comunita-ebraica-b393961\/#primaryimage\",\"url\":\"https:\/\/www.shalom.it\/wp-content\/uploads\/2021\/08\/85554827-ED09-45CB-A1CF-44141DA93CAB-scaled-1.jpeg\",\"contentUrl\":\"https:\/\/www.shalom.it\/wp-content\/uploads\/2021\/08\/85554827-ED09-45CB-A1CF-44141DA93CAB-scaled-1.jpeg\",\"width\":2560,\"height\":1920},{\"@type\":\"BreadcrumbList\",\"@id\":\"https:\/\/www.shalom.it\/roma-ebraica\/fosse-ardeatine-cerimonia-religiosa-della-comunita-ebraica-b393961\/#breadcrumb\",\"itemListElement\":[{\"@type\":\"ListItem\",\"position\":1,\"name\":\"Home\",\"item\":\"https:\/\/www.shalom.it\/\"},{\"@type\":\"ListItem\",\"position\":2,\"name\":\"Fosse Ardeatine: cerimonia religiosa della Comunit\u00e0 ebraica\"}]},{\"@type\":\"WebSite\",\"@id\":\"https:\/\/www.shalom.it\/#website\",\"url\":\"https:\/\/www.shalom.it\/\",\"name\":\"Shalom\",\"description\":\"Il Magazine della comunit\u00e0 ebraica di Roma\",\"potentialAction\":[{\"@type\":\"SearchAction\",\"target\":{\"@type\":\"EntryPoint\",\"urlTemplate\":\"https:\/\/www.shalom.it\/?s={search_term_string}\"},\"query-input\":{\"@type\":\"PropertyValueSpecification\",\"valueRequired\":true,\"valueName\":\"search_term_string\"}}],\"inLanguage\":\"it-IT\"},{\"@type\":\"Person\",\"@id\":\"https:\/\/www.shalom.it\/#\/schema\/person\/a78c7bd7fcd2e2e9a622107e235231a3\",\"name\":\"Giacomo\",\"url\":\"https:\/\/www.shalom.it\/author\/giacomo\/\"}]}<\/script>\n<!-- \/ Yoast SEO plugin. -->","yoast_head_json":{"title":"Fosse Ardeatine: cerimonia religiosa della Comunit\u00e0 ebraica - Shalom","robots":{"index":"index","follow":"follow","max-snippet":"max-snippet:-1","max-image-preview":"max-image-preview:large","max-video-preview":"max-video-preview:-1"},"canonical":"https:\/\/www.shalom.it\/roma-ebraica\/fosse-ardeatine-cerimonia-religiosa-della-comunita-ebraica-b393961\/","og_locale":"it_IT","og_type":"article","og_title":"Fosse Ardeatine: cerimonia religiosa della Comunit\u00e0 ebraica - Shalom","og_description":"Roma 23 marzo 1944: una bomba \u2013 posta i partigiani del Gap &#8211; esplode improvvisamente in via Rasella, al passaggio di un drappello di soldati SS. Muoiono 33 nazisti. Scatta immediatamente la rappresaglia del comando tedesco che occupa la citt\u00e0: per ogni tedesco ucciso pagheranno con la vita dieci italiani, scelti tra i detenuti politici [&hellip;]","og_url":"https:\/\/www.shalom.it\/roma-ebraica\/fosse-ardeatine-cerimonia-religiosa-della-comunita-ebraica-b393961\/","og_site_name":"Shalom","article_published_time":"2019-04-04T22:00:00+00:00","article_modified_time":"2024-05-30T22:20:17+00:00","og_image":[{"width":2560,"height":1920,"url":"https:\/\/www.shalom.it\/wp-content\/uploads\/2021\/08\/85554827-ED09-45CB-A1CF-44141DA93CAB-scaled-1.jpeg","type":"image\/jpeg"}],"author":"Giacomo","twitter_card":"summary_large_image","twitter_misc":{"Scritto da":"Giacomo","Tempo di lettura stimato":"3 minuti"},"schema":{"@context":"https:\/\/schema.org","@graph":[{"@type":"Article","@id":"https:\/\/www.shalom.it\/roma-ebraica\/fosse-ardeatine-cerimonia-religiosa-della-comunita-ebraica-b393961\/#article","isPartOf":{"@id":"https:\/\/www.shalom.it\/roma-ebraica\/fosse-ardeatine-cerimonia-religiosa-della-comunita-ebraica-b393961\/"},"author":{"name":"Giacomo","@id":"https:\/\/www.shalom.it\/#\/schema\/person\/a78c7bd7fcd2e2e9a622107e235231a3"},"headline":"Fosse Ardeatine: cerimonia religiosa della Comunit\u00e0 ebraica","datePublished":"2019-04-04T22:00:00+00:00","dateModified":"2024-05-30T22:20:17+00:00","mainEntityOfPage":{"@id":"https:\/\/www.shalom.it\/roma-ebraica\/fosse-ardeatine-cerimonia-religiosa-della-comunita-ebraica-b393961\/"},"wordCount":670,"commentCount":0,"image":{"@id":"https:\/\/www.shalom.it\/roma-ebraica\/fosse-ardeatine-cerimonia-religiosa-della-comunita-ebraica-b393961\/#primaryimage"},"thumbnailUrl":"https:\/\/www.shalom.it\/wp-content\/uploads\/2021\/08\/85554827-ED09-45CB-A1CF-44141DA93CAB-scaled-1.jpeg","articleSection":["ROMA EBRAICA"],"inLanguage":"it-IT"},{"@type":"WebPage","@id":"https:\/\/www.shalom.it\/roma-ebraica\/fosse-ardeatine-cerimonia-religiosa-della-comunita-ebraica-b393961\/","url":"https:\/\/www.shalom.it\/roma-ebraica\/fosse-ardeatine-cerimonia-religiosa-della-comunita-ebraica-b393961\/","name":"Fosse Ardeatine: cerimonia religiosa della Comunit\u00e0 ebraica - Shalom","isPartOf":{"@id":"https:\/\/www.shalom.it\/#website"},"primaryImageOfPage":{"@id":"https:\/\/www.shalom.it\/roma-ebraica\/fosse-ardeatine-cerimonia-religiosa-della-comunita-ebraica-b393961\/#primaryimage"},"image":{"@id":"https:\/\/www.shalom.it\/roma-ebraica\/fosse-ardeatine-cerimonia-religiosa-della-comunita-ebraica-b393961\/#primaryimage"},"thumbnailUrl":"https:\/\/www.shalom.it\/wp-content\/uploads\/2021\/08\/85554827-ED09-45CB-A1CF-44141DA93CAB-scaled-1.jpeg","datePublished":"2019-04-04T22:00:00+00:00","dateModified":"2024-05-30T22:20:17+00:00","author":{"@id":"https:\/\/www.shalom.it\/#\/schema\/person\/a78c7bd7fcd2e2e9a622107e235231a3"},"breadcrumb":{"@id":"https:\/\/www.shalom.it\/roma-ebraica\/fosse-ardeatine-cerimonia-religiosa-della-comunita-ebraica-b393961\/#breadcrumb"},"inLanguage":"it-IT","potentialAction":[{"@type":"ReadAction","target":["https:\/\/www.shalom.it\/roma-ebraica\/fosse-ardeatine-cerimonia-religiosa-della-comunita-ebraica-b393961\/"]}]},{"@type":"ImageObject","inLanguage":"it-IT","@id":"https:\/\/www.shalom.it\/roma-ebraica\/fosse-ardeatine-cerimonia-religiosa-della-comunita-ebraica-b393961\/#primaryimage","url":"https:\/\/www.shalom.it\/wp-content\/uploads\/2021\/08\/85554827-ED09-45CB-A1CF-44141DA93CAB-scaled-1.jpeg","contentUrl":"https:\/\/www.shalom.it\/wp-content\/uploads\/2021\/08\/85554827-ED09-45CB-A1CF-44141DA93CAB-scaled-1.jpeg","width":2560,"height":1920},{"@type":"BreadcrumbList","@id":"https:\/\/www.shalom.it\/roma-ebraica\/fosse-ardeatine-cerimonia-religiosa-della-comunita-ebraica-b393961\/#breadcrumb","itemListElement":[{"@type":"ListItem","position":1,"name":"Home","item":"https:\/\/www.shalom.it\/"},{"@type":"ListItem","position":2,"name":"Fosse Ardeatine: cerimonia religiosa della Comunit\u00e0 ebraica"}]},{"@type":"WebSite","@id":"https:\/\/www.shalom.it\/#website","url":"https:\/\/www.shalom.it\/","name":"Shalom","description":"Il Magazine della comunit\u00e0 ebraica di Roma","potentialAction":[{"@type":"SearchAction","target":{"@type":"EntryPoint","urlTemplate":"https:\/\/www.shalom.it\/?s={search_term_string}"},"query-input":{"@type":"PropertyValueSpecification","valueRequired":true,"valueName":"search_term_string"}}],"inLanguage":"it-IT"},{"@type":"Person","@id":"https:\/\/www.shalom.it\/#\/schema\/person\/a78c7bd7fcd2e2e9a622107e235231a3","name":"Giacomo","url":"https:\/\/www.shalom.it\/author\/giacomo\/"}]}},"jetpack_featured_media_url":"https:\/\/www.shalom.it\/wp-content\/uploads\/2021\/08\/85554827-ED09-45CB-A1CF-44141DA93CAB-scaled-1.jpeg","jetpack_sharing_enabled":true,"_links":{"self":[{"href":"https:\/\/www.shalom.it\/wp-json\/wp\/v2\/posts\/6053","targetHints":{"allow":["GET"]}}],"collection":[{"href":"https:\/\/www.shalom.it\/wp-json\/wp\/v2\/posts"}],"about":[{"href":"https:\/\/www.shalom.it\/wp-json\/wp\/v2\/types\/post"}],"author":[{"embeddable":true,"href":"https:\/\/www.shalom.it\/wp-json\/wp\/v2\/users\/8"}],"replies":[{"embeddable":true,"href":"https:\/\/www.shalom.it\/wp-json\/wp\/v2\/comments?post=6053"}],"version-history":[{"count":1,"href":"https:\/\/www.shalom.it\/wp-json\/wp\/v2\/posts\/6053\/revisions"}],"predecessor-version":[{"id":10666,"href":"https:\/\/www.shalom.it\/wp-json\/wp\/v2\/posts\/6053\/revisions\/10666"}],"wp:featuredmedia":[{"embeddable":true,"href":"https:\/\/www.shalom.it\/wp-json\/wp\/v2\/media\/6054"}],"wp:attachment":[{"href":"https:\/\/www.shalom.it\/wp-json\/wp\/v2\/media?parent=6053"}],"wp:term":[{"taxonomy":"category","embeddable":true,"href":"https:\/\/www.shalom.it\/wp-json\/wp\/v2\/categories?post=6053"},{"taxonomy":"post_tag","embeddable":true,"href":"https:\/\/www.shalom.it\/wp-json\/wp\/v2\/tags?post=6053"}],"curies":[{"name":"wp","href":"https:\/\/api.w.org\/{rel}","templated":true}]}}