{"id":5173,"date":"2019-02-02T00:00:00","date_gmt":"2019-02-01T23:00:00","guid":{"rendered":"https:\/\/www.shalom.it\/senza-categoria\/giorno-memoria-diario-frida-misul-in-mostra-a-museo-livorno-b307161\/"},"modified":"2024-05-31T00:19:30","modified_gmt":"2024-05-30T22:19:30","slug":"giorno-memoria-diario-frida-misul-in-mostra-a-museo-livorno-b307161","status":"publish","type":"post","link":"https:\/\/www.shalom.it\/italia\/giorno-memoria-diario-frida-misul-in-mostra-a-museo-livorno-b307161\/","title":{"rendered":"Giorno Memoria: diario Frida Misul in mostra a museo Livorno"},"content":{"rendered":"<p style=\"margin-bottom: 0px; font-stretch: normal; line-height: normal;\"><span style=\"-webkit-text-size-adjust: 100%;\">Esposto in occasione del Giorno della Memoria, il diario di Frida Misul, deportata ad Auschwitz-Birkenau e scampata all&#8217;Olocausto, continuer\u00e0 a essere visibile nel Museo della Citt\u00e0, a testimonianza degli orrori della <\/span><span style=\"-webkit-text-size-adjust: 100%;\">Shoah<\/span><span style=\"-webkit-text-size-adjust: 100%;\">. Il prezioso manoscritto, una delle primissime testimonianze autografe degli orrori dei campi di sterminio, spiega una nota, \u00e8 stato donato, in comodato gratuito per tre anni, dalla comunit\u00e0 ebraica al Comune di Livorno in occasione in occasione del Giorno della memoria. Il diario \u00e8 posto in una bacheca insieme ad altro materiale documentativo della deportazione di Frida Misul ( lettere, documenti, cartoline postali) nella sezione del Museo della citt\u00e0 &#8216;Il secondo Novecento&#8217;. &#8220;E&#8217; necessario ricordare e capire ci\u00f2 che accadde molti anni fa, affinch\u00e9 nessun popolo sia pi\u00f9 condannato a vivere una simile tragedia&#8221;, scrisse Misul nel suo diario. Oggi, alla presenza dell&#8217;assessore livornese alla cultura Francesco Belais, di Guido Servi in rappresentanza della comunit\u00e0 ebraica e di Paola Tognon, direttrice scientifica dei musei civici di Livorno, \u00e8 stato deciso in modo collegiale che quella \u00e8 la collocazione pi\u00f9 appropriata del diario.<\/span><\/p>\n","protected":false},"excerpt":{"rendered":"<p>Esposto in occasione del Giorno della Memoria, il diario di Frida Misul, deportata ad Auschwitz-Birkenau e scampata all&#8217;Olocausto, continuer\u00e0 a essere visibile nel Museo della Citt\u00e0, a testimonianza degli orrori della Shoah. Il prezioso manoscritto, una delle primissime testimonianze autografe degli orrori dei campi di sterminio, spiega una nota, \u00e8 stato donato, in comodato gratuito [&hellip;]<\/p>\n","protected":false},"author":3,"featured_media":5174,"comment_status":"open","ping_status":"open","sticky":false,"template":"","format":"standard","meta":{"_acf_changed":false,"_jetpack_memberships_contains_paid_content":false,"footnotes":""},"categories":[3],"tags":[],"class_list":["post-5173","post","type-post","status-publish","format-standard","has-post-thumbnail","hentry","category-italia"],"acf":[],"yoast_head":"<!-- This site is optimized with the Yoast SEO plugin v26.9 - https:\/\/yoast.com\/product\/yoast-seo-wordpress\/ -->\n<title>Giorno Memoria: diario Frida Misul in mostra a museo Livorno - Shalom<\/title>\n<meta name=\"robots\" content=\"index, follow, max-snippet:-1, max-image-preview:large, max-video-preview:-1\" \/>\n<link rel=\"canonical\" href=\"https:\/\/www.shalom.it\/italia\/giorno-memoria-diario-frida-misul-in-mostra-a-museo-livorno-b307161\/\" \/>\n<meta property=\"og:locale\" content=\"it_IT\" \/>\n<meta property=\"og:type\" content=\"article\" \/>\n<meta property=\"og:title\" content=\"Giorno Memoria: diario Frida Misul in mostra a museo Livorno - Shalom\" \/>\n<meta property=\"og:description\" content=\"Esposto in occasione del Giorno della Memoria, il diario di Frida Misul, deportata ad Auschwitz-Birkenau e scampata all&#8217;Olocausto, continuer\u00e0 a essere visibile nel Museo della Citt\u00e0, a testimonianza degli orrori della Shoah. Il prezioso manoscritto, una delle primissime testimonianze autografe degli orrori dei campi di sterminio, spiega una nota, \u00e8 stato donato, in comodato gratuito [&hellip;]\" \/>\n<meta property=\"og:url\" content=\"https:\/\/www.shalom.it\/italia\/giorno-memoria-diario-frida-misul-in-mostra-a-museo-livorno-b307161\/\" \/>\n<meta property=\"og:site_name\" content=\"Shalom\" \/>\n<meta property=\"article:published_time\" content=\"2019-02-01T23:00:00+00:00\" \/>\n<meta property=\"article:modified_time\" content=\"2024-05-30T22:19:30+00:00\" \/>\n<meta property=\"og:image\" content=\"https:\/\/www.shalom.it\/wp-content\/uploads\/2021\/08\/84B924A9-659C-471B-8D6D-0423023265D4.jpeg\" \/>\n\t<meta property=\"og:image:width\" content=\"640\" \/>\n\t<meta property=\"og:image:height\" content=\"480\" \/>\n\t<meta property=\"og:image:type\" content=\"image\/jpeg\" \/>\n<meta name=\"author\" content=\"Redazione\" \/>\n<meta name=\"twitter:card\" content=\"summary_large_image\" \/>\n<meta name=\"twitter:label1\" content=\"Scritto da\" \/>\n\t<meta name=\"twitter:data1\" content=\"Redazione\" \/>\n\t<meta name=\"twitter:label2\" content=\"Tempo di lettura stimato\" \/>\n\t<meta name=\"twitter:data2\" content=\"1 minuto\" \/>\n<script type=\"application\/ld+json\" class=\"yoast-schema-graph\">{\"@context\":\"https:\/\/schema.org\",\"@graph\":[{\"@type\":\"Article\",\"@id\":\"https:\/\/www.shalom.it\/italia\/giorno-memoria-diario-frida-misul-in-mostra-a-museo-livorno-b307161\/#article\",\"isPartOf\":{\"@id\":\"https:\/\/www.shalom.it\/italia\/giorno-memoria-diario-frida-misul-in-mostra-a-museo-livorno-b307161\/\"},\"author\":{\"name\":\"Redazione\",\"@id\":\"https:\/\/www.shalom.it\/#\/schema\/person\/d6d60e821a49d2a420ffe01f7af79dd8\"},\"headline\":\"Giorno Memoria: diario Frida Misul in mostra a museo Livorno\",\"datePublished\":\"2019-02-01T23:00:00+00:00\",\"dateModified\":\"2024-05-30T22:19:30+00:00\",\"mainEntityOfPage\":{\"@id\":\"https:\/\/www.shalom.it\/italia\/giorno-memoria-diario-frida-misul-in-mostra-a-museo-livorno-b307161\/\"},\"wordCount\":181,\"commentCount\":0,\"image\":{\"@id\":\"https:\/\/www.shalom.it\/italia\/giorno-memoria-diario-frida-misul-in-mostra-a-museo-livorno-b307161\/#primaryimage\"},\"thumbnailUrl\":\"https:\/\/www.shalom.it\/wp-content\/uploads\/2021\/08\/84B924A9-659C-471B-8D6D-0423023265D4.jpeg\",\"articleSection\":[\"ITALIA\"],\"inLanguage\":\"it-IT\"},{\"@type\":\"WebPage\",\"@id\":\"https:\/\/www.shalom.it\/italia\/giorno-memoria-diario-frida-misul-in-mostra-a-museo-livorno-b307161\/\",\"url\":\"https:\/\/www.shalom.it\/italia\/giorno-memoria-diario-frida-misul-in-mostra-a-museo-livorno-b307161\/\",\"name\":\"Giorno Memoria: diario Frida Misul in mostra a museo Livorno - Shalom\",\"isPartOf\":{\"@id\":\"https:\/\/www.shalom.it\/#website\"},\"primaryImageOfPage\":{\"@id\":\"https:\/\/www.shalom.it\/italia\/giorno-memoria-diario-frida-misul-in-mostra-a-museo-livorno-b307161\/#primaryimage\"},\"image\":{\"@id\":\"https:\/\/www.shalom.it\/italia\/giorno-memoria-diario-frida-misul-in-mostra-a-museo-livorno-b307161\/#primaryimage\"},\"thumbnailUrl\":\"https:\/\/www.shalom.it\/wp-content\/uploads\/2021\/08\/84B924A9-659C-471B-8D6D-0423023265D4.jpeg\",\"datePublished\":\"2019-02-01T23:00:00+00:00\",\"dateModified\":\"2024-05-30T22:19:30+00:00\",\"author\":{\"@id\":\"https:\/\/www.shalom.it\/#\/schema\/person\/d6d60e821a49d2a420ffe01f7af79dd8\"},\"breadcrumb\":{\"@id\":\"https:\/\/www.shalom.it\/italia\/giorno-memoria-diario-frida-misul-in-mostra-a-museo-livorno-b307161\/#breadcrumb\"},\"inLanguage\":\"it-IT\",\"potentialAction\":[{\"@type\":\"ReadAction\",\"target\":[\"https:\/\/www.shalom.it\/italia\/giorno-memoria-diario-frida-misul-in-mostra-a-museo-livorno-b307161\/\"]}]},{\"@type\":\"ImageObject\",\"inLanguage\":\"it-IT\",\"@id\":\"https:\/\/www.shalom.it\/italia\/giorno-memoria-diario-frida-misul-in-mostra-a-museo-livorno-b307161\/#primaryimage\",\"url\":\"https:\/\/www.shalom.it\/wp-content\/uploads\/2021\/08\/84B924A9-659C-471B-8D6D-0423023265D4.jpeg\",\"contentUrl\":\"https:\/\/www.shalom.it\/wp-content\/uploads\/2021\/08\/84B924A9-659C-471B-8D6D-0423023265D4.jpeg\",\"width\":640,\"height\":480},{\"@type\":\"BreadcrumbList\",\"@id\":\"https:\/\/www.shalom.it\/italia\/giorno-memoria-diario-frida-misul-in-mostra-a-museo-livorno-b307161\/#breadcrumb\",\"itemListElement\":[{\"@type\":\"ListItem\",\"position\":1,\"name\":\"Home\",\"item\":\"https:\/\/www.shalom.it\/\"},{\"@type\":\"ListItem\",\"position\":2,\"name\":\"Giorno Memoria: diario Frida Misul in mostra a museo Livorno\"}]},{\"@type\":\"WebSite\",\"@id\":\"https:\/\/www.shalom.it\/#website\",\"url\":\"https:\/\/www.shalom.it\/\",\"name\":\"Shalom\",\"description\":\"Il Magazine della comunit\u00e0 ebraica di Roma\",\"potentialAction\":[{\"@type\":\"SearchAction\",\"target\":{\"@type\":\"EntryPoint\",\"urlTemplate\":\"https:\/\/www.shalom.it\/?s={search_term_string}\"},\"query-input\":{\"@type\":\"PropertyValueSpecification\",\"valueRequired\":true,\"valueName\":\"search_term_string\"}}],\"inLanguage\":\"it-IT\"},{\"@type\":\"Person\",\"@id\":\"https:\/\/www.shalom.it\/#\/schema\/person\/d6d60e821a49d2a420ffe01f7af79dd8\",\"name\":\"Redazione\",\"url\":\"https:\/\/www.shalom.it\/author\/redazione\/\"}]}<\/script>\n<!-- \/ Yoast SEO plugin. -->","yoast_head_json":{"title":"Giorno Memoria: diario Frida Misul in mostra a museo Livorno - Shalom","robots":{"index":"index","follow":"follow","max-snippet":"max-snippet:-1","max-image-preview":"max-image-preview:large","max-video-preview":"max-video-preview:-1"},"canonical":"https:\/\/www.shalom.it\/italia\/giorno-memoria-diario-frida-misul-in-mostra-a-museo-livorno-b307161\/","og_locale":"it_IT","og_type":"article","og_title":"Giorno Memoria: diario Frida Misul in mostra a museo Livorno - Shalom","og_description":"Esposto in occasione del Giorno della Memoria, il diario di Frida Misul, deportata ad Auschwitz-Birkenau e scampata all&#8217;Olocausto, continuer\u00e0 a essere visibile nel Museo della Citt\u00e0, a testimonianza degli orrori della Shoah. Il prezioso manoscritto, una delle primissime testimonianze autografe degli orrori dei campi di sterminio, spiega una nota, \u00e8 stato donato, in comodato gratuito [&hellip;]","og_url":"https:\/\/www.shalom.it\/italia\/giorno-memoria-diario-frida-misul-in-mostra-a-museo-livorno-b307161\/","og_site_name":"Shalom","article_published_time":"2019-02-01T23:00:00+00:00","article_modified_time":"2024-05-30T22:19:30+00:00","og_image":[{"width":640,"height":480,"url":"https:\/\/www.shalom.it\/wp-content\/uploads\/2021\/08\/84B924A9-659C-471B-8D6D-0423023265D4.jpeg","type":"image\/jpeg"}],"author":"Redazione","twitter_card":"summary_large_image","twitter_misc":{"Scritto da":"Redazione","Tempo di lettura stimato":"1 minuto"},"schema":{"@context":"https:\/\/schema.org","@graph":[{"@type":"Article","@id":"https:\/\/www.shalom.it\/italia\/giorno-memoria-diario-frida-misul-in-mostra-a-museo-livorno-b307161\/#article","isPartOf":{"@id":"https:\/\/www.shalom.it\/italia\/giorno-memoria-diario-frida-misul-in-mostra-a-museo-livorno-b307161\/"},"author":{"name":"Redazione","@id":"https:\/\/www.shalom.it\/#\/schema\/person\/d6d60e821a49d2a420ffe01f7af79dd8"},"headline":"Giorno Memoria: diario Frida Misul in mostra a museo Livorno","datePublished":"2019-02-01T23:00:00+00:00","dateModified":"2024-05-30T22:19:30+00:00","mainEntityOfPage":{"@id":"https:\/\/www.shalom.it\/italia\/giorno-memoria-diario-frida-misul-in-mostra-a-museo-livorno-b307161\/"},"wordCount":181,"commentCount":0,"image":{"@id":"https:\/\/www.shalom.it\/italia\/giorno-memoria-diario-frida-misul-in-mostra-a-museo-livorno-b307161\/#primaryimage"},"thumbnailUrl":"https:\/\/www.shalom.it\/wp-content\/uploads\/2021\/08\/84B924A9-659C-471B-8D6D-0423023265D4.jpeg","articleSection":["ITALIA"],"inLanguage":"it-IT"},{"@type":"WebPage","@id":"https:\/\/www.shalom.it\/italia\/giorno-memoria-diario-frida-misul-in-mostra-a-museo-livorno-b307161\/","url":"https:\/\/www.shalom.it\/italia\/giorno-memoria-diario-frida-misul-in-mostra-a-museo-livorno-b307161\/","name":"Giorno Memoria: diario Frida Misul in mostra a museo Livorno - Shalom","isPartOf":{"@id":"https:\/\/www.shalom.it\/#website"},"primaryImageOfPage":{"@id":"https:\/\/www.shalom.it\/italia\/giorno-memoria-diario-frida-misul-in-mostra-a-museo-livorno-b307161\/#primaryimage"},"image":{"@id":"https:\/\/www.shalom.it\/italia\/giorno-memoria-diario-frida-misul-in-mostra-a-museo-livorno-b307161\/#primaryimage"},"thumbnailUrl":"https:\/\/www.shalom.it\/wp-content\/uploads\/2021\/08\/84B924A9-659C-471B-8D6D-0423023265D4.jpeg","datePublished":"2019-02-01T23:00:00+00:00","dateModified":"2024-05-30T22:19:30+00:00","author":{"@id":"https:\/\/www.shalom.it\/#\/schema\/person\/d6d60e821a49d2a420ffe01f7af79dd8"},"breadcrumb":{"@id":"https:\/\/www.shalom.it\/italia\/giorno-memoria-diario-frida-misul-in-mostra-a-museo-livorno-b307161\/#breadcrumb"},"inLanguage":"it-IT","potentialAction":[{"@type":"ReadAction","target":["https:\/\/www.shalom.it\/italia\/giorno-memoria-diario-frida-misul-in-mostra-a-museo-livorno-b307161\/"]}]},{"@type":"ImageObject","inLanguage":"it-IT","@id":"https:\/\/www.shalom.it\/italia\/giorno-memoria-diario-frida-misul-in-mostra-a-museo-livorno-b307161\/#primaryimage","url":"https:\/\/www.shalom.it\/wp-content\/uploads\/2021\/08\/84B924A9-659C-471B-8D6D-0423023265D4.jpeg","contentUrl":"https:\/\/www.shalom.it\/wp-content\/uploads\/2021\/08\/84B924A9-659C-471B-8D6D-0423023265D4.jpeg","width":640,"height":480},{"@type":"BreadcrumbList","@id":"https:\/\/www.shalom.it\/italia\/giorno-memoria-diario-frida-misul-in-mostra-a-museo-livorno-b307161\/#breadcrumb","itemListElement":[{"@type":"ListItem","position":1,"name":"Home","item":"https:\/\/www.shalom.it\/"},{"@type":"ListItem","position":2,"name":"Giorno Memoria: diario Frida Misul in mostra a museo Livorno"}]},{"@type":"WebSite","@id":"https:\/\/www.shalom.it\/#website","url":"https:\/\/www.shalom.it\/","name":"Shalom","description":"Il Magazine della comunit\u00e0 ebraica di Roma","potentialAction":[{"@type":"SearchAction","target":{"@type":"EntryPoint","urlTemplate":"https:\/\/www.shalom.it\/?s={search_term_string}"},"query-input":{"@type":"PropertyValueSpecification","valueRequired":true,"valueName":"search_term_string"}}],"inLanguage":"it-IT"},{"@type":"Person","@id":"https:\/\/www.shalom.it\/#\/schema\/person\/d6d60e821a49d2a420ffe01f7af79dd8","name":"Redazione","url":"https:\/\/www.shalom.it\/author\/redazione\/"}]}},"jetpack_featured_media_url":"https:\/\/www.shalom.it\/wp-content\/uploads\/2021\/08\/84B924A9-659C-471B-8D6D-0423023265D4.jpeg","jetpack_sharing_enabled":true,"_links":{"self":[{"href":"https:\/\/www.shalom.it\/wp-json\/wp\/v2\/posts\/5173","targetHints":{"allow":["GET"]}}],"collection":[{"href":"https:\/\/www.shalom.it\/wp-json\/wp\/v2\/posts"}],"about":[{"href":"https:\/\/www.shalom.it\/wp-json\/wp\/v2\/types\/post"}],"author":[{"embeddable":true,"href":"https:\/\/www.shalom.it\/wp-json\/wp\/v2\/users\/3"}],"replies":[{"embeddable":true,"href":"https:\/\/www.shalom.it\/wp-json\/wp\/v2\/comments?post=5173"}],"version-history":[{"count":1,"href":"https:\/\/www.shalom.it\/wp-json\/wp\/v2\/posts\/5173\/revisions"}],"predecessor-version":[{"id":10219,"href":"https:\/\/www.shalom.it\/wp-json\/wp\/v2\/posts\/5173\/revisions\/10219"}],"wp:featuredmedia":[{"embeddable":true,"href":"https:\/\/www.shalom.it\/wp-json\/wp\/v2\/media\/5174"}],"wp:attachment":[{"href":"https:\/\/www.shalom.it\/wp-json\/wp\/v2\/media?parent=5173"}],"wp:term":[{"taxonomy":"category","embeddable":true,"href":"https:\/\/www.shalom.it\/wp-json\/wp\/v2\/categories?post=5173"},{"taxonomy":"post_tag","embeddable":true,"href":"https:\/\/www.shalom.it\/wp-json\/wp\/v2\/tags?post=5173"}],"curies":[{"name":"wp","href":"https:\/\/api.w.org\/{rel}","templated":true}]}}