{"id":5074,"date":"2019-01-27T00:00:00","date_gmt":"2019-01-26T23:00:00","guid":{"rendered":"https:\/\/www.shalom.it\/senza-categoria\/shoah-testimoni-dei-testimoni-mostra-su-auschwitz-a-roma-b299191\/"},"modified":"2024-05-31T00:19:24","modified_gmt":"2024-05-30T22:19:24","slug":"shoah-testimoni-dei-testimoni-mostra-su-auschwitz-a-roma-b299191","status":"publish","type":"post","link":"https:\/\/www.shalom.it\/italia\/shoah-testimoni-dei-testimoni-mostra-su-auschwitz-a-roma-b299191\/","title":{"rendered":"Shoah: &#8216;Testimoni dei Testimoni&#8217;, mostra su Auschwitz a Roma"},"content":{"rendered":"<p class=\"MsoNormal\" style=\"height: auto;\"><span style=\"-webkit-text-size-adjust: 100%;\">&#8220;Gi\u00e0 la prima sera \u00e8 stata molto diversa da quando siamo arrivati&#8221;. Cos\u00ec la sindaca di Roma ha parlato della sua esperienza nei viaggi della memoria sui luoghi&nbsp; della Shoah, in occasione della presentazione a Palazzo delle Esposizione della mostra &#8216;Testimoni dei Testimoni, ricordare e raccontare Auschwitz&#8217;. &#8220;Abbiamo sentito un pugno nello stomaco, un&#8217;emozione durissima e abbiamo sentito il compito di trasmettere questa emozione a chi non c&#8217;era. Per tenere viva la memoria \u00e8 nata l&#8217;idea di trasformare i ragazzi&#8221; che hanno partecipato al viaggio &#8220;in testimoni dei testimoni. E la nostra richiesta \u00e8 stata accolta con entusiasmo&#8221;, ha aggiunto Raggi. Alla presentazione della mostra sono intervenuti anche i ragazzi, i protagonisti dell&#8217;iniziativa. Una di loro, di nome Michela, ha spiegato: &#8220;E&#8217; stato un grande impegno portato avanti con costanza. Tutto \u00e8 nato in un preciso momento che ci ha fatto sentire l&#8217;esigenza di raccontare. Nella mostra non vedrete il campo di Auschwitz, ma vedrete dei volti perch\u00e9 abbiamo capito che il metodo migliore per sconfiggere il razzismo \u00e8 sviluppare l&#8217;empatia&#8221;. Un altro ragazzo le ha fatto eco: &#8220;Il fulcro di questa mostra \u00e8 trasmettere quello che abbiamo ascoltato dai testimoni diretti, creando una catena intergenerazionale&#8221;. Molto soddisfatta la presidente della comunit\u00e0 ebraica di Roma Ruth Dureghello che \u00e8 intervenuta cos\u00ec: &#8220;Con ragazzi possiamo crescere in civilt\u00e0, umanit\u00e0 e democrazia&#8221;.&nbsp;<\/span><\/p>\n<p class=\"MsoNormal\" style=\"height: auto;\"><span data-originalfontsize=\"14pt\" data-originalcomputedfontsize=\"18.66666603088379\" style=\"line-height: 21.466665267944336px;\">Il 26 gennaio la mostra aprir\u00e0 al Palazzo delle Esposizioni, si tratta della prima mostra esperienziale ideata da un gruppo di ragazzi di Roma che ha partecipato ai Viaggi della Memoria.&nbsp;<\/span><\/p>\n<p><br class=\"Apple-interchange-newline\" style=\"caret-color: rgb(0, 0, 0); color: rgb(0, 0, 0); font-family: -webkit-standard; -webkit-tap-highlight-color: rgba(26, 26, 26, 0.301961); -webkit-text-size-adjust: auto;\"><\/p>\n","protected":false},"excerpt":{"rendered":"<p>&#8220;Gi\u00e0 la prima sera \u00e8 stata molto diversa da quando siamo arrivati&#8221;. Cos\u00ec la sindaca di Roma ha parlato della sua esperienza nei viaggi della memoria sui luoghi&nbsp; della Shoah, in occasione della presentazione a Palazzo delle Esposizione della mostra &#8216;Testimoni dei Testimoni, ricordare e raccontare Auschwitz&#8217;. &#8220;Abbiamo sentito un pugno nello stomaco, un&#8217;emozione durissima [&hellip;]<\/p>\n","protected":false},"author":3,"featured_media":5075,"comment_status":"open","ping_status":"open","sticky":false,"template":"","format":"standard","meta":{"_acf_changed":false,"_jetpack_memberships_contains_paid_content":false,"footnotes":""},"categories":[3],"tags":[],"class_list":["post-5074","post","type-post","status-publish","format-standard","has-post-thumbnail","hentry","category-italia"],"acf":[],"yoast_head":"<!-- This site is optimized with the Yoast SEO plugin v26.9 - https:\/\/yoast.com\/product\/yoast-seo-wordpress\/ -->\n<title>Shoah: &#039;Testimoni dei Testimoni&#039;, mostra su Auschwitz a Roma - Shalom<\/title>\n<meta name=\"robots\" content=\"index, follow, max-snippet:-1, max-image-preview:large, max-video-preview:-1\" \/>\n<link rel=\"canonical\" href=\"https:\/\/www.shalom.it\/italia\/shoah-testimoni-dei-testimoni-mostra-su-auschwitz-a-roma-b299191\/\" \/>\n<meta property=\"og:locale\" content=\"it_IT\" \/>\n<meta property=\"og:type\" content=\"article\" \/>\n<meta property=\"og:title\" content=\"Shoah: &#039;Testimoni dei Testimoni&#039;, mostra su Auschwitz a Roma - Shalom\" \/>\n<meta property=\"og:description\" content=\"&#8220;Gi\u00e0 la prima sera \u00e8 stata molto diversa da quando siamo arrivati&#8221;. Cos\u00ec la sindaca di Roma ha parlato della sua esperienza nei viaggi della memoria sui luoghi&nbsp; della Shoah, in occasione della presentazione a Palazzo delle Esposizione della mostra &#8216;Testimoni dei Testimoni, ricordare e raccontare Auschwitz&#8217;. &#8220;Abbiamo sentito un pugno nello stomaco, un&#8217;emozione durissima [&hellip;]\" \/>\n<meta property=\"og:url\" content=\"https:\/\/www.shalom.it\/italia\/shoah-testimoni-dei-testimoni-mostra-su-auschwitz-a-roma-b299191\/\" \/>\n<meta property=\"og:site_name\" content=\"Shalom\" \/>\n<meta property=\"article:published_time\" content=\"2019-01-26T23:00:00+00:00\" \/>\n<meta property=\"article:modified_time\" content=\"2024-05-30T22:19:24+00:00\" \/>\n<meta property=\"og:image\" content=\"https:\/\/www.shalom.it\/wp-content\/uploads\/2021\/08\/1ECF14F2-A801-4AB6-BD6B-E173DC16ED95.jpeg\" \/>\n\t<meta property=\"og:image:width\" content=\"1280\" \/>\n\t<meta property=\"og:image:height\" content=\"720\" \/>\n\t<meta property=\"og:image:type\" content=\"image\/jpeg\" \/>\n<meta name=\"author\" content=\"Redazione\" \/>\n<meta name=\"twitter:card\" content=\"summary_large_image\" \/>\n<meta name=\"twitter:label1\" content=\"Scritto da\" \/>\n\t<meta name=\"twitter:data1\" content=\"Redazione\" \/>\n\t<meta name=\"twitter:label2\" content=\"Tempo di lettura stimato\" \/>\n\t<meta name=\"twitter:data2\" content=\"1 minuto\" \/>\n<script type=\"application\/ld+json\" class=\"yoast-schema-graph\">{\"@context\":\"https:\/\/schema.org\",\"@graph\":[{\"@type\":\"Article\",\"@id\":\"https:\/\/www.shalom.it\/italia\/shoah-testimoni-dei-testimoni-mostra-su-auschwitz-a-roma-b299191\/#article\",\"isPartOf\":{\"@id\":\"https:\/\/www.shalom.it\/italia\/shoah-testimoni-dei-testimoni-mostra-su-auschwitz-a-roma-b299191\/\"},\"author\":{\"name\":\"Redazione\",\"@id\":\"https:\/\/www.shalom.it\/#\/schema\/person\/d6d60e821a49d2a420ffe01f7af79dd8\"},\"headline\":\"Shoah: &#8216;Testimoni dei Testimoni&#8217;, mostra su Auschwitz a Roma\",\"datePublished\":\"2019-01-26T23:00:00+00:00\",\"dateModified\":\"2024-05-30T22:19:24+00:00\",\"mainEntityOfPage\":{\"@id\":\"https:\/\/www.shalom.it\/italia\/shoah-testimoni-dei-testimoni-mostra-su-auschwitz-a-roma-b299191\/\"},\"wordCount\":261,\"commentCount\":0,\"image\":{\"@id\":\"https:\/\/www.shalom.it\/italia\/shoah-testimoni-dei-testimoni-mostra-su-auschwitz-a-roma-b299191\/#primaryimage\"},\"thumbnailUrl\":\"https:\/\/www.shalom.it\/wp-content\/uploads\/2021\/08\/1ECF14F2-A801-4AB6-BD6B-E173DC16ED95.jpeg\",\"articleSection\":[\"ITALIA\"],\"inLanguage\":\"it-IT\"},{\"@type\":\"WebPage\",\"@id\":\"https:\/\/www.shalom.it\/italia\/shoah-testimoni-dei-testimoni-mostra-su-auschwitz-a-roma-b299191\/\",\"url\":\"https:\/\/www.shalom.it\/italia\/shoah-testimoni-dei-testimoni-mostra-su-auschwitz-a-roma-b299191\/\",\"name\":\"Shoah: 'Testimoni dei Testimoni', mostra su Auschwitz a Roma - Shalom\",\"isPartOf\":{\"@id\":\"https:\/\/www.shalom.it\/#website\"},\"primaryImageOfPage\":{\"@id\":\"https:\/\/www.shalom.it\/italia\/shoah-testimoni-dei-testimoni-mostra-su-auschwitz-a-roma-b299191\/#primaryimage\"},\"image\":{\"@id\":\"https:\/\/www.shalom.it\/italia\/shoah-testimoni-dei-testimoni-mostra-su-auschwitz-a-roma-b299191\/#primaryimage\"},\"thumbnailUrl\":\"https:\/\/www.shalom.it\/wp-content\/uploads\/2021\/08\/1ECF14F2-A801-4AB6-BD6B-E173DC16ED95.jpeg\",\"datePublished\":\"2019-01-26T23:00:00+00:00\",\"dateModified\":\"2024-05-30T22:19:24+00:00\",\"author\":{\"@id\":\"https:\/\/www.shalom.it\/#\/schema\/person\/d6d60e821a49d2a420ffe01f7af79dd8\"},\"breadcrumb\":{\"@id\":\"https:\/\/www.shalom.it\/italia\/shoah-testimoni-dei-testimoni-mostra-su-auschwitz-a-roma-b299191\/#breadcrumb\"},\"inLanguage\":\"it-IT\",\"potentialAction\":[{\"@type\":\"ReadAction\",\"target\":[\"https:\/\/www.shalom.it\/italia\/shoah-testimoni-dei-testimoni-mostra-su-auschwitz-a-roma-b299191\/\"]}]},{\"@type\":\"ImageObject\",\"inLanguage\":\"it-IT\",\"@id\":\"https:\/\/www.shalom.it\/italia\/shoah-testimoni-dei-testimoni-mostra-su-auschwitz-a-roma-b299191\/#primaryimage\",\"url\":\"https:\/\/www.shalom.it\/wp-content\/uploads\/2021\/08\/1ECF14F2-A801-4AB6-BD6B-E173DC16ED95.jpeg\",\"contentUrl\":\"https:\/\/www.shalom.it\/wp-content\/uploads\/2021\/08\/1ECF14F2-A801-4AB6-BD6B-E173DC16ED95.jpeg\",\"width\":1280,\"height\":720},{\"@type\":\"BreadcrumbList\",\"@id\":\"https:\/\/www.shalom.it\/italia\/shoah-testimoni-dei-testimoni-mostra-su-auschwitz-a-roma-b299191\/#breadcrumb\",\"itemListElement\":[{\"@type\":\"ListItem\",\"position\":1,\"name\":\"Home\",\"item\":\"https:\/\/www.shalom.it\/\"},{\"@type\":\"ListItem\",\"position\":2,\"name\":\"Shoah: &#8216;Testimoni dei Testimoni&#8217;, mostra su Auschwitz a Roma\"}]},{\"@type\":\"WebSite\",\"@id\":\"https:\/\/www.shalom.it\/#website\",\"url\":\"https:\/\/www.shalom.it\/\",\"name\":\"Shalom\",\"description\":\"Il Magazine della comunit\u00e0 ebraica di Roma\",\"potentialAction\":[{\"@type\":\"SearchAction\",\"target\":{\"@type\":\"EntryPoint\",\"urlTemplate\":\"https:\/\/www.shalom.it\/?s={search_term_string}\"},\"query-input\":{\"@type\":\"PropertyValueSpecification\",\"valueRequired\":true,\"valueName\":\"search_term_string\"}}],\"inLanguage\":\"it-IT\"},{\"@type\":\"Person\",\"@id\":\"https:\/\/www.shalom.it\/#\/schema\/person\/d6d60e821a49d2a420ffe01f7af79dd8\",\"name\":\"Redazione\",\"url\":\"https:\/\/www.shalom.it\/author\/redazione\/\"}]}<\/script>\n<!-- \/ Yoast SEO plugin. -->","yoast_head_json":{"title":"Shoah: 'Testimoni dei Testimoni', mostra su Auschwitz a Roma - Shalom","robots":{"index":"index","follow":"follow","max-snippet":"max-snippet:-1","max-image-preview":"max-image-preview:large","max-video-preview":"max-video-preview:-1"},"canonical":"https:\/\/www.shalom.it\/italia\/shoah-testimoni-dei-testimoni-mostra-su-auschwitz-a-roma-b299191\/","og_locale":"it_IT","og_type":"article","og_title":"Shoah: 'Testimoni dei Testimoni', mostra su Auschwitz a Roma - Shalom","og_description":"&#8220;Gi\u00e0 la prima sera \u00e8 stata molto diversa da quando siamo arrivati&#8221;. Cos\u00ec la sindaca di Roma ha parlato della sua esperienza nei viaggi della memoria sui luoghi&nbsp; della Shoah, in occasione della presentazione a Palazzo delle Esposizione della mostra &#8216;Testimoni dei Testimoni, ricordare e raccontare Auschwitz&#8217;. &#8220;Abbiamo sentito un pugno nello stomaco, un&#8217;emozione durissima [&hellip;]","og_url":"https:\/\/www.shalom.it\/italia\/shoah-testimoni-dei-testimoni-mostra-su-auschwitz-a-roma-b299191\/","og_site_name":"Shalom","article_published_time":"2019-01-26T23:00:00+00:00","article_modified_time":"2024-05-30T22:19:24+00:00","og_image":[{"width":1280,"height":720,"url":"https:\/\/www.shalom.it\/wp-content\/uploads\/2021\/08\/1ECF14F2-A801-4AB6-BD6B-E173DC16ED95.jpeg","type":"image\/jpeg"}],"author":"Redazione","twitter_card":"summary_large_image","twitter_misc":{"Scritto da":"Redazione","Tempo di lettura stimato":"1 minuto"},"schema":{"@context":"https:\/\/schema.org","@graph":[{"@type":"Article","@id":"https:\/\/www.shalom.it\/italia\/shoah-testimoni-dei-testimoni-mostra-su-auschwitz-a-roma-b299191\/#article","isPartOf":{"@id":"https:\/\/www.shalom.it\/italia\/shoah-testimoni-dei-testimoni-mostra-su-auschwitz-a-roma-b299191\/"},"author":{"name":"Redazione","@id":"https:\/\/www.shalom.it\/#\/schema\/person\/d6d60e821a49d2a420ffe01f7af79dd8"},"headline":"Shoah: &#8216;Testimoni dei Testimoni&#8217;, mostra su Auschwitz a Roma","datePublished":"2019-01-26T23:00:00+00:00","dateModified":"2024-05-30T22:19:24+00:00","mainEntityOfPage":{"@id":"https:\/\/www.shalom.it\/italia\/shoah-testimoni-dei-testimoni-mostra-su-auschwitz-a-roma-b299191\/"},"wordCount":261,"commentCount":0,"image":{"@id":"https:\/\/www.shalom.it\/italia\/shoah-testimoni-dei-testimoni-mostra-su-auschwitz-a-roma-b299191\/#primaryimage"},"thumbnailUrl":"https:\/\/www.shalom.it\/wp-content\/uploads\/2021\/08\/1ECF14F2-A801-4AB6-BD6B-E173DC16ED95.jpeg","articleSection":["ITALIA"],"inLanguage":"it-IT"},{"@type":"WebPage","@id":"https:\/\/www.shalom.it\/italia\/shoah-testimoni-dei-testimoni-mostra-su-auschwitz-a-roma-b299191\/","url":"https:\/\/www.shalom.it\/italia\/shoah-testimoni-dei-testimoni-mostra-su-auschwitz-a-roma-b299191\/","name":"Shoah: 'Testimoni dei Testimoni', mostra su Auschwitz a Roma - Shalom","isPartOf":{"@id":"https:\/\/www.shalom.it\/#website"},"primaryImageOfPage":{"@id":"https:\/\/www.shalom.it\/italia\/shoah-testimoni-dei-testimoni-mostra-su-auschwitz-a-roma-b299191\/#primaryimage"},"image":{"@id":"https:\/\/www.shalom.it\/italia\/shoah-testimoni-dei-testimoni-mostra-su-auschwitz-a-roma-b299191\/#primaryimage"},"thumbnailUrl":"https:\/\/www.shalom.it\/wp-content\/uploads\/2021\/08\/1ECF14F2-A801-4AB6-BD6B-E173DC16ED95.jpeg","datePublished":"2019-01-26T23:00:00+00:00","dateModified":"2024-05-30T22:19:24+00:00","author":{"@id":"https:\/\/www.shalom.it\/#\/schema\/person\/d6d60e821a49d2a420ffe01f7af79dd8"},"breadcrumb":{"@id":"https:\/\/www.shalom.it\/italia\/shoah-testimoni-dei-testimoni-mostra-su-auschwitz-a-roma-b299191\/#breadcrumb"},"inLanguage":"it-IT","potentialAction":[{"@type":"ReadAction","target":["https:\/\/www.shalom.it\/italia\/shoah-testimoni-dei-testimoni-mostra-su-auschwitz-a-roma-b299191\/"]}]},{"@type":"ImageObject","inLanguage":"it-IT","@id":"https:\/\/www.shalom.it\/italia\/shoah-testimoni-dei-testimoni-mostra-su-auschwitz-a-roma-b299191\/#primaryimage","url":"https:\/\/www.shalom.it\/wp-content\/uploads\/2021\/08\/1ECF14F2-A801-4AB6-BD6B-E173DC16ED95.jpeg","contentUrl":"https:\/\/www.shalom.it\/wp-content\/uploads\/2021\/08\/1ECF14F2-A801-4AB6-BD6B-E173DC16ED95.jpeg","width":1280,"height":720},{"@type":"BreadcrumbList","@id":"https:\/\/www.shalom.it\/italia\/shoah-testimoni-dei-testimoni-mostra-su-auschwitz-a-roma-b299191\/#breadcrumb","itemListElement":[{"@type":"ListItem","position":1,"name":"Home","item":"https:\/\/www.shalom.it\/"},{"@type":"ListItem","position":2,"name":"Shoah: &#8216;Testimoni dei Testimoni&#8217;, mostra su Auschwitz a Roma"}]},{"@type":"WebSite","@id":"https:\/\/www.shalom.it\/#website","url":"https:\/\/www.shalom.it\/","name":"Shalom","description":"Il Magazine della comunit\u00e0 ebraica di Roma","potentialAction":[{"@type":"SearchAction","target":{"@type":"EntryPoint","urlTemplate":"https:\/\/www.shalom.it\/?s={search_term_string}"},"query-input":{"@type":"PropertyValueSpecification","valueRequired":true,"valueName":"search_term_string"}}],"inLanguage":"it-IT"},{"@type":"Person","@id":"https:\/\/www.shalom.it\/#\/schema\/person\/d6d60e821a49d2a420ffe01f7af79dd8","name":"Redazione","url":"https:\/\/www.shalom.it\/author\/redazione\/"}]}},"jetpack_featured_media_url":"https:\/\/www.shalom.it\/wp-content\/uploads\/2021\/08\/1ECF14F2-A801-4AB6-BD6B-E173DC16ED95.jpeg","jetpack_sharing_enabled":true,"_links":{"self":[{"href":"https:\/\/www.shalom.it\/wp-json\/wp\/v2\/posts\/5074","targetHints":{"allow":["GET"]}}],"collection":[{"href":"https:\/\/www.shalom.it\/wp-json\/wp\/v2\/posts"}],"about":[{"href":"https:\/\/www.shalom.it\/wp-json\/wp\/v2\/types\/post"}],"author":[{"embeddable":true,"href":"https:\/\/www.shalom.it\/wp-json\/wp\/v2\/users\/3"}],"replies":[{"embeddable":true,"href":"https:\/\/www.shalom.it\/wp-json\/wp\/v2\/comments?post=5074"}],"version-history":[{"count":1,"href":"https:\/\/www.shalom.it\/wp-json\/wp\/v2\/posts\/5074\/revisions"}],"predecessor-version":[{"id":10169,"href":"https:\/\/www.shalom.it\/wp-json\/wp\/v2\/posts\/5074\/revisions\/10169"}],"wp:featuredmedia":[{"embeddable":true,"href":"https:\/\/www.shalom.it\/wp-json\/wp\/v2\/media\/5075"}],"wp:attachment":[{"href":"https:\/\/www.shalom.it\/wp-json\/wp\/v2\/media?parent=5074"}],"wp:term":[{"taxonomy":"category","embeddable":true,"href":"https:\/\/www.shalom.it\/wp-json\/wp\/v2\/categories?post=5074"},{"taxonomy":"post_tag","embeddable":true,"href":"https:\/\/www.shalom.it\/wp-json\/wp\/v2\/tags?post=5074"}],"curies":[{"name":"wp","href":"https:\/\/api.w.org\/{rel}","templated":true}]}}