{"id":5070,"date":"2019-01-27T00:00:00","date_gmt":"2019-01-26T23:00:00","guid":{"rendered":"https:\/\/www.shalom.it\/senza-categoria\/la-diplomazia-italiana-di-fronte-alla-shoah-una-mostra-a-roma-b299171\/"},"modified":"2024-05-31T00:19:24","modified_gmt":"2024-05-30T22:19:24","slug":"la-diplomazia-italiana-di-fronte-alla-shoah-una-mostra-a-roma-b299171","status":"publish","type":"post","link":"https:\/\/www.shalom.it\/roma-ebraica\/la-diplomazia-italiana-di-fronte-alla-shoah-una-mostra-a-roma-b299171\/","title":{"rendered":"La diplomazia italiana di fronte alla Shoah, una mostra a Roma"},"content":{"rendered":"<p style=\"margin-bottom: 0px; font-stretch: normal; line-height: normal;\"><span style=\"-webkit-text-size-adjust: 100%;\">L\u2019atteggiamento e la reazione della diplomazia italiana di fronte alla tragedia che colp\u00ec gli ebrei italiani ed europei negli anni 1938-43 \u00e8 al centro di una mostra inaugurata domenica 27 gennaio a Roma . \u2018Solo il dovere, oltre il dovere \u2013 La diplomazia italiana di fronte alla persecuzione degli ebrei (1938-1943)\u2019 a cura di Sara Berger e Marcello Pezzetti, con la consulenza di Federica Onelli, sar\u00e0 aperta al pubblico dal 28 gennaio al 14 luglio alla Fondazione museo della Shoah a Via del portico di Ottavia 29.<\/span><\/p>\n<p style=\"margin-bottom: 0px; font-stretch: normal; line-height: normal;\">\u201cLa volont\u00e0 e la capacit\u00e0 di scongiurare ogni seppur minimo rischio di ritorno di forme di sciagurata analogia con quei tempi oscuri, va fortificata dalla consapevolezza che \u00e8 possibile seguire la propria coscienza, non avere paura e trovare la forza interiore di reagire e il coraggio di non rassegnarsi al pregiudizio e alla barbarie\u201d. Sono le parole con cui il ministro degli Esteri Enzo Moavero Milanesi nella prefazione del catalogo della mostra individua il messaggio che proviene dall\u2019esperienza e dall\u2019azione \u201cdei migliori tra i rappresentanti del corpo diplomatico\u201d.<\/p>\n<p style=\"margin-bottom: 0px; font-stretch: normal; line-height: normal;\">Promossa dalla Fondazione Museo della Shoah in collaborazione con la Farnesina, la mostra attraverso foto, documenti, filmati, mappe e articoli di giornale ricostruisce un\u2019epoca, partendo dai cambiamenti avvenuti all\u2019interno del Ministero degli esteri e nella sua rete estera dopo la promulgazione delle leggi razziali. Fulcro dell\u2019esposizione un eccezionale fondo documentario ritrovato presso l\u2019Archivio Storico Diplomatico del Ministero non ancora inventariato e quasi totalmente inedito. Dopo aver fatto una panoramica sulla situazione degli ebrei nel mondo nel 1938 grazie alle risposte date dai diplomatici ad un questionario del Minculpop e ai rapporti pi\u00f9 significativi dei diplomatici sugli eccidi e le deportazioni, il percorso espositivo si concentra su alcune aree particolari. Tra queste la zona di occupazione italiana della Croazia, dove i diplomatici si rifiutarono di consegnare gli ebrei alle forze locali. Viene anche evidenziato lo sforzo di alcuni diplomatici di salvare ebrei italiani residenti all\u2019estero, con la ricostruzione di alcune delle vicende biografiche e umane pi\u00f9 significative, sia dei diplomatici che dei perseguitati.<\/p>\n<\/p>\n<p style=\"margin-bottom: 0px; font-stretch: normal; line-height: normal;\">Oltre al Fondo documentario della Farnesina, materiale significativo \u00e8 stato messo a disposizione dall\u2019United States Holocaust Memorial Museum di Washington, dall\u2019istituto israeliano Yad-Vashem, dai vari luoghi della Memoria in Europa, dall\u2019Archivio storico-diplomatico tedesco (Politisches Archiv des Ausw\u00e4rtigen Amts), dalla Fondazione Centro di Documentazione Ebraica Contemporanea (CDEC) di Milano e dalla stessa Fondazione Museo della Shoah di Roma. La mostra si avvale del Patrocinio della Presidenza del Consiglio dei Ministri, del Dipartimento per le Pari Opportunit\u00e0 presso il Consiglio dei Ministri, del Ministero per i beni e le attivit\u00e0 culturali, della Regione Lazio, di Roma Capitale, Unione delle comunit\u00e0 ebraiche italiane, della Comunit\u00e0 ebraica di Roma ed \u00e8 realizzata con l\u2019organizzazione generale di COR Creare Organizzare Realizzare di Alessandro Nicosia.<\/p>\n","protected":false},"excerpt":{"rendered":"<p>L\u2019atteggiamento e la reazione della diplomazia italiana di fronte alla tragedia che colp\u00ec gli ebrei italiani ed europei negli anni 1938-43 \u00e8 al centro di una mostra inaugurata domenica 27 gennaio a Roma . \u2018Solo il dovere, oltre il dovere \u2013 La diplomazia italiana di fronte alla persecuzione degli ebrei (1938-1943)\u2019 a cura di Sara [&hellip;]<\/p>\n","protected":false},"author":3,"featured_media":5071,"comment_status":"open","ping_status":"open","sticky":false,"template":"","format":"standard","meta":{"_acf_changed":false,"_jetpack_memberships_contains_paid_content":false,"footnotes":""},"categories":[2],"tags":[],"class_list":["post-5070","post","type-post","status-publish","format-standard","has-post-thumbnail","hentry","category-roma-ebraica"],"acf":[],"yoast_head":"<!-- This site is optimized with the Yoast SEO plugin v26.9 - https:\/\/yoast.com\/product\/yoast-seo-wordpress\/ -->\n<title>La diplomazia italiana di fronte alla Shoah, una mostra a Roma - Shalom<\/title>\n<meta name=\"robots\" content=\"index, follow, max-snippet:-1, max-image-preview:large, max-video-preview:-1\" \/>\n<link rel=\"canonical\" href=\"https:\/\/www.shalom.it\/roma-ebraica\/la-diplomazia-italiana-di-fronte-alla-shoah-una-mostra-a-roma-b299171\/\" \/>\n<meta property=\"og:locale\" content=\"it_IT\" \/>\n<meta property=\"og:type\" content=\"article\" \/>\n<meta property=\"og:title\" content=\"La diplomazia italiana di fronte alla Shoah, una mostra a Roma - Shalom\" \/>\n<meta property=\"og:description\" content=\"L\u2019atteggiamento e la reazione della diplomazia italiana di fronte alla tragedia che colp\u00ec gli ebrei italiani ed europei negli anni 1938-43 \u00e8 al centro di una mostra inaugurata domenica 27 gennaio a Roma . \u2018Solo il dovere, oltre il dovere \u2013 La diplomazia italiana di fronte alla persecuzione degli ebrei (1938-1943)\u2019 a cura di Sara [&hellip;]\" \/>\n<meta property=\"og:url\" content=\"https:\/\/www.shalom.it\/roma-ebraica\/la-diplomazia-italiana-di-fronte-alla-shoah-una-mostra-a-roma-b299171\/\" \/>\n<meta property=\"og:site_name\" content=\"Shalom\" \/>\n<meta property=\"article:published_time\" content=\"2019-01-26T23:00:00+00:00\" \/>\n<meta property=\"article:modified_time\" content=\"2024-05-30T22:19:24+00:00\" \/>\n<meta property=\"og:image\" content=\"https:\/\/www.shalom.it\/wp-content\/uploads\/2021\/08\/2B666773-FB64-4886-A4A0-DC17EB84B484.jpeg\" \/>\n\t<meta property=\"og:image:width\" content=\"898\" \/>\n\t<meta property=\"og:image:height\" content=\"1600\" \/>\n\t<meta property=\"og:image:type\" content=\"image\/jpeg\" \/>\n<meta name=\"author\" content=\"Redazione\" \/>\n<meta name=\"twitter:card\" content=\"summary_large_image\" \/>\n<meta name=\"twitter:label1\" content=\"Scritto da\" \/>\n\t<meta name=\"twitter:data1\" content=\"Redazione\" \/>\n\t<meta name=\"twitter:label2\" content=\"Tempo di lettura stimato\" \/>\n\t<meta name=\"twitter:data2\" content=\"2 minuti\" \/>\n<script type=\"application\/ld+json\" class=\"yoast-schema-graph\">{\"@context\":\"https:\/\/schema.org\",\"@graph\":[{\"@type\":\"Article\",\"@id\":\"https:\/\/www.shalom.it\/roma-ebraica\/la-diplomazia-italiana-di-fronte-alla-shoah-una-mostra-a-roma-b299171\/#article\",\"isPartOf\":{\"@id\":\"https:\/\/www.shalom.it\/roma-ebraica\/la-diplomazia-italiana-di-fronte-alla-shoah-una-mostra-a-roma-b299171\/\"},\"author\":{\"name\":\"Redazione\",\"@id\":\"https:\/\/www.shalom.it\/#\/schema\/person\/d6d60e821a49d2a420ffe01f7af79dd8\"},\"headline\":\"La diplomazia italiana di fronte alla Shoah, una mostra a Roma\",\"datePublished\":\"2019-01-26T23:00:00+00:00\",\"dateModified\":\"2024-05-30T22:19:24+00:00\",\"mainEntityOfPage\":{\"@id\":\"https:\/\/www.shalom.it\/roma-ebraica\/la-diplomazia-italiana-di-fronte-alla-shoah-una-mostra-a-roma-b299171\/\"},\"wordCount\":469,\"commentCount\":0,\"image\":{\"@id\":\"https:\/\/www.shalom.it\/roma-ebraica\/la-diplomazia-italiana-di-fronte-alla-shoah-una-mostra-a-roma-b299171\/#primaryimage\"},\"thumbnailUrl\":\"https:\/\/www.shalom.it\/wp-content\/uploads\/2021\/08\/2B666773-FB64-4886-A4A0-DC17EB84B484.jpeg\",\"articleSection\":[\"ROMA EBRAICA\"],\"inLanguage\":\"it-IT\"},{\"@type\":\"WebPage\",\"@id\":\"https:\/\/www.shalom.it\/roma-ebraica\/la-diplomazia-italiana-di-fronte-alla-shoah-una-mostra-a-roma-b299171\/\",\"url\":\"https:\/\/www.shalom.it\/roma-ebraica\/la-diplomazia-italiana-di-fronte-alla-shoah-una-mostra-a-roma-b299171\/\",\"name\":\"La diplomazia italiana di fronte alla Shoah, una mostra a Roma - Shalom\",\"isPartOf\":{\"@id\":\"https:\/\/www.shalom.it\/#website\"},\"primaryImageOfPage\":{\"@id\":\"https:\/\/www.shalom.it\/roma-ebraica\/la-diplomazia-italiana-di-fronte-alla-shoah-una-mostra-a-roma-b299171\/#primaryimage\"},\"image\":{\"@id\":\"https:\/\/www.shalom.it\/roma-ebraica\/la-diplomazia-italiana-di-fronte-alla-shoah-una-mostra-a-roma-b299171\/#primaryimage\"},\"thumbnailUrl\":\"https:\/\/www.shalom.it\/wp-content\/uploads\/2021\/08\/2B666773-FB64-4886-A4A0-DC17EB84B484.jpeg\",\"datePublished\":\"2019-01-26T23:00:00+00:00\",\"dateModified\":\"2024-05-30T22:19:24+00:00\",\"author\":{\"@id\":\"https:\/\/www.shalom.it\/#\/schema\/person\/d6d60e821a49d2a420ffe01f7af79dd8\"},\"breadcrumb\":{\"@id\":\"https:\/\/www.shalom.it\/roma-ebraica\/la-diplomazia-italiana-di-fronte-alla-shoah-una-mostra-a-roma-b299171\/#breadcrumb\"},\"inLanguage\":\"it-IT\",\"potentialAction\":[{\"@type\":\"ReadAction\",\"target\":[\"https:\/\/www.shalom.it\/roma-ebraica\/la-diplomazia-italiana-di-fronte-alla-shoah-una-mostra-a-roma-b299171\/\"]}]},{\"@type\":\"ImageObject\",\"inLanguage\":\"it-IT\",\"@id\":\"https:\/\/www.shalom.it\/roma-ebraica\/la-diplomazia-italiana-di-fronte-alla-shoah-una-mostra-a-roma-b299171\/#primaryimage\",\"url\":\"https:\/\/www.shalom.it\/wp-content\/uploads\/2021\/08\/2B666773-FB64-4886-A4A0-DC17EB84B484.jpeg\",\"contentUrl\":\"https:\/\/www.shalom.it\/wp-content\/uploads\/2021\/08\/2B666773-FB64-4886-A4A0-DC17EB84B484.jpeg\",\"width\":898,\"height\":1600},{\"@type\":\"BreadcrumbList\",\"@id\":\"https:\/\/www.shalom.it\/roma-ebraica\/la-diplomazia-italiana-di-fronte-alla-shoah-una-mostra-a-roma-b299171\/#breadcrumb\",\"itemListElement\":[{\"@type\":\"ListItem\",\"position\":1,\"name\":\"Home\",\"item\":\"https:\/\/www.shalom.it\/\"},{\"@type\":\"ListItem\",\"position\":2,\"name\":\"La diplomazia italiana di fronte alla Shoah, una mostra a Roma\"}]},{\"@type\":\"WebSite\",\"@id\":\"https:\/\/www.shalom.it\/#website\",\"url\":\"https:\/\/www.shalom.it\/\",\"name\":\"Shalom\",\"description\":\"Il Magazine della comunit\u00e0 ebraica di Roma\",\"potentialAction\":[{\"@type\":\"SearchAction\",\"target\":{\"@type\":\"EntryPoint\",\"urlTemplate\":\"https:\/\/www.shalom.it\/?s={search_term_string}\"},\"query-input\":{\"@type\":\"PropertyValueSpecification\",\"valueRequired\":true,\"valueName\":\"search_term_string\"}}],\"inLanguage\":\"it-IT\"},{\"@type\":\"Person\",\"@id\":\"https:\/\/www.shalom.it\/#\/schema\/person\/d6d60e821a49d2a420ffe01f7af79dd8\",\"name\":\"Redazione\",\"url\":\"https:\/\/www.shalom.it\/author\/redazione\/\"}]}<\/script>\n<!-- \/ Yoast SEO plugin. -->","yoast_head_json":{"title":"La diplomazia italiana di fronte alla Shoah, una mostra a Roma - Shalom","robots":{"index":"index","follow":"follow","max-snippet":"max-snippet:-1","max-image-preview":"max-image-preview:large","max-video-preview":"max-video-preview:-1"},"canonical":"https:\/\/www.shalom.it\/roma-ebraica\/la-diplomazia-italiana-di-fronte-alla-shoah-una-mostra-a-roma-b299171\/","og_locale":"it_IT","og_type":"article","og_title":"La diplomazia italiana di fronte alla Shoah, una mostra a Roma - Shalom","og_description":"L\u2019atteggiamento e la reazione della diplomazia italiana di fronte alla tragedia che colp\u00ec gli ebrei italiani ed europei negli anni 1938-43 \u00e8 al centro di una mostra inaugurata domenica 27 gennaio a Roma . \u2018Solo il dovere, oltre il dovere \u2013 La diplomazia italiana di fronte alla persecuzione degli ebrei (1938-1943)\u2019 a cura di Sara [&hellip;]","og_url":"https:\/\/www.shalom.it\/roma-ebraica\/la-diplomazia-italiana-di-fronte-alla-shoah-una-mostra-a-roma-b299171\/","og_site_name":"Shalom","article_published_time":"2019-01-26T23:00:00+00:00","article_modified_time":"2024-05-30T22:19:24+00:00","og_image":[{"width":898,"height":1600,"url":"https:\/\/www.shalom.it\/wp-content\/uploads\/2021\/08\/2B666773-FB64-4886-A4A0-DC17EB84B484.jpeg","type":"image\/jpeg"}],"author":"Redazione","twitter_card":"summary_large_image","twitter_misc":{"Scritto da":"Redazione","Tempo di lettura stimato":"2 minuti"},"schema":{"@context":"https:\/\/schema.org","@graph":[{"@type":"Article","@id":"https:\/\/www.shalom.it\/roma-ebraica\/la-diplomazia-italiana-di-fronte-alla-shoah-una-mostra-a-roma-b299171\/#article","isPartOf":{"@id":"https:\/\/www.shalom.it\/roma-ebraica\/la-diplomazia-italiana-di-fronte-alla-shoah-una-mostra-a-roma-b299171\/"},"author":{"name":"Redazione","@id":"https:\/\/www.shalom.it\/#\/schema\/person\/d6d60e821a49d2a420ffe01f7af79dd8"},"headline":"La diplomazia italiana di fronte alla Shoah, una mostra a Roma","datePublished":"2019-01-26T23:00:00+00:00","dateModified":"2024-05-30T22:19:24+00:00","mainEntityOfPage":{"@id":"https:\/\/www.shalom.it\/roma-ebraica\/la-diplomazia-italiana-di-fronte-alla-shoah-una-mostra-a-roma-b299171\/"},"wordCount":469,"commentCount":0,"image":{"@id":"https:\/\/www.shalom.it\/roma-ebraica\/la-diplomazia-italiana-di-fronte-alla-shoah-una-mostra-a-roma-b299171\/#primaryimage"},"thumbnailUrl":"https:\/\/www.shalom.it\/wp-content\/uploads\/2021\/08\/2B666773-FB64-4886-A4A0-DC17EB84B484.jpeg","articleSection":["ROMA EBRAICA"],"inLanguage":"it-IT"},{"@type":"WebPage","@id":"https:\/\/www.shalom.it\/roma-ebraica\/la-diplomazia-italiana-di-fronte-alla-shoah-una-mostra-a-roma-b299171\/","url":"https:\/\/www.shalom.it\/roma-ebraica\/la-diplomazia-italiana-di-fronte-alla-shoah-una-mostra-a-roma-b299171\/","name":"La diplomazia italiana di fronte alla Shoah, una mostra a Roma - Shalom","isPartOf":{"@id":"https:\/\/www.shalom.it\/#website"},"primaryImageOfPage":{"@id":"https:\/\/www.shalom.it\/roma-ebraica\/la-diplomazia-italiana-di-fronte-alla-shoah-una-mostra-a-roma-b299171\/#primaryimage"},"image":{"@id":"https:\/\/www.shalom.it\/roma-ebraica\/la-diplomazia-italiana-di-fronte-alla-shoah-una-mostra-a-roma-b299171\/#primaryimage"},"thumbnailUrl":"https:\/\/www.shalom.it\/wp-content\/uploads\/2021\/08\/2B666773-FB64-4886-A4A0-DC17EB84B484.jpeg","datePublished":"2019-01-26T23:00:00+00:00","dateModified":"2024-05-30T22:19:24+00:00","author":{"@id":"https:\/\/www.shalom.it\/#\/schema\/person\/d6d60e821a49d2a420ffe01f7af79dd8"},"breadcrumb":{"@id":"https:\/\/www.shalom.it\/roma-ebraica\/la-diplomazia-italiana-di-fronte-alla-shoah-una-mostra-a-roma-b299171\/#breadcrumb"},"inLanguage":"it-IT","potentialAction":[{"@type":"ReadAction","target":["https:\/\/www.shalom.it\/roma-ebraica\/la-diplomazia-italiana-di-fronte-alla-shoah-una-mostra-a-roma-b299171\/"]}]},{"@type":"ImageObject","inLanguage":"it-IT","@id":"https:\/\/www.shalom.it\/roma-ebraica\/la-diplomazia-italiana-di-fronte-alla-shoah-una-mostra-a-roma-b299171\/#primaryimage","url":"https:\/\/www.shalom.it\/wp-content\/uploads\/2021\/08\/2B666773-FB64-4886-A4A0-DC17EB84B484.jpeg","contentUrl":"https:\/\/www.shalom.it\/wp-content\/uploads\/2021\/08\/2B666773-FB64-4886-A4A0-DC17EB84B484.jpeg","width":898,"height":1600},{"@type":"BreadcrumbList","@id":"https:\/\/www.shalom.it\/roma-ebraica\/la-diplomazia-italiana-di-fronte-alla-shoah-una-mostra-a-roma-b299171\/#breadcrumb","itemListElement":[{"@type":"ListItem","position":1,"name":"Home","item":"https:\/\/www.shalom.it\/"},{"@type":"ListItem","position":2,"name":"La diplomazia italiana di fronte alla Shoah, una mostra a Roma"}]},{"@type":"WebSite","@id":"https:\/\/www.shalom.it\/#website","url":"https:\/\/www.shalom.it\/","name":"Shalom","description":"Il Magazine della comunit\u00e0 ebraica di Roma","potentialAction":[{"@type":"SearchAction","target":{"@type":"EntryPoint","urlTemplate":"https:\/\/www.shalom.it\/?s={search_term_string}"},"query-input":{"@type":"PropertyValueSpecification","valueRequired":true,"valueName":"search_term_string"}}],"inLanguage":"it-IT"},{"@type":"Person","@id":"https:\/\/www.shalom.it\/#\/schema\/person\/d6d60e821a49d2a420ffe01f7af79dd8","name":"Redazione","url":"https:\/\/www.shalom.it\/author\/redazione\/"}]}},"jetpack_featured_media_url":"https:\/\/www.shalom.it\/wp-content\/uploads\/2021\/08\/2B666773-FB64-4886-A4A0-DC17EB84B484.jpeg","jetpack_sharing_enabled":true,"_links":{"self":[{"href":"https:\/\/www.shalom.it\/wp-json\/wp\/v2\/posts\/5070","targetHints":{"allow":["GET"]}}],"collection":[{"href":"https:\/\/www.shalom.it\/wp-json\/wp\/v2\/posts"}],"about":[{"href":"https:\/\/www.shalom.it\/wp-json\/wp\/v2\/types\/post"}],"author":[{"embeddable":true,"href":"https:\/\/www.shalom.it\/wp-json\/wp\/v2\/users\/3"}],"replies":[{"embeddable":true,"href":"https:\/\/www.shalom.it\/wp-json\/wp\/v2\/comments?post=5070"}],"version-history":[{"count":1,"href":"https:\/\/www.shalom.it\/wp-json\/wp\/v2\/posts\/5070\/revisions"}],"predecessor-version":[{"id":10167,"href":"https:\/\/www.shalom.it\/wp-json\/wp\/v2\/posts\/5070\/revisions\/10167"}],"wp:featuredmedia":[{"embeddable":true,"href":"https:\/\/www.shalom.it\/wp-json\/wp\/v2\/media\/5071"}],"wp:attachment":[{"href":"https:\/\/www.shalom.it\/wp-json\/wp\/v2\/media?parent=5070"}],"wp:term":[{"taxonomy":"category","embeddable":true,"href":"https:\/\/www.shalom.it\/wp-json\/wp\/v2\/categories?post=5070"},{"taxonomy":"post_tag","embeddable":true,"href":"https:\/\/www.shalom.it\/wp-json\/wp\/v2\/tags?post=5070"}],"curies":[{"name":"wp","href":"https:\/\/api.w.org\/{rel}","templated":true}]}}