{"id":5068,"date":"2019-01-27T00:00:00","date_gmt":"2019-01-26T23:00:00","guid":{"rendered":"https:\/\/www.shalom.it\/senza-categoria\/giornata-memoria-e-antisemitismo-di-oggi-b299161\/"},"modified":"2024-05-31T00:19:24","modified_gmt":"2024-05-30T22:19:24","slug":"giornata-memoria-e-antisemitismo-di-oggi-b299161","status":"publish","type":"post","link":"https:\/\/www.shalom.it\/idee-pensiero-ebraico\/giornata-memoria-e-antisemitismo-di-oggi-b299161\/","title":{"rendered":"Giornata Memoria e antisemitismo di oggi"},"content":{"rendered":"<p style=\"margin-bottom: 0px; font-stretch: normal; line-height: normal;\"><span style=\"-webkit-text-size-adjust: 100%;\">Oggi \u00e8 la Giornata della memoria, stabilita con legge dello stato italiano \u201cal fine di ricordare la Shoah (sterminio del popolo ebraico), le leggi razziali, la persecuzione italiana dei cittadini ebrei\u201d, riprendendo la risoluzione 60\/7 del 2005 dell\u2019Assemblea Generale dell\u2019Onu che &nbsp;stabilisce l\u2019 \u201cInternational Holocaust Remembrance Day\u201d. Non \u00e8 la data religiosa ebraica del digiuno del 10 di Tevet (quest\u2019anno venti giorni fa) n\u00e9 quella civile (Yom ha Sho\u00e0 ve ha Ghevur\u00e0, &nbsp;il prossimo 2 maggio). E\u2019 una data che i popoli hanno stabilito, due generazioni dopo la Sho\u00e0, forse perch\u00e9 consapevoli della minaccia dell\u2019antisemitismo. Se questa era l\u2019intenzione, bisogna ammettere che non ha funzionato. Nell\u2019ultimo sondaggio dell\u2019\u201dEurobarometro\u201d della Commissione Europea (http:\/\/ec.europa.eu\/commfrontoffice\/publicopinion\/index.cfm\/survey\/getsurveydetail\/instruments\/special\/surveyky\/2220), si trova che il 50% degli europei ritengono che l\u2019antisemitismo sia un problema nel loro paese (81% in Svezia, 72% in Francia, 58% in Italia) e il 36% che sia in crescita (63% in Svezia, 61% in Germania, 55% in Olanda, 31% in Italia). L\u2019opinione della maggioranza degli europei (54%, 85% in Svezia, 77% in Olanda, 69% in Germania, 45% in Italia) \u00e8 che ci\u00f2 sia in relazione con \u201ci conflitti del Medio Oriente\u201d, insomma che l\u2019antisemitismo oggi si esprima nell\u2019odio contro Israele o nasca da esso. Il sondaggio andrebbe &nbsp;discusso nei dettagli, perch\u00e9 ci sono &nbsp;dei dati bizzarri (per esempio il 45% dei 10 milioni di svedesi dice di essere amico o conoscente di ebrei, che sono per\u00f2 solo 18.000; solo il 17% degli irlandesi dice che l\u2019antisemitismo da loro \u00e8 un problema, ma il loro parlamento sta approvando a larga maggioranza una legge che punisce con 5 anni di carcere chi commercia con Giudea e Samaria). Una cosa \u00e8 sicura: il problema esiste, e c\u2019\u00e8 anche il tentativo di deviare la giornata su temi antitetici come il conflitto palestinese (lo ha fatto l\u2019ANPI di Aprilia) o su cose che non c\u2019entrano affatto (a Lugano, gli insegnanti di storia dedicano la giornata agli indiani d\u2019America). Per questo, ci piaccia o meno, dobbiamo esserci, spiegare e usare questa occasione contro l\u2019antisemitismo e contro provocazioni come quelle di Arilia e di Lugano.<\/span><\/p>\n","protected":false},"excerpt":{"rendered":"<p>Oggi \u00e8 la Giornata della memoria, stabilita con legge dello stato italiano \u201cal fine di ricordare la Shoah (sterminio del popolo ebraico), le leggi razziali, la persecuzione italiana dei cittadini ebrei\u201d, riprendendo la risoluzione 60\/7 del 2005 dell\u2019Assemblea Generale dell\u2019Onu che &nbsp;stabilisce l\u2019 \u201cInternational Holocaust Remembrance Day\u201d. Non \u00e8 la data religiosa ebraica del digiuno [&hellip;]<\/p>\n","protected":false},"author":31,"featured_media":5069,"comment_status":"open","ping_status":"open","sticky":false,"template":"","format":"standard","meta":{"_acf_changed":false,"_jetpack_memberships_contains_paid_content":false,"footnotes":""},"categories":[9],"tags":[],"class_list":["post-5068","post","type-post","status-publish","format-standard","has-post-thumbnail","hentry","category-idee-pensiero-ebraico"],"acf":[],"yoast_head":"<!-- This site is optimized with the Yoast SEO plugin v26.9 - https:\/\/yoast.com\/product\/yoast-seo-wordpress\/ -->\n<title>Giornata Memoria e antisemitismo di oggi - Shalom<\/title>\n<meta name=\"robots\" content=\"index, follow, max-snippet:-1, max-image-preview:large, max-video-preview:-1\" \/>\n<link rel=\"canonical\" href=\"https:\/\/www.shalom.it\/idee-pensiero-ebraico\/giornata-memoria-e-antisemitismo-di-oggi-b299161\/\" \/>\n<meta property=\"og:locale\" content=\"it_IT\" \/>\n<meta property=\"og:type\" content=\"article\" \/>\n<meta property=\"og:title\" content=\"Giornata Memoria e antisemitismo di oggi - Shalom\" \/>\n<meta property=\"og:description\" content=\"Oggi \u00e8 la Giornata della memoria, stabilita con legge dello stato italiano \u201cal fine di ricordare la Shoah (sterminio del popolo ebraico), le leggi razziali, la persecuzione italiana dei cittadini ebrei\u201d, riprendendo la risoluzione 60\/7 del 2005 dell\u2019Assemblea Generale dell\u2019Onu che &nbsp;stabilisce l\u2019 \u201cInternational Holocaust Remembrance Day\u201d. Non \u00e8 la data religiosa ebraica del digiuno [&hellip;]\" \/>\n<meta property=\"og:url\" content=\"https:\/\/www.shalom.it\/idee-pensiero-ebraico\/giornata-memoria-e-antisemitismo-di-oggi-b299161\/\" \/>\n<meta property=\"og:site_name\" content=\"Shalom\" \/>\n<meta property=\"article:published_time\" content=\"2019-01-26T23:00:00+00:00\" \/>\n<meta property=\"article:modified_time\" content=\"2024-05-30T22:19:24+00:00\" \/>\n<meta property=\"og:image\" content=\"https:\/\/www.shalom.it\/wp-content\/uploads\/2021\/08\/B77A6A34-6044-48B0-B277-2013F00040CD.jpeg\" \/>\n\t<meta property=\"og:image:width\" content=\"740\" \/>\n\t<meta property=\"og:image:height\" content=\"398\" \/>\n\t<meta property=\"og:image:type\" content=\"image\/jpeg\" \/>\n<meta name=\"author\" content=\"ugovolli\" \/>\n<meta name=\"twitter:card\" content=\"summary_large_image\" \/>\n<meta name=\"twitter:label1\" content=\"Scritto da\" \/>\n\t<meta name=\"twitter:data1\" content=\"ugovolli\" \/>\n\t<meta name=\"twitter:label2\" content=\"Tempo di lettura stimato\" \/>\n\t<meta name=\"twitter:data2\" content=\"2 minuti\" \/>\n<script type=\"application\/ld+json\" class=\"yoast-schema-graph\">{\"@context\":\"https:\/\/schema.org\",\"@graph\":[{\"@type\":\"Article\",\"@id\":\"https:\/\/www.shalom.it\/idee-pensiero-ebraico\/giornata-memoria-e-antisemitismo-di-oggi-b299161\/#article\",\"isPartOf\":{\"@id\":\"https:\/\/www.shalom.it\/idee-pensiero-ebraico\/giornata-memoria-e-antisemitismo-di-oggi-b299161\/\"},\"author\":{\"name\":\"ugovolli\",\"@id\":\"https:\/\/www.shalom.it\/#\/schema\/person\/0c620bc209f9ab06a9289bfa94c282af\"},\"headline\":\"Giornata Memoria e antisemitismo di oggi\",\"datePublished\":\"2019-01-26T23:00:00+00:00\",\"dateModified\":\"2024-05-30T22:19:24+00:00\",\"mainEntityOfPage\":{\"@id\":\"https:\/\/www.shalom.it\/idee-pensiero-ebraico\/giornata-memoria-e-antisemitismo-di-oggi-b299161\/\"},\"wordCount\":353,\"commentCount\":0,\"image\":{\"@id\":\"https:\/\/www.shalom.it\/idee-pensiero-ebraico\/giornata-memoria-e-antisemitismo-di-oggi-b299161\/#primaryimage\"},\"thumbnailUrl\":\"https:\/\/www.shalom.it\/wp-content\/uploads\/2021\/08\/B77A6A34-6044-48B0-B277-2013F00040CD.jpeg\",\"articleSection\":[\"IDEE - PENSIERO EBRAICO\"],\"inLanguage\":\"it-IT\"},{\"@type\":\"WebPage\",\"@id\":\"https:\/\/www.shalom.it\/idee-pensiero-ebraico\/giornata-memoria-e-antisemitismo-di-oggi-b299161\/\",\"url\":\"https:\/\/www.shalom.it\/idee-pensiero-ebraico\/giornata-memoria-e-antisemitismo-di-oggi-b299161\/\",\"name\":\"Giornata Memoria e antisemitismo di oggi - Shalom\",\"isPartOf\":{\"@id\":\"https:\/\/www.shalom.it\/#website\"},\"primaryImageOfPage\":{\"@id\":\"https:\/\/www.shalom.it\/idee-pensiero-ebraico\/giornata-memoria-e-antisemitismo-di-oggi-b299161\/#primaryimage\"},\"image\":{\"@id\":\"https:\/\/www.shalom.it\/idee-pensiero-ebraico\/giornata-memoria-e-antisemitismo-di-oggi-b299161\/#primaryimage\"},\"thumbnailUrl\":\"https:\/\/www.shalom.it\/wp-content\/uploads\/2021\/08\/B77A6A34-6044-48B0-B277-2013F00040CD.jpeg\",\"datePublished\":\"2019-01-26T23:00:00+00:00\",\"dateModified\":\"2024-05-30T22:19:24+00:00\",\"author\":{\"@id\":\"https:\/\/www.shalom.it\/#\/schema\/person\/0c620bc209f9ab06a9289bfa94c282af\"},\"breadcrumb\":{\"@id\":\"https:\/\/www.shalom.it\/idee-pensiero-ebraico\/giornata-memoria-e-antisemitismo-di-oggi-b299161\/#breadcrumb\"},\"inLanguage\":\"it-IT\",\"potentialAction\":[{\"@type\":\"ReadAction\",\"target\":[\"https:\/\/www.shalom.it\/idee-pensiero-ebraico\/giornata-memoria-e-antisemitismo-di-oggi-b299161\/\"]}]},{\"@type\":\"ImageObject\",\"inLanguage\":\"it-IT\",\"@id\":\"https:\/\/www.shalom.it\/idee-pensiero-ebraico\/giornata-memoria-e-antisemitismo-di-oggi-b299161\/#primaryimage\",\"url\":\"https:\/\/www.shalom.it\/wp-content\/uploads\/2021\/08\/B77A6A34-6044-48B0-B277-2013F00040CD.jpeg\",\"contentUrl\":\"https:\/\/www.shalom.it\/wp-content\/uploads\/2021\/08\/B77A6A34-6044-48B0-B277-2013F00040CD.jpeg\",\"width\":740,\"height\":398},{\"@type\":\"BreadcrumbList\",\"@id\":\"https:\/\/www.shalom.it\/idee-pensiero-ebraico\/giornata-memoria-e-antisemitismo-di-oggi-b299161\/#breadcrumb\",\"itemListElement\":[{\"@type\":\"ListItem\",\"position\":1,\"name\":\"Home\",\"item\":\"https:\/\/www.shalom.it\/\"},{\"@type\":\"ListItem\",\"position\":2,\"name\":\"Giornata Memoria e antisemitismo di oggi\"}]},{\"@type\":\"WebSite\",\"@id\":\"https:\/\/www.shalom.it\/#website\",\"url\":\"https:\/\/www.shalom.it\/\",\"name\":\"Shalom\",\"description\":\"Il Magazine della comunit\u00e0 ebraica di Roma\",\"potentialAction\":[{\"@type\":\"SearchAction\",\"target\":{\"@type\":\"EntryPoint\",\"urlTemplate\":\"https:\/\/www.shalom.it\/?s={search_term_string}\"},\"query-input\":{\"@type\":\"PropertyValueSpecification\",\"valueRequired\":true,\"valueName\":\"search_term_string\"}}],\"inLanguage\":\"it-IT\"},{\"@type\":\"Person\",\"@id\":\"https:\/\/www.shalom.it\/#\/schema\/person\/0c620bc209f9ab06a9289bfa94c282af\",\"name\":\"ugovolli\",\"description\":\"E\u2019 professore ordinario di &quot;Filosofia della comunicazione&quot; presso l'Universit\u00e0 di Torino, dove dirige il Centro interdipartimentale di ricerca sulla comunicazione. Ha al suo attivo oltre trecento pubblicazioni scientifiche e una ventina di libri. Collabora con giornali, radio, televisioni e blog. Ha insegnato in numerose universit\u00e0 italiane e straniere fra cui Bologna, Brown, Haifa e New York University. I suoi campi di ricerca principali riguardano l\u2019etica della comunicazione, la teoria semiotica, l'analisi semiotica dei testi canonici della cultura religiosa ebraica, la comunicazione politica, il gusto. Fra i suoi libri pi\u00f9 recenti, &quot;Domande alla Torah&quot; (L'Epos 2012), \u201cPeriferie del senso\u201d (Aracne 2016). E\u2019 impegnato politicamente nella difesa di Israele e del sionismo.\",\"url\":\"https:\/\/www.shalom.it\/author\/ugovolli\/\"}]}<\/script>\n<!-- \/ Yoast SEO plugin. -->","yoast_head_json":{"title":"Giornata Memoria e antisemitismo di oggi - Shalom","robots":{"index":"index","follow":"follow","max-snippet":"max-snippet:-1","max-image-preview":"max-image-preview:large","max-video-preview":"max-video-preview:-1"},"canonical":"https:\/\/www.shalom.it\/idee-pensiero-ebraico\/giornata-memoria-e-antisemitismo-di-oggi-b299161\/","og_locale":"it_IT","og_type":"article","og_title":"Giornata Memoria e antisemitismo di oggi - Shalom","og_description":"Oggi \u00e8 la Giornata della memoria, stabilita con legge dello stato italiano \u201cal fine di ricordare la Shoah (sterminio del popolo ebraico), le leggi razziali, la persecuzione italiana dei cittadini ebrei\u201d, riprendendo la risoluzione 60\/7 del 2005 dell\u2019Assemblea Generale dell\u2019Onu che &nbsp;stabilisce l\u2019 \u201cInternational Holocaust Remembrance Day\u201d. Non \u00e8 la data religiosa ebraica del digiuno [&hellip;]","og_url":"https:\/\/www.shalom.it\/idee-pensiero-ebraico\/giornata-memoria-e-antisemitismo-di-oggi-b299161\/","og_site_name":"Shalom","article_published_time":"2019-01-26T23:00:00+00:00","article_modified_time":"2024-05-30T22:19:24+00:00","og_image":[{"width":740,"height":398,"url":"https:\/\/www.shalom.it\/wp-content\/uploads\/2021\/08\/B77A6A34-6044-48B0-B277-2013F00040CD.jpeg","type":"image\/jpeg"}],"author":"ugovolli","twitter_card":"summary_large_image","twitter_misc":{"Scritto da":"ugovolli","Tempo di lettura stimato":"2 minuti"},"schema":{"@context":"https:\/\/schema.org","@graph":[{"@type":"Article","@id":"https:\/\/www.shalom.it\/idee-pensiero-ebraico\/giornata-memoria-e-antisemitismo-di-oggi-b299161\/#article","isPartOf":{"@id":"https:\/\/www.shalom.it\/idee-pensiero-ebraico\/giornata-memoria-e-antisemitismo-di-oggi-b299161\/"},"author":{"name":"ugovolli","@id":"https:\/\/www.shalom.it\/#\/schema\/person\/0c620bc209f9ab06a9289bfa94c282af"},"headline":"Giornata Memoria e antisemitismo di oggi","datePublished":"2019-01-26T23:00:00+00:00","dateModified":"2024-05-30T22:19:24+00:00","mainEntityOfPage":{"@id":"https:\/\/www.shalom.it\/idee-pensiero-ebraico\/giornata-memoria-e-antisemitismo-di-oggi-b299161\/"},"wordCount":353,"commentCount":0,"image":{"@id":"https:\/\/www.shalom.it\/idee-pensiero-ebraico\/giornata-memoria-e-antisemitismo-di-oggi-b299161\/#primaryimage"},"thumbnailUrl":"https:\/\/www.shalom.it\/wp-content\/uploads\/2021\/08\/B77A6A34-6044-48B0-B277-2013F00040CD.jpeg","articleSection":["IDEE - PENSIERO EBRAICO"],"inLanguage":"it-IT"},{"@type":"WebPage","@id":"https:\/\/www.shalom.it\/idee-pensiero-ebraico\/giornata-memoria-e-antisemitismo-di-oggi-b299161\/","url":"https:\/\/www.shalom.it\/idee-pensiero-ebraico\/giornata-memoria-e-antisemitismo-di-oggi-b299161\/","name":"Giornata Memoria e antisemitismo di oggi - Shalom","isPartOf":{"@id":"https:\/\/www.shalom.it\/#website"},"primaryImageOfPage":{"@id":"https:\/\/www.shalom.it\/idee-pensiero-ebraico\/giornata-memoria-e-antisemitismo-di-oggi-b299161\/#primaryimage"},"image":{"@id":"https:\/\/www.shalom.it\/idee-pensiero-ebraico\/giornata-memoria-e-antisemitismo-di-oggi-b299161\/#primaryimage"},"thumbnailUrl":"https:\/\/www.shalom.it\/wp-content\/uploads\/2021\/08\/B77A6A34-6044-48B0-B277-2013F00040CD.jpeg","datePublished":"2019-01-26T23:00:00+00:00","dateModified":"2024-05-30T22:19:24+00:00","author":{"@id":"https:\/\/www.shalom.it\/#\/schema\/person\/0c620bc209f9ab06a9289bfa94c282af"},"breadcrumb":{"@id":"https:\/\/www.shalom.it\/idee-pensiero-ebraico\/giornata-memoria-e-antisemitismo-di-oggi-b299161\/#breadcrumb"},"inLanguage":"it-IT","potentialAction":[{"@type":"ReadAction","target":["https:\/\/www.shalom.it\/idee-pensiero-ebraico\/giornata-memoria-e-antisemitismo-di-oggi-b299161\/"]}]},{"@type":"ImageObject","inLanguage":"it-IT","@id":"https:\/\/www.shalom.it\/idee-pensiero-ebraico\/giornata-memoria-e-antisemitismo-di-oggi-b299161\/#primaryimage","url":"https:\/\/www.shalom.it\/wp-content\/uploads\/2021\/08\/B77A6A34-6044-48B0-B277-2013F00040CD.jpeg","contentUrl":"https:\/\/www.shalom.it\/wp-content\/uploads\/2021\/08\/B77A6A34-6044-48B0-B277-2013F00040CD.jpeg","width":740,"height":398},{"@type":"BreadcrumbList","@id":"https:\/\/www.shalom.it\/idee-pensiero-ebraico\/giornata-memoria-e-antisemitismo-di-oggi-b299161\/#breadcrumb","itemListElement":[{"@type":"ListItem","position":1,"name":"Home","item":"https:\/\/www.shalom.it\/"},{"@type":"ListItem","position":2,"name":"Giornata Memoria e antisemitismo di oggi"}]},{"@type":"WebSite","@id":"https:\/\/www.shalom.it\/#website","url":"https:\/\/www.shalom.it\/","name":"Shalom","description":"Il Magazine della comunit\u00e0 ebraica di Roma","potentialAction":[{"@type":"SearchAction","target":{"@type":"EntryPoint","urlTemplate":"https:\/\/www.shalom.it\/?s={search_term_string}"},"query-input":{"@type":"PropertyValueSpecification","valueRequired":true,"valueName":"search_term_string"}}],"inLanguage":"it-IT"},{"@type":"Person","@id":"https:\/\/www.shalom.it\/#\/schema\/person\/0c620bc209f9ab06a9289bfa94c282af","name":"ugovolli","description":"E\u2019 professore ordinario di &quot;Filosofia della comunicazione&quot; presso l'Universit\u00e0 di Torino, dove dirige il Centro interdipartimentale di ricerca sulla comunicazione. Ha al suo attivo oltre trecento pubblicazioni scientifiche e una ventina di libri. Collabora con giornali, radio, televisioni e blog. Ha insegnato in numerose universit\u00e0 italiane e straniere fra cui Bologna, Brown, Haifa e New York University. I suoi campi di ricerca principali riguardano l\u2019etica della comunicazione, la teoria semiotica, l'analisi semiotica dei testi canonici della cultura religiosa ebraica, la comunicazione politica, il gusto. Fra i suoi libri pi\u00f9 recenti, &quot;Domande alla Torah&quot; (L'Epos 2012), \u201cPeriferie del senso\u201d (Aracne 2016). E\u2019 impegnato politicamente nella difesa di Israele e del sionismo.","url":"https:\/\/www.shalom.it\/author\/ugovolli\/"}]}},"jetpack_featured_media_url":"https:\/\/www.shalom.it\/wp-content\/uploads\/2021\/08\/B77A6A34-6044-48B0-B277-2013F00040CD.jpeg","jetpack_sharing_enabled":true,"_links":{"self":[{"href":"https:\/\/www.shalom.it\/wp-json\/wp\/v2\/posts\/5068","targetHints":{"allow":["GET"]}}],"collection":[{"href":"https:\/\/www.shalom.it\/wp-json\/wp\/v2\/posts"}],"about":[{"href":"https:\/\/www.shalom.it\/wp-json\/wp\/v2\/types\/post"}],"author":[{"embeddable":true,"href":"https:\/\/www.shalom.it\/wp-json\/wp\/v2\/users\/31"}],"replies":[{"embeddable":true,"href":"https:\/\/www.shalom.it\/wp-json\/wp\/v2\/comments?post=5068"}],"version-history":[{"count":1,"href":"https:\/\/www.shalom.it\/wp-json\/wp\/v2\/posts\/5068\/revisions"}],"predecessor-version":[{"id":10166,"href":"https:\/\/www.shalom.it\/wp-json\/wp\/v2\/posts\/5068\/revisions\/10166"}],"wp:featuredmedia":[{"embeddable":true,"href":"https:\/\/www.shalom.it\/wp-json\/wp\/v2\/media\/5069"}],"wp:attachment":[{"href":"https:\/\/www.shalom.it\/wp-json\/wp\/v2\/media?parent=5068"}],"wp:term":[{"taxonomy":"category","embeddable":true,"href":"https:\/\/www.shalom.it\/wp-json\/wp\/v2\/categories?post=5068"},{"taxonomy":"post_tag","embeddable":true,"href":"https:\/\/www.shalom.it\/wp-json\/wp\/v2\/tags?post=5068"}],"curies":[{"name":"wp","href":"https:\/\/api.w.org\/{rel}","templated":true}]}}