{"id":43839,"date":"2020-11-24T00:00:00","date_gmt":"2020-11-23T23:00:00","guid":{"rendered":"https:\/\/www.shalom.it\/senza-categoria\/il-declino-demografico-della-popolazione-ebraica-europea-b1031061\/"},"modified":"2024-05-31T00:42:36","modified_gmt":"2024-05-30T22:42:36","slug":"il-declino-demografico-della-popolazione-ebraica-europea-b1031061","status":"publish","type":"post","link":"https:\/\/www.shalom.it\/news\/il-declino-demografico-della-popolazione-ebraica-europea-b1031061\/","title":{"rendered":"Il declino demografico della popolazione ebraica europea"},"content":{"rendered":"<p class=\"p1\" style=\"margin-bottom: 0px; font-stretch: normal; line-height: normal;\"><span style=\"-webkit-text-size-adjust: 100%;\">Durante il weekend si \u00e8 tenuto il primo e-Summit of European Jewish Leaders, organizzato dall\u2019ECJC \u2013 European Council of Jewish Communities e dal JDC \u2013 Joint Distributiion Committee. Questo evento virtuale, unico nel suo genere, si \u00e8 tenuto dal tardo pomeriggio di sabato fino alla sera di luned\u00ec.<\/span><\/p>\n<p class=\"p1\" style=\"margin-bottom: 0px; font-stretch: normal; line-height: normal;\"><span class=\"s1\">Domenica pomeriggio, in contemporanea con altri panels che era disponibile seguire sul portale messo a disposizione dall\u2019ECJC, si \u00e8 tenuto un incontro dal titolo \u201cThe Future of Europe\u2019s Jews \u2013 The Demographic Data\u201d tenuto dal Dott. Jonathan Boyd del JPR, l\u2019Institute for Jewish Policy Research, un&#8217;organizzazione di ricerca, consulenza e think-tank con sede a Londra.<br \/>Boyd che fa parte dell\u2019European Jewish Demography Unit, ha presentato la ricerca realizzata dal Professor Sergio Della Pergola e dal Dott. Daniel Staetsky.<\/span><\/p>\n<p class=\"p1\" style=\"margin-bottom: 0px; font-stretch: normal; line-height: normal;\"><span class=\"s1\">Il Dott. Boyd ha fatto presente come ci sia un costante declino in termini numerici della presenza ebraica in Europa, che \u00e8 passata in 150 anni dall\u201988% (nel 1880) della popolazione ebraica in Occidente, all\u2019attuale 9% (nel 2020). Le cause di questo declino secondo lo studio sono quattro: la migrazione dall\u2019Est Europa per motivi economici e per scappare dalle persecuzioni (i pogrom), che ha portato le varie comunit\u00e0 ebraiche a scappare soprattutto verso l\u2019America. Un\u2019altra causa \u00e8 stata sicuramente la Shoah, che ha visto morire met\u00e0 della popolazione ebraica in Europa. Un\u2019altra causa che ha portato alla scomparsa dell\u2019Ebraismo nell\u2019Est, sono state le persecuzioni del regime sovietico, il quale in alcuni casi ha fatto perdere l\u2019identit\u00e0 ebraica e in altri ha portato ad emigrare da territori ostili. L\u2019ultimo motivo di questo declino \u00e8 la migrazione in Israele, in tre differenti ondate: nel 1948, dopo il \u201967, e negli anni Novanta. In corrispondenza di queste tre ondate si \u00e8 registrato un aumento della popolazione ebraica israeliana. In termini numerici la popolazione ebraica in Europa dal 1970 al 2020 \u00e8 diminuita del 59%.<\/span><\/p>\n<p class=\"p1\" style=\"margin-bottom: 0px; font-stretch: normal; line-height: normal;\"><span class=\"s1\">\u201cAbbiamo disegnato una serie di cerchi concentrici, all\u2019interno del quale fanno parte sei diverse definizioni di ebreo\u201d ha spiegato Boyd, quello pi\u00f9 interno viene chiamato \u201cAffiliated\u201d, ovvero quella fetta di popolazione che appartiene ad organizzazioni, come per esempio le comunit\u00e0 ebraiche, fino ad arrivare a quella pi\u00f9 esterna: \u201cLaw of Return population\u201d e \u201cDistant population\u201d. Nel primo caso, sono tutte quelle persone che hanno possibilit\u00e0 di avere la cittadinanza israeliana secondo la legge del ritorno, mentre nel secondo caso, \u00e8 tutta quella fetta di popolazione che in qualche modo si sente connessa con l\u2019ebraismo.<\/span><\/p>\n<p class=\"p1\" style=\"margin-bottom: 0px; font-stretch: normal; line-height: normal;\"><span class=\"s1\">Dopo aver mostrato e descritto i diversi dati, ha voluto presentare anche il metodo statistico utilizzato per l\u2019analisi, quindi: le morti e le nascite, le emigrazioni e le immigrazioni, chi entra a far parte del popolo ebraico e chi si allontana. Nei dati presentati, si nota in paesi come la Gran Bretagna e l\u2019Austria, come dagli anni Settanta in poi ci sia un trend positivo con pi\u00f9 nascite rispetto ai decessi. Per quanto riguarda la migrazione in Israele invece, dopo una crescita dal 2010 al 2015, negli ultimi cinque anni si \u00e8 vista una netta diminuzione delle emigrazioni verso lo stato ebraico, infatti altri rivelano come la volont\u00e0 degli ebrei di varie nazionalit\u00e0 sia di rimanere nel proprio paese, con percentuali oltre l\u201985%.<\/span><\/p>\n<p class=\"p1\" style=\"margin-bottom: 0px; font-stretch: normal; line-height: normal;\"><span class=\"s1\">Come ha sottolineato Boyd, quello che pu\u00f2 portare al declino dell\u2019ebraismo europeo sono \u201cle nostre decisioni personali, perch\u00e9 sono proprio queste che influenzano il futuro delle comunit\u00e0\u201d. Dopo aver citato Paul Kriwaczek e il suo saggio \u201cYiddish Civilisation: The Rise and Fall of a Forgotten Nation\u201d, che parla della grandezza della popolazione Yiddish, ha ricordato l\u2019importanza di altri studi statistici realizzati negli ultimi anni, i quali possono portare sulla giusta strada la pianificazione comunitaria. Tra questi da citare il sondaggio FRA, realizzato dalla Commissione Europea per fare un quadro della situazione negli stati dell\u2019Unione Europea e di conseguenza combattere l\u2019antisemitismo, quello realizzato dalla Lauder Chabad Jewish School a Vienna, con il quale sono state fatte delle proiezioni sulle nascite in funzione dei futuri miglioramenti da apportare al campus, e lo studio sull\u2019elevata mortalit\u00e0 della comunit\u00e0 ebraica inglese, al fine di migliorare la gestione della pandemia a livello comunitario.<\/span><\/p>\n<p class=\"p1\" style=\"margin-bottom: 0px; font-stretch: normal; line-height: normal;\"><span class=\"s1\">Alla fine dell\u2019incontro \u00e8 stato dato il link dove \u00e8 possibile scaricare lo studio statistico:<\/span><\/p>\n<p class=\"p1\" style=\"margin-bottom: 0px; font-stretch: normal; line-height: normal;\"><span class=\"s2\"><a href=\"https:\/\/www.jpr.org.uk\/documents\/JPR_2020.Jews_in_Europe_at_the_turn_of_the_Millennium.pdf\">https:\/\/www.jpr.org.uk\/documents\/JPR_2020.Jews_in_Europe_at_the_turn_of_the_Millennium.pdf<\/a><\/span><\/p>\n<p class=\"p1\" style=\"margin-bottom: 0px; font-stretch: normal; line-height: normal;\"><span class=\"s1\">&nbsp;<\/span><\/p>\n","protected":false},"excerpt":{"rendered":"<p>Durante il weekend si \u00e8 tenuto il primo e-Summit of European Jewish Leaders, organizzato dall\u2019ECJC \u2013 European Council of Jewish Communities e dal JDC \u2013 Joint Distributiion Committee. Questo evento virtuale, unico nel suo genere, si \u00e8 tenuto dal tardo pomeriggio di sabato fino alla sera di luned\u00ec. Domenica pomeriggio, in contemporanea con altri panels [&hellip;]<\/p>\n","protected":false},"author":27,"featured_media":43840,"comment_status":"open","ping_status":"open","sticky":false,"template":"","format":"standard","meta":{"_acf_changed":false,"_jetpack_memberships_contains_paid_content":false,"footnotes":""},"categories":[13],"tags":[],"class_list":["post-43839","post","type-post","status-publish","format-standard","has-post-thumbnail","hentry","category-news"],"acf":[],"yoast_head":"<!-- This site is optimized with the Yoast SEO plugin v26.9 - https:\/\/yoast.com\/product\/yoast-seo-wordpress\/ -->\n<title>Il declino demografico della popolazione ebraica europea - Shalom<\/title>\n<meta name=\"robots\" content=\"index, follow, max-snippet:-1, max-image-preview:large, max-video-preview:-1\" \/>\n<link rel=\"canonical\" href=\"https:\/\/www.shalom.it\/news\/il-declino-demografico-della-popolazione-ebraica-europea-b1031061\/\" \/>\n<meta property=\"og:locale\" content=\"it_IT\" \/>\n<meta property=\"og:type\" content=\"article\" \/>\n<meta property=\"og:title\" content=\"Il declino demografico della popolazione ebraica europea - Shalom\" \/>\n<meta property=\"og:description\" content=\"Durante il weekend si \u00e8 tenuto il primo e-Summit of European Jewish Leaders, organizzato dall\u2019ECJC \u2013 European Council of Jewish Communities e dal JDC \u2013 Joint Distributiion Committee. Questo evento virtuale, unico nel suo genere, si \u00e8 tenuto dal tardo pomeriggio di sabato fino alla sera di luned\u00ec. Domenica pomeriggio, in contemporanea con altri panels [&hellip;]\" \/>\n<meta property=\"og:url\" content=\"https:\/\/www.shalom.it\/news\/il-declino-demografico-della-popolazione-ebraica-europea-b1031061\/\" \/>\n<meta property=\"og:site_name\" content=\"Shalom\" \/>\n<meta property=\"article:published_time\" content=\"2020-11-23T23:00:00+00:00\" \/>\n<meta property=\"article:modified_time\" content=\"2024-05-30T22:42:36+00:00\" \/>\n<meta property=\"og:image\" content=\"https:\/\/www.shalom.it\/wp-content\/uploads\/2021\/08\/4938A5CD-C2A6-4704-B660-DC3F1C59C5F1-scaled-1.jpeg\" \/>\n\t<meta property=\"og:image:width\" content=\"2560\" \/>\n\t<meta property=\"og:image:height\" content=\"1642\" \/>\n\t<meta property=\"og:image:type\" content=\"image\/jpeg\" \/>\n<meta name=\"author\" content=\"Luca Spizzichino\" \/>\n<meta name=\"twitter:card\" content=\"summary_large_image\" \/>\n<meta name=\"twitter:label1\" content=\"Scritto da\" \/>\n\t<meta name=\"twitter:data1\" content=\"Luca Spizzichino\" \/>\n\t<meta name=\"twitter:label2\" content=\"Tempo di lettura stimato\" \/>\n\t<meta name=\"twitter:data2\" content=\"4 minuti\" \/>\n<script type=\"application\/ld+json\" class=\"yoast-schema-graph\">{\"@context\":\"https:\/\/schema.org\",\"@graph\":[{\"@type\":\"Article\",\"@id\":\"https:\/\/www.shalom.it\/news\/il-declino-demografico-della-popolazione-ebraica-europea-b1031061\/#article\",\"isPartOf\":{\"@id\":\"https:\/\/www.shalom.it\/news\/il-declino-demografico-della-popolazione-ebraica-europea-b1031061\/\"},\"author\":{\"name\":\"Luca Spizzichino\",\"@id\":\"https:\/\/www.shalom.it\/#\/schema\/person\/f483c6444fb990af899bfa711bf01ac8\"},\"headline\":\"Il declino demografico della popolazione ebraica europea\",\"datePublished\":\"2020-11-23T23:00:00+00:00\",\"dateModified\":\"2024-05-30T22:42:36+00:00\",\"mainEntityOfPage\":{\"@id\":\"https:\/\/www.shalom.it\/news\/il-declino-demografico-della-popolazione-ebraica-europea-b1031061\/\"},\"wordCount\":711,\"commentCount\":0,\"image\":{\"@id\":\"https:\/\/www.shalom.it\/news\/il-declino-demografico-della-popolazione-ebraica-europea-b1031061\/#primaryimage\"},\"thumbnailUrl\":\"https:\/\/www.shalom.it\/wp-content\/uploads\/2021\/08\/4938A5CD-C2A6-4704-B660-DC3F1C59C5F1-scaled-1.jpeg\",\"articleSection\":[\"NEWS\"],\"inLanguage\":\"it-IT\"},{\"@type\":\"WebPage\",\"@id\":\"https:\/\/www.shalom.it\/news\/il-declino-demografico-della-popolazione-ebraica-europea-b1031061\/\",\"url\":\"https:\/\/www.shalom.it\/news\/il-declino-demografico-della-popolazione-ebraica-europea-b1031061\/\",\"name\":\"Il declino demografico della popolazione ebraica europea - Shalom\",\"isPartOf\":{\"@id\":\"https:\/\/www.shalom.it\/#website\"},\"primaryImageOfPage\":{\"@id\":\"https:\/\/www.shalom.it\/news\/il-declino-demografico-della-popolazione-ebraica-europea-b1031061\/#primaryimage\"},\"image\":{\"@id\":\"https:\/\/www.shalom.it\/news\/il-declino-demografico-della-popolazione-ebraica-europea-b1031061\/#primaryimage\"},\"thumbnailUrl\":\"https:\/\/www.shalom.it\/wp-content\/uploads\/2021\/08\/4938A5CD-C2A6-4704-B660-DC3F1C59C5F1-scaled-1.jpeg\",\"datePublished\":\"2020-11-23T23:00:00+00:00\",\"dateModified\":\"2024-05-30T22:42:36+00:00\",\"author\":{\"@id\":\"https:\/\/www.shalom.it\/#\/schema\/person\/f483c6444fb990af899bfa711bf01ac8\"},\"breadcrumb\":{\"@id\":\"https:\/\/www.shalom.it\/news\/il-declino-demografico-della-popolazione-ebraica-europea-b1031061\/#breadcrumb\"},\"inLanguage\":\"it-IT\",\"potentialAction\":[{\"@type\":\"ReadAction\",\"target\":[\"https:\/\/www.shalom.it\/news\/il-declino-demografico-della-popolazione-ebraica-europea-b1031061\/\"]}]},{\"@type\":\"ImageObject\",\"inLanguage\":\"it-IT\",\"@id\":\"https:\/\/www.shalom.it\/news\/il-declino-demografico-della-popolazione-ebraica-europea-b1031061\/#primaryimage\",\"url\":\"https:\/\/www.shalom.it\/wp-content\/uploads\/2021\/08\/4938A5CD-C2A6-4704-B660-DC3F1C59C5F1-scaled-1.jpeg\",\"contentUrl\":\"https:\/\/www.shalom.it\/wp-content\/uploads\/2021\/08\/4938A5CD-C2A6-4704-B660-DC3F1C59C5F1-scaled-1.jpeg\",\"width\":2560,\"height\":1642,\"caption\":\"A man wearing a kippah waits for the start of an anti-Semitism demo at Berlin's Brandenburg Gate September 14, 2014. Placard reads ' Never again'. REUTERS\/Thomas Peter (GERMANY - Tags: POLITICS) - LR1EA9E10F0WD\"},{\"@type\":\"BreadcrumbList\",\"@id\":\"https:\/\/www.shalom.it\/news\/il-declino-demografico-della-popolazione-ebraica-europea-b1031061\/#breadcrumb\",\"itemListElement\":[{\"@type\":\"ListItem\",\"position\":1,\"name\":\"Home\",\"item\":\"https:\/\/www.shalom.it\/\"},{\"@type\":\"ListItem\",\"position\":2,\"name\":\"Il declino demografico della popolazione ebraica europea\"}]},{\"@type\":\"WebSite\",\"@id\":\"https:\/\/www.shalom.it\/#website\",\"url\":\"https:\/\/www.shalom.it\/\",\"name\":\"Shalom\",\"description\":\"Il Magazine della comunit\u00e0 ebraica di Roma\",\"potentialAction\":[{\"@type\":\"SearchAction\",\"target\":{\"@type\":\"EntryPoint\",\"urlTemplate\":\"https:\/\/www.shalom.it\/?s={search_term_string}\"},\"query-input\":{\"@type\":\"PropertyValueSpecification\",\"valueRequired\":true,\"valueName\":\"search_term_string\"}}],\"inLanguage\":\"it-IT\"},{\"@type\":\"Person\",\"@id\":\"https:\/\/www.shalom.it\/#\/schema\/person\/f483c6444fb990af899bfa711bf01ac8\",\"name\":\"Luca Spizzichino\",\"url\":\"https:\/\/www.shalom.it\/author\/lucaspizzichino\/\"}]}<\/script>\n<!-- \/ Yoast SEO plugin. -->","yoast_head_json":{"title":"Il declino demografico della popolazione ebraica europea - Shalom","robots":{"index":"index","follow":"follow","max-snippet":"max-snippet:-1","max-image-preview":"max-image-preview:large","max-video-preview":"max-video-preview:-1"},"canonical":"https:\/\/www.shalom.it\/news\/il-declino-demografico-della-popolazione-ebraica-europea-b1031061\/","og_locale":"it_IT","og_type":"article","og_title":"Il declino demografico della popolazione ebraica europea - Shalom","og_description":"Durante il weekend si \u00e8 tenuto il primo e-Summit of European Jewish Leaders, organizzato dall\u2019ECJC \u2013 European Council of Jewish Communities e dal JDC \u2013 Joint Distributiion Committee. Questo evento virtuale, unico nel suo genere, si \u00e8 tenuto dal tardo pomeriggio di sabato fino alla sera di luned\u00ec. Domenica pomeriggio, in contemporanea con altri panels [&hellip;]","og_url":"https:\/\/www.shalom.it\/news\/il-declino-demografico-della-popolazione-ebraica-europea-b1031061\/","og_site_name":"Shalom","article_published_time":"2020-11-23T23:00:00+00:00","article_modified_time":"2024-05-30T22:42:36+00:00","og_image":[{"width":2560,"height":1642,"url":"https:\/\/www.shalom.it\/wp-content\/uploads\/2021\/08\/4938A5CD-C2A6-4704-B660-DC3F1C59C5F1-scaled-1.jpeg","type":"image\/jpeg"}],"author":"Luca Spizzichino","twitter_card":"summary_large_image","twitter_misc":{"Scritto da":"Luca Spizzichino","Tempo di lettura stimato":"4 minuti"},"schema":{"@context":"https:\/\/schema.org","@graph":[{"@type":"Article","@id":"https:\/\/www.shalom.it\/news\/il-declino-demografico-della-popolazione-ebraica-europea-b1031061\/#article","isPartOf":{"@id":"https:\/\/www.shalom.it\/news\/il-declino-demografico-della-popolazione-ebraica-europea-b1031061\/"},"author":{"name":"Luca Spizzichino","@id":"https:\/\/www.shalom.it\/#\/schema\/person\/f483c6444fb990af899bfa711bf01ac8"},"headline":"Il declino demografico della popolazione ebraica europea","datePublished":"2020-11-23T23:00:00+00:00","dateModified":"2024-05-30T22:42:36+00:00","mainEntityOfPage":{"@id":"https:\/\/www.shalom.it\/news\/il-declino-demografico-della-popolazione-ebraica-europea-b1031061\/"},"wordCount":711,"commentCount":0,"image":{"@id":"https:\/\/www.shalom.it\/news\/il-declino-demografico-della-popolazione-ebraica-europea-b1031061\/#primaryimage"},"thumbnailUrl":"https:\/\/www.shalom.it\/wp-content\/uploads\/2021\/08\/4938A5CD-C2A6-4704-B660-DC3F1C59C5F1-scaled-1.jpeg","articleSection":["NEWS"],"inLanguage":"it-IT"},{"@type":"WebPage","@id":"https:\/\/www.shalom.it\/news\/il-declino-demografico-della-popolazione-ebraica-europea-b1031061\/","url":"https:\/\/www.shalom.it\/news\/il-declino-demografico-della-popolazione-ebraica-europea-b1031061\/","name":"Il declino demografico della popolazione ebraica europea - Shalom","isPartOf":{"@id":"https:\/\/www.shalom.it\/#website"},"primaryImageOfPage":{"@id":"https:\/\/www.shalom.it\/news\/il-declino-demografico-della-popolazione-ebraica-europea-b1031061\/#primaryimage"},"image":{"@id":"https:\/\/www.shalom.it\/news\/il-declino-demografico-della-popolazione-ebraica-europea-b1031061\/#primaryimage"},"thumbnailUrl":"https:\/\/www.shalom.it\/wp-content\/uploads\/2021\/08\/4938A5CD-C2A6-4704-B660-DC3F1C59C5F1-scaled-1.jpeg","datePublished":"2020-11-23T23:00:00+00:00","dateModified":"2024-05-30T22:42:36+00:00","author":{"@id":"https:\/\/www.shalom.it\/#\/schema\/person\/f483c6444fb990af899bfa711bf01ac8"},"breadcrumb":{"@id":"https:\/\/www.shalom.it\/news\/il-declino-demografico-della-popolazione-ebraica-europea-b1031061\/#breadcrumb"},"inLanguage":"it-IT","potentialAction":[{"@type":"ReadAction","target":["https:\/\/www.shalom.it\/news\/il-declino-demografico-della-popolazione-ebraica-europea-b1031061\/"]}]},{"@type":"ImageObject","inLanguage":"it-IT","@id":"https:\/\/www.shalom.it\/news\/il-declino-demografico-della-popolazione-ebraica-europea-b1031061\/#primaryimage","url":"https:\/\/www.shalom.it\/wp-content\/uploads\/2021\/08\/4938A5CD-C2A6-4704-B660-DC3F1C59C5F1-scaled-1.jpeg","contentUrl":"https:\/\/www.shalom.it\/wp-content\/uploads\/2021\/08\/4938A5CD-C2A6-4704-B660-DC3F1C59C5F1-scaled-1.jpeg","width":2560,"height":1642,"caption":"A man wearing a kippah waits for the start of an anti-Semitism demo at Berlin's Brandenburg Gate September 14, 2014. Placard reads ' Never again'. REUTERS\/Thomas Peter (GERMANY - Tags: POLITICS) - LR1EA9E10F0WD"},{"@type":"BreadcrumbList","@id":"https:\/\/www.shalom.it\/news\/il-declino-demografico-della-popolazione-ebraica-europea-b1031061\/#breadcrumb","itemListElement":[{"@type":"ListItem","position":1,"name":"Home","item":"https:\/\/www.shalom.it\/"},{"@type":"ListItem","position":2,"name":"Il declino demografico della popolazione ebraica europea"}]},{"@type":"WebSite","@id":"https:\/\/www.shalom.it\/#website","url":"https:\/\/www.shalom.it\/","name":"Shalom","description":"Il Magazine della comunit\u00e0 ebraica di Roma","potentialAction":[{"@type":"SearchAction","target":{"@type":"EntryPoint","urlTemplate":"https:\/\/www.shalom.it\/?s={search_term_string}"},"query-input":{"@type":"PropertyValueSpecification","valueRequired":true,"valueName":"search_term_string"}}],"inLanguage":"it-IT"},{"@type":"Person","@id":"https:\/\/www.shalom.it\/#\/schema\/person\/f483c6444fb990af899bfa711bf01ac8","name":"Luca Spizzichino","url":"https:\/\/www.shalom.it\/author\/lucaspizzichino\/"}]}},"jetpack_featured_media_url":"https:\/\/www.shalom.it\/wp-content\/uploads\/2021\/08\/4938A5CD-C2A6-4704-B660-DC3F1C59C5F1-scaled-1.jpeg","jetpack_sharing_enabled":true,"_links":{"self":[{"href":"https:\/\/www.shalom.it\/wp-json\/wp\/v2\/posts\/43839","targetHints":{"allow":["GET"]}}],"collection":[{"href":"https:\/\/www.shalom.it\/wp-json\/wp\/v2\/posts"}],"about":[{"href":"https:\/\/www.shalom.it\/wp-json\/wp\/v2\/types\/post"}],"author":[{"embeddable":true,"href":"https:\/\/www.shalom.it\/wp-json\/wp\/v2\/users\/27"}],"replies":[{"embeddable":true,"href":"https:\/\/www.shalom.it\/wp-json\/wp\/v2\/comments?post=43839"}],"version-history":[{"count":1,"href":"https:\/\/www.shalom.it\/wp-json\/wp\/v2\/posts\/43839\/revisions"}],"predecessor-version":[{"id":55174,"href":"https:\/\/www.shalom.it\/wp-json\/wp\/v2\/posts\/43839\/revisions\/55174"}],"wp:featuredmedia":[{"embeddable":true,"href":"https:\/\/www.shalom.it\/wp-json\/wp\/v2\/media\/43840"}],"wp:attachment":[{"href":"https:\/\/www.shalom.it\/wp-json\/wp\/v2\/media?parent=43839"}],"wp:term":[{"taxonomy":"category","embeddable":true,"href":"https:\/\/www.shalom.it\/wp-json\/wp\/v2\/categories?post=43839"},{"taxonomy":"post_tag","embeddable":true,"href":"https:\/\/www.shalom.it\/wp-json\/wp\/v2\/tags?post=43839"}],"curies":[{"name":"wp","href":"https:\/\/api.w.org\/{rel}","templated":true}]}}