{"id":4242,"date":"2018-11-26T00:00:00","date_gmt":"2018-11-25T23:00:00","guid":{"rendered":"https:\/\/www.shalom.it\/senza-categoria\/i-libri-del-luneda-una-guida-alla-preghiera-ebraica-b224811\/"},"modified":"2024-05-31T00:18:42","modified_gmt":"2024-05-30T22:18:42","slug":"i-libri-del-luneda-una-guida-alla-preghiera-ebraica-b224811","status":"publish","type":"post","link":"https:\/\/www.shalom.it\/italia\/i-libri-del-luneda-una-guida-alla-preghiera-ebraica-b224811\/","title":{"rendered":"I libri del luned\u00ec. Una guida alla preghiera ebraica"},"content":{"rendered":"<p class=\"MsoNormal\">Perch\u00e9 un libro sulla preghiera ebraica? Non \u00e8<br \/>\nquesta una forma di linguaggio che sfugge ogni analisi? Si pu\u00f2 parlare di<br \/>\nspiritualit\u00e0 nell\u2019ebraismo? E se la risposta \u00e8 s\u00ec, come si sviluppa? A queste e<br \/>\naltre domande tenta di risponde il libro di Haim. F. Cipriani \u201cSchiudi le mie<br \/>\nlabbra, le vie della preghiera ebraica\u201d edito da Giuntina. \u00c9 grazie al<br \/>\ncompimento delle mitsvot, al costante studio della Tor\u00e0 e alla preghiera<br \/>\nstessa, da considerare anch\u2019essa forma di studio, che la spiritualit\u00e0<br \/>\nprogredisce. Quali siano gli scopi della preghiera ebraica e come questa \u00e8<br \/>\nstrutturata viene chiarito successivamente. Cipriani precisa: \u201cQuesto libro \u00e8<br \/>\nun percorso antologico attraverso i principali testi della tradizione ebraica,<br \/>\nil cui scopo \u00e8 quello di preparare la persona all\u2019incontro con la Trascendenza<br \/>\nattraverso un excursus fra i concetti filosofici ed etici\u201d. La preghiera<br \/>\nebraica per\u00f2 consta almeno di altri due aspetti: la dimensione introspettiva,<br \/>\ndelineata dalla stessa parola ebraica pregare, <span style=\"font-family: Times, serif; font-size: 10.5pt;\">leitpalel<\/span>, che in ebraico<br \/>\n\u00e8 riflessiva e che letteralmente significa: divenire se stessi preghiera<br \/>\noppure, autogiudicarsi. Accanto a spiegazioni di carattere filologico se ne<br \/>\nhanno altre di carattere storico: il sidd\u00f9r, libro delle preghiere, ha sub\u00ecto<br \/>\ndiversi cambiamenti strutturali a partire dall\u2019epoca in cui la preghiera<br \/>\nebraica \u00e8 nata, ovvero tra il periodo del Secondo Tempio e quello talmudico.<br \/>\nModificazioni che hanno toccato non solo i movimenti ebraici progressisti del<br \/>\nXVIII secolo, per cui alcune parti erano ormai desuete, ma anche alcuni gruppi<br \/>\nortodossi che si interrogavano sulla liceit\u00e0 di un ipotetico ritorno ai<br \/>\nsacrifici. \u201cSchiudi le mie labbra\u201d \u00e8 un libro chiaro e organico che fornisce ai<br \/>\npi\u00f9 curiosi la possibilit\u00e0 di orientarsi nel mondo, spesso vago, della<br \/>\npreghiera. Ci\u00f2 che emerge da queste pagine \u00e8 l\u2019attenzione verso la tradizione<br \/>\nche si accompagna alla capacit\u00e0 di guardare alla stessa con sguardo lucido e<br \/>\ndisincantato, mettendone in discussione alcuni aspetti.<\/p>\n","protected":false},"excerpt":{"rendered":"<p>Perch\u00e9 un libro sulla preghiera ebraica? Non \u00e8 questa una forma di linguaggio che sfugge ogni analisi? Si pu\u00f2 parlare di spiritualit\u00e0 nell\u2019ebraismo? E se la risposta \u00e8 s\u00ec, come si sviluppa? A queste e altre domande tenta di risponde il libro di Haim. F. Cipriani \u201cSchiudi le mie labbra, le vie della preghiera ebraica\u201d [&hellip;]<\/p>\n","protected":false},"author":28,"featured_media":4243,"comment_status":"open","ping_status":"open","sticky":false,"template":"","format":"standard","meta":{"_acf_changed":false,"_jetpack_memberships_contains_paid_content":false,"footnotes":""},"categories":[3,13],"tags":[],"class_list":["post-4242","post","type-post","status-publish","format-standard","has-post-thumbnail","hentry","category-italia","category-news"],"acf":[],"yoast_head":"<!-- This site is optimized with the Yoast SEO plugin v26.9 - https:\/\/yoast.com\/product\/yoast-seo-wordpress\/ -->\n<title>I libri del luned\u00ec. Una guida alla preghiera ebraica - Shalom<\/title>\n<meta name=\"robots\" content=\"index, follow, max-snippet:-1, max-image-preview:large, max-video-preview:-1\" \/>\n<link rel=\"canonical\" href=\"https:\/\/www.shalom.it\/italia\/i-libri-del-luneda-una-guida-alla-preghiera-ebraica-b224811\/\" \/>\n<meta property=\"og:locale\" content=\"it_IT\" \/>\n<meta property=\"og:type\" content=\"article\" \/>\n<meta property=\"og:title\" content=\"I libri del luned\u00ec. Una guida alla preghiera ebraica - Shalom\" \/>\n<meta property=\"og:description\" content=\"Perch\u00e9 un libro sulla preghiera ebraica? Non \u00e8 questa una forma di linguaggio che sfugge ogni analisi? Si pu\u00f2 parlare di spiritualit\u00e0 nell\u2019ebraismo? E se la risposta \u00e8 s\u00ec, come si sviluppa? A queste e altre domande tenta di risponde il libro di Haim. F. Cipriani \u201cSchiudi le mie labbra, le vie della preghiera ebraica\u201d [&hellip;]\" \/>\n<meta property=\"og:url\" content=\"https:\/\/www.shalom.it\/italia\/i-libri-del-luneda-una-guida-alla-preghiera-ebraica-b224811\/\" \/>\n<meta property=\"og:site_name\" content=\"Shalom\" \/>\n<meta property=\"article:published_time\" content=\"2018-11-25T23:00:00+00:00\" \/>\n<meta property=\"article:modified_time\" content=\"2024-05-30T22:18:42+00:00\" \/>\n<meta property=\"og:image\" content=\"https:\/\/www.shalom.it\/wp-content\/uploads\/2021\/08\/preghiera-1.jpg\" \/>\n\t<meta property=\"og:image:width\" content=\"500\" \/>\n\t<meta property=\"og:image:height\" content=\"890\" \/>\n\t<meta property=\"og:image:type\" content=\"image\/jpeg\" \/>\n<meta name=\"author\" content=\"martaspizzichino\" \/>\n<meta name=\"twitter:card\" content=\"summary_large_image\" \/>\n<meta name=\"twitter:label1\" content=\"Scritto da\" \/>\n\t<meta name=\"twitter:data1\" content=\"martaspizzichino\" \/>\n\t<meta name=\"twitter:label2\" content=\"Tempo di lettura stimato\" \/>\n\t<meta name=\"twitter:data2\" content=\"2 minuti\" \/>\n<script type=\"application\/ld+json\" class=\"yoast-schema-graph\">{\"@context\":\"https:\/\/schema.org\",\"@graph\":[{\"@type\":\"Article\",\"@id\":\"https:\/\/www.shalom.it\/italia\/i-libri-del-luneda-una-guida-alla-preghiera-ebraica-b224811\/#article\",\"isPartOf\":{\"@id\":\"https:\/\/www.shalom.it\/italia\/i-libri-del-luneda-una-guida-alla-preghiera-ebraica-b224811\/\"},\"author\":{\"name\":\"martaspizzichino\",\"@id\":\"https:\/\/www.shalom.it\/#\/schema\/person\/4934c6e17e22e85cf3abdcacc5186f76\"},\"headline\":\"I libri del luned\u00ec. Una guida alla preghiera ebraica\",\"datePublished\":\"2018-11-25T23:00:00+00:00\",\"dateModified\":\"2024-05-30T22:18:42+00:00\",\"mainEntityOfPage\":{\"@id\":\"https:\/\/www.shalom.it\/italia\/i-libri-del-luneda-una-guida-alla-preghiera-ebraica-b224811\/\"},\"wordCount\":310,\"commentCount\":0,\"image\":{\"@id\":\"https:\/\/www.shalom.it\/italia\/i-libri-del-luneda-una-guida-alla-preghiera-ebraica-b224811\/#primaryimage\"},\"thumbnailUrl\":\"https:\/\/www.shalom.it\/wp-content\/uploads\/2021\/08\/preghiera-1.jpg\",\"articleSection\":[\"ITALIA\",\"NEWS\"],\"inLanguage\":\"it-IT\"},{\"@type\":\"WebPage\",\"@id\":\"https:\/\/www.shalom.it\/italia\/i-libri-del-luneda-una-guida-alla-preghiera-ebraica-b224811\/\",\"url\":\"https:\/\/www.shalom.it\/italia\/i-libri-del-luneda-una-guida-alla-preghiera-ebraica-b224811\/\",\"name\":\"I libri del luned\u00ec. Una guida alla preghiera ebraica - Shalom\",\"isPartOf\":{\"@id\":\"https:\/\/www.shalom.it\/#website\"},\"primaryImageOfPage\":{\"@id\":\"https:\/\/www.shalom.it\/italia\/i-libri-del-luneda-una-guida-alla-preghiera-ebraica-b224811\/#primaryimage\"},\"image\":{\"@id\":\"https:\/\/www.shalom.it\/italia\/i-libri-del-luneda-una-guida-alla-preghiera-ebraica-b224811\/#primaryimage\"},\"thumbnailUrl\":\"https:\/\/www.shalom.it\/wp-content\/uploads\/2021\/08\/preghiera-1.jpg\",\"datePublished\":\"2018-11-25T23:00:00+00:00\",\"dateModified\":\"2024-05-30T22:18:42+00:00\",\"author\":{\"@id\":\"https:\/\/www.shalom.it\/#\/schema\/person\/4934c6e17e22e85cf3abdcacc5186f76\"},\"breadcrumb\":{\"@id\":\"https:\/\/www.shalom.it\/italia\/i-libri-del-luneda-una-guida-alla-preghiera-ebraica-b224811\/#breadcrumb\"},\"inLanguage\":\"it-IT\",\"potentialAction\":[{\"@type\":\"ReadAction\",\"target\":[\"https:\/\/www.shalom.it\/italia\/i-libri-del-luneda-una-guida-alla-preghiera-ebraica-b224811\/\"]}]},{\"@type\":\"ImageObject\",\"inLanguage\":\"it-IT\",\"@id\":\"https:\/\/www.shalom.it\/italia\/i-libri-del-luneda-una-guida-alla-preghiera-ebraica-b224811\/#primaryimage\",\"url\":\"https:\/\/www.shalom.it\/wp-content\/uploads\/2021\/08\/preghiera-1.jpg\",\"contentUrl\":\"https:\/\/www.shalom.it\/wp-content\/uploads\/2021\/08\/preghiera-1.jpg\",\"width\":500,\"height\":890},{\"@type\":\"BreadcrumbList\",\"@id\":\"https:\/\/www.shalom.it\/italia\/i-libri-del-luneda-una-guida-alla-preghiera-ebraica-b224811\/#breadcrumb\",\"itemListElement\":[{\"@type\":\"ListItem\",\"position\":1,\"name\":\"Home\",\"item\":\"https:\/\/www.shalom.it\/\"},{\"@type\":\"ListItem\",\"position\":2,\"name\":\"I libri del luned\u00ec. Una guida alla preghiera ebraica\"}]},{\"@type\":\"WebSite\",\"@id\":\"https:\/\/www.shalom.it\/#website\",\"url\":\"https:\/\/www.shalom.it\/\",\"name\":\"Shalom\",\"description\":\"Il Magazine della comunit\u00e0 ebraica di Roma\",\"potentialAction\":[{\"@type\":\"SearchAction\",\"target\":{\"@type\":\"EntryPoint\",\"urlTemplate\":\"https:\/\/www.shalom.it\/?s={search_term_string}\"},\"query-input\":{\"@type\":\"PropertyValueSpecification\",\"valueRequired\":true,\"valueName\":\"search_term_string\"}}],\"inLanguage\":\"it-IT\"},{\"@type\":\"Person\",\"@id\":\"https:\/\/www.shalom.it\/#\/schema\/person\/4934c6e17e22e85cf3abdcacc5186f76\",\"name\":\"martaspizzichino\",\"description\":\"Romana da generazioni, addirittura dal 60 a.e.v. anno pi\u00f9 anno meno. Laureata in Filosofia presso l\u2019Universit\u00e0 di Roma &quot;La Sapienza&quot;. Nella redazione di Shalom e di Hatikw\u00e0 (giornale ufficiale dell\u2019Unione dei giovani ebrei italiani) si occupa della sezione cultura. Nel tempo libero dipinge e fotografa. Gi\u00e0 sa che in futuro suoner\u00e0 il violoncello e imparer\u00e0 a distinguere i frutti commestibili da quelli velenosi, cos\u00ec da non morire durante le gite in montagna.\",\"url\":\"https:\/\/www.shalom.it\/author\/martaspizzichino\/\"}]}<\/script>\n<!-- \/ Yoast SEO plugin. -->","yoast_head_json":{"title":"I libri del luned\u00ec. Una guida alla preghiera ebraica - Shalom","robots":{"index":"index","follow":"follow","max-snippet":"max-snippet:-1","max-image-preview":"max-image-preview:large","max-video-preview":"max-video-preview:-1"},"canonical":"https:\/\/www.shalom.it\/italia\/i-libri-del-luneda-una-guida-alla-preghiera-ebraica-b224811\/","og_locale":"it_IT","og_type":"article","og_title":"I libri del luned\u00ec. Una guida alla preghiera ebraica - Shalom","og_description":"Perch\u00e9 un libro sulla preghiera ebraica? Non \u00e8 questa una forma di linguaggio che sfugge ogni analisi? Si pu\u00f2 parlare di spiritualit\u00e0 nell\u2019ebraismo? E se la risposta \u00e8 s\u00ec, come si sviluppa? A queste e altre domande tenta di risponde il libro di Haim. F. Cipriani \u201cSchiudi le mie labbra, le vie della preghiera ebraica\u201d [&hellip;]","og_url":"https:\/\/www.shalom.it\/italia\/i-libri-del-luneda-una-guida-alla-preghiera-ebraica-b224811\/","og_site_name":"Shalom","article_published_time":"2018-11-25T23:00:00+00:00","article_modified_time":"2024-05-30T22:18:42+00:00","og_image":[{"width":500,"height":890,"url":"https:\/\/www.shalom.it\/wp-content\/uploads\/2021\/08\/preghiera-1.jpg","type":"image\/jpeg"}],"author":"martaspizzichino","twitter_card":"summary_large_image","twitter_misc":{"Scritto da":"martaspizzichino","Tempo di lettura stimato":"2 minuti"},"schema":{"@context":"https:\/\/schema.org","@graph":[{"@type":"Article","@id":"https:\/\/www.shalom.it\/italia\/i-libri-del-luneda-una-guida-alla-preghiera-ebraica-b224811\/#article","isPartOf":{"@id":"https:\/\/www.shalom.it\/italia\/i-libri-del-luneda-una-guida-alla-preghiera-ebraica-b224811\/"},"author":{"name":"martaspizzichino","@id":"https:\/\/www.shalom.it\/#\/schema\/person\/4934c6e17e22e85cf3abdcacc5186f76"},"headline":"I libri del luned\u00ec. Una guida alla preghiera ebraica","datePublished":"2018-11-25T23:00:00+00:00","dateModified":"2024-05-30T22:18:42+00:00","mainEntityOfPage":{"@id":"https:\/\/www.shalom.it\/italia\/i-libri-del-luneda-una-guida-alla-preghiera-ebraica-b224811\/"},"wordCount":310,"commentCount":0,"image":{"@id":"https:\/\/www.shalom.it\/italia\/i-libri-del-luneda-una-guida-alla-preghiera-ebraica-b224811\/#primaryimage"},"thumbnailUrl":"https:\/\/www.shalom.it\/wp-content\/uploads\/2021\/08\/preghiera-1.jpg","articleSection":["ITALIA","NEWS"],"inLanguage":"it-IT"},{"@type":"WebPage","@id":"https:\/\/www.shalom.it\/italia\/i-libri-del-luneda-una-guida-alla-preghiera-ebraica-b224811\/","url":"https:\/\/www.shalom.it\/italia\/i-libri-del-luneda-una-guida-alla-preghiera-ebraica-b224811\/","name":"I libri del luned\u00ec. Una guida alla preghiera ebraica - Shalom","isPartOf":{"@id":"https:\/\/www.shalom.it\/#website"},"primaryImageOfPage":{"@id":"https:\/\/www.shalom.it\/italia\/i-libri-del-luneda-una-guida-alla-preghiera-ebraica-b224811\/#primaryimage"},"image":{"@id":"https:\/\/www.shalom.it\/italia\/i-libri-del-luneda-una-guida-alla-preghiera-ebraica-b224811\/#primaryimage"},"thumbnailUrl":"https:\/\/www.shalom.it\/wp-content\/uploads\/2021\/08\/preghiera-1.jpg","datePublished":"2018-11-25T23:00:00+00:00","dateModified":"2024-05-30T22:18:42+00:00","author":{"@id":"https:\/\/www.shalom.it\/#\/schema\/person\/4934c6e17e22e85cf3abdcacc5186f76"},"breadcrumb":{"@id":"https:\/\/www.shalom.it\/italia\/i-libri-del-luneda-una-guida-alla-preghiera-ebraica-b224811\/#breadcrumb"},"inLanguage":"it-IT","potentialAction":[{"@type":"ReadAction","target":["https:\/\/www.shalom.it\/italia\/i-libri-del-luneda-una-guida-alla-preghiera-ebraica-b224811\/"]}]},{"@type":"ImageObject","inLanguage":"it-IT","@id":"https:\/\/www.shalom.it\/italia\/i-libri-del-luneda-una-guida-alla-preghiera-ebraica-b224811\/#primaryimage","url":"https:\/\/www.shalom.it\/wp-content\/uploads\/2021\/08\/preghiera-1.jpg","contentUrl":"https:\/\/www.shalom.it\/wp-content\/uploads\/2021\/08\/preghiera-1.jpg","width":500,"height":890},{"@type":"BreadcrumbList","@id":"https:\/\/www.shalom.it\/italia\/i-libri-del-luneda-una-guida-alla-preghiera-ebraica-b224811\/#breadcrumb","itemListElement":[{"@type":"ListItem","position":1,"name":"Home","item":"https:\/\/www.shalom.it\/"},{"@type":"ListItem","position":2,"name":"I libri del luned\u00ec. Una guida alla preghiera ebraica"}]},{"@type":"WebSite","@id":"https:\/\/www.shalom.it\/#website","url":"https:\/\/www.shalom.it\/","name":"Shalom","description":"Il Magazine della comunit\u00e0 ebraica di Roma","potentialAction":[{"@type":"SearchAction","target":{"@type":"EntryPoint","urlTemplate":"https:\/\/www.shalom.it\/?s={search_term_string}"},"query-input":{"@type":"PropertyValueSpecification","valueRequired":true,"valueName":"search_term_string"}}],"inLanguage":"it-IT"},{"@type":"Person","@id":"https:\/\/www.shalom.it\/#\/schema\/person\/4934c6e17e22e85cf3abdcacc5186f76","name":"martaspizzichino","description":"Romana da generazioni, addirittura dal 60 a.e.v. anno pi\u00f9 anno meno. Laureata in Filosofia presso l\u2019Universit\u00e0 di Roma &quot;La Sapienza&quot;. Nella redazione di Shalom e di Hatikw\u00e0 (giornale ufficiale dell\u2019Unione dei giovani ebrei italiani) si occupa della sezione cultura. Nel tempo libero dipinge e fotografa. Gi\u00e0 sa che in futuro suoner\u00e0 il violoncello e imparer\u00e0 a distinguere i frutti commestibili da quelli velenosi, cos\u00ec da non morire durante le gite in montagna.","url":"https:\/\/www.shalom.it\/author\/martaspizzichino\/"}]}},"jetpack_featured_media_url":"https:\/\/www.shalom.it\/wp-content\/uploads\/2021\/08\/preghiera-1.jpg","jetpack_sharing_enabled":true,"_links":{"self":[{"href":"https:\/\/www.shalom.it\/wp-json\/wp\/v2\/posts\/4242","targetHints":{"allow":["GET"]}}],"collection":[{"href":"https:\/\/www.shalom.it\/wp-json\/wp\/v2\/posts"}],"about":[{"href":"https:\/\/www.shalom.it\/wp-json\/wp\/v2\/types\/post"}],"author":[{"embeddable":true,"href":"https:\/\/www.shalom.it\/wp-json\/wp\/v2\/users\/28"}],"replies":[{"embeddable":true,"href":"https:\/\/www.shalom.it\/wp-json\/wp\/v2\/comments?post=4242"}],"version-history":[{"count":1,"href":"https:\/\/www.shalom.it\/wp-json\/wp\/v2\/posts\/4242\/revisions"}],"predecessor-version":[{"id":9748,"href":"https:\/\/www.shalom.it\/wp-json\/wp\/v2\/posts\/4242\/revisions\/9748"}],"wp:featuredmedia":[{"embeddable":true,"href":"https:\/\/www.shalom.it\/wp-json\/wp\/v2\/media\/4243"}],"wp:attachment":[{"href":"https:\/\/www.shalom.it\/wp-json\/wp\/v2\/media?parent=4242"}],"wp:term":[{"taxonomy":"category","embeddable":true,"href":"https:\/\/www.shalom.it\/wp-json\/wp\/v2\/categories?post=4242"},{"taxonomy":"post_tag","embeddable":true,"href":"https:\/\/www.shalom.it\/wp-json\/wp\/v2\/tags?post=4242"}],"curies":[{"name":"wp","href":"https:\/\/api.w.org\/{rel}","templated":true}]}}